{"id":46548,"date":"2024-04-09T15:29:38","date_gmt":"2024-04-09T18:29:38","guid":{"rendered":"https:\/\/p31noticias.com.br\/acoes-em-escolas-publicas-combatem-o-consumo-de-alimentos-ultraprocessados\/"},"modified":"2024-04-09T15:29:38","modified_gmt":"2024-04-09T18:29:38","slug":"acoes-em-escolas-publicas-combatem-o-consumo-de-alimentos-ultraprocessados","status":"publish","type":"post","link":"https:\/\/www.p31noticias.com.br\/?p=46548","title":{"rendered":"A\u00e7\u00f5es em escolas p\u00fablicas combatem o consumo de alimentos ultraprocessados"},"content":{"rendered":"<p>Dados do Sistema de Vigil\u00e2ncia Alimentar e Nutricional (Sisvan) do Distrito Federal apontam que os alimentos ultraprocessados fazem parte da rotina alimentar de 95% das crian\u00e7as brasilienses com idades entre 2 e 9 anos. Entre adolescentes, esse n\u00famero cai para 93%, enquanto 87% dos adultos fazem o consumo di\u00e1rio desses produtos aliment\u00edcios. Os dados est\u00e3o [\u2026]<\/p>\n<p>O post <a href=\"https:\/\/www.delioandrade.com.br\/acoes-em-escolas-publicas-combatem-o-consumo-de-alimentos-ultraprocessados\/\">A\u00e7\u00f5es em escolas p\u00fablicas combatem o consumo de alimentos ultraprocessados<\/a> apareceu primeiro em <a href=\"https:\/\/www.delioandrade.com.br\/\">Blog do D\u00c9LIO ANDRADE<\/a>.<\/p>\n","protected":false},"excerpt":{"rendered":"<p>Dados do Sistema de Vigil\u00e2ncia Alimentar e Nutricional (Sisvan) do Distrito Federal apontam que os alimentos ultraprocessados fazem parte da rotina alimentar de 95% das crian\u00e7as brasilienses com idades entre 2 e 9 anos. Entre adolescentes, esse n\u00famero cai para 93%, enquanto 87% dos adultos fazem o consumo di\u00e1rio desses produtos aliment\u00edcios. Os dados est\u00e3o [&hellip;]<\/p>\n","protected":false},"author":0,"featured_media":46549,"comment_status":"open","ping_status":"open","sticky":false,"template":"","format":"standard","meta":{"footnotes":""},"categories":[21],"tags":[],"class_list":{"0":"post-46548","1":"post","2":"type-post","3":"status-publish","4":"format-standard","5":"has-post-thumbnail","7":"category-brasilia"},"yoast_head":"<!-- This site is optimized with the Yoast SEO Premium plugin v24.5 (Yoast SEO v27.4) - https:\/\/yoast.com\/product\/yoast-seo-premium-wordpress\/ -->\n<title>A\u00e7\u00f5es em escolas p\u00fablicas combatem o consumo de alimentos ultraprocessados - P31<\/title>\n<meta name=\"robots\" content=\"index, follow, max-snippet:-1, max-image-preview:large, max-video-preview:-1\" \/>\n<link rel=\"canonical\" href=\"https:\/\/www.p31noticias.com.br\/?p=46548\" \/>\n<meta property=\"og:locale\" content=\"pt_BR\" \/>\n<meta property=\"og:type\" content=\"article\" \/>\n<meta property=\"og:title\" content=\"A\u00e7\u00f5es em escolas p\u00fablicas combatem o consumo de alimentos ultraprocessados\" \/>\n<meta property=\"og:description\" content=\"Dados do Sistema de Vigil\u00e2ncia Alimentar e Nutricional (Sisvan) do Distrito Federal apontam que os alimentos ultraprocessados fazem parte da rotina alimentar de 95% das crian\u00e7as brasilienses com idades entre 2 e 9 anos. Entre adolescentes, esse n\u00famero cai para 93%, enquanto 87% dos adultos fazem o consumo di\u00e1rio desses produtos aliment\u00edcios. Os dados est\u00e3o [&hellip;]\" \/>\n<meta property=\"og:url\" content=\"https:\/\/www.p31noticias.com.br\/?p=46548\" \/>\n<meta property=\"og:site_name\" content=\"P31\" \/>\n<meta property=\"article:published_time\" content=\"2024-04-09T18:29:38+00:00\" \/>\n<meta property=\"og:image\" content=\"https:\/\/www.p31noticias.com.br\/wp-content\/uploads\/2024\/04\/Capa-11-zotWg5-150x150-jM0ew6.jpeg\" \/>\n\t<meta property=\"og:image:width\" content=\"150\" \/>\n\t<meta property=\"og:image:height\" content=\"150\" \/>\n\t<meta property=\"og:image:type\" content=\"image\/jpeg\" \/>\n<meta name=\"twitter:card\" content=\"summary_large_image\" \/>\n<script type=\"application\/ld+json\" class=\"yoast-schema-graph\">{\"@context\":\"https:\\\/\\\/schema.org\",\"@graph\":[{\"@type\":\"Article\",\"@id\":\"https:\\\/\\\/www.p31noticias.com.br\\\/?p=46548#article\",\"isPartOf\":{\"@id\":\"https:\\\/\\\/www.p31noticias.com.br\\\/?p=46548\"},\"author\":{\"name\":\"\",\"@id\":\"\"},\"headline\":\"A\u00e7\u00f5es em escolas p\u00fablicas combatem o consumo de alimentos ultraprocessados\",\"datePublished\":\"2024-04-09T18:29:38+00:00\",\"mainEntityOfPage\":{\"@id\":\"https:\\\/\\\/www.p31noticias.com.br\\\/?p=46548\"},\"wordCount\":90,\"commentCount\":0,\"image\":{\"@id\":\"https:\\\/\\\/www.p31noticias.com.br\\\/?p=46548#primaryimage\"},\"thumbnailUrl\":\"https:\\\/\\\/www.p31noticias.com.br\\\/wp-content\\\/uploads\\\/2024\\\/04\\\/Capa-11-zotWg5-150x150-jM0ew6.jpeg\",\"articleSection\":[\"Bras\u00edlia\"],\"inLanguage\":\"pt-BR\",\"potentialAction\":[{\"@type\":\"CommentAction\",\"name\":\"Comment\",\"target\":[\"https:\\\/\\\/www.p31noticias.com.br\\\/?p=46548#respond\"]}],\"copyrightYear\":\"2024\",\"copyrightHolder\":{\"@id\":\"https:\\\/\\\/www.p31noticias.com.br\\\/#organization\"}},{\"@type\":\"WebPage\",\"@id\":\"https:\\\/\\\/www.p31noticias.com.br\\\/?p=46548\",\"url\":\"https:\\\/\\\/www.p31noticias.com.br\\\/?p=46548\",\"name\":\"A\u00e7\u00f5es em escolas p\u00fablicas combatem o consumo de alimentos ultraprocessados - P31\",\"isPartOf\":{\"@id\":\"https:\\\/\\\/www.p31noticias.com.br\\\/#website\"},\"primaryImageOfPage\":{\"@id\":\"https:\\\/\\\/www.p31noticias.com.br\\\/?p=46548#primaryimage\"},\"image\":{\"@id\":\"https:\\\/\\\/www.p31noticias.com.br\\\/?p=46548#primaryimage\"},\"thumbnailUrl\":\"https:\\\/\\\/www.p31noticias.com.br\\\/wp-content\\\/uploads\\\/2024\\\/04\\\/Capa-11-zotWg5-150x150-jM0ew6.jpeg\",\"datePublished\":\"2024-04-09T18:29:38+00:00\",\"author\":{\"@id\":\"\"},\"breadcrumb\":{\"@id\":\"https:\\\/\\\/www.p31noticias.com.br\\\/?p=46548#breadcrumb\"},\"inLanguage\":\"pt-BR\",\"potentialAction\":[{\"@type\":\"ReadAction\",\"target\":[\"https:\\\/\\\/www.p31noticias.com.br\\\/?p=46548\"]}]},{\"@type\":\"ImageObject\",\"inLanguage\":\"pt-BR\",\"@id\":\"https:\\\/\\\/www.p31noticias.com.br\\\/?p=46548#primaryimage\",\"url\":\"https:\\\/\\\/www.p31noticias.com.br\\\/wp-content\\\/uploads\\\/2024\\\/04\\\/Capa-11-zotWg5-150x150-jM0ew6.jpeg\",\"contentUrl\":\"https:\\\/\\\/www.p31noticias.com.br\\\/wp-content\\\/uploads\\\/2024\\\/04\\\/Capa-11-zotWg5-150x150-jM0ew6.jpeg\",\"width\":150,\"height\":150},{\"@type\":\"BreadcrumbList\",\"@id\":\"https:\\\/\\\/www.p31noticias.com.br\\\/?p=46548#breadcrumb\",\"itemListElement\":[{\"@type\":\"ListItem\",\"position\":1,\"name\":\"In\u00edcio\",\"item\":\"https:\\\/\\\/www.p31noticias.com.br\\\/\"},{\"@type\":\"ListItem\",\"position\":2,\"name\":\"A\u00e7\u00f5es em escolas p\u00fablicas combatem o consumo de alimentos ultraprocessados\"}]},{\"@type\":\"WebSite\",\"@id\":\"https:\\\/\\\/www.p31noticias.com.br\\\/#website\",\"url\":\"https:\\\/\\\/www.p31noticias.com.br\\\/\",\"name\":\"P31\",\"description\":\"NOT\u00cdCIAS\",\"potentialAction\":[{\"@type\":\"SearchAction\",\"target\":{\"@type\":\"EntryPoint\",\"urlTemplate\":\"https:\\\/\\\/www.p31noticias.com.br\\\/?s={search_term_string}\"},\"query-input\":{\"@type\":\"PropertyValueSpecification\",\"valueRequired\":true,\"valueName\":\"search_term_string\"}}],\"inLanguage\":\"pt-BR\"}]}<\/script>\n<!-- \/ Yoast SEO Premium plugin. -->","yoast_head_json":{"title":"A\u00e7\u00f5es em escolas p\u00fablicas combatem o consumo de alimentos ultraprocessados - P31","robots":{"index":"index","follow":"follow","max-snippet":"max-snippet:-1","max-image-preview":"max-image-preview:large","max-video-preview":"max-video-preview:-1"},"canonical":"https:\/\/www.p31noticias.com.br\/?p=46548","og_locale":"pt_BR","og_type":"article","og_title":"A\u00e7\u00f5es em escolas p\u00fablicas combatem o consumo de alimentos ultraprocessados","og_description":"Dados do Sistema de Vigil\u00e2ncia Alimentar e Nutricional (Sisvan) do Distrito Federal apontam que os alimentos ultraprocessados fazem parte da rotina alimentar de 95% das crian\u00e7as brasilienses com idades entre 2 e 9 anos. Entre adolescentes, esse n\u00famero cai para 93%, enquanto 87% dos adultos fazem o consumo di\u00e1rio desses produtos aliment\u00edcios. Os dados est\u00e3o [&hellip;]","og_url":"https:\/\/www.p31noticias.com.br\/?p=46548","og_site_name":"P31","article_published_time":"2024-04-09T18:29:38+00:00","og_image":[{"width":150,"height":150,"url":"https:\/\/www.p31noticias.com.br\/wp-content\/uploads\/2024\/04\/Capa-11-zotWg5-150x150-jM0ew6.jpeg","type":"image\/jpeg"}],"twitter_card":"summary_large_image","schema":{"@context":"https:\/\/schema.org","@graph":[{"@type":"Article","@id":"https:\/\/www.p31noticias.com.br\/?p=46548#article","isPartOf":{"@id":"https:\/\/www.p31noticias.com.br\/?p=46548"},"author":{"name":"","@id":""},"headline":"A\u00e7\u00f5es em escolas p\u00fablicas combatem o consumo de alimentos ultraprocessados","datePublished":"2024-04-09T18:29:38+00:00","mainEntityOfPage":{"@id":"https:\/\/www.p31noticias.com.br\/?p=46548"},"wordCount":90,"commentCount":0,"image":{"@id":"https:\/\/www.p31noticias.com.br\/?p=46548#primaryimage"},"thumbnailUrl":"https:\/\/www.p31noticias.com.br\/wp-content\/uploads\/2024\/04\/Capa-11-zotWg5-150x150-jM0ew6.jpeg","articleSection":["Bras\u00edlia"],"inLanguage":"pt-BR","potentialAction":[{"@type":"CommentAction","name":"Comment","target":["https:\/\/www.p31noticias.com.br\/?p=46548#respond"]}],"copyrightYear":"2024","copyrightHolder":{"@id":"https:\/\/www.p31noticias.com.br\/#organization"}},{"@type":"WebPage","@id":"https:\/\/www.p31noticias.com.br\/?p=46548","url":"https:\/\/www.p31noticias.com.br\/?p=46548","name":"A\u00e7\u00f5es em escolas p\u00fablicas combatem o consumo de alimentos ultraprocessados - P31","isPartOf":{"@id":"https:\/\/www.p31noticias.com.br\/#website"},"primaryImageOfPage":{"@id":"https:\/\/www.p31noticias.com.br\/?p=46548#primaryimage"},"image":{"@id":"https:\/\/www.p31noticias.com.br\/?p=46548#primaryimage"},"thumbnailUrl":"https:\/\/www.p31noticias.com.br\/wp-content\/uploads\/2024\/04\/Capa-11-zotWg5-150x150-jM0ew6.jpeg","datePublished":"2024-04-09T18:29:38+00:00","author":{"@id":""},"breadcrumb":{"@id":"https:\/\/www.p31noticias.com.br\/?p=46548#breadcrumb"},"inLanguage":"pt-BR","potentialAction":[{"@type":"ReadAction","target":["https:\/\/www.p31noticias.com.br\/?p=46548"]}]},{"@type":"ImageObject","inLanguage":"pt-BR","@id":"https:\/\/www.p31noticias.com.br\/?p=46548#primaryimage","url":"https:\/\/www.p31noticias.com.br\/wp-content\/uploads\/2024\/04\/Capa-11-zotWg5-150x150-jM0ew6.jpeg","contentUrl":"https:\/\/www.p31noticias.com.br\/wp-content\/uploads\/2024\/04\/Capa-11-zotWg5-150x150-jM0ew6.jpeg","width":150,"height":150},{"@type":"BreadcrumbList","@id":"https:\/\/www.p31noticias.com.br\/?p=46548#breadcrumb","itemListElement":[{"@type":"ListItem","position":1,"name":"In\u00edcio","item":"https:\/\/www.p31noticias.com.br\/"},{"@type":"ListItem","position":2,"name":"A\u00e7\u00f5es em escolas p\u00fablicas combatem o consumo de alimentos ultraprocessados"}]},{"@type":"WebSite","@id":"https:\/\/www.p31noticias.com.br\/#website","url":"https:\/\/www.p31noticias.com.br\/","name":"P31","description":"NOT\u00cdCIAS","potentialAction":[{"@type":"SearchAction","target":{"@type":"EntryPoint","urlTemplate":"https:\/\/www.p31noticias.com.br\/?s={search_term_string}"},"query-input":{"@type":"PropertyValueSpecification","valueRequired":true,"valueName":"search_term_string"}}],"inLanguage":"pt-BR"}]}},"amp_enabled":true,"_links":{"self":[{"href":"https:\/\/www.p31noticias.com.br\/index.php?rest_route=\/wp\/v2\/posts\/46548","targetHints":{"allow":["GET"]}}],"collection":[{"href":"https:\/\/www.p31noticias.com.br\/index.php?rest_route=\/wp\/v2\/posts"}],"about":[{"href":"https:\/\/www.p31noticias.com.br\/index.php?rest_route=\/wp\/v2\/types\/post"}],"replies":[{"embeddable":true,"href":"https:\/\/www.p31noticias.com.br\/index.php?rest_route=%2Fwp%2Fv2%2Fcomments&post=46548"}],"version-history":[{"count":0,"href":"https:\/\/www.p31noticias.com.br\/index.php?rest_route=\/wp\/v2\/posts\/46548\/revisions"}],"wp:featuredmedia":[{"embeddable":true,"href":"https:\/\/www.p31noticias.com.br\/index.php?rest_route=\/wp\/v2\/media\/46549"}],"wp:attachment":[{"href":"https:\/\/www.p31noticias.com.br\/index.php?rest_route=%2Fwp%2Fv2%2Fmedia&parent=46548"}],"wp:term":[{"taxonomy":"category","embeddable":true,"href":"https:\/\/www.p31noticias.com.br\/index.php?rest_route=%2Fwp%2Fv2%2Fcategories&post=46548"},{"taxonomy":"post_tag","embeddable":true,"href":"https:\/\/www.p31noticias.com.br\/index.php?rest_route=%2Fwp%2Fv2%2Ftags&post=46548"}],"curies":[{"name":"wp","href":"https:\/\/api.w.org\/{rel}","templated":true}]}}