{"id":46435,"date":"2024-04-08T16:30:29","date_gmt":"2024-04-08T19:30:29","guid":{"rendered":"https:\/\/p31noticias.com.br\/brasil-nao-cumpre-decisoes-da-corte-interamericana-sobre-policia-e-forcas-armadas\/"},"modified":"2024-04-08T16:30:29","modified_gmt":"2024-04-08T19:30:29","slug":"brasil-nao-cumpre-decisoes-da-corte-interamericana-sobre-policia-e-forcas-armadas","status":"publish","type":"post","link":"https:\/\/www.p31noticias.com.br\/?p=46435","title":{"rendered":"Brasil n\u00e3o cumpre decis\u00f5es da Corte Interamericana sobre pol\u00edcia e For\u00e7as Armadas"},"content":{"rendered":"<p>Em 14 de mar\u00e7o deste ano, o Brasil foi notificado da senten\u00e7a de dois casos julgados pela Corte Interamericana de Direitos Humanos (IDH). Em um deles, do in\u00edcio dos anos 2000, um trabalhador rural sem terra foi assassinado e uma centena foi agredida enquanto se dirigia a uma marcha pela reforma agr\u00e1ria em Curitiba (PR). [\u2026]<\/p>\n<p>O post <a href=\"https:\/\/www.delioandrade.com.br\/brasil-nao-cumpre-decisoes-da-corte-interamericana-sobre-policia-e-forcas-armadas\/\">Brasil n\u00e3o cumpre decis\u00f5es da Corte Interamericana sobre pol\u00edcia e For\u00e7as Armadas<\/a> apareceu primeiro em <a href=\"https:\/\/www.delioandrade.com.br\/\">Blog do D\u00c9LIO ANDRADE<\/a>.<\/p>\n","protected":false},"excerpt":{"rendered":"<p>Em 14 de mar\u00e7o deste ano, o Brasil foi notificado da senten\u00e7a de dois casos julgados pela Corte Interamericana de Direitos Humanos (IDH). Em um deles, do in\u00edcio dos anos 2000, um trabalhador rural sem terra foi assassinado e uma centena foi agredida enquanto se dirigia a uma marcha pela reforma agr\u00e1ria em Curitiba (PR). [&hellip;]<\/p>\n","protected":false},"author":0,"featured_media":46436,"comment_status":"open","ping_status":"open","sticky":false,"template":"","format":"standard","meta":{"footnotes":""},"categories":[21],"tags":[],"class_list":{"0":"post-46435","1":"post","2":"type-post","3":"status-publish","4":"format-standard","5":"has-post-thumbnail","7":"category-brasilia"},"yoast_head":"<!-- This site is optimized with the Yoast SEO Premium plugin v24.5 (Yoast SEO v27.4) - https:\/\/yoast.com\/product\/yoast-seo-premium-wordpress\/ -->\n<title>Brasil n\u00e3o cumpre decis\u00f5es da Corte Interamericana sobre pol\u00edcia e For\u00e7as Armadas - P31<\/title>\n<meta name=\"robots\" content=\"index, follow, max-snippet:-1, max-image-preview:large, max-video-preview:-1\" \/>\n<link rel=\"canonical\" href=\"https:\/\/www.p31noticias.com.br\/?p=46435\" \/>\n<meta property=\"og:locale\" content=\"pt_BR\" \/>\n<meta property=\"og:type\" content=\"article\" \/>\n<meta property=\"og:title\" content=\"Brasil n\u00e3o cumpre decis\u00f5es da Corte Interamericana sobre pol\u00edcia e For\u00e7as Armadas\" \/>\n<meta property=\"og:description\" content=\"Em 14 de mar\u00e7o deste ano, o Brasil foi notificado da senten\u00e7a de dois casos julgados pela Corte Interamericana de Direitos Humanos (IDH). Em um deles, do in\u00edcio dos anos 2000, um trabalhador rural sem terra foi assassinado e uma centena foi agredida enquanto se dirigia a uma marcha pela reforma agr\u00e1ria em Curitiba (PR). [&hellip;]\" \/>\n<meta property=\"og:url\" content=\"https:\/\/www.p31noticias.com.br\/?p=46435\" \/>\n<meta property=\"og:site_name\" content=\"P31\" \/>\n<meta property=\"article:published_time\" content=\"2024-04-08T19:30:29+00:00\" \/>\n<meta property=\"og:image\" content=\"https:\/\/www.p31noticias.com.br\/wp-content\/uploads\/2024\/04\/Capa_Brasil-nao-cumpre-decisoes-da-Corte-Interamericana-sobre-policia-e-Forcas-Armadas-RokS4j-150x150-m393bl.jpeg\" \/>\n\t<meta property=\"og:image:width\" content=\"150\" \/>\n\t<meta property=\"og:image:height\" content=\"150\" \/>\n\t<meta property=\"og:image:type\" content=\"image\/jpeg\" \/>\n<meta name=\"twitter:card\" content=\"summary_large_image\" \/>\n<script type=\"application\/ld+json\" class=\"yoast-schema-graph\">{\"@context\":\"https:\\\/\\\/schema.org\",\"@graph\":[{\"@type\":\"Article\",\"@id\":\"https:\\\/\\\/www.p31noticias.com.br\\\/?p=46435#article\",\"isPartOf\":{\"@id\":\"https:\\\/\\\/www.p31noticias.com.br\\\/?p=46435\"},\"author\":{\"name\":\"\",\"@id\":\"\"},\"headline\":\"Brasil n\u00e3o cumpre decis\u00f5es da Corte Interamericana sobre pol\u00edcia e For\u00e7as Armadas\",\"datePublished\":\"2024-04-08T19:30:29+00:00\",\"mainEntityOfPage\":{\"@id\":\"https:\\\/\\\/www.p31noticias.com.br\\\/?p=46435\"},\"wordCount\":99,\"commentCount\":0,\"image\":{\"@id\":\"https:\\\/\\\/www.p31noticias.com.br\\\/?p=46435#primaryimage\"},\"thumbnailUrl\":\"https:\\\/\\\/www.p31noticias.com.br\\\/wp-content\\\/uploads\\\/2024\\\/04\\\/Capa_Brasil-nao-cumpre-decisoes-da-Corte-Interamericana-sobre-policia-e-Forcas-Armadas-RokS4j-150x150-m393bl.jpeg\",\"articleSection\":[\"Bras\u00edlia\"],\"inLanguage\":\"pt-BR\",\"potentialAction\":[{\"@type\":\"CommentAction\",\"name\":\"Comment\",\"target\":[\"https:\\\/\\\/www.p31noticias.com.br\\\/?p=46435#respond\"]}],\"copyrightYear\":\"2024\",\"copyrightHolder\":{\"@id\":\"https:\\\/\\\/www.p31noticias.com.br\\\/#organization\"}},{\"@type\":\"WebPage\",\"@id\":\"https:\\\/\\\/www.p31noticias.com.br\\\/?p=46435\",\"url\":\"https:\\\/\\\/www.p31noticias.com.br\\\/?p=46435\",\"name\":\"Brasil n\u00e3o cumpre decis\u00f5es da Corte Interamericana sobre pol\u00edcia e For\u00e7as Armadas - P31\",\"isPartOf\":{\"@id\":\"https:\\\/\\\/www.p31noticias.com.br\\\/#website\"},\"primaryImageOfPage\":{\"@id\":\"https:\\\/\\\/www.p31noticias.com.br\\\/?p=46435#primaryimage\"},\"image\":{\"@id\":\"https:\\\/\\\/www.p31noticias.com.br\\\/?p=46435#primaryimage\"},\"thumbnailUrl\":\"https:\\\/\\\/www.p31noticias.com.br\\\/wp-content\\\/uploads\\\/2024\\\/04\\\/Capa_Brasil-nao-cumpre-decisoes-da-Corte-Interamericana-sobre-policia-e-Forcas-Armadas-RokS4j-150x150-m393bl.jpeg\",\"datePublished\":\"2024-04-08T19:30:29+00:00\",\"author\":{\"@id\":\"\"},\"breadcrumb\":{\"@id\":\"https:\\\/\\\/www.p31noticias.com.br\\\/?p=46435#breadcrumb\"},\"inLanguage\":\"pt-BR\",\"potentialAction\":[{\"@type\":\"ReadAction\",\"target\":[\"https:\\\/\\\/www.p31noticias.com.br\\\/?p=46435\"]}]},{\"@type\":\"ImageObject\",\"inLanguage\":\"pt-BR\",\"@id\":\"https:\\\/\\\/www.p31noticias.com.br\\\/?p=46435#primaryimage\",\"url\":\"https:\\\/\\\/www.p31noticias.com.br\\\/wp-content\\\/uploads\\\/2024\\\/04\\\/Capa_Brasil-nao-cumpre-decisoes-da-Corte-Interamericana-sobre-policia-e-Forcas-Armadas-RokS4j-150x150-m393bl.jpeg\",\"contentUrl\":\"https:\\\/\\\/www.p31noticias.com.br\\\/wp-content\\\/uploads\\\/2024\\\/04\\\/Capa_Brasil-nao-cumpre-decisoes-da-Corte-Interamericana-sobre-policia-e-Forcas-Armadas-RokS4j-150x150-m393bl.jpeg\",\"width\":150,\"height\":150},{\"@type\":\"BreadcrumbList\",\"@id\":\"https:\\\/\\\/www.p31noticias.com.br\\\/?p=46435#breadcrumb\",\"itemListElement\":[{\"@type\":\"ListItem\",\"position\":1,\"name\":\"In\u00edcio\",\"item\":\"https:\\\/\\\/www.p31noticias.com.br\\\/\"},{\"@type\":\"ListItem\",\"position\":2,\"name\":\"Brasil n\u00e3o cumpre decis\u00f5es da Corte Interamericana sobre pol\u00edcia e For\u00e7as Armadas\"}]},{\"@type\":\"WebSite\",\"@id\":\"https:\\\/\\\/www.p31noticias.com.br\\\/#website\",\"url\":\"https:\\\/\\\/www.p31noticias.com.br\\\/\",\"name\":\"P31\",\"description\":\"NOT\u00cdCIAS\",\"potentialAction\":[{\"@type\":\"SearchAction\",\"target\":{\"@type\":\"EntryPoint\",\"urlTemplate\":\"https:\\\/\\\/www.p31noticias.com.br\\\/?s={search_term_string}\"},\"query-input\":{\"@type\":\"PropertyValueSpecification\",\"valueRequired\":true,\"valueName\":\"search_term_string\"}}],\"inLanguage\":\"pt-BR\"}]}<\/script>\n<!-- \/ Yoast SEO Premium plugin. -->","yoast_head_json":{"title":"Brasil n\u00e3o cumpre decis\u00f5es da Corte Interamericana sobre pol\u00edcia e For\u00e7as Armadas - P31","robots":{"index":"index","follow":"follow","max-snippet":"max-snippet:-1","max-image-preview":"max-image-preview:large","max-video-preview":"max-video-preview:-1"},"canonical":"https:\/\/www.p31noticias.com.br\/?p=46435","og_locale":"pt_BR","og_type":"article","og_title":"Brasil n\u00e3o cumpre decis\u00f5es da Corte Interamericana sobre pol\u00edcia e For\u00e7as Armadas","og_description":"Em 14 de mar\u00e7o deste ano, o Brasil foi notificado da senten\u00e7a de dois casos julgados pela Corte Interamericana de Direitos Humanos (IDH). Em um deles, do in\u00edcio dos anos 2000, um trabalhador rural sem terra foi assassinado e uma centena foi agredida enquanto se dirigia a uma marcha pela reforma agr\u00e1ria em Curitiba (PR). [&hellip;]","og_url":"https:\/\/www.p31noticias.com.br\/?p=46435","og_site_name":"P31","article_published_time":"2024-04-08T19:30:29+00:00","og_image":[{"width":150,"height":150,"url":"https:\/\/www.p31noticias.com.br\/wp-content\/uploads\/2024\/04\/Capa_Brasil-nao-cumpre-decisoes-da-Corte-Interamericana-sobre-policia-e-Forcas-Armadas-RokS4j-150x150-m393bl.jpeg","type":"image\/jpeg"}],"twitter_card":"summary_large_image","schema":{"@context":"https:\/\/schema.org","@graph":[{"@type":"Article","@id":"https:\/\/www.p31noticias.com.br\/?p=46435#article","isPartOf":{"@id":"https:\/\/www.p31noticias.com.br\/?p=46435"},"author":{"name":"","@id":""},"headline":"Brasil n\u00e3o cumpre decis\u00f5es da Corte Interamericana sobre pol\u00edcia e For\u00e7as Armadas","datePublished":"2024-04-08T19:30:29+00:00","mainEntityOfPage":{"@id":"https:\/\/www.p31noticias.com.br\/?p=46435"},"wordCount":99,"commentCount":0,"image":{"@id":"https:\/\/www.p31noticias.com.br\/?p=46435#primaryimage"},"thumbnailUrl":"https:\/\/www.p31noticias.com.br\/wp-content\/uploads\/2024\/04\/Capa_Brasil-nao-cumpre-decisoes-da-Corte-Interamericana-sobre-policia-e-Forcas-Armadas-RokS4j-150x150-m393bl.jpeg","articleSection":["Bras\u00edlia"],"inLanguage":"pt-BR","potentialAction":[{"@type":"CommentAction","name":"Comment","target":["https:\/\/www.p31noticias.com.br\/?p=46435#respond"]}],"copyrightYear":"2024","copyrightHolder":{"@id":"https:\/\/www.p31noticias.com.br\/#organization"}},{"@type":"WebPage","@id":"https:\/\/www.p31noticias.com.br\/?p=46435","url":"https:\/\/www.p31noticias.com.br\/?p=46435","name":"Brasil n\u00e3o cumpre decis\u00f5es da Corte Interamericana sobre pol\u00edcia e For\u00e7as Armadas - P31","isPartOf":{"@id":"https:\/\/www.p31noticias.com.br\/#website"},"primaryImageOfPage":{"@id":"https:\/\/www.p31noticias.com.br\/?p=46435#primaryimage"},"image":{"@id":"https:\/\/www.p31noticias.com.br\/?p=46435#primaryimage"},"thumbnailUrl":"https:\/\/www.p31noticias.com.br\/wp-content\/uploads\/2024\/04\/Capa_Brasil-nao-cumpre-decisoes-da-Corte-Interamericana-sobre-policia-e-Forcas-Armadas-RokS4j-150x150-m393bl.jpeg","datePublished":"2024-04-08T19:30:29+00:00","author":{"@id":""},"breadcrumb":{"@id":"https:\/\/www.p31noticias.com.br\/?p=46435#breadcrumb"},"inLanguage":"pt-BR","potentialAction":[{"@type":"ReadAction","target":["https:\/\/www.p31noticias.com.br\/?p=46435"]}]},{"@type":"ImageObject","inLanguage":"pt-BR","@id":"https:\/\/www.p31noticias.com.br\/?p=46435#primaryimage","url":"https:\/\/www.p31noticias.com.br\/wp-content\/uploads\/2024\/04\/Capa_Brasil-nao-cumpre-decisoes-da-Corte-Interamericana-sobre-policia-e-Forcas-Armadas-RokS4j-150x150-m393bl.jpeg","contentUrl":"https:\/\/www.p31noticias.com.br\/wp-content\/uploads\/2024\/04\/Capa_Brasil-nao-cumpre-decisoes-da-Corte-Interamericana-sobre-policia-e-Forcas-Armadas-RokS4j-150x150-m393bl.jpeg","width":150,"height":150},{"@type":"BreadcrumbList","@id":"https:\/\/www.p31noticias.com.br\/?p=46435#breadcrumb","itemListElement":[{"@type":"ListItem","position":1,"name":"In\u00edcio","item":"https:\/\/www.p31noticias.com.br\/"},{"@type":"ListItem","position":2,"name":"Brasil n\u00e3o cumpre decis\u00f5es da Corte Interamericana sobre pol\u00edcia e For\u00e7as Armadas"}]},{"@type":"WebSite","@id":"https:\/\/www.p31noticias.com.br\/#website","url":"https:\/\/www.p31noticias.com.br\/","name":"P31","description":"NOT\u00cdCIAS","potentialAction":[{"@type":"SearchAction","target":{"@type":"EntryPoint","urlTemplate":"https:\/\/www.p31noticias.com.br\/?s={search_term_string}"},"query-input":{"@type":"PropertyValueSpecification","valueRequired":true,"valueName":"search_term_string"}}],"inLanguage":"pt-BR"}]}},"amp_enabled":true,"_links":{"self":[{"href":"https:\/\/www.p31noticias.com.br\/index.php?rest_route=\/wp\/v2\/posts\/46435","targetHints":{"allow":["GET"]}}],"collection":[{"href":"https:\/\/www.p31noticias.com.br\/index.php?rest_route=\/wp\/v2\/posts"}],"about":[{"href":"https:\/\/www.p31noticias.com.br\/index.php?rest_route=\/wp\/v2\/types\/post"}],"replies":[{"embeddable":true,"href":"https:\/\/www.p31noticias.com.br\/index.php?rest_route=%2Fwp%2Fv2%2Fcomments&post=46435"}],"version-history":[{"count":0,"href":"https:\/\/www.p31noticias.com.br\/index.php?rest_route=\/wp\/v2\/posts\/46435\/revisions"}],"wp:featuredmedia":[{"embeddable":true,"href":"https:\/\/www.p31noticias.com.br\/index.php?rest_route=\/wp\/v2\/media\/46436"}],"wp:attachment":[{"href":"https:\/\/www.p31noticias.com.br\/index.php?rest_route=%2Fwp%2Fv2%2Fmedia&parent=46435"}],"wp:term":[{"taxonomy":"category","embeddable":true,"href":"https:\/\/www.p31noticias.com.br\/index.php?rest_route=%2Fwp%2Fv2%2Fcategories&post=46435"},{"taxonomy":"post_tag","embeddable":true,"href":"https:\/\/www.p31noticias.com.br\/index.php?rest_route=%2Fwp%2Fv2%2Ftags&post=46435"}],"curies":[{"name":"wp","href":"https:\/\/api.w.org\/{rel}","templated":true}]}}