{"id":46424,"date":"2024-04-08T16:30:24","date_gmt":"2024-04-08T19:30:24","guid":{"rendered":"https:\/\/p31noticias.com.br\/areas-do-plano-piloto-sobradinho-e-lago-sul-ficam-sem-energia-nesta-terca-9\/"},"modified":"2024-04-08T16:30:24","modified_gmt":"2024-04-08T19:30:24","slug":"areas-do-plano-piloto-sobradinho-e-lago-sul-ficam-sem-energia-nesta-terca-9","status":"publish","type":"post","link":"https:\/\/www.p31noticias.com.br\/?p=46424","title":{"rendered":"\u00c1reas do Plano Piloto, Sobradinho e Lago Sul ficam sem energia nesta ter\u00e7a (9)"},"content":{"rendered":"<p>\u00c1reas de tr\u00eas regi\u00f5es administrativas do Distrito Federal ficar\u00e3o sem energia nesta ter\u00e7a-feira (9) para servi\u00e7os na rede de distribui\u00e7\u00e3o. A interrup\u00e7\u00e3o do fornecimento de energia ocorrer\u00e1 no Plano Piloto, no Lago Sul e em Sobradinho. No Plano Piloto, ficar\u00e3o sem luz as quadras CLN 402, SQN 402 e SQN 202, das 9h \u00e0s 12h, [\u2026]<\/p>\n<p>O post <a href=\"https:\/\/www.delioandrade.com.br\/areas-do-plano-piloto-sobradinho-e-lago-sul-ficam-sem-energia-nesta-terca-9\/\">\u00c1reas do Plano Piloto, Sobradinho e Lago Sul ficam sem energia nesta ter\u00e7a (9)<\/a> apareceu primeiro em <a href=\"https:\/\/www.delioandrade.com.br\/\">Blog do D\u00c9LIO ANDRADE<\/a>.<\/p>\n","protected":false},"excerpt":{"rendered":"<p>\u00c1reas de tr\u00eas regi\u00f5es administrativas do Distrito Federal ficar\u00e3o sem energia nesta ter\u00e7a-feira (9) para servi\u00e7os na rede de distribui\u00e7\u00e3o. A interrup\u00e7\u00e3o do fornecimento de energia ocorrer\u00e1 no Plano Piloto, no Lago Sul e em Sobradinho. No Plano Piloto, ficar\u00e3o sem luz as quadras CLN 402, SQN 402 e SQN 202, das 9h \u00e0s 12h, [&hellip;]<\/p>\n","protected":false},"author":0,"featured_media":0,"comment_status":"open","ping_status":"open","sticky":false,"template":"","format":"standard","meta":{"footnotes":""},"categories":[21],"tags":[],"class_list":{"0":"post-46424","1":"post","2":"type-post","3":"status-publish","4":"format-standard","6":"category-brasilia"},"yoast_head":"<!-- This site is optimized with the Yoast SEO Premium plugin v24.5 (Yoast SEO v27.4) - https:\/\/yoast.com\/product\/yoast-seo-premium-wordpress\/ -->\n<title>\u00c1reas do Plano Piloto, Sobradinho e Lago Sul ficam sem energia nesta ter\u00e7a (9) - P31<\/title>\n<meta name=\"robots\" content=\"index, follow, max-snippet:-1, max-image-preview:large, max-video-preview:-1\" \/>\n<link rel=\"canonical\" href=\"https:\/\/www.p31noticias.com.br\/?p=46424\" \/>\n<meta property=\"og:locale\" content=\"pt_BR\" \/>\n<meta property=\"og:type\" content=\"article\" \/>\n<meta property=\"og:title\" content=\"\u00c1reas do Plano Piloto, Sobradinho e Lago Sul ficam sem energia nesta ter\u00e7a (9)\" \/>\n<meta property=\"og:description\" content=\"\u00c1reas de tr\u00eas regi\u00f5es administrativas do Distrito Federal ficar\u00e3o sem energia nesta ter\u00e7a-feira (9) para servi\u00e7os na rede de distribui\u00e7\u00e3o. A interrup\u00e7\u00e3o do fornecimento de energia ocorrer\u00e1 no Plano Piloto, no Lago Sul e em Sobradinho. No Plano Piloto, ficar\u00e3o sem luz as quadras CLN 402, SQN 402 e SQN 202, das 9h \u00e0s 12h, [&hellip;]\" \/>\n<meta property=\"og:url\" content=\"https:\/\/www.p31noticias.com.br\/?p=46424\" \/>\n<meta property=\"og:site_name\" content=\"P31\" \/>\n<meta property=\"article:published_time\" content=\"2024-04-08T19:30:24+00:00\" \/>\n<meta name=\"twitter:card\" content=\"summary_large_image\" \/>\n<script type=\"application\/ld+json\" class=\"yoast-schema-graph\">{\"@context\":\"https:\\\/\\\/schema.org\",\"@graph\":[{\"@type\":\"Article\",\"@id\":\"https:\\\/\\\/www.p31noticias.com.br\\\/?p=46424#article\",\"isPartOf\":{\"@id\":\"https:\\\/\\\/www.p31noticias.com.br\\\/?p=46424\"},\"author\":{\"name\":\"\",\"@id\":\"\"},\"headline\":\"\u00c1reas do Plano Piloto, Sobradinho e Lago Sul ficam sem energia nesta ter\u00e7a (9)\",\"datePublished\":\"2024-04-08T19:30:24+00:00\",\"mainEntityOfPage\":{\"@id\":\"https:\\\/\\\/www.p31noticias.com.br\\\/?p=46424\"},\"wordCount\":97,\"commentCount\":0,\"articleSection\":[\"Bras\u00edlia\"],\"inLanguage\":\"pt-BR\",\"potentialAction\":[{\"@type\":\"CommentAction\",\"name\":\"Comment\",\"target\":[\"https:\\\/\\\/www.p31noticias.com.br\\\/?p=46424#respond\"]}],\"copyrightYear\":\"2024\",\"copyrightHolder\":{\"@id\":\"https:\\\/\\\/www.p31noticias.com.br\\\/#organization\"}},{\"@type\":\"WebPage\",\"@id\":\"https:\\\/\\\/www.p31noticias.com.br\\\/?p=46424\",\"url\":\"https:\\\/\\\/www.p31noticias.com.br\\\/?p=46424\",\"name\":\"\u00c1reas do Plano Piloto, Sobradinho e Lago Sul ficam sem energia nesta ter\u00e7a (9) - P31\",\"isPartOf\":{\"@id\":\"https:\\\/\\\/www.p31noticias.com.br\\\/#website\"},\"datePublished\":\"2024-04-08T19:30:24+00:00\",\"author\":{\"@id\":\"\"},\"breadcrumb\":{\"@id\":\"https:\\\/\\\/www.p31noticias.com.br\\\/?p=46424#breadcrumb\"},\"inLanguage\":\"pt-BR\",\"potentialAction\":[{\"@type\":\"ReadAction\",\"target\":[\"https:\\\/\\\/www.p31noticias.com.br\\\/?p=46424\"]}]},{\"@type\":\"BreadcrumbList\",\"@id\":\"https:\\\/\\\/www.p31noticias.com.br\\\/?p=46424#breadcrumb\",\"itemListElement\":[{\"@type\":\"ListItem\",\"position\":1,\"name\":\"In\u00edcio\",\"item\":\"https:\\\/\\\/www.p31noticias.com.br\\\/\"},{\"@type\":\"ListItem\",\"position\":2,\"name\":\"\u00c1reas do Plano Piloto, Sobradinho e Lago Sul ficam sem energia nesta ter\u00e7a (9)\"}]},{\"@type\":\"WebSite\",\"@id\":\"https:\\\/\\\/www.p31noticias.com.br\\\/#website\",\"url\":\"https:\\\/\\\/www.p31noticias.com.br\\\/\",\"name\":\"P31\",\"description\":\"NOT\u00cdCIAS\",\"potentialAction\":[{\"@type\":\"SearchAction\",\"target\":{\"@type\":\"EntryPoint\",\"urlTemplate\":\"https:\\\/\\\/www.p31noticias.com.br\\\/?s={search_term_string}\"},\"query-input\":{\"@type\":\"PropertyValueSpecification\",\"valueRequired\":true,\"valueName\":\"search_term_string\"}}],\"inLanguage\":\"pt-BR\"}]}<\/script>\n<!-- \/ Yoast SEO Premium plugin. -->","yoast_head_json":{"title":"\u00c1reas do Plano Piloto, Sobradinho e Lago Sul ficam sem energia nesta ter\u00e7a (9) - P31","robots":{"index":"index","follow":"follow","max-snippet":"max-snippet:-1","max-image-preview":"max-image-preview:large","max-video-preview":"max-video-preview:-1"},"canonical":"https:\/\/www.p31noticias.com.br\/?p=46424","og_locale":"pt_BR","og_type":"article","og_title":"\u00c1reas do Plano Piloto, Sobradinho e Lago Sul ficam sem energia nesta ter\u00e7a (9)","og_description":"\u00c1reas de tr\u00eas regi\u00f5es administrativas do Distrito Federal ficar\u00e3o sem energia nesta ter\u00e7a-feira (9) para servi\u00e7os na rede de distribui\u00e7\u00e3o. A interrup\u00e7\u00e3o do fornecimento de energia ocorrer\u00e1 no Plano Piloto, no Lago Sul e em Sobradinho. No Plano Piloto, ficar\u00e3o sem luz as quadras CLN 402, SQN 402 e SQN 202, das 9h \u00e0s 12h, [&hellip;]","og_url":"https:\/\/www.p31noticias.com.br\/?p=46424","og_site_name":"P31","article_published_time":"2024-04-08T19:30:24+00:00","twitter_card":"summary_large_image","schema":{"@context":"https:\/\/schema.org","@graph":[{"@type":"Article","@id":"https:\/\/www.p31noticias.com.br\/?p=46424#article","isPartOf":{"@id":"https:\/\/www.p31noticias.com.br\/?p=46424"},"author":{"name":"","@id":""},"headline":"\u00c1reas do Plano Piloto, Sobradinho e Lago Sul ficam sem energia nesta ter\u00e7a (9)","datePublished":"2024-04-08T19:30:24+00:00","mainEntityOfPage":{"@id":"https:\/\/www.p31noticias.com.br\/?p=46424"},"wordCount":97,"commentCount":0,"articleSection":["Bras\u00edlia"],"inLanguage":"pt-BR","potentialAction":[{"@type":"CommentAction","name":"Comment","target":["https:\/\/www.p31noticias.com.br\/?p=46424#respond"]}],"copyrightYear":"2024","copyrightHolder":{"@id":"https:\/\/www.p31noticias.com.br\/#organization"}},{"@type":"WebPage","@id":"https:\/\/www.p31noticias.com.br\/?p=46424","url":"https:\/\/www.p31noticias.com.br\/?p=46424","name":"\u00c1reas do Plano Piloto, Sobradinho e Lago Sul ficam sem energia nesta ter\u00e7a (9) - P31","isPartOf":{"@id":"https:\/\/www.p31noticias.com.br\/#website"},"datePublished":"2024-04-08T19:30:24+00:00","author":{"@id":""},"breadcrumb":{"@id":"https:\/\/www.p31noticias.com.br\/?p=46424#breadcrumb"},"inLanguage":"pt-BR","potentialAction":[{"@type":"ReadAction","target":["https:\/\/www.p31noticias.com.br\/?p=46424"]}]},{"@type":"BreadcrumbList","@id":"https:\/\/www.p31noticias.com.br\/?p=46424#breadcrumb","itemListElement":[{"@type":"ListItem","position":1,"name":"In\u00edcio","item":"https:\/\/www.p31noticias.com.br\/"},{"@type":"ListItem","position":2,"name":"\u00c1reas do Plano Piloto, Sobradinho e Lago Sul ficam sem energia nesta ter\u00e7a (9)"}]},{"@type":"WebSite","@id":"https:\/\/www.p31noticias.com.br\/#website","url":"https:\/\/www.p31noticias.com.br\/","name":"P31","description":"NOT\u00cdCIAS","potentialAction":[{"@type":"SearchAction","target":{"@type":"EntryPoint","urlTemplate":"https:\/\/www.p31noticias.com.br\/?s={search_term_string}"},"query-input":{"@type":"PropertyValueSpecification","valueRequired":true,"valueName":"search_term_string"}}],"inLanguage":"pt-BR"}]}},"amp_enabled":true,"_links":{"self":[{"href":"https:\/\/www.p31noticias.com.br\/index.php?rest_route=\/wp\/v2\/posts\/46424","targetHints":{"allow":["GET"]}}],"collection":[{"href":"https:\/\/www.p31noticias.com.br\/index.php?rest_route=\/wp\/v2\/posts"}],"about":[{"href":"https:\/\/www.p31noticias.com.br\/index.php?rest_route=\/wp\/v2\/types\/post"}],"replies":[{"embeddable":true,"href":"https:\/\/www.p31noticias.com.br\/index.php?rest_route=%2Fwp%2Fv2%2Fcomments&post=46424"}],"version-history":[{"count":0,"href":"https:\/\/www.p31noticias.com.br\/index.php?rest_route=\/wp\/v2\/posts\/46424\/revisions"}],"wp:attachment":[{"href":"https:\/\/www.p31noticias.com.br\/index.php?rest_route=%2Fwp%2Fv2%2Fmedia&parent=46424"}],"wp:term":[{"taxonomy":"category","embeddable":true,"href":"https:\/\/www.p31noticias.com.br\/index.php?rest_route=%2Fwp%2Fv2%2Fcategories&post=46424"},{"taxonomy":"post_tag","embeddable":true,"href":"https:\/\/www.p31noticias.com.br\/index.php?rest_route=%2Fwp%2Fv2%2Ftags&post=46424"}],"curies":[{"name":"wp","href":"https:\/\/api.w.org\/{rel}","templated":true}]}}