{"id":46422,"date":"2024-04-08T15:31:48","date_gmt":"2024-04-08T18:31:48","guid":{"rendered":"https:\/\/p31noticias.com.br\/defesa-de-atropelados-quer-que-bebado-responda-por-homicidio-tentado\/"},"modified":"2024-04-08T15:31:48","modified_gmt":"2024-04-08T18:31:48","slug":"defesa-de-atropelados-quer-que-bebado-responda-por-homicidio-tentado","status":"publish","type":"post","link":"https:\/\/www.p31noticias.com.br\/?p=46422","title":{"rendered":"Defesa de atropelados quer que b\u00eabado responda por homic\u00eddio tentado"},"content":{"rendered":"<p>O advogado Roani Perreira do Prado, respons\u00e1vel pela defesa dos seis trabalhadores atropelados por Allan das Chagas Ara\u00fajo, 32 anos, na \u00faltima sexta-feira (5\/4), acompanhou os depoimentos de seus clientes na 3\u00aa Delegacia de Pol\u00edcia (Cruzeiro), na manh\u00e3 desta segunda-feira (8\/4). \u00c0 imprensa Roani disse que as v\u00edtimas esperam que o condutor do ve\u00edculo tamb\u00e9m [\u2026]<\/p>\n<p>O post <a href=\"https:\/\/www.delioandrade.com.br\/defesa-de-atropelados-quer-que-bebado-responda-por-homicidio-tentado\/\">Defesa de atropelados quer que b\u00eabado responda por homic\u00eddio tentado<\/a> apareceu primeiro em <a href=\"https:\/\/www.delioandrade.com.br\/\">Blog do D\u00c9LIO ANDRADE<\/a>.<\/p>\n","protected":false},"excerpt":{"rendered":"<p>O advogado Roani Perreira do Prado, respons\u00e1vel pela defesa dos seis trabalhadores atropelados por Allan das Chagas Ara\u00fajo, 32 anos, na \u00faltima sexta-feira (5\/4), acompanhou os depoimentos de seus clientes na 3\u00aa Delegacia de Pol\u00edcia (Cruzeiro), na manh\u00e3 desta segunda-feira (8\/4). \u00c0 imprensa Roani disse que as v\u00edtimas esperam que o condutor do ve\u00edculo tamb\u00e9m [&hellip;]<\/p>\n","protected":false},"author":0,"featured_media":46423,"comment_status":"open","ping_status":"open","sticky":false,"template":"","format":"standard","meta":{"footnotes":""},"categories":[21],"tags":[],"class_list":{"0":"post-46422","1":"post","2":"type-post","3":"status-publish","4":"format-standard","5":"has-post-thumbnail","7":"category-brasilia"},"yoast_head":"<!-- This site is optimized with the Yoast SEO Premium plugin v24.5 (Yoast SEO v27.4) - https:\/\/yoast.com\/product\/yoast-seo-premium-wordpress\/ -->\n<title>Defesa de atropelados quer que b\u00eabado responda por homic\u00eddio tentado - P31<\/title>\n<meta name=\"robots\" content=\"index, follow, max-snippet:-1, max-image-preview:large, max-video-preview:-1\" \/>\n<link rel=\"canonical\" href=\"https:\/\/www.p31noticias.com.br\/?p=46422\" \/>\n<meta property=\"og:locale\" content=\"pt_BR\" \/>\n<meta property=\"og:type\" content=\"article\" \/>\n<meta property=\"og:title\" content=\"Defesa de atropelados quer que b\u00eabado responda por homic\u00eddio tentado\" \/>\n<meta property=\"og:description\" content=\"O advogado Roani Perreira do Prado, respons\u00e1vel pela defesa dos seis trabalhadores atropelados por Allan das Chagas Ara\u00fajo, 32 anos, na \u00faltima sexta-feira (5\/4), acompanhou os depoimentos de seus clientes na 3\u00aa Delegacia de Pol\u00edcia (Cruzeiro), na manh\u00e3 desta segunda-feira (8\/4). \u00c0 imprensa Roani disse que as v\u00edtimas esperam que o condutor do ve\u00edculo tamb\u00e9m [&hellip;]\" \/>\n<meta property=\"og:url\" content=\"https:\/\/www.p31noticias.com.br\/?p=46422\" \/>\n<meta property=\"og:site_name\" content=\"P31\" \/>\n<meta property=\"article:published_time\" content=\"2024-04-08T18:31:48+00:00\" \/>\n<meta property=\"og:image\" content=\"https:\/\/www.p31noticias.com.br\/wp-content\/uploads\/2024\/04\/WhatsApp-Image-2024-04-08-at-12.54.19-1-1200x800-ajKq6R-150x150-uVvgtn.jpeg\" \/>\n\t<meta property=\"og:image:width\" content=\"150\" \/>\n\t<meta property=\"og:image:height\" content=\"150\" \/>\n\t<meta property=\"og:image:type\" content=\"image\/jpeg\" \/>\n<meta name=\"twitter:card\" content=\"summary_large_image\" \/>\n<script type=\"application\/ld+json\" class=\"yoast-schema-graph\">{\"@context\":\"https:\\\/\\\/schema.org\",\"@graph\":[{\"@type\":\"Article\",\"@id\":\"https:\\\/\\\/www.p31noticias.com.br\\\/?p=46422#article\",\"isPartOf\":{\"@id\":\"https:\\\/\\\/www.p31noticias.com.br\\\/?p=46422\"},\"author\":{\"name\":\"\",\"@id\":\"\"},\"headline\":\"Defesa de atropelados quer que b\u00eabado responda por homic\u00eddio tentado\",\"datePublished\":\"2024-04-08T18:31:48+00:00\",\"mainEntityOfPage\":{\"@id\":\"https:\\\/\\\/www.p31noticias.com.br\\\/?p=46422\"},\"wordCount\":90,\"commentCount\":0,\"image\":{\"@id\":\"https:\\\/\\\/www.p31noticias.com.br\\\/?p=46422#primaryimage\"},\"thumbnailUrl\":\"https:\\\/\\\/www.p31noticias.com.br\\\/wp-content\\\/uploads\\\/2024\\\/04\\\/WhatsApp-Image-2024-04-08-at-12.54.19-1-1200x800-ajKq6R-150x150-uVvgtn.jpeg\",\"articleSection\":[\"Bras\u00edlia\"],\"inLanguage\":\"pt-BR\",\"potentialAction\":[{\"@type\":\"CommentAction\",\"name\":\"Comment\",\"target\":[\"https:\\\/\\\/www.p31noticias.com.br\\\/?p=46422#respond\"]}],\"copyrightYear\":\"2024\",\"copyrightHolder\":{\"@id\":\"https:\\\/\\\/www.p31noticias.com.br\\\/#organization\"}},{\"@type\":\"WebPage\",\"@id\":\"https:\\\/\\\/www.p31noticias.com.br\\\/?p=46422\",\"url\":\"https:\\\/\\\/www.p31noticias.com.br\\\/?p=46422\",\"name\":\"Defesa de atropelados quer que b\u00eabado responda por homic\u00eddio tentado - P31\",\"isPartOf\":{\"@id\":\"https:\\\/\\\/www.p31noticias.com.br\\\/#website\"},\"primaryImageOfPage\":{\"@id\":\"https:\\\/\\\/www.p31noticias.com.br\\\/?p=46422#primaryimage\"},\"image\":{\"@id\":\"https:\\\/\\\/www.p31noticias.com.br\\\/?p=46422#primaryimage\"},\"thumbnailUrl\":\"https:\\\/\\\/www.p31noticias.com.br\\\/wp-content\\\/uploads\\\/2024\\\/04\\\/WhatsApp-Image-2024-04-08-at-12.54.19-1-1200x800-ajKq6R-150x150-uVvgtn.jpeg\",\"datePublished\":\"2024-04-08T18:31:48+00:00\",\"author\":{\"@id\":\"\"},\"breadcrumb\":{\"@id\":\"https:\\\/\\\/www.p31noticias.com.br\\\/?p=46422#breadcrumb\"},\"inLanguage\":\"pt-BR\",\"potentialAction\":[{\"@type\":\"ReadAction\",\"target\":[\"https:\\\/\\\/www.p31noticias.com.br\\\/?p=46422\"]}]},{\"@type\":\"ImageObject\",\"inLanguage\":\"pt-BR\",\"@id\":\"https:\\\/\\\/www.p31noticias.com.br\\\/?p=46422#primaryimage\",\"url\":\"https:\\\/\\\/www.p31noticias.com.br\\\/wp-content\\\/uploads\\\/2024\\\/04\\\/WhatsApp-Image-2024-04-08-at-12.54.19-1-1200x800-ajKq6R-150x150-uVvgtn.jpeg\",\"contentUrl\":\"https:\\\/\\\/www.p31noticias.com.br\\\/wp-content\\\/uploads\\\/2024\\\/04\\\/WhatsApp-Image-2024-04-08-at-12.54.19-1-1200x800-ajKq6R-150x150-uVvgtn.jpeg\",\"width\":150,\"height\":150},{\"@type\":\"BreadcrumbList\",\"@id\":\"https:\\\/\\\/www.p31noticias.com.br\\\/?p=46422#breadcrumb\",\"itemListElement\":[{\"@type\":\"ListItem\",\"position\":1,\"name\":\"In\u00edcio\",\"item\":\"https:\\\/\\\/www.p31noticias.com.br\\\/\"},{\"@type\":\"ListItem\",\"position\":2,\"name\":\"Defesa de atropelados quer que b\u00eabado responda por homic\u00eddio tentado\"}]},{\"@type\":\"WebSite\",\"@id\":\"https:\\\/\\\/www.p31noticias.com.br\\\/#website\",\"url\":\"https:\\\/\\\/www.p31noticias.com.br\\\/\",\"name\":\"P31\",\"description\":\"NOT\u00cdCIAS\",\"potentialAction\":[{\"@type\":\"SearchAction\",\"target\":{\"@type\":\"EntryPoint\",\"urlTemplate\":\"https:\\\/\\\/www.p31noticias.com.br\\\/?s={search_term_string}\"},\"query-input\":{\"@type\":\"PropertyValueSpecification\",\"valueRequired\":true,\"valueName\":\"search_term_string\"}}],\"inLanguage\":\"pt-BR\"}]}<\/script>\n<!-- \/ Yoast SEO Premium plugin. -->","yoast_head_json":{"title":"Defesa de atropelados quer que b\u00eabado responda por homic\u00eddio tentado - P31","robots":{"index":"index","follow":"follow","max-snippet":"max-snippet:-1","max-image-preview":"max-image-preview:large","max-video-preview":"max-video-preview:-1"},"canonical":"https:\/\/www.p31noticias.com.br\/?p=46422","og_locale":"pt_BR","og_type":"article","og_title":"Defesa de atropelados quer que b\u00eabado responda por homic\u00eddio tentado","og_description":"O advogado Roani Perreira do Prado, respons\u00e1vel pela defesa dos seis trabalhadores atropelados por Allan das Chagas Ara\u00fajo, 32 anos, na \u00faltima sexta-feira (5\/4), acompanhou os depoimentos de seus clientes na 3\u00aa Delegacia de Pol\u00edcia (Cruzeiro), na manh\u00e3 desta segunda-feira (8\/4). \u00c0 imprensa Roani disse que as v\u00edtimas esperam que o condutor do ve\u00edculo tamb\u00e9m [&hellip;]","og_url":"https:\/\/www.p31noticias.com.br\/?p=46422","og_site_name":"P31","article_published_time":"2024-04-08T18:31:48+00:00","og_image":[{"width":150,"height":150,"url":"https:\/\/www.p31noticias.com.br\/wp-content\/uploads\/2024\/04\/WhatsApp-Image-2024-04-08-at-12.54.19-1-1200x800-ajKq6R-150x150-uVvgtn.jpeg","type":"image\/jpeg"}],"twitter_card":"summary_large_image","schema":{"@context":"https:\/\/schema.org","@graph":[{"@type":"Article","@id":"https:\/\/www.p31noticias.com.br\/?p=46422#article","isPartOf":{"@id":"https:\/\/www.p31noticias.com.br\/?p=46422"},"author":{"name":"","@id":""},"headline":"Defesa de atropelados quer que b\u00eabado responda por homic\u00eddio tentado","datePublished":"2024-04-08T18:31:48+00:00","mainEntityOfPage":{"@id":"https:\/\/www.p31noticias.com.br\/?p=46422"},"wordCount":90,"commentCount":0,"image":{"@id":"https:\/\/www.p31noticias.com.br\/?p=46422#primaryimage"},"thumbnailUrl":"https:\/\/www.p31noticias.com.br\/wp-content\/uploads\/2024\/04\/WhatsApp-Image-2024-04-08-at-12.54.19-1-1200x800-ajKq6R-150x150-uVvgtn.jpeg","articleSection":["Bras\u00edlia"],"inLanguage":"pt-BR","potentialAction":[{"@type":"CommentAction","name":"Comment","target":["https:\/\/www.p31noticias.com.br\/?p=46422#respond"]}],"copyrightYear":"2024","copyrightHolder":{"@id":"https:\/\/www.p31noticias.com.br\/#organization"}},{"@type":"WebPage","@id":"https:\/\/www.p31noticias.com.br\/?p=46422","url":"https:\/\/www.p31noticias.com.br\/?p=46422","name":"Defesa de atropelados quer que b\u00eabado responda por homic\u00eddio tentado - P31","isPartOf":{"@id":"https:\/\/www.p31noticias.com.br\/#website"},"primaryImageOfPage":{"@id":"https:\/\/www.p31noticias.com.br\/?p=46422#primaryimage"},"image":{"@id":"https:\/\/www.p31noticias.com.br\/?p=46422#primaryimage"},"thumbnailUrl":"https:\/\/www.p31noticias.com.br\/wp-content\/uploads\/2024\/04\/WhatsApp-Image-2024-04-08-at-12.54.19-1-1200x800-ajKq6R-150x150-uVvgtn.jpeg","datePublished":"2024-04-08T18:31:48+00:00","author":{"@id":""},"breadcrumb":{"@id":"https:\/\/www.p31noticias.com.br\/?p=46422#breadcrumb"},"inLanguage":"pt-BR","potentialAction":[{"@type":"ReadAction","target":["https:\/\/www.p31noticias.com.br\/?p=46422"]}]},{"@type":"ImageObject","inLanguage":"pt-BR","@id":"https:\/\/www.p31noticias.com.br\/?p=46422#primaryimage","url":"https:\/\/www.p31noticias.com.br\/wp-content\/uploads\/2024\/04\/WhatsApp-Image-2024-04-08-at-12.54.19-1-1200x800-ajKq6R-150x150-uVvgtn.jpeg","contentUrl":"https:\/\/www.p31noticias.com.br\/wp-content\/uploads\/2024\/04\/WhatsApp-Image-2024-04-08-at-12.54.19-1-1200x800-ajKq6R-150x150-uVvgtn.jpeg","width":150,"height":150},{"@type":"BreadcrumbList","@id":"https:\/\/www.p31noticias.com.br\/?p=46422#breadcrumb","itemListElement":[{"@type":"ListItem","position":1,"name":"In\u00edcio","item":"https:\/\/www.p31noticias.com.br\/"},{"@type":"ListItem","position":2,"name":"Defesa de atropelados quer que b\u00eabado responda por homic\u00eddio tentado"}]},{"@type":"WebSite","@id":"https:\/\/www.p31noticias.com.br\/#website","url":"https:\/\/www.p31noticias.com.br\/","name":"P31","description":"NOT\u00cdCIAS","potentialAction":[{"@type":"SearchAction","target":{"@type":"EntryPoint","urlTemplate":"https:\/\/www.p31noticias.com.br\/?s={search_term_string}"},"query-input":{"@type":"PropertyValueSpecification","valueRequired":true,"valueName":"search_term_string"}}],"inLanguage":"pt-BR"}]}},"amp_enabled":true,"_links":{"self":[{"href":"https:\/\/www.p31noticias.com.br\/index.php?rest_route=\/wp\/v2\/posts\/46422","targetHints":{"allow":["GET"]}}],"collection":[{"href":"https:\/\/www.p31noticias.com.br\/index.php?rest_route=\/wp\/v2\/posts"}],"about":[{"href":"https:\/\/www.p31noticias.com.br\/index.php?rest_route=\/wp\/v2\/types\/post"}],"replies":[{"embeddable":true,"href":"https:\/\/www.p31noticias.com.br\/index.php?rest_route=%2Fwp%2Fv2%2Fcomments&post=46422"}],"version-history":[{"count":0,"href":"https:\/\/www.p31noticias.com.br\/index.php?rest_route=\/wp\/v2\/posts\/46422\/revisions"}],"wp:featuredmedia":[{"embeddable":true,"href":"https:\/\/www.p31noticias.com.br\/index.php?rest_route=\/wp\/v2\/media\/46423"}],"wp:attachment":[{"href":"https:\/\/www.p31noticias.com.br\/index.php?rest_route=%2Fwp%2Fv2%2Fmedia&parent=46422"}],"wp:term":[{"taxonomy":"category","embeddable":true,"href":"https:\/\/www.p31noticias.com.br\/index.php?rest_route=%2Fwp%2Fv2%2Fcategories&post=46422"},{"taxonomy":"post_tag","embeddable":true,"href":"https:\/\/www.p31noticias.com.br\/index.php?rest_route=%2Fwp%2Fv2%2Ftags&post=46422"}],"curies":[{"name":"wp","href":"https:\/\/api.w.org\/{rel}","templated":true}]}}