{"id":4642,"date":"2020-05-07T15:49:31","date_gmt":"2020-05-07T18:49:31","guid":{"rendered":"https:\/\/juniortakamoto.com.br\/?p=4642"},"modified":"2020-05-07T15:49:31","modified_gmt":"2020-05-07T18:49:31","slug":"secti-destina-10-milhoes-para-implementar-servico-de-telemedicina-no-distrito-federal","status":"publish","type":"post","link":"https:\/\/www.p31noticias.com.br\/?p=4642","title":{"rendered":"SECTI destina 10 milh\u00f5es para implementar servi\u00e7o de Telemedicina no Distrito Federal"},"content":{"rendered":"<p><i>Parceria entre SECTI, FAP\/DF e Fiocruz Bras\u00edlia destina R$ 10 milh\u00f5es no combate \u00e0 Covid-19<\/i><\/p>\n<div>Para reduzir as filas nas consultas em tempos de Covid-19, foi assinado nesta ter\u00e7a (05\/05), no Sal\u00e3o Nobre do Pal\u00e1cio do Buriti, o conv\u00eanio de coopera\u00e7\u00e3o t\u00e9cnica e cient\u00edfica entre a\u00a0<b>Secretaria de Ci\u00eancia, Tecnologia e Inova\u00e7\u00e3o (SECTI)<\/b>, Funda\u00e7\u00e3o de Apoio \u00e0 Pesquisa (FAP\/DF) e a Fiocruz. Ser\u00e3o destinados R$ 10 milh\u00f5es em projetos de sa\u00fade digital para diagn\u00f3stico e tratamento de Covid-19. O destaque \u00e9 a implementa\u00e7\u00e3o do servi\u00e7o de telemedicina para atender a popula\u00e7\u00e3o do Distrito Federal.<\/div>\n<div><\/div>\n<div>\n<blockquote class=\"gmail_quote\"><p><i><span style=\"font-size: large;\"><span style=\"font-family: arial, helvetica, sans-serif;\">&#8220;<\/span><b>Seremos o primeiro estado do Brasil a implantar a telemedicina.\u00a0<\/b><span style=\"font-family: arial, helvetica, sans-serif;\">S\u00f3 atrav\u00e9s da Ci\u00eancia, atrelado a tecnologia, para n\u00f3s diminuirmos\u00a0o\u00a0<\/span><span style=\"font-family: arial, helvetica, sans-serif;\">impacto\u00a0desta pandemia no Distrito Federal. Que atrav\u00e9s da telemedicina poderemos ajudar muitos nos atendimentos a dist\u00e2ncia&#8221;,<\/span><\/span><\/i><\/p><\/blockquote>\n<blockquote class=\"gmail_quote\"><p><span style=\"font-family: arial, helvetica, sans-serif; font-size: large;\"><b>reafirma Gilvan M\u00e1ximo,<\/b>\u00a0secret\u00e1rio de Ci\u00eancia e Tecnologia do DF.<\/span><\/p><\/blockquote>\n<div><img loading=\"lazy\" decoding=\"async\" class=\"CToWUd a6T\" tabindex=\"0\" src=\"https:\/\/mail.google.com\/mail\/u\/0?ui=2&amp;ik=8a90d08b81&amp;attid=0.0.2&amp;permmsgid=msg-f:1666053400417123836&amp;th=171f02bd94b1bdfc&amp;view=fimg&amp;sz=s0-l75-ft&amp;attbid=ANGjdJ_k1xa6a95_dmdHjNmImHVjk5w1llplcRHEmtGCtlBeLDWDGVGUvtWJvBzqEvRV3_d8Rz6pmGgje4a206MXHgNxAex55Ovke6uBSNi5MzVHthf4IojmRvLe6KI&amp;disp=emb&amp;realattid=ii_k9veccxj3\" alt=\"image.png\" width=\"229\" height=\"343\" data-image-whitelisted=\"\" \/><\/div>\n<p><span style=\"font-family: arial, helvetica, sans-serif;\">A secretaria de Ci\u00eancia Tecnologia e Inova\u00e7\u00e3o indica que Distrito Federal ser\u00e1 a primeira Unidade da Federa\u00e7\u00e3o do pa\u00eds a fazer uso da telemedicina. Ser\u00e1 uma ferramenta de f\u00e1cil acesso. O governador Ibaneis Rocha quer que os tele-m\u00e9dicos ajudem a desafogar as filas de atendimentos na rede de sa\u00fade p\u00fablica. \u00c9 um projeto que vai revolucionar o modo de atendimento no sistema..<\/span><\/p>\n<p><span style=\"font-family: arial, helvetica, sans-serif;\">A<\/span><b><u>\u00a0expectativa \u00e9 que os tele-m\u00e9dicos comecem a atender dentro de tr\u00eas semanas<\/u><\/b><span style=\"font-family: arial, helvetica, sans-serif;\">, por meio de um aplicativo criado pelas secretarias de Sa\u00fade, Ci\u00eancia e Tecnologia e a\u00a0<\/span>Fio Cruz<span style=\"font-family: arial, helvetica, sans-serif;\">, que foi nomeada como laborat\u00f3rio de refer\u00eancia pela Organiza\u00e7\u00e3o Mundial de Sa\u00fade para a Covid-19 nas Am\u00e9ricas.<\/span><\/p>\n<p><span style=\"font-family: arial, helvetica, sans-serif;\">A parceria pretende ajudar tamb\u00e9m no desenvolvimento de pesquisas tecnol\u00f3gicas de enfrentamento de doen\u00e7as infectocontagiosas. O que deve acontecer por meio da cria\u00e7\u00e3o de uma rede cooperativa de ci\u00eancia e tecnologia de sa\u00fade digital.<\/span><\/p>\n<p><strong>Assessoria de Imprensa | SECTI<br \/>\n<\/strong><\/p>\n<p><strong>(61) 98474-4169 Kelly Brasil<\/strong><\/p>\n<p><strong>(61) 98332-1047\u00a0 Meire Campus\u00a0<\/strong><\/p>\n<\/div>\n","protected":false},"excerpt":{"rendered":"<p>Parceria entre SECTI, FAP\/DF e Fiocruz Bras\u00edlia destina R$ 10 milh\u00f5es no combate \u00e0 Covid-19 Para reduzir as filas nas consultas em tempos de Covid-19, foi assinado nesta ter\u00e7a (05\/05), no Sal\u00e3o Nobre do Pal\u00e1cio do Buriti, o conv\u00eanio de coopera\u00e7\u00e3o t\u00e9cnica e cient\u00edfica entre a\u00a0Secretaria de Ci\u00eancia, Tecnologia e Inova\u00e7\u00e3o (SECTI), Funda\u00e7\u00e3o de Apoio [&hellip;]<\/p>\n","protected":false},"author":18,"featured_media":4643,"comment_status":"open","ping_status":"open","sticky":false,"template":"","format":"standard","meta":{"footnotes":""},"categories":[21],"tags":[430,586,587,588,589],"class_list":{"0":"post-4642","1":"post","2":"type-post","3":"status-publish","4":"format-standard","5":"has-post-thumbnail","7":"category-brasilia","8":"tag-covid-19","9":"tag-fap-df","10":"tag-fiocruz","11":"tag-gilvan-maximo","12":"tag-secti"},"yoast_head":"<!-- This site is optimized with the Yoast SEO Premium plugin v24.5 (Yoast SEO v27.5) - https:\/\/yoast.com\/product\/yoast-seo-premium-wordpress\/ -->\n<title>SECTI destina 10 milh\u00f5es para implementar servi\u00e7o de Telemedicina no Distrito Federal - P31<\/title>\n<meta name=\"description\" content=\"Parceria entre SECTI, FAP\/DF e Fiocruz Bras\u00edlia destina R$ 10 milh\u00f5es no combate \u00e0 Covid-19\" \/>\n<meta name=\"robots\" content=\"index, follow, max-snippet:-1, max-image-preview:large, max-video-preview:-1\" \/>\n<link rel=\"canonical\" href=\"https:\/\/www.p31noticias.com.br\/?p=4642\" \/>\n<meta property=\"og:locale\" content=\"pt_BR\" \/>\n<meta property=\"og:type\" content=\"article\" \/>\n<meta property=\"og:title\" content=\"SECTI destina 10 milh\u00f5es para implementar servi\u00e7o de Telemedicina no Distrito Federal\" \/>\n<meta property=\"og:description\" content=\"Parceria entre SECTI, FAP\/DF e Fiocruz Bras\u00edlia destina R$ 10 milh\u00f5es no combate \u00e0 Covid-19\" \/>\n<meta property=\"og:url\" content=\"https:\/\/www.p31noticias.com.br\/?p=4642\" \/>\n<meta property=\"og:site_name\" content=\"P31\" \/>\n<meta property=\"article:published_time\" content=\"2020-05-07T18:49:31+00:00\" \/>\n<meta property=\"og:image\" content=\"https:\/\/www.p31noticias.com.br\/wp-content\/uploads\/2020\/05\/gilvan-DF-2.jpeg\" \/>\n\t<meta property=\"og:image:width\" content=\"1280\" \/>\n\t<meta property=\"og:image:height\" content=\"853\" \/>\n\t<meta property=\"og:image:type\" content=\"image\/jpeg\" \/>\n<meta name=\"author\" content=\"Reda\u00e7\u00e3o JBN\" \/>\n<meta name=\"twitter:card\" content=\"summary_large_image\" \/>\n<meta name=\"twitter:label1\" content=\"Escrito por\" \/>\n\t<meta name=\"twitter:data1\" content=\"Reda\u00e7\u00e3o JBN\" \/>\n\t<meta name=\"twitter:label2\" content=\"Est. tempo de leitura\" \/>\n\t<meta name=\"twitter:data2\" content=\"2 minutos\" \/>\n<script type=\"application\/ld+json\" class=\"yoast-schema-graph\">{\"@context\":\"https:\\\/\\\/schema.org\",\"@graph\":[{\"@type\":\"Article\",\"@id\":\"https:\\\/\\\/www.p31noticias.com.br\\\/?p=4642#article\",\"isPartOf\":{\"@id\":\"https:\\\/\\\/www.p31noticias.com.br\\\/?p=4642\"},\"author\":{\"name\":\"Reda\u00e7\u00e3o JBN\",\"@id\":\"https:\\\/\\\/www.p31noticias.com.br\\\/#\\\/schema\\\/person\\\/77d6b186c710ac38937c6ec204fdd387\"},\"headline\":\"SECTI destina 10 milh\u00f5es para implementar servi\u00e7o de Telemedicina no Distrito Federal\",\"datePublished\":\"2020-05-07T18:49:31+00:00\",\"mainEntityOfPage\":{\"@id\":\"https:\\\/\\\/www.p31noticias.com.br\\\/?p=4642\"},\"wordCount\":352,\"commentCount\":0,\"image\":{\"@id\":\"https:\\\/\\\/www.p31noticias.com.br\\\/?p=4642#primaryimage\"},\"thumbnailUrl\":\"https:\\\/\\\/www.p31noticias.com.br\\\/wp-content\\\/uploads\\\/2020\\\/05\\\/gilvan-DF-2.jpeg\",\"keywords\":[\"Covid-19\",\"FAP\\\/DF\",\"Fiocruz\",\"Gilvan M\u00e1ximo\",\"SECTI\"],\"articleSection\":[\"Bras\u00edlia\"],\"inLanguage\":\"pt-BR\",\"potentialAction\":[{\"@type\":\"CommentAction\",\"name\":\"Comment\",\"target\":[\"https:\\\/\\\/www.p31noticias.com.br\\\/?p=4642#respond\"]}],\"copyrightYear\":\"2020\",\"copyrightHolder\":{\"@id\":\"https:\\\/\\\/www.p31noticias.com.br\\\/#organization\"}},{\"@type\":\"WebPage\",\"@id\":\"https:\\\/\\\/www.p31noticias.com.br\\\/?p=4642\",\"url\":\"https:\\\/\\\/www.p31noticias.com.br\\\/?p=4642\",\"name\":\"SECTI destina 10 milh\u00f5es para implementar servi\u00e7o de Telemedicina no Distrito Federal - P31\",\"isPartOf\":{\"@id\":\"https:\\\/\\\/www.p31noticias.com.br\\\/#website\"},\"primaryImageOfPage\":{\"@id\":\"https:\\\/\\\/www.p31noticias.com.br\\\/?p=4642#primaryimage\"},\"image\":{\"@id\":\"https:\\\/\\\/www.p31noticias.com.br\\\/?p=4642#primaryimage\"},\"thumbnailUrl\":\"https:\\\/\\\/www.p31noticias.com.br\\\/wp-content\\\/uploads\\\/2020\\\/05\\\/gilvan-DF-2.jpeg\",\"datePublished\":\"2020-05-07T18:49:31+00:00\",\"author\":{\"@id\":\"https:\\\/\\\/www.p31noticias.com.br\\\/#\\\/schema\\\/person\\\/77d6b186c710ac38937c6ec204fdd387\"},\"description\":\"Parceria entre SECTI, FAP\\\/DF e Fiocruz Bras\u00edlia destina R$ 10 milh\u00f5es no combate \u00e0 Covid-19\",\"breadcrumb\":{\"@id\":\"https:\\\/\\\/www.p31noticias.com.br\\\/?p=4642#breadcrumb\"},\"inLanguage\":\"pt-BR\",\"potentialAction\":[{\"@type\":\"ReadAction\",\"target\":[\"https:\\\/\\\/www.p31noticias.com.br\\\/?p=4642\"]}]},{\"@type\":\"ImageObject\",\"inLanguage\":\"pt-BR\",\"@id\":\"https:\\\/\\\/www.p31noticias.com.br\\\/?p=4642#primaryimage\",\"url\":\"https:\\\/\\\/www.p31noticias.com.br\\\/wp-content\\\/uploads\\\/2020\\\/05\\\/gilvan-DF-2.jpeg\",\"contentUrl\":\"https:\\\/\\\/www.p31noticias.com.br\\\/wp-content\\\/uploads\\\/2020\\\/05\\\/gilvan-DF-2.jpeg\",\"width\":1280,\"height\":853,\"caption\":\"SECTI\"},{\"@type\":\"BreadcrumbList\",\"@id\":\"https:\\\/\\\/www.p31noticias.com.br\\\/?p=4642#breadcrumb\",\"itemListElement\":[{\"@type\":\"ListItem\",\"position\":1,\"name\":\"In\u00edcio\",\"item\":\"https:\\\/\\\/www.p31noticias.com.br\\\/\"},{\"@type\":\"ListItem\",\"position\":2,\"name\":\"SECTI destina 10 milh\u00f5es para implementar servi\u00e7o de Telemedicina no Distrito Federal\"}]},{\"@type\":\"WebSite\",\"@id\":\"https:\\\/\\\/www.p31noticias.com.br\\\/#website\",\"url\":\"https:\\\/\\\/www.p31noticias.com.br\\\/\",\"name\":\"P31\",\"description\":\"NOT\u00cdCIAS\",\"potentialAction\":[{\"@type\":\"SearchAction\",\"target\":{\"@type\":\"EntryPoint\",\"urlTemplate\":\"https:\\\/\\\/www.p31noticias.com.br\\\/?s={search_term_string}\"},\"query-input\":{\"@type\":\"PropertyValueSpecification\",\"valueRequired\":true,\"valueName\":\"search_term_string\"}}],\"inLanguage\":\"pt-BR\"},{\"@type\":\"Person\",\"@id\":\"https:\\\/\\\/www.p31noticias.com.br\\\/#\\\/schema\\\/person\\\/77d6b186c710ac38937c6ec204fdd387\",\"name\":\"Reda\u00e7\u00e3o JBN\",\"image\":{\"@type\":\"ImageObject\",\"inLanguage\":\"pt-BR\",\"@id\":\"https:\\\/\\\/secure.gravatar.com\\\/avatar\\\/10fcdb93211f98cce3d64c0795b0915a9a4a21dc0f279238995a3dbfafcad090?s=96&d=mm&r=g\",\"url\":\"https:\\\/\\\/secure.gravatar.com\\\/avatar\\\/10fcdb93211f98cce3d64c0795b0915a9a4a21dc0f279238995a3dbfafcad090?s=96&d=mm&r=g\",\"contentUrl\":\"https:\\\/\\\/secure.gravatar.com\\\/avatar\\\/10fcdb93211f98cce3d64c0795b0915a9a4a21dc0f279238995a3dbfafcad090?s=96&d=mm&r=g\",\"caption\":\"Reda\u00e7\u00e3o JBN\"},\"sameAs\":[\"https:\\\/\\\/p31noticias.com.br\"],\"url\":\"https:\\\/\\\/www.p31noticias.com.br\\\/?author=18\"}]}<\/script>\n<!-- \/ Yoast SEO Premium plugin. -->","yoast_head_json":{"title":"SECTI destina 10 milh\u00f5es para implementar servi\u00e7o de Telemedicina no Distrito Federal - P31","description":"Parceria entre SECTI, FAP\/DF e Fiocruz Bras\u00edlia destina R$ 10 milh\u00f5es no combate \u00e0 Covid-19","robots":{"index":"index","follow":"follow","max-snippet":"max-snippet:-1","max-image-preview":"max-image-preview:large","max-video-preview":"max-video-preview:-1"},"canonical":"https:\/\/www.p31noticias.com.br\/?p=4642","og_locale":"pt_BR","og_type":"article","og_title":"SECTI destina 10 milh\u00f5es para implementar servi\u00e7o de Telemedicina no Distrito Federal","og_description":"Parceria entre SECTI, FAP\/DF e Fiocruz Bras\u00edlia destina R$ 10 milh\u00f5es no combate \u00e0 Covid-19","og_url":"https:\/\/www.p31noticias.com.br\/?p=4642","og_site_name":"P31","article_published_time":"2020-05-07T18:49:31+00:00","og_image":[{"width":1280,"height":853,"url":"https:\/\/www.p31noticias.com.br\/wp-content\/uploads\/2020\/05\/gilvan-DF-2.jpeg","type":"image\/jpeg"}],"author":"Reda\u00e7\u00e3o JBN","twitter_card":"summary_large_image","twitter_misc":{"Escrito por":"Reda\u00e7\u00e3o JBN","Est. tempo de leitura":"2 minutos"},"schema":{"@context":"https:\/\/schema.org","@graph":[{"@type":"Article","@id":"https:\/\/www.p31noticias.com.br\/?p=4642#article","isPartOf":{"@id":"https:\/\/www.p31noticias.com.br\/?p=4642"},"author":{"name":"Reda\u00e7\u00e3o JBN","@id":"https:\/\/www.p31noticias.com.br\/#\/schema\/person\/77d6b186c710ac38937c6ec204fdd387"},"headline":"SECTI destina 10 milh\u00f5es para implementar servi\u00e7o de Telemedicina no Distrito Federal","datePublished":"2020-05-07T18:49:31+00:00","mainEntityOfPage":{"@id":"https:\/\/www.p31noticias.com.br\/?p=4642"},"wordCount":352,"commentCount":0,"image":{"@id":"https:\/\/www.p31noticias.com.br\/?p=4642#primaryimage"},"thumbnailUrl":"https:\/\/www.p31noticias.com.br\/wp-content\/uploads\/2020\/05\/gilvan-DF-2.jpeg","keywords":["Covid-19","FAP\/DF","Fiocruz","Gilvan M\u00e1ximo","SECTI"],"articleSection":["Bras\u00edlia"],"inLanguage":"pt-BR","potentialAction":[{"@type":"CommentAction","name":"Comment","target":["https:\/\/www.p31noticias.com.br\/?p=4642#respond"]}],"copyrightYear":"2020","copyrightHolder":{"@id":"https:\/\/www.p31noticias.com.br\/#organization"}},{"@type":"WebPage","@id":"https:\/\/www.p31noticias.com.br\/?p=4642","url":"https:\/\/www.p31noticias.com.br\/?p=4642","name":"SECTI destina 10 milh\u00f5es para implementar servi\u00e7o de Telemedicina no Distrito Federal - P31","isPartOf":{"@id":"https:\/\/www.p31noticias.com.br\/#website"},"primaryImageOfPage":{"@id":"https:\/\/www.p31noticias.com.br\/?p=4642#primaryimage"},"image":{"@id":"https:\/\/www.p31noticias.com.br\/?p=4642#primaryimage"},"thumbnailUrl":"https:\/\/www.p31noticias.com.br\/wp-content\/uploads\/2020\/05\/gilvan-DF-2.jpeg","datePublished":"2020-05-07T18:49:31+00:00","author":{"@id":"https:\/\/www.p31noticias.com.br\/#\/schema\/person\/77d6b186c710ac38937c6ec204fdd387"},"description":"Parceria entre SECTI, FAP\/DF e Fiocruz Bras\u00edlia destina R$ 10 milh\u00f5es no combate \u00e0 Covid-19","breadcrumb":{"@id":"https:\/\/www.p31noticias.com.br\/?p=4642#breadcrumb"},"inLanguage":"pt-BR","potentialAction":[{"@type":"ReadAction","target":["https:\/\/www.p31noticias.com.br\/?p=4642"]}]},{"@type":"ImageObject","inLanguage":"pt-BR","@id":"https:\/\/www.p31noticias.com.br\/?p=4642#primaryimage","url":"https:\/\/www.p31noticias.com.br\/wp-content\/uploads\/2020\/05\/gilvan-DF-2.jpeg","contentUrl":"https:\/\/www.p31noticias.com.br\/wp-content\/uploads\/2020\/05\/gilvan-DF-2.jpeg","width":1280,"height":853,"caption":"SECTI"},{"@type":"BreadcrumbList","@id":"https:\/\/www.p31noticias.com.br\/?p=4642#breadcrumb","itemListElement":[{"@type":"ListItem","position":1,"name":"In\u00edcio","item":"https:\/\/www.p31noticias.com.br\/"},{"@type":"ListItem","position":2,"name":"SECTI destina 10 milh\u00f5es para implementar servi\u00e7o de Telemedicina no Distrito Federal"}]},{"@type":"WebSite","@id":"https:\/\/www.p31noticias.com.br\/#website","url":"https:\/\/www.p31noticias.com.br\/","name":"P31","description":"NOT\u00cdCIAS","potentialAction":[{"@type":"SearchAction","target":{"@type":"EntryPoint","urlTemplate":"https:\/\/www.p31noticias.com.br\/?s={search_term_string}"},"query-input":{"@type":"PropertyValueSpecification","valueRequired":true,"valueName":"search_term_string"}}],"inLanguage":"pt-BR"},{"@type":"Person","@id":"https:\/\/www.p31noticias.com.br\/#\/schema\/person\/77d6b186c710ac38937c6ec204fdd387","name":"Reda\u00e7\u00e3o JBN","image":{"@type":"ImageObject","inLanguage":"pt-BR","@id":"https:\/\/secure.gravatar.com\/avatar\/10fcdb93211f98cce3d64c0795b0915a9a4a21dc0f279238995a3dbfafcad090?s=96&d=mm&r=g","url":"https:\/\/secure.gravatar.com\/avatar\/10fcdb93211f98cce3d64c0795b0915a9a4a21dc0f279238995a3dbfafcad090?s=96&d=mm&r=g","contentUrl":"https:\/\/secure.gravatar.com\/avatar\/10fcdb93211f98cce3d64c0795b0915a9a4a21dc0f279238995a3dbfafcad090?s=96&d=mm&r=g","caption":"Reda\u00e7\u00e3o JBN"},"sameAs":["https:\/\/p31noticias.com.br"],"url":"https:\/\/www.p31noticias.com.br\/?author=18"}]}},"amp_enabled":true,"_links":{"self":[{"href":"https:\/\/www.p31noticias.com.br\/index.php?rest_route=\/wp\/v2\/posts\/4642","targetHints":{"allow":["GET"]}}],"collection":[{"href":"https:\/\/www.p31noticias.com.br\/index.php?rest_route=\/wp\/v2\/posts"}],"about":[{"href":"https:\/\/www.p31noticias.com.br\/index.php?rest_route=\/wp\/v2\/types\/post"}],"author":[{"embeddable":true,"href":"https:\/\/www.p31noticias.com.br\/index.php?rest_route=\/wp\/v2\/users\/18"}],"replies":[{"embeddable":true,"href":"https:\/\/www.p31noticias.com.br\/index.php?rest_route=%2Fwp%2Fv2%2Fcomments&post=4642"}],"version-history":[{"count":0,"href":"https:\/\/www.p31noticias.com.br\/index.php?rest_route=\/wp\/v2\/posts\/4642\/revisions"}],"wp:featuredmedia":[{"embeddable":true,"href":"https:\/\/www.p31noticias.com.br\/index.php?rest_route=\/wp\/v2\/media\/4643"}],"wp:attachment":[{"href":"https:\/\/www.p31noticias.com.br\/index.php?rest_route=%2Fwp%2Fv2%2Fmedia&parent=4642"}],"wp:term":[{"taxonomy":"category","embeddable":true,"href":"https:\/\/www.p31noticias.com.br\/index.php?rest_route=%2Fwp%2Fv2%2Fcategories&post=4642"},{"taxonomy":"post_tag","embeddable":true,"href":"https:\/\/www.p31noticias.com.br\/index.php?rest_route=%2Fwp%2Fv2%2Ftags&post=4642"}],"curies":[{"name":"wp","href":"https:\/\/api.w.org\/{rel}","templated":true}]}}