{"id":46405,"date":"2024-04-08T14:31:07","date_gmt":"2024-04-08T17:31:07","guid":{"rendered":"https:\/\/p31noticias.com.br\/entidades-representantes-dos-setores-musical-audiovisual-editorial-jornalistico-e-de-dramaturgia-apresentam-carta-ao-senado-federal-em-defesa-dos-direitos-dos-criadores-artistas-e-produtores-fren\/"},"modified":"2024-04-08T14:31:07","modified_gmt":"2024-04-08T17:31:07","slug":"entidades-representantes-dos-setores-musical-audiovisual-editorial-jornalistico-e-de-dramaturgia-apresentam-carta-ao-senado-federal-em-defesa-dos-direitos-dos-criadores-artistas-e-produtores-fren","status":"publish","type":"post","link":"https:\/\/www.p31noticias.com.br\/?p=46405","title":{"rendered":"Entidades representantes dos setores Musical, Audiovisual, Editorial, Jornal\u00edstico e de Dramaturgia apresentam carta ao Senado Federal em defesa dos direitos dos criadores, artistas e produtores, frente ao avan\u00e7o da Intelig\u00eancia Artificial (IA) Generativa"},"content":{"rendered":"<p>\u00a0 Um marco significativo para a prote\u00e7\u00e3o dos direitos autorais na regulamenta\u00e7\u00e3o do uso da Intelig\u00eancia Artificial (IA) no Brasil foi alcan\u00e7ado neste in\u00edcio de semana em Bras\u00edlia. Em um ato de colabora\u00e7\u00e3o entre os principais segmentos da economia criativa, v\u00e1rias entidades representantes dos setores Musical, Audiovisual, Liter\u00e1rio e de Dramaturgia uniram for\u00e7as para apresentar [\u2026]<\/p>\n<p>O post <a href=\"https:\/\/www.delioandrade.com.br\/entidades-representantes-dos-setores-musical-audiovisual-editorial-jornalistico-e-de-dramaturgia-apresentam-carta-ao-senado-federal-em-defesa-dos-direitos-dos-criadores-artistas-e-produtores-fren\/\">Entidades representantes dos setores Musical, Audiovisual, Editorial, Jornal\u00edstico e de Dramaturgia apresentam carta ao Senado Federal em defesa dos direitos dos criadores, artistas e produtores, frente ao avan\u00e7o da Intelig\u00eancia Artificial (IA) Generativa<\/a> apareceu primeiro em <a href=\"https:\/\/www.delioandrade.com.br\/\">Blog do D\u00c9LIO ANDRADE<\/a>.<\/p>\n","protected":false},"excerpt":{"rendered":"<p>\u00a0 Um marco significativo para a prote\u00e7\u00e3o dos direitos autorais na regulamenta\u00e7\u00e3o do uso da Intelig\u00eancia Artificial (IA) no Brasil foi alcan\u00e7ado neste in\u00edcio de semana em Bras\u00edlia. Em um ato de colabora\u00e7\u00e3o entre os principais segmentos da economia criativa, v\u00e1rias entidades representantes dos setores Musical, Audiovisual, Liter\u00e1rio e de Dramaturgia uniram for\u00e7as para apresentar [&hellip;]<\/p>\n","protected":false},"author":0,"featured_media":46406,"comment_status":"open","ping_status":"open","sticky":false,"template":"","format":"standard","meta":{"footnotes":""},"categories":[21],"tags":[],"class_list":{"0":"post-46405","1":"post","2":"type-post","3":"status-publish","4":"format-standard","5":"has-post-thumbnail","7":"category-brasilia"},"yoast_head":"<!-- This site is optimized with the Yoast SEO Premium plugin v24.5 (Yoast SEO v27.5) - https:\/\/yoast.com\/product\/yoast-seo-premium-wordpress\/ -->\n<title>Entidades representantes dos setores Musical, Audiovisual, Editorial, Jornal\u00edstico e de Dramaturgia apresentam carta ao Senado Federal em defesa dos direitos dos criadores, artistas e produtores, frente ao avan\u00e7o da Intelig\u00eancia Artificial (IA) Generativa - P31<\/title>\n<meta name=\"robots\" content=\"index, follow, max-snippet:-1, max-image-preview:large, max-video-preview:-1\" \/>\n<link rel=\"canonical\" href=\"https:\/\/www.p31noticias.com.br\/?p=46405\" \/>\n<meta property=\"og:locale\" content=\"pt_BR\" \/>\n<meta property=\"og:type\" content=\"article\" \/>\n<meta property=\"og:title\" content=\"Entidades representantes dos setores Musical, Audiovisual, Editorial, Jornal\u00edstico e de Dramaturgia apresentam carta ao Senado Federal em defesa dos direitos dos criadores, artistas e produtores, frente ao avan\u00e7o da Intelig\u00eancia Artificial (IA) Generativa\" \/>\n<meta property=\"og:description\" content=\"\u00a0 Um marco significativo para a prote\u00e7\u00e3o dos direitos autorais na regulamenta\u00e7\u00e3o do uso da Intelig\u00eancia Artificial (IA) no Brasil foi alcan\u00e7ado neste in\u00edcio de semana em Bras\u00edlia. Em um ato de colabora\u00e7\u00e3o entre os principais segmentos da economia criativa, v\u00e1rias entidades representantes dos setores Musical, Audiovisual, Liter\u00e1rio e de Dramaturgia uniram for\u00e7as para apresentar [&hellip;]\" \/>\n<meta property=\"og:url\" content=\"https:\/\/www.p31noticias.com.br\/?p=46405\" \/>\n<meta property=\"og:site_name\" content=\"P31\" \/>\n<meta property=\"article:published_time\" content=\"2024-04-08T17:31:07+00:00\" \/>\n<meta property=\"og:image\" content=\"https:\/\/www.p31noticias.com.br\/wp-content\/uploads\/2024\/04\/senado-1-150x150-uCm6tZ-zJhmNQ.jpeg\" \/>\n\t<meta property=\"og:image:width\" content=\"150\" \/>\n\t<meta property=\"og:image:height\" content=\"150\" \/>\n\t<meta property=\"og:image:type\" content=\"image\/jpeg\" \/>\n<meta name=\"twitter:card\" content=\"summary_large_image\" \/>\n<meta name=\"twitter:label1\" content=\"Est. tempo de leitura\" \/>\n\t<meta name=\"twitter:data1\" content=\"1 minuto\" \/>\n<script type=\"application\/ld+json\" class=\"yoast-schema-graph\">{\"@context\":\"https:\\\/\\\/schema.org\",\"@graph\":[{\"@type\":\"Article\",\"@id\":\"https:\\\/\\\/www.p31noticias.com.br\\\/?p=46405#article\",\"isPartOf\":{\"@id\":\"https:\\\/\\\/www.p31noticias.com.br\\\/?p=46405\"},\"author\":{\"name\":\"\",\"@id\":\"\"},\"headline\":\"Entidades representantes dos setores Musical, Audiovisual, Editorial, Jornal\u00edstico e de Dramaturgia apresentam carta ao Senado Federal em defesa dos direitos dos criadores, artistas e produtores, frente ao avan\u00e7o da Intelig\u00eancia Artificial (IA) Generativa\",\"datePublished\":\"2024-04-08T17:31:07+00:00\",\"mainEntityOfPage\":{\"@id\":\"https:\\\/\\\/www.p31noticias.com.br\\\/?p=46405\"},\"wordCount\":146,\"commentCount\":0,\"image\":{\"@id\":\"https:\\\/\\\/www.p31noticias.com.br\\\/?p=46405#primaryimage\"},\"thumbnailUrl\":\"https:\\\/\\\/www.p31noticias.com.br\\\/wp-content\\\/uploads\\\/2024\\\/04\\\/senado-1-150x150-uCm6tZ-zJhmNQ.jpeg\",\"articleSection\":[\"Bras\u00edlia\"],\"inLanguage\":\"pt-BR\",\"potentialAction\":[{\"@type\":\"CommentAction\",\"name\":\"Comment\",\"target\":[\"https:\\\/\\\/www.p31noticias.com.br\\\/?p=46405#respond\"]}],\"copyrightYear\":\"2024\",\"copyrightHolder\":{\"@id\":\"https:\\\/\\\/www.p31noticias.com.br\\\/#organization\"}},{\"@type\":\"WebPage\",\"@id\":\"https:\\\/\\\/www.p31noticias.com.br\\\/?p=46405\",\"url\":\"https:\\\/\\\/www.p31noticias.com.br\\\/?p=46405\",\"name\":\"Entidades representantes dos setores Musical, Audiovisual, Editorial, Jornal\u00edstico e de Dramaturgia apresentam carta ao Senado Federal em defesa dos direitos dos criadores, artistas e produtores, frente ao avan\u00e7o da Intelig\u00eancia Artificial (IA) Generativa - P31\",\"isPartOf\":{\"@id\":\"https:\\\/\\\/www.p31noticias.com.br\\\/#website\"},\"primaryImageOfPage\":{\"@id\":\"https:\\\/\\\/www.p31noticias.com.br\\\/?p=46405#primaryimage\"},\"image\":{\"@id\":\"https:\\\/\\\/www.p31noticias.com.br\\\/?p=46405#primaryimage\"},\"thumbnailUrl\":\"https:\\\/\\\/www.p31noticias.com.br\\\/wp-content\\\/uploads\\\/2024\\\/04\\\/senado-1-150x150-uCm6tZ-zJhmNQ.jpeg\",\"datePublished\":\"2024-04-08T17:31:07+00:00\",\"author\":{\"@id\":\"\"},\"breadcrumb\":{\"@id\":\"https:\\\/\\\/www.p31noticias.com.br\\\/?p=46405#breadcrumb\"},\"inLanguage\":\"pt-BR\",\"potentialAction\":[{\"@type\":\"ReadAction\",\"target\":[\"https:\\\/\\\/www.p31noticias.com.br\\\/?p=46405\"]}]},{\"@type\":\"ImageObject\",\"inLanguage\":\"pt-BR\",\"@id\":\"https:\\\/\\\/www.p31noticias.com.br\\\/?p=46405#primaryimage\",\"url\":\"https:\\\/\\\/www.p31noticias.com.br\\\/wp-content\\\/uploads\\\/2024\\\/04\\\/senado-1-150x150-uCm6tZ-zJhmNQ.jpeg\",\"contentUrl\":\"https:\\\/\\\/www.p31noticias.com.br\\\/wp-content\\\/uploads\\\/2024\\\/04\\\/senado-1-150x150-uCm6tZ-zJhmNQ.jpeg\",\"width\":150,\"height\":150},{\"@type\":\"BreadcrumbList\",\"@id\":\"https:\\\/\\\/www.p31noticias.com.br\\\/?p=46405#breadcrumb\",\"itemListElement\":[{\"@type\":\"ListItem\",\"position\":1,\"name\":\"In\u00edcio\",\"item\":\"https:\\\/\\\/www.p31noticias.com.br\\\/\"},{\"@type\":\"ListItem\",\"position\":2,\"name\":\"Entidades representantes dos setores Musical, Audiovisual, Editorial, Jornal\u00edstico e de Dramaturgia apresentam carta ao Senado Federal em defesa dos direitos dos criadores, artistas e produtores, frente ao avan\u00e7o da Intelig\u00eancia Artificial (IA) Generativa\"}]},{\"@type\":\"WebSite\",\"@id\":\"https:\\\/\\\/www.p31noticias.com.br\\\/#website\",\"url\":\"https:\\\/\\\/www.p31noticias.com.br\\\/\",\"name\":\"P31\",\"description\":\"NOT\u00cdCIAS\",\"potentialAction\":[{\"@type\":\"SearchAction\",\"target\":{\"@type\":\"EntryPoint\",\"urlTemplate\":\"https:\\\/\\\/www.p31noticias.com.br\\\/?s={search_term_string}\"},\"query-input\":{\"@type\":\"PropertyValueSpecification\",\"valueRequired\":true,\"valueName\":\"search_term_string\"}}],\"inLanguage\":\"pt-BR\"}]}<\/script>\n<!-- \/ Yoast SEO Premium plugin. -->","yoast_head_json":{"title":"Entidades representantes dos setores Musical, Audiovisual, Editorial, Jornal\u00edstico e de Dramaturgia apresentam carta ao Senado Federal em defesa dos direitos dos criadores, artistas e produtores, frente ao avan\u00e7o da Intelig\u00eancia Artificial (IA) Generativa - P31","robots":{"index":"index","follow":"follow","max-snippet":"max-snippet:-1","max-image-preview":"max-image-preview:large","max-video-preview":"max-video-preview:-1"},"canonical":"https:\/\/www.p31noticias.com.br\/?p=46405","og_locale":"pt_BR","og_type":"article","og_title":"Entidades representantes dos setores Musical, Audiovisual, Editorial, Jornal\u00edstico e de Dramaturgia apresentam carta ao Senado Federal em defesa dos direitos dos criadores, artistas e produtores, frente ao avan\u00e7o da Intelig\u00eancia Artificial (IA) Generativa","og_description":"\u00a0 Um marco significativo para a prote\u00e7\u00e3o dos direitos autorais na regulamenta\u00e7\u00e3o do uso da Intelig\u00eancia Artificial (IA) no Brasil foi alcan\u00e7ado neste in\u00edcio de semana em Bras\u00edlia. Em um ato de colabora\u00e7\u00e3o entre os principais segmentos da economia criativa, v\u00e1rias entidades representantes dos setores Musical, Audiovisual, Liter\u00e1rio e de Dramaturgia uniram for\u00e7as para apresentar [&hellip;]","og_url":"https:\/\/www.p31noticias.com.br\/?p=46405","og_site_name":"P31","article_published_time":"2024-04-08T17:31:07+00:00","og_image":[{"width":150,"height":150,"url":"https:\/\/www.p31noticias.com.br\/wp-content\/uploads\/2024\/04\/senado-1-150x150-uCm6tZ-zJhmNQ.jpeg","type":"image\/jpeg"}],"twitter_card":"summary_large_image","twitter_misc":{"Est. tempo de leitura":"1 minuto"},"schema":{"@context":"https:\/\/schema.org","@graph":[{"@type":"Article","@id":"https:\/\/www.p31noticias.com.br\/?p=46405#article","isPartOf":{"@id":"https:\/\/www.p31noticias.com.br\/?p=46405"},"author":{"name":"","@id":""},"headline":"Entidades representantes dos setores Musical, Audiovisual, Editorial, Jornal\u00edstico e de Dramaturgia apresentam carta ao Senado Federal em defesa dos direitos dos criadores, artistas e produtores, frente ao avan\u00e7o da Intelig\u00eancia Artificial (IA) Generativa","datePublished":"2024-04-08T17:31:07+00:00","mainEntityOfPage":{"@id":"https:\/\/www.p31noticias.com.br\/?p=46405"},"wordCount":146,"commentCount":0,"image":{"@id":"https:\/\/www.p31noticias.com.br\/?p=46405#primaryimage"},"thumbnailUrl":"https:\/\/www.p31noticias.com.br\/wp-content\/uploads\/2024\/04\/senado-1-150x150-uCm6tZ-zJhmNQ.jpeg","articleSection":["Bras\u00edlia"],"inLanguage":"pt-BR","potentialAction":[{"@type":"CommentAction","name":"Comment","target":["https:\/\/www.p31noticias.com.br\/?p=46405#respond"]}],"copyrightYear":"2024","copyrightHolder":{"@id":"https:\/\/www.p31noticias.com.br\/#organization"}},{"@type":"WebPage","@id":"https:\/\/www.p31noticias.com.br\/?p=46405","url":"https:\/\/www.p31noticias.com.br\/?p=46405","name":"Entidades representantes dos setores Musical, Audiovisual, Editorial, Jornal\u00edstico e de Dramaturgia apresentam carta ao Senado Federal em defesa dos direitos dos criadores, artistas e produtores, frente ao avan\u00e7o da Intelig\u00eancia Artificial (IA) Generativa - P31","isPartOf":{"@id":"https:\/\/www.p31noticias.com.br\/#website"},"primaryImageOfPage":{"@id":"https:\/\/www.p31noticias.com.br\/?p=46405#primaryimage"},"image":{"@id":"https:\/\/www.p31noticias.com.br\/?p=46405#primaryimage"},"thumbnailUrl":"https:\/\/www.p31noticias.com.br\/wp-content\/uploads\/2024\/04\/senado-1-150x150-uCm6tZ-zJhmNQ.jpeg","datePublished":"2024-04-08T17:31:07+00:00","author":{"@id":""},"breadcrumb":{"@id":"https:\/\/www.p31noticias.com.br\/?p=46405#breadcrumb"},"inLanguage":"pt-BR","potentialAction":[{"@type":"ReadAction","target":["https:\/\/www.p31noticias.com.br\/?p=46405"]}]},{"@type":"ImageObject","inLanguage":"pt-BR","@id":"https:\/\/www.p31noticias.com.br\/?p=46405#primaryimage","url":"https:\/\/www.p31noticias.com.br\/wp-content\/uploads\/2024\/04\/senado-1-150x150-uCm6tZ-zJhmNQ.jpeg","contentUrl":"https:\/\/www.p31noticias.com.br\/wp-content\/uploads\/2024\/04\/senado-1-150x150-uCm6tZ-zJhmNQ.jpeg","width":150,"height":150},{"@type":"BreadcrumbList","@id":"https:\/\/www.p31noticias.com.br\/?p=46405#breadcrumb","itemListElement":[{"@type":"ListItem","position":1,"name":"In\u00edcio","item":"https:\/\/www.p31noticias.com.br\/"},{"@type":"ListItem","position":2,"name":"Entidades representantes dos setores Musical, Audiovisual, Editorial, Jornal\u00edstico e de Dramaturgia apresentam carta ao Senado Federal em defesa dos direitos dos criadores, artistas e produtores, frente ao avan\u00e7o da Intelig\u00eancia Artificial (IA) Generativa"}]},{"@type":"WebSite","@id":"https:\/\/www.p31noticias.com.br\/#website","url":"https:\/\/www.p31noticias.com.br\/","name":"P31","description":"NOT\u00cdCIAS","potentialAction":[{"@type":"SearchAction","target":{"@type":"EntryPoint","urlTemplate":"https:\/\/www.p31noticias.com.br\/?s={search_term_string}"},"query-input":{"@type":"PropertyValueSpecification","valueRequired":true,"valueName":"search_term_string"}}],"inLanguage":"pt-BR"}]}},"amp_enabled":true,"_links":{"self":[{"href":"https:\/\/www.p31noticias.com.br\/index.php?rest_route=\/wp\/v2\/posts\/46405","targetHints":{"allow":["GET"]}}],"collection":[{"href":"https:\/\/www.p31noticias.com.br\/index.php?rest_route=\/wp\/v2\/posts"}],"about":[{"href":"https:\/\/www.p31noticias.com.br\/index.php?rest_route=\/wp\/v2\/types\/post"}],"replies":[{"embeddable":true,"href":"https:\/\/www.p31noticias.com.br\/index.php?rest_route=%2Fwp%2Fv2%2Fcomments&post=46405"}],"version-history":[{"count":0,"href":"https:\/\/www.p31noticias.com.br\/index.php?rest_route=\/wp\/v2\/posts\/46405\/revisions"}],"wp:featuredmedia":[{"embeddable":true,"href":"https:\/\/www.p31noticias.com.br\/index.php?rest_route=\/wp\/v2\/media\/46406"}],"wp:attachment":[{"href":"https:\/\/www.p31noticias.com.br\/index.php?rest_route=%2Fwp%2Fv2%2Fmedia&parent=46405"}],"wp:term":[{"taxonomy":"category","embeddable":true,"href":"https:\/\/www.p31noticias.com.br\/index.php?rest_route=%2Fwp%2Fv2%2Fcategories&post=46405"},{"taxonomy":"post_tag","embeddable":true,"href":"https:\/\/www.p31noticias.com.br\/index.php?rest_route=%2Fwp%2Fv2%2Ftags&post=46405"}],"curies":[{"name":"wp","href":"https:\/\/api.w.org\/{rel}","templated":true}]}}