{"id":46393,"date":"2024-04-08T13:30:54","date_gmt":"2024-04-08T16:30:54","guid":{"rendered":"https:\/\/p31noticias.com.br\/df-condutor-que-atropelou-6-tinha-cnh-suspensa-e-passagem-por-trafico\/"},"modified":"2024-04-08T13:30:54","modified_gmt":"2024-04-08T16:30:54","slug":"df-condutor-que-atropelou-6-tinha-cnh-suspensa-e-passagem-por-trafico","status":"publish","type":"post","link":"https:\/\/www.p31noticias.com.br\/?p=46393","title":{"rendered":"DF: condutor que atropelou 6 tinha CNH suspensa e passagem por tr\u00e1fico"},"content":{"rendered":"<p>Os seis trabalhadores atropelados por Allan das Chagas Ara\u00fajo (foto em destaque), 32 anos, na \u00faltima sexta-feira (5\/4), foram ouvidos pelo delegado-chefe da 3\u00aa Delegacia de Pol\u00edcia (Cruzeiro), Victor Dan, na manh\u00e3 desta segunda-feira (8\/4). A unidade policial assumiu as apura\u00e7\u00f5es do caso. A informa\u00e7\u00e3o inicial era de que cinco pessoas haviam sido atropeladas. No [\u2026]<\/p>\n<p>O post <a href=\"https:\/\/www.delioandrade.com.br\/df-condutor-que-atropelou-6-tinha-cnh-suspensa-e-passagem-por-trafico\/\">DF: condutor que atropelou 6 tinha CNH suspensa e passagem por tr\u00e1fico<\/a> apareceu primeiro em <a href=\"https:\/\/www.delioandrade.com.br\/\">Blog do D\u00c9LIO ANDRADE<\/a>.<\/p>\n","protected":false},"excerpt":{"rendered":"<p>Os seis trabalhadores atropelados por Allan das Chagas Ara\u00fajo (foto em destaque), 32 anos, na \u00faltima sexta-feira (5\/4), foram ouvidos pelo delegado-chefe da 3\u00aa Delegacia de Pol\u00edcia (Cruzeiro), Victor Dan, na manh\u00e3 desta segunda-feira (8\/4). A unidade policial assumiu as apura\u00e7\u00f5es do caso. A informa\u00e7\u00e3o inicial era de que cinco pessoas haviam sido atropeladas. No [&hellip;]<\/p>\n","protected":false},"author":0,"featured_media":46394,"comment_status":"open","ping_status":"open","sticky":false,"template":"","format":"standard","meta":{"footnotes":""},"categories":[21],"tags":[],"class_list":{"0":"post-46393","1":"post","2":"type-post","3":"status-publish","4":"format-standard","5":"has-post-thumbnail","7":"category-brasilia"},"yoast_head":"<!-- This site is optimized with the Yoast SEO Premium plugin v24.5 (Yoast SEO v27.5) - https:\/\/yoast.com\/product\/yoast-seo-premium-wordpress\/ -->\n<title>DF: condutor que atropelou 6 tinha CNH suspensa e passagem por tr\u00e1fico - P31<\/title>\n<meta name=\"robots\" content=\"index, follow, max-snippet:-1, max-image-preview:large, max-video-preview:-1\" \/>\n<link rel=\"canonical\" href=\"https:\/\/www.p31noticias.com.br\/?p=46393\" \/>\n<meta property=\"og:locale\" content=\"pt_BR\" \/>\n<meta property=\"og:type\" content=\"article\" \/>\n<meta property=\"og:title\" content=\"DF: condutor que atropelou 6 tinha CNH suspensa e passagem por tr\u00e1fico\" \/>\n<meta property=\"og:description\" content=\"Os seis trabalhadores atropelados por Allan das Chagas Ara\u00fajo (foto em destaque), 32 anos, na \u00faltima sexta-feira (5\/4), foram ouvidos pelo delegado-chefe da 3\u00aa Delegacia de Pol\u00edcia (Cruzeiro), Victor Dan, na manh\u00e3 desta segunda-feira (8\/4). A unidade policial assumiu as apura\u00e7\u00f5es do caso. A informa\u00e7\u00e3o inicial era de que cinco pessoas haviam sido atropeladas. No [&hellip;]\" \/>\n<meta property=\"og:url\" content=\"https:\/\/www.p31noticias.com.br\/?p=46393\" \/>\n<meta property=\"og:site_name\" content=\"P31\" \/>\n<meta property=\"article:published_time\" content=\"2024-04-08T16:30:54+00:00\" \/>\n<meta property=\"og:image\" content=\"https:\/\/www.p31noticias.com.br\/wp-content\/uploads\/2024\/04\/WhatsApp-Image-2024-04-08-at-12.11.29-1-1200x800-u7GrmP-150x150-DUntoG.jpeg\" \/>\n\t<meta property=\"og:image:width\" content=\"150\" \/>\n\t<meta property=\"og:image:height\" content=\"150\" \/>\n\t<meta property=\"og:image:type\" content=\"image\/jpeg\" \/>\n<meta name=\"twitter:card\" content=\"summary_large_image\" \/>\n<script type=\"application\/ld+json\" class=\"yoast-schema-graph\">{\"@context\":\"https:\\\/\\\/schema.org\",\"@graph\":[{\"@type\":\"Article\",\"@id\":\"https:\\\/\\\/www.p31noticias.com.br\\\/?p=46393#article\",\"isPartOf\":{\"@id\":\"https:\\\/\\\/www.p31noticias.com.br\\\/?p=46393\"},\"author\":{\"name\":\"\",\"@id\":\"\"},\"headline\":\"DF: condutor que atropelou 6 tinha CNH suspensa e passagem por tr\u00e1fico\",\"datePublished\":\"2024-04-08T16:30:54+00:00\",\"mainEntityOfPage\":{\"@id\":\"https:\\\/\\\/www.p31noticias.com.br\\\/?p=46393\"},\"wordCount\":89,\"commentCount\":0,\"image\":{\"@id\":\"https:\\\/\\\/www.p31noticias.com.br\\\/?p=46393#primaryimage\"},\"thumbnailUrl\":\"https:\\\/\\\/www.p31noticias.com.br\\\/wp-content\\\/uploads\\\/2024\\\/04\\\/WhatsApp-Image-2024-04-08-at-12.11.29-1-1200x800-u7GrmP-150x150-DUntoG.jpeg\",\"articleSection\":[\"Bras\u00edlia\"],\"inLanguage\":\"pt-BR\",\"potentialAction\":[{\"@type\":\"CommentAction\",\"name\":\"Comment\",\"target\":[\"https:\\\/\\\/www.p31noticias.com.br\\\/?p=46393#respond\"]}],\"copyrightYear\":\"2024\",\"copyrightHolder\":{\"@id\":\"https:\\\/\\\/www.p31noticias.com.br\\\/#organization\"}},{\"@type\":\"WebPage\",\"@id\":\"https:\\\/\\\/www.p31noticias.com.br\\\/?p=46393\",\"url\":\"https:\\\/\\\/www.p31noticias.com.br\\\/?p=46393\",\"name\":\"DF: condutor que atropelou 6 tinha CNH suspensa e passagem por tr\u00e1fico - P31\",\"isPartOf\":{\"@id\":\"https:\\\/\\\/www.p31noticias.com.br\\\/#website\"},\"primaryImageOfPage\":{\"@id\":\"https:\\\/\\\/www.p31noticias.com.br\\\/?p=46393#primaryimage\"},\"image\":{\"@id\":\"https:\\\/\\\/www.p31noticias.com.br\\\/?p=46393#primaryimage\"},\"thumbnailUrl\":\"https:\\\/\\\/www.p31noticias.com.br\\\/wp-content\\\/uploads\\\/2024\\\/04\\\/WhatsApp-Image-2024-04-08-at-12.11.29-1-1200x800-u7GrmP-150x150-DUntoG.jpeg\",\"datePublished\":\"2024-04-08T16:30:54+00:00\",\"author\":{\"@id\":\"\"},\"breadcrumb\":{\"@id\":\"https:\\\/\\\/www.p31noticias.com.br\\\/?p=46393#breadcrumb\"},\"inLanguage\":\"pt-BR\",\"potentialAction\":[{\"@type\":\"ReadAction\",\"target\":[\"https:\\\/\\\/www.p31noticias.com.br\\\/?p=46393\"]}]},{\"@type\":\"ImageObject\",\"inLanguage\":\"pt-BR\",\"@id\":\"https:\\\/\\\/www.p31noticias.com.br\\\/?p=46393#primaryimage\",\"url\":\"https:\\\/\\\/www.p31noticias.com.br\\\/wp-content\\\/uploads\\\/2024\\\/04\\\/WhatsApp-Image-2024-04-08-at-12.11.29-1-1200x800-u7GrmP-150x150-DUntoG.jpeg\",\"contentUrl\":\"https:\\\/\\\/www.p31noticias.com.br\\\/wp-content\\\/uploads\\\/2024\\\/04\\\/WhatsApp-Image-2024-04-08-at-12.11.29-1-1200x800-u7GrmP-150x150-DUntoG.jpeg\",\"width\":150,\"height\":150},{\"@type\":\"BreadcrumbList\",\"@id\":\"https:\\\/\\\/www.p31noticias.com.br\\\/?p=46393#breadcrumb\",\"itemListElement\":[{\"@type\":\"ListItem\",\"position\":1,\"name\":\"In\u00edcio\",\"item\":\"https:\\\/\\\/www.p31noticias.com.br\\\/\"},{\"@type\":\"ListItem\",\"position\":2,\"name\":\"DF: condutor que atropelou 6 tinha CNH suspensa e passagem por tr\u00e1fico\"}]},{\"@type\":\"WebSite\",\"@id\":\"https:\\\/\\\/www.p31noticias.com.br\\\/#website\",\"url\":\"https:\\\/\\\/www.p31noticias.com.br\\\/\",\"name\":\"P31\",\"description\":\"NOT\u00cdCIAS\",\"potentialAction\":[{\"@type\":\"SearchAction\",\"target\":{\"@type\":\"EntryPoint\",\"urlTemplate\":\"https:\\\/\\\/www.p31noticias.com.br\\\/?s={search_term_string}\"},\"query-input\":{\"@type\":\"PropertyValueSpecification\",\"valueRequired\":true,\"valueName\":\"search_term_string\"}}],\"inLanguage\":\"pt-BR\"}]}<\/script>\n<!-- \/ Yoast SEO Premium plugin. -->","yoast_head_json":{"title":"DF: condutor que atropelou 6 tinha CNH suspensa e passagem por tr\u00e1fico - P31","robots":{"index":"index","follow":"follow","max-snippet":"max-snippet:-1","max-image-preview":"max-image-preview:large","max-video-preview":"max-video-preview:-1"},"canonical":"https:\/\/www.p31noticias.com.br\/?p=46393","og_locale":"pt_BR","og_type":"article","og_title":"DF: condutor que atropelou 6 tinha CNH suspensa e passagem por tr\u00e1fico","og_description":"Os seis trabalhadores atropelados por Allan das Chagas Ara\u00fajo (foto em destaque), 32 anos, na \u00faltima sexta-feira (5\/4), foram ouvidos pelo delegado-chefe da 3\u00aa Delegacia de Pol\u00edcia (Cruzeiro), Victor Dan, na manh\u00e3 desta segunda-feira (8\/4). A unidade policial assumiu as apura\u00e7\u00f5es do caso. A informa\u00e7\u00e3o inicial era de que cinco pessoas haviam sido atropeladas. No [&hellip;]","og_url":"https:\/\/www.p31noticias.com.br\/?p=46393","og_site_name":"P31","article_published_time":"2024-04-08T16:30:54+00:00","og_image":[{"width":150,"height":150,"url":"https:\/\/www.p31noticias.com.br\/wp-content\/uploads\/2024\/04\/WhatsApp-Image-2024-04-08-at-12.11.29-1-1200x800-u7GrmP-150x150-DUntoG.jpeg","type":"image\/jpeg"}],"twitter_card":"summary_large_image","schema":{"@context":"https:\/\/schema.org","@graph":[{"@type":"Article","@id":"https:\/\/www.p31noticias.com.br\/?p=46393#article","isPartOf":{"@id":"https:\/\/www.p31noticias.com.br\/?p=46393"},"author":{"name":"","@id":""},"headline":"DF: condutor que atropelou 6 tinha CNH suspensa e passagem por tr\u00e1fico","datePublished":"2024-04-08T16:30:54+00:00","mainEntityOfPage":{"@id":"https:\/\/www.p31noticias.com.br\/?p=46393"},"wordCount":89,"commentCount":0,"image":{"@id":"https:\/\/www.p31noticias.com.br\/?p=46393#primaryimage"},"thumbnailUrl":"https:\/\/www.p31noticias.com.br\/wp-content\/uploads\/2024\/04\/WhatsApp-Image-2024-04-08-at-12.11.29-1-1200x800-u7GrmP-150x150-DUntoG.jpeg","articleSection":["Bras\u00edlia"],"inLanguage":"pt-BR","potentialAction":[{"@type":"CommentAction","name":"Comment","target":["https:\/\/www.p31noticias.com.br\/?p=46393#respond"]}],"copyrightYear":"2024","copyrightHolder":{"@id":"https:\/\/www.p31noticias.com.br\/#organization"}},{"@type":"WebPage","@id":"https:\/\/www.p31noticias.com.br\/?p=46393","url":"https:\/\/www.p31noticias.com.br\/?p=46393","name":"DF: condutor que atropelou 6 tinha CNH suspensa e passagem por tr\u00e1fico - P31","isPartOf":{"@id":"https:\/\/www.p31noticias.com.br\/#website"},"primaryImageOfPage":{"@id":"https:\/\/www.p31noticias.com.br\/?p=46393#primaryimage"},"image":{"@id":"https:\/\/www.p31noticias.com.br\/?p=46393#primaryimage"},"thumbnailUrl":"https:\/\/www.p31noticias.com.br\/wp-content\/uploads\/2024\/04\/WhatsApp-Image-2024-04-08-at-12.11.29-1-1200x800-u7GrmP-150x150-DUntoG.jpeg","datePublished":"2024-04-08T16:30:54+00:00","author":{"@id":""},"breadcrumb":{"@id":"https:\/\/www.p31noticias.com.br\/?p=46393#breadcrumb"},"inLanguage":"pt-BR","potentialAction":[{"@type":"ReadAction","target":["https:\/\/www.p31noticias.com.br\/?p=46393"]}]},{"@type":"ImageObject","inLanguage":"pt-BR","@id":"https:\/\/www.p31noticias.com.br\/?p=46393#primaryimage","url":"https:\/\/www.p31noticias.com.br\/wp-content\/uploads\/2024\/04\/WhatsApp-Image-2024-04-08-at-12.11.29-1-1200x800-u7GrmP-150x150-DUntoG.jpeg","contentUrl":"https:\/\/www.p31noticias.com.br\/wp-content\/uploads\/2024\/04\/WhatsApp-Image-2024-04-08-at-12.11.29-1-1200x800-u7GrmP-150x150-DUntoG.jpeg","width":150,"height":150},{"@type":"BreadcrumbList","@id":"https:\/\/www.p31noticias.com.br\/?p=46393#breadcrumb","itemListElement":[{"@type":"ListItem","position":1,"name":"In\u00edcio","item":"https:\/\/www.p31noticias.com.br\/"},{"@type":"ListItem","position":2,"name":"DF: condutor que atropelou 6 tinha CNH suspensa e passagem por tr\u00e1fico"}]},{"@type":"WebSite","@id":"https:\/\/www.p31noticias.com.br\/#website","url":"https:\/\/www.p31noticias.com.br\/","name":"P31","description":"NOT\u00cdCIAS","potentialAction":[{"@type":"SearchAction","target":{"@type":"EntryPoint","urlTemplate":"https:\/\/www.p31noticias.com.br\/?s={search_term_string}"},"query-input":{"@type":"PropertyValueSpecification","valueRequired":true,"valueName":"search_term_string"}}],"inLanguage":"pt-BR"}]}},"amp_enabled":true,"_links":{"self":[{"href":"https:\/\/www.p31noticias.com.br\/index.php?rest_route=\/wp\/v2\/posts\/46393","targetHints":{"allow":["GET"]}}],"collection":[{"href":"https:\/\/www.p31noticias.com.br\/index.php?rest_route=\/wp\/v2\/posts"}],"about":[{"href":"https:\/\/www.p31noticias.com.br\/index.php?rest_route=\/wp\/v2\/types\/post"}],"replies":[{"embeddable":true,"href":"https:\/\/www.p31noticias.com.br\/index.php?rest_route=%2Fwp%2Fv2%2Fcomments&post=46393"}],"version-history":[{"count":0,"href":"https:\/\/www.p31noticias.com.br\/index.php?rest_route=\/wp\/v2\/posts\/46393\/revisions"}],"wp:featuredmedia":[{"embeddable":true,"href":"https:\/\/www.p31noticias.com.br\/index.php?rest_route=\/wp\/v2\/media\/46394"}],"wp:attachment":[{"href":"https:\/\/www.p31noticias.com.br\/index.php?rest_route=%2Fwp%2Fv2%2Fmedia&parent=46393"}],"wp:term":[{"taxonomy":"category","embeddable":true,"href":"https:\/\/www.p31noticias.com.br\/index.php?rest_route=%2Fwp%2Fv2%2Fcategories&post=46393"},{"taxonomy":"post_tag","embeddable":true,"href":"https:\/\/www.p31noticias.com.br\/index.php?rest_route=%2Fwp%2Fv2%2Ftags&post=46393"}],"curies":[{"name":"wp","href":"https:\/\/api.w.org\/{rel}","templated":true}]}}