{"id":4627,"date":"2020-05-07T11:15:00","date_gmt":"2020-05-07T14:15:00","guid":{"rendered":"https:\/\/juniortakamoto.com.br\/?p=4627"},"modified":"2020-05-07T11:15:00","modified_gmt":"2020-05-07T14:15:00","slug":"o-que-estao-querendo-nos-esconder","status":"publish","type":"post","link":"https:\/\/www.p31noticias.com.br\/?p=4627","title":{"rendered":"O QUE EST\u00c3O QUERENDO NOS ESCONDER?"},"content":{"rendered":"<p>O que est\u00e3o querendo nos esconder? &#8220;A PF de Sergio Moro se preocupou mais com quem matou Marielle do que com quem tentou matar seu chefe supremo. Cobrei muito deles isso da\u00ed, n\u00e3o interferi&#8221; disse Bolsonaro.<\/p>\n<p>23\/04 &#8211; Moro sugeriu a Bolsonaro, um delegado ligado a Alexandre de Moraes (STF) para chefiar a PF, Bolsonaro rejeita.<\/p>\n<p>24\/04 &#8211; Moro pede demiss\u00e3o com show pirot\u00e9cnico para a imprensa.<\/p>\n<div class=\"text_exposed_show\">\n<p>27\/04 &#8211; Renova m\u00eddia exp\u00f5e a liga\u00e7\u00e3o entre Alexandre de Moraes e Moro.<\/p>\n<p>28\/04 &#8211; STF pro\u00edbe Ad\u00e9lio Bispo, o esfaqueador de Bolsonaro de dar entrevistas \u00e0 imprensa. Alexandre Ramagem \u00e9 nomeado Diretor da Pol\u00edcia Federal.<\/p>\n<p>29\/04 &#8211; Bolsonaro declara que a investiga\u00e7\u00e3o da faca ser\u00e1 reaberta. Alexandre de Moraes suspende a nomea\u00e7\u00e3o de Alexandre Ramagem.<\/p>\n<p>Essa hist\u00f3ria est\u00e1 muito estranha! Por que tanta movimenta\u00e7\u00e3o? Acho que tem muita gente grande com medo do resultado das investiga\u00e7\u00f5es! Lula e cia? QUEM MANDOU MATAR BOLSONARO? O QUE EST\u00c3O QUERENDO NOS ESCONDER?<\/p>\n<p>Aos leigos, esquerdistas e demais desinformados:<\/p>\n<p>1- O superintendente da PF do RJ est\u00e1 saindo sim da superintend\u00eancia da PF.<\/p>\n<p>2- Est\u00e1 assumindo a DIRETORIA EXECUTIVA da PF em Bras\u00edlia ou seja: est\u00e1 sendo promovido para O SEGUNDO CARGO MAIS IMPORTANTE NA HIERARQUIA DA CORPORA\u00c7\u00c3O.<\/p>\n<p>3- Nenhum filho ou familiar ou o pr\u00f3prio Jair Bolsonaro est\u00e3o sendo investigados pela PF do RJ.<br \/>\nA &#8211; Fl\u00e1vio n\u00e3o est\u00e1 sendo investigado pela PF.<br \/>\nB &#8211; Eduardo n\u00e3o est\u00e1 sendo investigado pela PF.<br \/>\nC &#8211; O MP do Rio est\u00e1 investigando Fl\u00e1vio na rachadinha (Justi\u00e7a ESTADUAL e N\u00c3O federal).<br \/>\nD &#8211; O STF est\u00e1 investigando Carlos.<br \/>\nE &#8211; PGR\/STF est\u00e3o investigando Bolsonaro pelas den\u00fancias de Moro, que no depoimento de 8h, n\u00e3o disse nada que incrimine ou desabone Bolsonaro.<\/p>\n<p>Ser cr\u00edtico \u00e9 bom, mas ser cr\u00edtico sem conhecimento s\u00f3 faz de ti massa de manobra ou idiota \u00fatil..<\/p>\n<\/div>\n","protected":false},"excerpt":{"rendered":"<p>O que est\u00e3o querendo nos esconder? &#8220;A PF de Sergio Moro se preocupou mais com quem matou Marielle do que com quem tentou matar seu chefe supremo. Cobrei muito deles isso da\u00ed, n\u00e3o interferi&#8221; disse Bolsonaro. 23\/04 &#8211; Moro sugeriu a Bolsonaro, um delegado ligado a Alexandre de Moraes (STF) para chefiar a PF, Bolsonaro [&hellip;]<\/p>\n","protected":false},"author":18,"featured_media":4628,"comment_status":"open","ping_status":"open","sticky":false,"template":"","format":"standard","meta":{"footnotes":""},"categories":[57],"tags":[133,564,565,532,566,567,69,535,238,71,135,356],"class_list":{"0":"post-4627","1":"post","2":"type-post","3":"status-publish","4":"format-standard","5":"has-post-thumbnail","7":"category-politica","8":"tag-alexandre-de-moraes","9":"tag-alexandre-ramagem","10":"tag-carlos-bolsonaro","11":"tag-eduardo-bolsonaro","12":"tag-flavio-bolsonaro","13":"tag-pf-do-rj","14":"tag-pgr","15":"tag-policia-federal","16":"tag-presidente-jair-bolsonaro","17":"tag-sergio-moro","18":"tag-stf","19":"tag-supremo-tribunal-federal"},"yoast_head":"<!-- This site is optimized with the Yoast SEO Premium plugin v24.5 (Yoast SEO v27.5) - https:\/\/yoast.com\/product\/yoast-seo-premium-wordpress\/ -->\n<title>O QUE EST\u00c3O QUERENDO NOS ESCONDER? - P31<\/title>\n<meta name=\"description\" content=\"O QUE EST\u00c3O QUERENDO NOS ESCONDER? &quot;A PF de Sergio Moro se preocupou mais com quem matou Marielle do que com quem tentou matar\" \/>\n<meta name=\"robots\" content=\"index, follow, max-snippet:-1, max-image-preview:large, max-video-preview:-1\" \/>\n<link rel=\"canonical\" href=\"https:\/\/www.p31noticias.com.br\/?p=4627\" \/>\n<meta property=\"og:locale\" content=\"pt_BR\" \/>\n<meta property=\"og:type\" content=\"article\" \/>\n<meta property=\"og:title\" content=\"O QUE EST\u00c3O QUERENDO NOS ESCONDER?\" \/>\n<meta property=\"og:description\" content=\"O QUE EST\u00c3O QUERENDO NOS ESCONDER? &quot;A PF de Sergio Moro se preocupou mais com quem matou Marielle do que com quem tentou matar\" \/>\n<meta property=\"og:url\" content=\"https:\/\/www.p31noticias.com.br\/?p=4627\" \/>\n<meta property=\"og:site_name\" content=\"P31\" \/>\n<meta property=\"article:published_time\" content=\"2020-05-07T14:15:00+00:00\" \/>\n<meta property=\"og:image\" content=\"https:\/\/www.p31noticias.com.br\/wp-content\/uploads\/2020\/05\/6aae186c18943f5b7e5a0437601d3773-gpMedium.jpg\" \/>\n\t<meta property=\"og:image:width\" content=\"660\" \/>\n\t<meta property=\"og:image:height\" content=\"440\" \/>\n\t<meta property=\"og:image:type\" content=\"image\/jpeg\" \/>\n<meta name=\"author\" content=\"Reda\u00e7\u00e3o JBN\" \/>\n<meta name=\"twitter:card\" content=\"summary_large_image\" \/>\n<meta name=\"twitter:label1\" content=\"Escrito por\" \/>\n\t<meta name=\"twitter:data1\" content=\"Reda\u00e7\u00e3o JBN\" \/>\n\t<meta name=\"twitter:label2\" content=\"Est. tempo de leitura\" \/>\n\t<meta name=\"twitter:data2\" content=\"2 minutos\" \/>\n<script type=\"application\/ld+json\" class=\"yoast-schema-graph\">{\"@context\":\"https:\\\/\\\/schema.org\",\"@graph\":[{\"@type\":\"Article\",\"@id\":\"https:\\\/\\\/www.p31noticias.com.br\\\/?p=4627#article\",\"isPartOf\":{\"@id\":\"https:\\\/\\\/www.p31noticias.com.br\\\/?p=4627\"},\"author\":{\"name\":\"Reda\u00e7\u00e3o JBN\",\"@id\":\"https:\\\/\\\/www.p31noticias.com.br\\\/#\\\/schema\\\/person\\\/77d6b186c710ac38937c6ec204fdd387\"},\"headline\":\"O QUE EST\u00c3O QUERENDO NOS ESCONDER?\",\"datePublished\":\"2020-05-07T14:15:00+00:00\",\"mainEntityOfPage\":{\"@id\":\"https:\\\/\\\/www.p31noticias.com.br\\\/?p=4627\"},\"wordCount\":334,\"commentCount\":0,\"image\":{\"@id\":\"https:\\\/\\\/www.p31noticias.com.br\\\/?p=4627#primaryimage\"},\"thumbnailUrl\":\"https:\\\/\\\/www.p31noticias.com.br\\\/wp-content\\\/uploads\\\/2020\\\/05\\\/6aae186c18943f5b7e5a0437601d3773-gpMedium.jpg\",\"keywords\":[\"Alexandre de Moraes\",\"Alexandre Ramagem\",\"carlos bolsonaro\",\"eduardo bolsonaro\",\"flavio bolsonaro\",\"PF do RJ\",\"PGR\",\"pol\u00edcia federal\",\"presidente Jair Bolsonaro\",\"sergio moro\",\"STF\",\"Supremo Tribunal Federal\"],\"articleSection\":[\"Pol\u00edtica\"],\"inLanguage\":\"pt-BR\",\"potentialAction\":[{\"@type\":\"CommentAction\",\"name\":\"Comment\",\"target\":[\"https:\\\/\\\/www.p31noticias.com.br\\\/?p=4627#respond\"]}],\"copyrightYear\":\"2020\",\"copyrightHolder\":{\"@id\":\"https:\\\/\\\/www.p31noticias.com.br\\\/#organization\"}},{\"@type\":\"WebPage\",\"@id\":\"https:\\\/\\\/www.p31noticias.com.br\\\/?p=4627\",\"url\":\"https:\\\/\\\/www.p31noticias.com.br\\\/?p=4627\",\"name\":\"O QUE EST\u00c3O QUERENDO NOS ESCONDER? - P31\",\"isPartOf\":{\"@id\":\"https:\\\/\\\/www.p31noticias.com.br\\\/#website\"},\"primaryImageOfPage\":{\"@id\":\"https:\\\/\\\/www.p31noticias.com.br\\\/?p=4627#primaryimage\"},\"image\":{\"@id\":\"https:\\\/\\\/www.p31noticias.com.br\\\/?p=4627#primaryimage\"},\"thumbnailUrl\":\"https:\\\/\\\/www.p31noticias.com.br\\\/wp-content\\\/uploads\\\/2020\\\/05\\\/6aae186c18943f5b7e5a0437601d3773-gpMedium.jpg\",\"datePublished\":\"2020-05-07T14:15:00+00:00\",\"author\":{\"@id\":\"https:\\\/\\\/www.p31noticias.com.br\\\/#\\\/schema\\\/person\\\/77d6b186c710ac38937c6ec204fdd387\"},\"description\":\"O QUE EST\u00c3O QUERENDO NOS ESCONDER? \\\"A PF de Sergio Moro se preocupou mais com quem matou Marielle do que com quem tentou matar\",\"breadcrumb\":{\"@id\":\"https:\\\/\\\/www.p31noticias.com.br\\\/?p=4627#breadcrumb\"},\"inLanguage\":\"pt-BR\",\"potentialAction\":[{\"@type\":\"ReadAction\",\"target\":[\"https:\\\/\\\/www.p31noticias.com.br\\\/?p=4627\"]}]},{\"@type\":\"ImageObject\",\"inLanguage\":\"pt-BR\",\"@id\":\"https:\\\/\\\/www.p31noticias.com.br\\\/?p=4627#primaryimage\",\"url\":\"https:\\\/\\\/www.p31noticias.com.br\\\/wp-content\\\/uploads\\\/2020\\\/05\\\/6aae186c18943f5b7e5a0437601d3773-gpMedium.jpg\",\"contentUrl\":\"https:\\\/\\\/www.p31noticias.com.br\\\/wp-content\\\/uploads\\\/2020\\\/05\\\/6aae186c18943f5b7e5a0437601d3773-gpMedium.jpg\",\"width\":660,\"height\":440,\"caption\":\"O QUE EST\u00c3O QUERENDO NOS ESCONDER?\"},{\"@type\":\"BreadcrumbList\",\"@id\":\"https:\\\/\\\/www.p31noticias.com.br\\\/?p=4627#breadcrumb\",\"itemListElement\":[{\"@type\":\"ListItem\",\"position\":1,\"name\":\"In\u00edcio\",\"item\":\"https:\\\/\\\/www.p31noticias.com.br\\\/\"},{\"@type\":\"ListItem\",\"position\":2,\"name\":\"O QUE EST\u00c3O QUERENDO NOS ESCONDER?\"}]},{\"@type\":\"WebSite\",\"@id\":\"https:\\\/\\\/www.p31noticias.com.br\\\/#website\",\"url\":\"https:\\\/\\\/www.p31noticias.com.br\\\/\",\"name\":\"P31\",\"description\":\"NOT\u00cdCIAS\",\"potentialAction\":[{\"@type\":\"SearchAction\",\"target\":{\"@type\":\"EntryPoint\",\"urlTemplate\":\"https:\\\/\\\/www.p31noticias.com.br\\\/?s={search_term_string}\"},\"query-input\":{\"@type\":\"PropertyValueSpecification\",\"valueRequired\":true,\"valueName\":\"search_term_string\"}}],\"inLanguage\":\"pt-BR\"},{\"@type\":\"Person\",\"@id\":\"https:\\\/\\\/www.p31noticias.com.br\\\/#\\\/schema\\\/person\\\/77d6b186c710ac38937c6ec204fdd387\",\"name\":\"Reda\u00e7\u00e3o JBN\",\"image\":{\"@type\":\"ImageObject\",\"inLanguage\":\"pt-BR\",\"@id\":\"https:\\\/\\\/secure.gravatar.com\\\/avatar\\\/10fcdb93211f98cce3d64c0795b0915a9a4a21dc0f279238995a3dbfafcad090?s=96&d=mm&r=g\",\"url\":\"https:\\\/\\\/secure.gravatar.com\\\/avatar\\\/10fcdb93211f98cce3d64c0795b0915a9a4a21dc0f279238995a3dbfafcad090?s=96&d=mm&r=g\",\"contentUrl\":\"https:\\\/\\\/secure.gravatar.com\\\/avatar\\\/10fcdb93211f98cce3d64c0795b0915a9a4a21dc0f279238995a3dbfafcad090?s=96&d=mm&r=g\",\"caption\":\"Reda\u00e7\u00e3o JBN\"},\"sameAs\":[\"https:\\\/\\\/p31noticias.com.br\"],\"url\":\"https:\\\/\\\/www.p31noticias.com.br\\\/?author=18\"}]}<\/script>\n<!-- \/ Yoast SEO Premium plugin. -->","yoast_head_json":{"title":"O QUE EST\u00c3O QUERENDO NOS ESCONDER? - P31","description":"O QUE EST\u00c3O QUERENDO NOS ESCONDER? \"A PF de Sergio Moro se preocupou mais com quem matou Marielle do que com quem tentou matar","robots":{"index":"index","follow":"follow","max-snippet":"max-snippet:-1","max-image-preview":"max-image-preview:large","max-video-preview":"max-video-preview:-1"},"canonical":"https:\/\/www.p31noticias.com.br\/?p=4627","og_locale":"pt_BR","og_type":"article","og_title":"O QUE EST\u00c3O QUERENDO NOS ESCONDER?","og_description":"O QUE EST\u00c3O QUERENDO NOS ESCONDER? \"A PF de Sergio Moro se preocupou mais com quem matou Marielle do que com quem tentou matar","og_url":"https:\/\/www.p31noticias.com.br\/?p=4627","og_site_name":"P31","article_published_time":"2020-05-07T14:15:00+00:00","og_image":[{"width":660,"height":440,"url":"https:\/\/www.p31noticias.com.br\/wp-content\/uploads\/2020\/05\/6aae186c18943f5b7e5a0437601d3773-gpMedium.jpg","type":"image\/jpeg"}],"author":"Reda\u00e7\u00e3o JBN","twitter_card":"summary_large_image","twitter_misc":{"Escrito por":"Reda\u00e7\u00e3o JBN","Est. tempo de leitura":"2 minutos"},"schema":{"@context":"https:\/\/schema.org","@graph":[{"@type":"Article","@id":"https:\/\/www.p31noticias.com.br\/?p=4627#article","isPartOf":{"@id":"https:\/\/www.p31noticias.com.br\/?p=4627"},"author":{"name":"Reda\u00e7\u00e3o JBN","@id":"https:\/\/www.p31noticias.com.br\/#\/schema\/person\/77d6b186c710ac38937c6ec204fdd387"},"headline":"O QUE EST\u00c3O QUERENDO NOS ESCONDER?","datePublished":"2020-05-07T14:15:00+00:00","mainEntityOfPage":{"@id":"https:\/\/www.p31noticias.com.br\/?p=4627"},"wordCount":334,"commentCount":0,"image":{"@id":"https:\/\/www.p31noticias.com.br\/?p=4627#primaryimage"},"thumbnailUrl":"https:\/\/www.p31noticias.com.br\/wp-content\/uploads\/2020\/05\/6aae186c18943f5b7e5a0437601d3773-gpMedium.jpg","keywords":["Alexandre de Moraes","Alexandre Ramagem","carlos bolsonaro","eduardo bolsonaro","flavio bolsonaro","PF do RJ","PGR","pol\u00edcia federal","presidente Jair Bolsonaro","sergio moro","STF","Supremo Tribunal Federal"],"articleSection":["Pol\u00edtica"],"inLanguage":"pt-BR","potentialAction":[{"@type":"CommentAction","name":"Comment","target":["https:\/\/www.p31noticias.com.br\/?p=4627#respond"]}],"copyrightYear":"2020","copyrightHolder":{"@id":"https:\/\/www.p31noticias.com.br\/#organization"}},{"@type":"WebPage","@id":"https:\/\/www.p31noticias.com.br\/?p=4627","url":"https:\/\/www.p31noticias.com.br\/?p=4627","name":"O QUE EST\u00c3O QUERENDO NOS ESCONDER? - P31","isPartOf":{"@id":"https:\/\/www.p31noticias.com.br\/#website"},"primaryImageOfPage":{"@id":"https:\/\/www.p31noticias.com.br\/?p=4627#primaryimage"},"image":{"@id":"https:\/\/www.p31noticias.com.br\/?p=4627#primaryimage"},"thumbnailUrl":"https:\/\/www.p31noticias.com.br\/wp-content\/uploads\/2020\/05\/6aae186c18943f5b7e5a0437601d3773-gpMedium.jpg","datePublished":"2020-05-07T14:15:00+00:00","author":{"@id":"https:\/\/www.p31noticias.com.br\/#\/schema\/person\/77d6b186c710ac38937c6ec204fdd387"},"description":"O QUE EST\u00c3O QUERENDO NOS ESCONDER? \"A PF de Sergio Moro se preocupou mais com quem matou Marielle do que com quem tentou matar","breadcrumb":{"@id":"https:\/\/www.p31noticias.com.br\/?p=4627#breadcrumb"},"inLanguage":"pt-BR","potentialAction":[{"@type":"ReadAction","target":["https:\/\/www.p31noticias.com.br\/?p=4627"]}]},{"@type":"ImageObject","inLanguage":"pt-BR","@id":"https:\/\/www.p31noticias.com.br\/?p=4627#primaryimage","url":"https:\/\/www.p31noticias.com.br\/wp-content\/uploads\/2020\/05\/6aae186c18943f5b7e5a0437601d3773-gpMedium.jpg","contentUrl":"https:\/\/www.p31noticias.com.br\/wp-content\/uploads\/2020\/05\/6aae186c18943f5b7e5a0437601d3773-gpMedium.jpg","width":660,"height":440,"caption":"O QUE EST\u00c3O QUERENDO NOS ESCONDER?"},{"@type":"BreadcrumbList","@id":"https:\/\/www.p31noticias.com.br\/?p=4627#breadcrumb","itemListElement":[{"@type":"ListItem","position":1,"name":"In\u00edcio","item":"https:\/\/www.p31noticias.com.br\/"},{"@type":"ListItem","position":2,"name":"O QUE EST\u00c3O QUERENDO NOS ESCONDER?"}]},{"@type":"WebSite","@id":"https:\/\/www.p31noticias.com.br\/#website","url":"https:\/\/www.p31noticias.com.br\/","name":"P31","description":"NOT\u00cdCIAS","potentialAction":[{"@type":"SearchAction","target":{"@type":"EntryPoint","urlTemplate":"https:\/\/www.p31noticias.com.br\/?s={search_term_string}"},"query-input":{"@type":"PropertyValueSpecification","valueRequired":true,"valueName":"search_term_string"}}],"inLanguage":"pt-BR"},{"@type":"Person","@id":"https:\/\/www.p31noticias.com.br\/#\/schema\/person\/77d6b186c710ac38937c6ec204fdd387","name":"Reda\u00e7\u00e3o JBN","image":{"@type":"ImageObject","inLanguage":"pt-BR","@id":"https:\/\/secure.gravatar.com\/avatar\/10fcdb93211f98cce3d64c0795b0915a9a4a21dc0f279238995a3dbfafcad090?s=96&d=mm&r=g","url":"https:\/\/secure.gravatar.com\/avatar\/10fcdb93211f98cce3d64c0795b0915a9a4a21dc0f279238995a3dbfafcad090?s=96&d=mm&r=g","contentUrl":"https:\/\/secure.gravatar.com\/avatar\/10fcdb93211f98cce3d64c0795b0915a9a4a21dc0f279238995a3dbfafcad090?s=96&d=mm&r=g","caption":"Reda\u00e7\u00e3o JBN"},"sameAs":["https:\/\/p31noticias.com.br"],"url":"https:\/\/www.p31noticias.com.br\/?author=18"}]}},"amp_enabled":true,"_links":{"self":[{"href":"https:\/\/www.p31noticias.com.br\/index.php?rest_route=\/wp\/v2\/posts\/4627","targetHints":{"allow":["GET"]}}],"collection":[{"href":"https:\/\/www.p31noticias.com.br\/index.php?rest_route=\/wp\/v2\/posts"}],"about":[{"href":"https:\/\/www.p31noticias.com.br\/index.php?rest_route=\/wp\/v2\/types\/post"}],"author":[{"embeddable":true,"href":"https:\/\/www.p31noticias.com.br\/index.php?rest_route=\/wp\/v2\/users\/18"}],"replies":[{"embeddable":true,"href":"https:\/\/www.p31noticias.com.br\/index.php?rest_route=%2Fwp%2Fv2%2Fcomments&post=4627"}],"version-history":[{"count":0,"href":"https:\/\/www.p31noticias.com.br\/index.php?rest_route=\/wp\/v2\/posts\/4627\/revisions"}],"wp:featuredmedia":[{"embeddable":true,"href":"https:\/\/www.p31noticias.com.br\/index.php?rest_route=\/wp\/v2\/media\/4628"}],"wp:attachment":[{"href":"https:\/\/www.p31noticias.com.br\/index.php?rest_route=%2Fwp%2Fv2%2Fmedia&parent=4627"}],"wp:term":[{"taxonomy":"category","embeddable":true,"href":"https:\/\/www.p31noticias.com.br\/index.php?rest_route=%2Fwp%2Fv2%2Fcategories&post=4627"},{"taxonomy":"post_tag","embeddable":true,"href":"https:\/\/www.p31noticias.com.br\/index.php?rest_route=%2Fwp%2Fv2%2Ftags&post=4627"}],"curies":[{"name":"wp","href":"https:\/\/api.w.org\/{rel}","templated":true}]}}