{"id":4613,"date":"2020-05-05T08:34:41","date_gmt":"2020-05-05T11:34:41","guid":{"rendered":"https:\/\/juniortakamoto.com.br\/?p=4613"},"modified":"2020-05-05T08:34:41","modified_gmt":"2020-05-05T11:34:41","slug":"joao-doria-xinga-os-bolsonaristas","status":"publish","type":"post","link":"https:\/\/www.p31noticias.com.br\/?p=4613","title":{"rendered":"Jo\u00e3o Doria xinga os bolsonaristas."},"content":{"rendered":"<p>Jo\u00e3o Doria xinga os bolsonaristas e todos os apoiadores do Bolsonaro, a quem chamou de <em>\u201cmilicianos ideol\u00f3gicos fantasiados de patriotas\u201d<\/em>.<\/p>\n<p>Doria j\u00e1 havia se manifestado pelo Twitter sobre os atos pr\u00f3-Bolsonaro que ocorreram neste fim de semana em todo o Brasil.<\/p>\n<p>\u201cMilicianos ideol\u00f3gicos agridem covardemente profissionais de sa\u00fade num dia. Agridem profissionais de imprensa no outro. S\u00e3o criminosos que atacam a democracia e ferem o Estado de Direito. A Justi\u00e7a precisa punir esses criminosos\u201d, escreveu no domingo (3) em sua rede social.<\/p>\n<p>\u201cVoc\u00eas n\u00e3o representam os patriotas do pa\u00eds e n\u00e3o representam o sentimento majorit\u00e1rio dos brasileiros\u201d, declarou o governador paulista.<\/p>\n<p>Jo\u00e3o Doria reiterou seus ataques aos apoiadores do presidente na segunda-feira (4) durante coletiva de imprensa para divulgar novos dados da pandemia do v\u00edrus chin\u00eas.<\/p>\n<p>Esse ditador paulista, chama brasileiros que apoiam Bolsonaro de &#8220;milicianos&#8221;.<\/p>\n<p>Lembrando, que o sujeito s\u00f3 foi eleito por conta dos bolsonaristas.<\/p>\n<p>O povo paulista n\u00e3o esquecer\u00e1 do que o projeto de ditador est\u00e1 fazendo.<\/p>\n<blockquote class=\"twitter-tweet\" data-width=\"550\" data-dnt=\"true\">\n<p lang=\"pt\" dir=\"ltr\">Milicianos ideol\u00f3gicos agridem covardemente profissionais de sa\u00fade num dia. Agridem profissionais de imprensa no outro. S\u00e3o criminosos que atacam a democracia e ferem o Estado de Direito. A Justi\u00e7a precisa punir esses criminosos. <a href=\"https:\/\/twitter.com\/hashtag\/DefendaaDemocracia?src=hash&amp;ref_src=twsrc%5Etfw\">#DefendaaDemocracia<\/a><\/p>\n<p>&mdash; Jo\u00e3o Doria (@jdoriajr) <a href=\"https:\/\/twitter.com\/jdoriajr\/status\/1257023854825934854?ref_src=twsrc%5Etfw\">May 3, 2020<\/a><\/p><\/blockquote>\n<p><script async src=\"https:\/\/platform.twitter.com\/widgets.js\" charset=\"utf-8\"><\/script><\/p>\n","protected":false},"excerpt":{"rendered":"<p>Jo\u00e3o Doria xinga os bolsonaristas e todos os apoiadores do Bolsonaro, a quem chamou de \u201cmilicianos ideol\u00f3gicos fantasiados de patriotas\u201d. Doria j\u00e1 havia se manifestado pelo Twitter sobre os atos pr\u00f3-Bolsonaro que ocorreram neste fim de semana em todo o Brasil. \u201cMilicianos ideol\u00f3gicos agridem covardemente profissionais de sa\u00fade num dia. Agridem profissionais de imprensa no [&hellip;]<\/p>\n","protected":false},"author":18,"featured_media":4615,"comment_status":"open","ping_status":"open","sticky":false,"template":"","format":"standard","meta":{"footnotes":""},"categories":[57],"tags":[536,92,496,553,554,555,298,556,557,558],"class_list":{"0":"post-4613","1":"post","2":"type-post","3":"status-publish","4":"format-standard","5":"has-post-thumbnail","7":"category-politica","8":"tag-bolsonaristas","9":"tag-bolsonaro","10":"tag-doria","11":"tag-doria-2022","12":"tag-folha-de-sao-paulo","13":"tag-governo-paulista","14":"tag-joao-doria","15":"tag-milicia","16":"tag-patriotas","17":"tag-sao-paulo"},"yoast_head":"<!-- This site is optimized with the Yoast SEO Premium plugin v24.5 (Yoast SEO v27.5) - https:\/\/yoast.com\/product\/yoast-seo-premium-wordpress\/ -->\n<title>Jo\u00e3o Doria xinga os bolsonaristas. - P31<\/title>\n<meta name=\"description\" content=\"Jo\u00e3o Doria xinga os bolsonaristas e todos os apoiadores do Bolsonaro, a quem chamou de \u201cmilicianos ideol\u00f3gicos fantasiados de patriotas\u201d.\u00a0\" \/>\n<meta name=\"robots\" content=\"index, follow, max-snippet:-1, max-image-preview:large, max-video-preview:-1\" \/>\n<link rel=\"canonical\" href=\"https:\/\/www.p31noticias.com.br\/?p=4613\" \/>\n<meta property=\"og:locale\" content=\"pt_BR\" \/>\n<meta property=\"og:type\" content=\"article\" \/>\n<meta property=\"og:title\" content=\"Jo\u00e3o Doria xinga os bolsonaristas.\" \/>\n<meta property=\"og:description\" content=\"Jo\u00e3o Doria xinga os bolsonaristas e todos os apoiadores do Bolsonaro, a quem chamou de \u201cmilicianos ideol\u00f3gicos fantasiados de patriotas\u201d.\u00a0\" \/>\n<meta property=\"og:url\" content=\"https:\/\/www.p31noticias.com.br\/?p=4613\" \/>\n<meta property=\"og:site_name\" content=\"P31\" \/>\n<meta property=\"article:published_time\" content=\"2020-05-05T11:34:41+00:00\" \/>\n<meta property=\"og:image\" content=\"https:\/\/www.p31noticias.com.br\/wp-content\/uploads\/2020\/05\/Jo\u00e3o-D\u00f3ria-gravata-amarela-GRANDE-1024x585-1.jpeg\" \/>\n\t<meta property=\"og:image:width\" content=\"1024\" \/>\n\t<meta property=\"og:image:height\" content=\"585\" \/>\n\t<meta property=\"og:image:type\" content=\"image\/jpeg\" \/>\n<meta name=\"author\" content=\"Reda\u00e7\u00e3o JBN\" \/>\n<meta name=\"twitter:card\" content=\"summary_large_image\" \/>\n<meta name=\"twitter:label1\" content=\"Escrito por\" \/>\n\t<meta name=\"twitter:data1\" content=\"Reda\u00e7\u00e3o JBN\" \/>\n\t<meta name=\"twitter:label2\" content=\"Est. tempo de leitura\" \/>\n\t<meta name=\"twitter:data2\" content=\"1 minuto\" \/>\n<script type=\"application\/ld+json\" class=\"yoast-schema-graph\">{\"@context\":\"https:\\\/\\\/schema.org\",\"@graph\":[{\"@type\":\"Article\",\"@id\":\"https:\\\/\\\/www.p31noticias.com.br\\\/?p=4613#article\",\"isPartOf\":{\"@id\":\"https:\\\/\\\/www.p31noticias.com.br\\\/?p=4613\"},\"author\":{\"name\":\"Reda\u00e7\u00e3o JBN\",\"@id\":\"https:\\\/\\\/www.p31noticias.com.br\\\/#\\\/schema\\\/person\\\/77d6b186c710ac38937c6ec204fdd387\"},\"headline\":\"Jo\u00e3o Doria xinga os bolsonaristas.\",\"datePublished\":\"2020-05-05T11:34:41+00:00\",\"mainEntityOfPage\":{\"@id\":\"https:\\\/\\\/www.p31noticias.com.br\\\/?p=4613\"},\"wordCount\":187,\"commentCount\":3,\"image\":{\"@id\":\"https:\\\/\\\/www.p31noticias.com.br\\\/?p=4613#primaryimage\"},\"thumbnailUrl\":\"https:\\\/\\\/www.p31noticias.com.br\\\/wp-content\\\/uploads\\\/2020\\\/05\\\/Jo\u00e3o-D\u00f3ria-gravata-amarela-GRANDE-1024x585-1.jpeg\",\"keywords\":[\"bolsonaristas\",\"bolsonaro\",\"Doria\",\"Doria 2022\",\"Folha de S\u00e3o Paulo\",\"governo paulista\",\"Jo\u00e3o Doria\",\"mil\u00edcia\",\"patriotas\",\"S\u00e3o Paulo\"],\"articleSection\":[\"Pol\u00edtica\"],\"inLanguage\":\"pt-BR\",\"potentialAction\":[{\"@type\":\"CommentAction\",\"name\":\"Comment\",\"target\":[\"https:\\\/\\\/www.p31noticias.com.br\\\/?p=4613#respond\"]}],\"copyrightYear\":\"2020\",\"copyrightHolder\":{\"@id\":\"https:\\\/\\\/www.p31noticias.com.br\\\/#organization\"}},{\"@type\":\"WebPage\",\"@id\":\"https:\\\/\\\/www.p31noticias.com.br\\\/?p=4613\",\"url\":\"https:\\\/\\\/www.p31noticias.com.br\\\/?p=4613\",\"name\":\"Jo\u00e3o Doria xinga os bolsonaristas. - P31\",\"isPartOf\":{\"@id\":\"https:\\\/\\\/www.p31noticias.com.br\\\/#website\"},\"primaryImageOfPage\":{\"@id\":\"https:\\\/\\\/www.p31noticias.com.br\\\/?p=4613#primaryimage\"},\"image\":{\"@id\":\"https:\\\/\\\/www.p31noticias.com.br\\\/?p=4613#primaryimage\"},\"thumbnailUrl\":\"https:\\\/\\\/www.p31noticias.com.br\\\/wp-content\\\/uploads\\\/2020\\\/05\\\/Jo\u00e3o-D\u00f3ria-gravata-amarela-GRANDE-1024x585-1.jpeg\",\"datePublished\":\"2020-05-05T11:34:41+00:00\",\"author\":{\"@id\":\"https:\\\/\\\/www.p31noticias.com.br\\\/#\\\/schema\\\/person\\\/77d6b186c710ac38937c6ec204fdd387\"},\"description\":\"Jo\u00e3o Doria xinga os bolsonaristas e todos os apoiadores do Bolsonaro, a quem chamou de \u201cmilicianos ideol\u00f3gicos fantasiados de patriotas\u201d.\u00a0\",\"breadcrumb\":{\"@id\":\"https:\\\/\\\/www.p31noticias.com.br\\\/?p=4613#breadcrumb\"},\"inLanguage\":\"pt-BR\",\"potentialAction\":[{\"@type\":\"ReadAction\",\"target\":[\"https:\\\/\\\/www.p31noticias.com.br\\\/?p=4613\"]}]},{\"@type\":\"ImageObject\",\"inLanguage\":\"pt-BR\",\"@id\":\"https:\\\/\\\/www.p31noticias.com.br\\\/?p=4613#primaryimage\",\"url\":\"https:\\\/\\\/www.p31noticias.com.br\\\/wp-content\\\/uploads\\\/2020\\\/05\\\/Jo\u00e3o-D\u00f3ria-gravata-amarela-GRANDE-1024x585-1.jpeg\",\"contentUrl\":\"https:\\\/\\\/www.p31noticias.com.br\\\/wp-content\\\/uploads\\\/2020\\\/05\\\/Jo\u00e3o-D\u00f3ria-gravata-amarela-GRANDE-1024x585-1.jpeg\",\"width\":1024,\"height\":585,\"caption\":\"Jo\u00e3o Doria\"},{\"@type\":\"BreadcrumbList\",\"@id\":\"https:\\\/\\\/www.p31noticias.com.br\\\/?p=4613#breadcrumb\",\"itemListElement\":[{\"@type\":\"ListItem\",\"position\":1,\"name\":\"In\u00edcio\",\"item\":\"https:\\\/\\\/www.p31noticias.com.br\\\/\"},{\"@type\":\"ListItem\",\"position\":2,\"name\":\"Jo\u00e3o Doria xinga os bolsonaristas.\"}]},{\"@type\":\"WebSite\",\"@id\":\"https:\\\/\\\/www.p31noticias.com.br\\\/#website\",\"url\":\"https:\\\/\\\/www.p31noticias.com.br\\\/\",\"name\":\"P31\",\"description\":\"NOT\u00cdCIAS\",\"potentialAction\":[{\"@type\":\"SearchAction\",\"target\":{\"@type\":\"EntryPoint\",\"urlTemplate\":\"https:\\\/\\\/www.p31noticias.com.br\\\/?s={search_term_string}\"},\"query-input\":{\"@type\":\"PropertyValueSpecification\",\"valueRequired\":true,\"valueName\":\"search_term_string\"}}],\"inLanguage\":\"pt-BR\"},{\"@type\":\"Person\",\"@id\":\"https:\\\/\\\/www.p31noticias.com.br\\\/#\\\/schema\\\/person\\\/77d6b186c710ac38937c6ec204fdd387\",\"name\":\"Reda\u00e7\u00e3o JBN\",\"image\":{\"@type\":\"ImageObject\",\"inLanguage\":\"pt-BR\",\"@id\":\"https:\\\/\\\/secure.gravatar.com\\\/avatar\\\/10fcdb93211f98cce3d64c0795b0915a9a4a21dc0f279238995a3dbfafcad090?s=96&d=mm&r=g\",\"url\":\"https:\\\/\\\/secure.gravatar.com\\\/avatar\\\/10fcdb93211f98cce3d64c0795b0915a9a4a21dc0f279238995a3dbfafcad090?s=96&d=mm&r=g\",\"contentUrl\":\"https:\\\/\\\/secure.gravatar.com\\\/avatar\\\/10fcdb93211f98cce3d64c0795b0915a9a4a21dc0f279238995a3dbfafcad090?s=96&d=mm&r=g\",\"caption\":\"Reda\u00e7\u00e3o JBN\"},\"sameAs\":[\"https:\\\/\\\/p31noticias.com.br\"],\"url\":\"https:\\\/\\\/www.p31noticias.com.br\\\/?author=18\"}]}<\/script>\n<!-- \/ Yoast SEO Premium plugin. -->","yoast_head_json":{"title":"Jo\u00e3o Doria xinga os bolsonaristas. - P31","description":"Jo\u00e3o Doria xinga os bolsonaristas e todos os apoiadores do Bolsonaro, a quem chamou de \u201cmilicianos ideol\u00f3gicos fantasiados de patriotas\u201d.\u00a0","robots":{"index":"index","follow":"follow","max-snippet":"max-snippet:-1","max-image-preview":"max-image-preview:large","max-video-preview":"max-video-preview:-1"},"canonical":"https:\/\/www.p31noticias.com.br\/?p=4613","og_locale":"pt_BR","og_type":"article","og_title":"Jo\u00e3o Doria xinga os bolsonaristas.","og_description":"Jo\u00e3o Doria xinga os bolsonaristas e todos os apoiadores do Bolsonaro, a quem chamou de \u201cmilicianos ideol\u00f3gicos fantasiados de patriotas\u201d.\u00a0","og_url":"https:\/\/www.p31noticias.com.br\/?p=4613","og_site_name":"P31","article_published_time":"2020-05-05T11:34:41+00:00","og_image":[{"width":1024,"height":585,"url":"https:\/\/www.p31noticias.com.br\/wp-content\/uploads\/2020\/05\/Jo\u00e3o-D\u00f3ria-gravata-amarela-GRANDE-1024x585-1.jpeg","type":"image\/jpeg"}],"author":"Reda\u00e7\u00e3o JBN","twitter_card":"summary_large_image","twitter_misc":{"Escrito por":"Reda\u00e7\u00e3o JBN","Est. tempo de leitura":"1 minuto"},"schema":{"@context":"https:\/\/schema.org","@graph":[{"@type":"Article","@id":"https:\/\/www.p31noticias.com.br\/?p=4613#article","isPartOf":{"@id":"https:\/\/www.p31noticias.com.br\/?p=4613"},"author":{"name":"Reda\u00e7\u00e3o JBN","@id":"https:\/\/www.p31noticias.com.br\/#\/schema\/person\/77d6b186c710ac38937c6ec204fdd387"},"headline":"Jo\u00e3o Doria xinga os bolsonaristas.","datePublished":"2020-05-05T11:34:41+00:00","mainEntityOfPage":{"@id":"https:\/\/www.p31noticias.com.br\/?p=4613"},"wordCount":187,"commentCount":3,"image":{"@id":"https:\/\/www.p31noticias.com.br\/?p=4613#primaryimage"},"thumbnailUrl":"https:\/\/www.p31noticias.com.br\/wp-content\/uploads\/2020\/05\/Jo\u00e3o-D\u00f3ria-gravata-amarela-GRANDE-1024x585-1.jpeg","keywords":["bolsonaristas","bolsonaro","Doria","Doria 2022","Folha de S\u00e3o Paulo","governo paulista","Jo\u00e3o Doria","mil\u00edcia","patriotas","S\u00e3o Paulo"],"articleSection":["Pol\u00edtica"],"inLanguage":"pt-BR","potentialAction":[{"@type":"CommentAction","name":"Comment","target":["https:\/\/www.p31noticias.com.br\/?p=4613#respond"]}],"copyrightYear":"2020","copyrightHolder":{"@id":"https:\/\/www.p31noticias.com.br\/#organization"}},{"@type":"WebPage","@id":"https:\/\/www.p31noticias.com.br\/?p=4613","url":"https:\/\/www.p31noticias.com.br\/?p=4613","name":"Jo\u00e3o Doria xinga os bolsonaristas. - P31","isPartOf":{"@id":"https:\/\/www.p31noticias.com.br\/#website"},"primaryImageOfPage":{"@id":"https:\/\/www.p31noticias.com.br\/?p=4613#primaryimage"},"image":{"@id":"https:\/\/www.p31noticias.com.br\/?p=4613#primaryimage"},"thumbnailUrl":"https:\/\/www.p31noticias.com.br\/wp-content\/uploads\/2020\/05\/Jo\u00e3o-D\u00f3ria-gravata-amarela-GRANDE-1024x585-1.jpeg","datePublished":"2020-05-05T11:34:41+00:00","author":{"@id":"https:\/\/www.p31noticias.com.br\/#\/schema\/person\/77d6b186c710ac38937c6ec204fdd387"},"description":"Jo\u00e3o Doria xinga os bolsonaristas e todos os apoiadores do Bolsonaro, a quem chamou de \u201cmilicianos ideol\u00f3gicos fantasiados de patriotas\u201d.\u00a0","breadcrumb":{"@id":"https:\/\/www.p31noticias.com.br\/?p=4613#breadcrumb"},"inLanguage":"pt-BR","potentialAction":[{"@type":"ReadAction","target":["https:\/\/www.p31noticias.com.br\/?p=4613"]}]},{"@type":"ImageObject","inLanguage":"pt-BR","@id":"https:\/\/www.p31noticias.com.br\/?p=4613#primaryimage","url":"https:\/\/www.p31noticias.com.br\/wp-content\/uploads\/2020\/05\/Jo\u00e3o-D\u00f3ria-gravata-amarela-GRANDE-1024x585-1.jpeg","contentUrl":"https:\/\/www.p31noticias.com.br\/wp-content\/uploads\/2020\/05\/Jo\u00e3o-D\u00f3ria-gravata-amarela-GRANDE-1024x585-1.jpeg","width":1024,"height":585,"caption":"Jo\u00e3o Doria"},{"@type":"BreadcrumbList","@id":"https:\/\/www.p31noticias.com.br\/?p=4613#breadcrumb","itemListElement":[{"@type":"ListItem","position":1,"name":"In\u00edcio","item":"https:\/\/www.p31noticias.com.br\/"},{"@type":"ListItem","position":2,"name":"Jo\u00e3o Doria xinga os bolsonaristas."}]},{"@type":"WebSite","@id":"https:\/\/www.p31noticias.com.br\/#website","url":"https:\/\/www.p31noticias.com.br\/","name":"P31","description":"NOT\u00cdCIAS","potentialAction":[{"@type":"SearchAction","target":{"@type":"EntryPoint","urlTemplate":"https:\/\/www.p31noticias.com.br\/?s={search_term_string}"},"query-input":{"@type":"PropertyValueSpecification","valueRequired":true,"valueName":"search_term_string"}}],"inLanguage":"pt-BR"},{"@type":"Person","@id":"https:\/\/www.p31noticias.com.br\/#\/schema\/person\/77d6b186c710ac38937c6ec204fdd387","name":"Reda\u00e7\u00e3o JBN","image":{"@type":"ImageObject","inLanguage":"pt-BR","@id":"https:\/\/secure.gravatar.com\/avatar\/10fcdb93211f98cce3d64c0795b0915a9a4a21dc0f279238995a3dbfafcad090?s=96&d=mm&r=g","url":"https:\/\/secure.gravatar.com\/avatar\/10fcdb93211f98cce3d64c0795b0915a9a4a21dc0f279238995a3dbfafcad090?s=96&d=mm&r=g","contentUrl":"https:\/\/secure.gravatar.com\/avatar\/10fcdb93211f98cce3d64c0795b0915a9a4a21dc0f279238995a3dbfafcad090?s=96&d=mm&r=g","caption":"Reda\u00e7\u00e3o JBN"},"sameAs":["https:\/\/p31noticias.com.br"],"url":"https:\/\/www.p31noticias.com.br\/?author=18"}]}},"amp_enabled":true,"_links":{"self":[{"href":"https:\/\/www.p31noticias.com.br\/index.php?rest_route=\/wp\/v2\/posts\/4613","targetHints":{"allow":["GET"]}}],"collection":[{"href":"https:\/\/www.p31noticias.com.br\/index.php?rest_route=\/wp\/v2\/posts"}],"about":[{"href":"https:\/\/www.p31noticias.com.br\/index.php?rest_route=\/wp\/v2\/types\/post"}],"author":[{"embeddable":true,"href":"https:\/\/www.p31noticias.com.br\/index.php?rest_route=\/wp\/v2\/users\/18"}],"replies":[{"embeddable":true,"href":"https:\/\/www.p31noticias.com.br\/index.php?rest_route=%2Fwp%2Fv2%2Fcomments&post=4613"}],"version-history":[{"count":0,"href":"https:\/\/www.p31noticias.com.br\/index.php?rest_route=\/wp\/v2\/posts\/4613\/revisions"}],"wp:featuredmedia":[{"embeddable":true,"href":"https:\/\/www.p31noticias.com.br\/index.php?rest_route=\/wp\/v2\/media\/4615"}],"wp:attachment":[{"href":"https:\/\/www.p31noticias.com.br\/index.php?rest_route=%2Fwp%2Fv2%2Fmedia&parent=4613"}],"wp:term":[{"taxonomy":"category","embeddable":true,"href":"https:\/\/www.p31noticias.com.br\/index.php?rest_route=%2Fwp%2Fv2%2Fcategories&post=4613"},{"taxonomy":"post_tag","embeddable":true,"href":"https:\/\/www.p31noticias.com.br\/index.php?rest_route=%2Fwp%2Fv2%2Ftags&post=4613"}],"curies":[{"name":"wp","href":"https:\/\/api.w.org\/{rel}","templated":true}]}}