{"id":45960,"date":"2024-04-03T10:15:41","date_gmt":"2024-04-03T13:15:41","guid":{"rendered":"https:\/\/p31noticias.com.br\/?p=45960"},"modified":"2024-04-03T10:15:41","modified_gmt":"2024-04-03T13:15:41","slug":"juscelino-filho-detalha-tv-do-futuro-e-avancos-em-inclusao-digital-no-bom-dia-ministro","status":"publish","type":"post","link":"https:\/\/www.p31noticias.com.br\/?p=45960","title":{"rendered":"Juscelino Filho detalha \u201cTV do futuro\u201d e avan\u00e7os em inclus\u00e3o digital no Bom Dia, Ministro"},"content":{"rendered":"<p style=\"text-align: justify;\"><em><strong>Titular da pasta das Comunica\u00e7\u00f5es \u00e9 o convidado do programa de entrevistas com radialistas de todo o pa\u00eds a partir das 8h desta quarta-feira, 3 de abril<\/strong><\/em><\/p>\n<p dir=\"ltr\" style=\"text-align: justify;\">O ministro das Comunica\u00e7\u00f5es, Juscelino Filho, \u00e9 o convidado do \u201cBom Dia, Ministro\u201d desta quarta-feira, 3 de abril. Em conversa com radialistas de todo o pa\u00eds, a partir das 8h, ele vai apresentar detalhes sobre a TV 3.0 \u2013 chamada de \u201cTV do futuro\u201d \u2013, tecnologia que promete experi\u00eancias imersivas para o telespectador com uma nova gera\u00e7\u00e3o de aparelhos que trazem mais qualidade de imagem e acesso facilitado \u00e0 conectividade.<\/p>\n<p dir=\"ltr\" style=\"text-align: justify;\">A transmiss\u00e3o do novo padr\u00e3o come\u00e7a no pr\u00f3ximo ano e \u00e9 uma promessa de revolu\u00e7\u00e3o no modo de se assistir televis\u00e3o no pa\u00eds \u2014 ao integrar totalmente o sinal aberto com a internet. Com a mudan\u00e7a, n\u00e3o haver\u00e1 mais canais, mas apenas aplicativos nos aparelhos. A migra\u00e7\u00e3o ser\u00e1 gradativa, come\u00e7ando pelas grandes cidades. A navega\u00e7\u00e3o ser\u00e1 mais interativa e inovadora, pois passar\u00e1 a ser feita apenas por aplicativos, abandonando o atual sistema em que o telespectador precisa digitar o n\u00famero dos canais que deseja assistir.<\/p>\n<p dir=\"ltr\" style=\"text-align: justify;\">Isso permitir\u00e1 que os canais ofere\u00e7am, al\u00e9m do que j\u00e1 \u00e9 transmitido ao vivo por sinal aberto, conte\u00fados adicionais sob demanda, que podem ser uma s\u00e9rie, um jogo, um programa ou outras possibilidades. A qualidade da imagem ir\u00e1, no m\u00ednimo, quadruplicar. Com som imersivo, a tecnologia vai permitir que o telespectador tenha a sensa\u00e7\u00e3o de estar no ambiente que est\u00e1 sendo assistido.<\/p>\n<p dir=\"ltr\" style=\"text-align: justify;\"><strong>ESCOLAS CONECTADAS<\/strong>\u00a0\u2013 Juscelino Filho tamb\u00e9m vai comentar sobre a retomada do Escolas Conectadas, programa do Governo Federal para universalizar a conectividade, com internet de qualidade, para 138 mil escolas do ensino b\u00e1sico. O investimento conjunto dos minist\u00e9rios das Comunica\u00e7\u00f5es (Mcom) e da Educa\u00e7\u00e3o (MEC) \u00e9 de R$ 8,8 bilh\u00f5es, sendo R$ 6,5 bilh\u00f5es previstos do Novo PAC, com recursos das Comunica\u00e7\u00f5es; e R$ 2,3 bilh\u00f5es de repasses do MEC.<\/p>\n<p dir=\"ltr\" style=\"text-align: justify;\">A mais recente atualiza\u00e7\u00e3o com rela\u00e7\u00e3o ao programa \u00e9 a aprova\u00e7\u00e3o do Novo Gesac, do Mcom, como op\u00e7\u00e3o para levar internet por sat\u00e9lite para cerca de 20 mil escolas em locais remotos. S\u00e3o unidades de ensino em todas as regi\u00f5es do pa\u00eds que est\u00e3o a mais de 10 km de redes de fibra \u00f3tica, o que inviabiliza a conex\u00e3o por cabo.<\/p>\n<p dir=\"ltr\" style=\"text-align: justify;\"><strong>DOA\u00c7\u00d5ES<\/strong>\u00a0\u2013 Outro assunto abordado pelo ministro ser\u00e1 a retomada do Programa Computadores para Inclus\u00e3o, que concluiu 2023 com recorde de doa\u00e7\u00f5es de equipamentos e qualifica\u00e7\u00e3o de alunos. A iniciativa recebe computadores de \u00f3rg\u00e3os do Governo Federal que seriam descartados \u2013 por estarem quebrados ou antigos \u2013, faz o recondicionamento dessas m\u00e1quinas ao mesmo tempo em que oferece cursos gratuitos de capacita\u00e7\u00e3o na \u00e1rea e doa os equipamentos para os Pontos de Inclus\u00e3o Digital (PIDs) em todo o Brasil. Esse trabalho \u00e9 realizado nos 23 Centros de Recondicionamento de Computadores (CRCs) espalhados pelo pa\u00eds.<\/p>\n<p dir=\"ltr\" style=\"text-align: justify;\">Ao todo, 5.918 computadores foram doados e 12.812 estudantes foram capacitados pelos 19 CRCs no \u00faltimo ano, resultando na cria\u00e7\u00e3o de 378 PIDs distribu\u00eddos em 157 munic\u00edpios de todas as regi\u00f5es do pa\u00eds.<\/p>\n<p dir=\"ltr\" style=\"text-align: justify;\">A retomada do programa ampliou em 22,7% as doa\u00e7\u00f5es de equipamentos para inclus\u00e3o digital em 2023. Al\u00e9m disso, a previs\u00e3o \u00e9 que o projeto cres\u00e7a 450% neste ano, podendo chegar a 28,4 mil equipamentos doados at\u00e9 o final de 2024.<\/p>\n<p dir=\"ltr\" style=\"text-align: justify;\">O investimento do MCom no Programa Computadores para Inclus\u00e3o, no \u00faltimo ano, foi expressivo, totalizando R$ 4,95 milh\u00f5es com recursos pr\u00f3prios do minist\u00e9rio. Al\u00e9m disso, os CRCs participantes do programa receberam um montante de R$ 7,27 milh\u00f5es provenientes de emendas parlamentares.<\/p>\n<div style=\"text-align: justify;\" align=\"center\"><\/div>\n<p dir=\"ltr\" style=\"text-align: justify;\"><strong>AO VIVO<\/strong>\u00a0\u2014 O \u201cBom Dia, Ministro\u201d \u00e9 transmitido pela Empresa Brasil de Comunica\u00e7\u00e3o (EBC) ao vivo. Pode ser acompanhado pela TV (aberta ou via sat\u00e9lite) e pela internet, no YouTube, Facebook, TikTok e Instagram do CanalGov. Para as r\u00e1dios, o sinal de transmiss\u00e3o \u00e9 oferecido pela Rede Nacional de R\u00e1dio (RNR), pelo mesmo canal de \u201cA Voz do Brasil\u201d. O \u201cBom dia, Ministro\u201d \u00e9 uma produ\u00e7\u00e3o da Secretaria de Comunica\u00e7\u00e3o Social (Secom) da Presid\u00eancia, em parceria com a EBC.<\/p>\n<p dir=\"ltr\" style=\"text-align: justify;\">Secom Secretaria de Comunica\u00e7\u00e3o Social<\/p>\n<p dir=\"ltr\" style=\"text-align: justify;\">Presid\u00eancia da Rep\u00fablica<\/p>\n","protected":false},"excerpt":{"rendered":"<p>Titular da pasta das Comunica\u00e7\u00f5es \u00e9 o convidado do programa de entrevistas com radialistas de todo o pa\u00eds a partir das 8h desta quarta-feira, 3 de abril O ministro das Comunica\u00e7\u00f5es, Juscelino Filho, \u00e9 o convidado do \u201cBom Dia, Ministro\u201d desta quarta-feira, 3 de abril. Em conversa com radialistas de todo o pa\u00eds, a partir [&hellip;]<\/p>\n","protected":false},"author":2,"featured_media":45961,"comment_status":"open","ping_status":"open","sticky":false,"template":"","format":"standard","meta":{"footnotes":""},"categories":[68,57],"tags":[],"class_list":{"0":"post-45960","1":"post","2":"type-post","3":"status-publish","4":"format-standard","5":"has-post-thumbnail","7":"category-brasil","8":"category-politica"},"yoast_head":"<!-- This site is optimized with the Yoast SEO Premium plugin v24.5 (Yoast SEO v27.5) - https:\/\/yoast.com\/product\/yoast-seo-premium-wordpress\/ -->\n<title>Juscelino Filho detalha \u201cTV do futuro\u201d e avan\u00e7os em inclus\u00e3o digital no Bom Dia, Ministro - P31<\/title>\n<meta name=\"robots\" content=\"index, follow, max-snippet:-1, max-image-preview:large, max-video-preview:-1\" \/>\n<link rel=\"canonical\" href=\"https:\/\/www.p31noticias.com.br\/?p=45960\" \/>\n<meta property=\"og:locale\" content=\"pt_BR\" \/>\n<meta property=\"og:type\" content=\"article\" \/>\n<meta property=\"og:title\" content=\"Juscelino Filho detalha \u201cTV do futuro\u201d e avan\u00e7os em inclus\u00e3o digital no Bom Dia, Ministro\" \/>\n<meta property=\"og:description\" content=\"Titular da pasta das Comunica\u00e7\u00f5es \u00e9 o convidado do programa de entrevistas com radialistas de todo o pa\u00eds a partir das 8h desta quarta-feira, 3 de abril O ministro das Comunica\u00e7\u00f5es, Juscelino Filho, \u00e9 o convidado do \u201cBom Dia, Ministro\u201d desta quarta-feira, 3 de abril. Em conversa com radialistas de todo o pa\u00eds, a partir [&hellip;]\" \/>\n<meta property=\"og:url\" content=\"https:\/\/www.p31noticias.com.br\/?p=45960\" \/>\n<meta property=\"og:site_name\" content=\"P31\" \/>\n<meta property=\"article:published_time\" content=\"2024-04-03T13:15:41+00:00\" \/>\n<meta property=\"og:image\" content=\"https:\/\/www.p31noticias.com.br\/wp-content\/uploads\/2024\/04\/unnamed-10efwef.jpg\" \/>\n\t<meta property=\"og:image:width\" content=\"1137\" \/>\n\t<meta property=\"og:image:height\" content=\"753\" \/>\n\t<meta property=\"og:image:type\" content=\"image\/jpeg\" \/>\n<meta name=\"author\" content=\"Gon\u00e7alves Junior\" \/>\n<meta name=\"twitter:card\" content=\"summary_large_image\" \/>\n<meta name=\"twitter:label1\" content=\"Escrito por\" \/>\n\t<meta name=\"twitter:data1\" content=\"Gon\u00e7alves Junior\" \/>\n\t<meta name=\"twitter:label2\" content=\"Est. tempo de leitura\" \/>\n\t<meta name=\"twitter:data2\" content=\"4 minutos\" \/>\n<script type=\"application\/ld+json\" class=\"yoast-schema-graph\">{\"@context\":\"https:\\\/\\\/schema.org\",\"@graph\":[{\"@type\":\"Article\",\"@id\":\"https:\\\/\\\/www.p31noticias.com.br\\\/?p=45960#article\",\"isPartOf\":{\"@id\":\"https:\\\/\\\/www.p31noticias.com.br\\\/?p=45960\"},\"author\":{\"name\":\"Gon\u00e7alves Junior\",\"@id\":\"https:\\\/\\\/www.p31noticias.com.br\\\/#\\\/schema\\\/person\\\/95f2ece30e3b4132065b915150cd0f94\"},\"headline\":\"Juscelino Filho detalha \u201cTV do futuro\u201d e avan\u00e7os em inclus\u00e3o digital no Bom Dia, Ministro\",\"datePublished\":\"2024-04-03T13:15:41+00:00\",\"mainEntityOfPage\":{\"@id\":\"https:\\\/\\\/www.p31noticias.com.br\\\/?p=45960\"},\"wordCount\":725,\"commentCount\":0,\"image\":{\"@id\":\"https:\\\/\\\/www.p31noticias.com.br\\\/?p=45960#primaryimage\"},\"thumbnailUrl\":\"https:\\\/\\\/www.p31noticias.com.br\\\/wp-content\\\/uploads\\\/2024\\\/04\\\/unnamed-10efwef.jpg\",\"articleSection\":[\"Brasil\",\"Pol\u00edtica\"],\"inLanguage\":\"pt-BR\",\"potentialAction\":[{\"@type\":\"CommentAction\",\"name\":\"Comment\",\"target\":[\"https:\\\/\\\/www.p31noticias.com.br\\\/?p=45960#respond\"]}],\"copyrightYear\":\"2024\",\"copyrightHolder\":{\"@id\":\"https:\\\/\\\/www.p31noticias.com.br\\\/#organization\"}},{\"@type\":\"WebPage\",\"@id\":\"https:\\\/\\\/www.p31noticias.com.br\\\/?p=45960\",\"url\":\"https:\\\/\\\/www.p31noticias.com.br\\\/?p=45960\",\"name\":\"Juscelino Filho detalha \u201cTV do futuro\u201d e avan\u00e7os em inclus\u00e3o digital no Bom Dia, Ministro - P31\",\"isPartOf\":{\"@id\":\"https:\\\/\\\/www.p31noticias.com.br\\\/#website\"},\"primaryImageOfPage\":{\"@id\":\"https:\\\/\\\/www.p31noticias.com.br\\\/?p=45960#primaryimage\"},\"image\":{\"@id\":\"https:\\\/\\\/www.p31noticias.com.br\\\/?p=45960#primaryimage\"},\"thumbnailUrl\":\"https:\\\/\\\/www.p31noticias.com.br\\\/wp-content\\\/uploads\\\/2024\\\/04\\\/unnamed-10efwef.jpg\",\"datePublished\":\"2024-04-03T13:15:41+00:00\",\"author\":{\"@id\":\"https:\\\/\\\/www.p31noticias.com.br\\\/#\\\/schema\\\/person\\\/95f2ece30e3b4132065b915150cd0f94\"},\"breadcrumb\":{\"@id\":\"https:\\\/\\\/www.p31noticias.com.br\\\/?p=45960#breadcrumb\"},\"inLanguage\":\"pt-BR\",\"potentialAction\":[{\"@type\":\"ReadAction\",\"target\":[\"https:\\\/\\\/www.p31noticias.com.br\\\/?p=45960\"]}]},{\"@type\":\"ImageObject\",\"inLanguage\":\"pt-BR\",\"@id\":\"https:\\\/\\\/www.p31noticias.com.br\\\/?p=45960#primaryimage\",\"url\":\"https:\\\/\\\/www.p31noticias.com.br\\\/wp-content\\\/uploads\\\/2024\\\/04\\\/unnamed-10efwef.jpg\",\"contentUrl\":\"https:\\\/\\\/www.p31noticias.com.br\\\/wp-content\\\/uploads\\\/2024\\\/04\\\/unnamed-10efwef.jpg\",\"width\":1137,\"height\":753},{\"@type\":\"BreadcrumbList\",\"@id\":\"https:\\\/\\\/www.p31noticias.com.br\\\/?p=45960#breadcrumb\",\"itemListElement\":[{\"@type\":\"ListItem\",\"position\":1,\"name\":\"In\u00edcio\",\"item\":\"https:\\\/\\\/www.p31noticias.com.br\\\/\"},{\"@type\":\"ListItem\",\"position\":2,\"name\":\"Juscelino Filho detalha \u201cTV do futuro\u201d e avan\u00e7os em inclus\u00e3o digital no Bom Dia, Ministro\"}]},{\"@type\":\"WebSite\",\"@id\":\"https:\\\/\\\/www.p31noticias.com.br\\\/#website\",\"url\":\"https:\\\/\\\/www.p31noticias.com.br\\\/\",\"name\":\"P31\",\"description\":\"NOT\u00cdCIAS\",\"potentialAction\":[{\"@type\":\"SearchAction\",\"target\":{\"@type\":\"EntryPoint\",\"urlTemplate\":\"https:\\\/\\\/www.p31noticias.com.br\\\/?s={search_term_string}\"},\"query-input\":{\"@type\":\"PropertyValueSpecification\",\"valueRequired\":true,\"valueName\":\"search_term_string\"}}],\"inLanguage\":\"pt-BR\"},{\"@type\":\"Person\",\"@id\":\"https:\\\/\\\/www.p31noticias.com.br\\\/#\\\/schema\\\/person\\\/95f2ece30e3b4132065b915150cd0f94\",\"name\":\"Gon\u00e7alves Junior\",\"image\":{\"@type\":\"ImageObject\",\"inLanguage\":\"pt-BR\",\"@id\":\"https:\\\/\\\/secure.gravatar.com\\\/avatar\\\/6711f350116a89762687a48d66f723c799e5438a5b7578508d4294cd7a5d0800?s=96&d=mm&r=g\",\"url\":\"https:\\\/\\\/secure.gravatar.com\\\/avatar\\\/6711f350116a89762687a48d66f723c799e5438a5b7578508d4294cd7a5d0800?s=96&d=mm&r=g\",\"contentUrl\":\"https:\\\/\\\/secure.gravatar.com\\\/avatar\\\/6711f350116a89762687a48d66f723c799e5438a5b7578508d4294cd7a5d0800?s=96&d=mm&r=g\",\"caption\":\"Gon\u00e7alves Junior\"},\"url\":\"https:\\\/\\\/www.p31noticias.com.br\\\/?author=2\"}]}<\/script>\n<!-- \/ Yoast SEO Premium plugin. -->","yoast_head_json":{"title":"Juscelino Filho detalha \u201cTV do futuro\u201d e avan\u00e7os em inclus\u00e3o digital no Bom Dia, Ministro - P31","robots":{"index":"index","follow":"follow","max-snippet":"max-snippet:-1","max-image-preview":"max-image-preview:large","max-video-preview":"max-video-preview:-1"},"canonical":"https:\/\/www.p31noticias.com.br\/?p=45960","og_locale":"pt_BR","og_type":"article","og_title":"Juscelino Filho detalha \u201cTV do futuro\u201d e avan\u00e7os em inclus\u00e3o digital no Bom Dia, Ministro","og_description":"Titular da pasta das Comunica\u00e7\u00f5es \u00e9 o convidado do programa de entrevistas com radialistas de todo o pa\u00eds a partir das 8h desta quarta-feira, 3 de abril O ministro das Comunica\u00e7\u00f5es, Juscelino Filho, \u00e9 o convidado do \u201cBom Dia, Ministro\u201d desta quarta-feira, 3 de abril. Em conversa com radialistas de todo o pa\u00eds, a partir [&hellip;]","og_url":"https:\/\/www.p31noticias.com.br\/?p=45960","og_site_name":"P31","article_published_time":"2024-04-03T13:15:41+00:00","og_image":[{"width":1137,"height":753,"url":"https:\/\/www.p31noticias.com.br\/wp-content\/uploads\/2024\/04\/unnamed-10efwef.jpg","type":"image\/jpeg"}],"author":"Gon\u00e7alves Junior","twitter_card":"summary_large_image","twitter_misc":{"Escrito por":"Gon\u00e7alves Junior","Est. tempo de leitura":"4 minutos"},"schema":{"@context":"https:\/\/schema.org","@graph":[{"@type":"Article","@id":"https:\/\/www.p31noticias.com.br\/?p=45960#article","isPartOf":{"@id":"https:\/\/www.p31noticias.com.br\/?p=45960"},"author":{"name":"Gon\u00e7alves Junior","@id":"https:\/\/www.p31noticias.com.br\/#\/schema\/person\/95f2ece30e3b4132065b915150cd0f94"},"headline":"Juscelino Filho detalha \u201cTV do futuro\u201d e avan\u00e7os em inclus\u00e3o digital no Bom Dia, Ministro","datePublished":"2024-04-03T13:15:41+00:00","mainEntityOfPage":{"@id":"https:\/\/www.p31noticias.com.br\/?p=45960"},"wordCount":725,"commentCount":0,"image":{"@id":"https:\/\/www.p31noticias.com.br\/?p=45960#primaryimage"},"thumbnailUrl":"https:\/\/www.p31noticias.com.br\/wp-content\/uploads\/2024\/04\/unnamed-10efwef.jpg","articleSection":["Brasil","Pol\u00edtica"],"inLanguage":"pt-BR","potentialAction":[{"@type":"CommentAction","name":"Comment","target":["https:\/\/www.p31noticias.com.br\/?p=45960#respond"]}],"copyrightYear":"2024","copyrightHolder":{"@id":"https:\/\/www.p31noticias.com.br\/#organization"}},{"@type":"WebPage","@id":"https:\/\/www.p31noticias.com.br\/?p=45960","url":"https:\/\/www.p31noticias.com.br\/?p=45960","name":"Juscelino Filho detalha \u201cTV do futuro\u201d e avan\u00e7os em inclus\u00e3o digital no Bom Dia, Ministro - P31","isPartOf":{"@id":"https:\/\/www.p31noticias.com.br\/#website"},"primaryImageOfPage":{"@id":"https:\/\/www.p31noticias.com.br\/?p=45960#primaryimage"},"image":{"@id":"https:\/\/www.p31noticias.com.br\/?p=45960#primaryimage"},"thumbnailUrl":"https:\/\/www.p31noticias.com.br\/wp-content\/uploads\/2024\/04\/unnamed-10efwef.jpg","datePublished":"2024-04-03T13:15:41+00:00","author":{"@id":"https:\/\/www.p31noticias.com.br\/#\/schema\/person\/95f2ece30e3b4132065b915150cd0f94"},"breadcrumb":{"@id":"https:\/\/www.p31noticias.com.br\/?p=45960#breadcrumb"},"inLanguage":"pt-BR","potentialAction":[{"@type":"ReadAction","target":["https:\/\/www.p31noticias.com.br\/?p=45960"]}]},{"@type":"ImageObject","inLanguage":"pt-BR","@id":"https:\/\/www.p31noticias.com.br\/?p=45960#primaryimage","url":"https:\/\/www.p31noticias.com.br\/wp-content\/uploads\/2024\/04\/unnamed-10efwef.jpg","contentUrl":"https:\/\/www.p31noticias.com.br\/wp-content\/uploads\/2024\/04\/unnamed-10efwef.jpg","width":1137,"height":753},{"@type":"BreadcrumbList","@id":"https:\/\/www.p31noticias.com.br\/?p=45960#breadcrumb","itemListElement":[{"@type":"ListItem","position":1,"name":"In\u00edcio","item":"https:\/\/www.p31noticias.com.br\/"},{"@type":"ListItem","position":2,"name":"Juscelino Filho detalha \u201cTV do futuro\u201d e avan\u00e7os em inclus\u00e3o digital no Bom Dia, Ministro"}]},{"@type":"WebSite","@id":"https:\/\/www.p31noticias.com.br\/#website","url":"https:\/\/www.p31noticias.com.br\/","name":"P31","description":"NOT\u00cdCIAS","potentialAction":[{"@type":"SearchAction","target":{"@type":"EntryPoint","urlTemplate":"https:\/\/www.p31noticias.com.br\/?s={search_term_string}"},"query-input":{"@type":"PropertyValueSpecification","valueRequired":true,"valueName":"search_term_string"}}],"inLanguage":"pt-BR"},{"@type":"Person","@id":"https:\/\/www.p31noticias.com.br\/#\/schema\/person\/95f2ece30e3b4132065b915150cd0f94","name":"Gon\u00e7alves Junior","image":{"@type":"ImageObject","inLanguage":"pt-BR","@id":"https:\/\/secure.gravatar.com\/avatar\/6711f350116a89762687a48d66f723c799e5438a5b7578508d4294cd7a5d0800?s=96&d=mm&r=g","url":"https:\/\/secure.gravatar.com\/avatar\/6711f350116a89762687a48d66f723c799e5438a5b7578508d4294cd7a5d0800?s=96&d=mm&r=g","contentUrl":"https:\/\/secure.gravatar.com\/avatar\/6711f350116a89762687a48d66f723c799e5438a5b7578508d4294cd7a5d0800?s=96&d=mm&r=g","caption":"Gon\u00e7alves Junior"},"url":"https:\/\/www.p31noticias.com.br\/?author=2"}]}},"amp_enabled":true,"_links":{"self":[{"href":"https:\/\/www.p31noticias.com.br\/index.php?rest_route=\/wp\/v2\/posts\/45960","targetHints":{"allow":["GET"]}}],"collection":[{"href":"https:\/\/www.p31noticias.com.br\/index.php?rest_route=\/wp\/v2\/posts"}],"about":[{"href":"https:\/\/www.p31noticias.com.br\/index.php?rest_route=\/wp\/v2\/types\/post"}],"author":[{"embeddable":true,"href":"https:\/\/www.p31noticias.com.br\/index.php?rest_route=\/wp\/v2\/users\/2"}],"replies":[{"embeddable":true,"href":"https:\/\/www.p31noticias.com.br\/index.php?rest_route=%2Fwp%2Fv2%2Fcomments&post=45960"}],"version-history":[{"count":1,"href":"https:\/\/www.p31noticias.com.br\/index.php?rest_route=\/wp\/v2\/posts\/45960\/revisions"}],"predecessor-version":[{"id":45962,"href":"https:\/\/www.p31noticias.com.br\/index.php?rest_route=\/wp\/v2\/posts\/45960\/revisions\/45962"}],"wp:featuredmedia":[{"embeddable":true,"href":"https:\/\/www.p31noticias.com.br\/index.php?rest_route=\/wp\/v2\/media\/45961"}],"wp:attachment":[{"href":"https:\/\/www.p31noticias.com.br\/index.php?rest_route=%2Fwp%2Fv2%2Fmedia&parent=45960"}],"wp:term":[{"taxonomy":"category","embeddable":true,"href":"https:\/\/www.p31noticias.com.br\/index.php?rest_route=%2Fwp%2Fv2%2Fcategories&post=45960"},{"taxonomy":"post_tag","embeddable":true,"href":"https:\/\/www.p31noticias.com.br\/index.php?rest_route=%2Fwp%2Fv2%2Ftags&post=45960"}],"curies":[{"name":"wp","href":"https:\/\/api.w.org\/{rel}","templated":true}]}}