{"id":4587,"date":"2020-04-28T09:25:16","date_gmt":"2020-04-28T12:25:16","guid":{"rendered":"https:\/\/juniortakamoto.com.br\/?p=4587"},"modified":"2020-04-28T09:25:16","modified_gmt":"2020-04-28T12:25:16","slug":"a-facada-de-jean-wyllys","status":"publish","type":"post","link":"https:\/\/www.p31noticias.com.br\/?p=4587","title":{"rendered":"A facada de Jean Wyllys"},"content":{"rendered":"<p>JEAN WYLLYS E AD\u00c9LIO BISPO TEM LIGA\u00c7\u00c3O SEGUNDO REVELA TESTEMUNHA. Jean Wyllys seria o mandante da tentativa de assassinato do Presidente Jair Bolsonaro?<\/p>\n<p>Ontem pela manh\u00e3, em depoimento \u00e0 Pol\u00edcia Federal, Luciano de S\u00e1, conhecido como mergulhador, contou que Ad\u00e9lio mantinha contado com o ex-deputado federal Jean Wyllys.<\/p>\n<p>Mergulhador e Ad\u00e9lio se conheceram em 2017 durante uma manifesta\u00e7\u00e3o da paralisa\u00e7\u00e3o dos caminhoneiros. Na \u00e9poca Ad\u00e9lio confirmou para Luciano (Mergulhador) que j\u00e1 tinha ido ao gabinete do deputado do PSOL e que poderia lev\u00e1-lo l\u00e1.<\/p>\n<p>A informa\u00e7\u00e3o mostra ind\u00edcios do esquema que tentou matar o ent\u00e3o candidato Jair Bolsonaro. A PF confirmou que o Ad\u00e9lio esteve por algumas vezes na C\u00e2mara dos deputados, conforme prova de registro de entradas e sa\u00eddas.<\/p>\n<p>O depoimento do Mergulhador pode colocar Jean Wyllys como mandante do crime que tentou tirar a vida do presidente.<\/p>\n<p>Luciano de S\u00e1, o mergulhador pode ser a \u00faltima testemunha viva (que se pode provar por meio de fotos) que esteve com Ad\u00e9lio Bispo, j\u00e1 que algumas pessoas que poderiam ser testemunhas no caso acabaram morrendo de forma misteriosa.<\/p>\n<p>O deputado Eduardo Bolsonaro usou as redes sociais para comentar uma poss\u00edvel liga\u00e7\u00e3o entre a Ad\u00e9lio Bispo e o ex-deputado do PSOL, Jean Wyllys. Em uma publica\u00e7\u00e3o, ele exp\u00f4s a trajet\u00f3ria do homem que deu uma facada em Jair Bolsonaro.<\/p>\n<p>\u2013 2007 Ad\u00e9lio se filia ao PSOL; 6\/8\/13 Ad\u00e9lio entrou na C\u00e2mara (n\u00e3o se divulgou para o gabinete de qual deputado foi); 6\/9\/18 facada; 24\/1\/19 ap\u00f3s reeleito, Jean Wyllys se muda para Europa e abandona o mandato; 27\/4\/20 conhecido de Ad\u00e9lio diz a PF que ele mantinha contato com Jean Wyllys \u2013 escreveu o parlamentar.<\/p>\n<figure class=\"image-block\">\n<div class=\"\"><img decoding=\"async\" class=\"wp-image-508004 \" src=\"https:\/\/d13es1p1rl0iq1.cloudfront.net\/wp-content\/uploads\/2020\/04\/Screenshot-4-10.png\" sizes=\"(max-width: 604px) 100vw, 604px\" srcset=\"https:\/\/d13es1p1rl0iq1.cloudfront.net\/wp-content\/uploads\/2020\/04\/Screenshot-4-10.png 589w, https:\/\/d13es1p1rl0iq1.cloudfront.net\/wp-content\/uploads\/2020\/04\/Screenshot-4-10-300x226.png 300w, https:\/\/d13es1p1rl0iq1.cloudfront.net\/wp-content\/uploads\/2020\/04\/Screenshot-4-10-199x150.png 199w, https:\/\/d13es1p1rl0iq1.cloudfront.net\/wp-content\/uploads\/2020\/04\/Screenshot-4-10-250x188.png 250w, https:\/\/d13es1p1rl0iq1.cloudfront.net\/wp-content\/uploads\/2020\/04\/Screenshot-4-10-20x15.png 20w\" alt=\"\" \/><\/div><figcaption>Publica\u00e7\u00e3o do deputado\u00a0<span class=\"name\">Foto: Reprodu\u00e7\u00e3o<\/span><\/figcaption><\/figure>\n<p>Eduardo tamb\u00e9m citou informa\u00e7\u00f5es divulgadas pelo site Renews, sobre um depoimento de Luciano Carvalho de S\u00e1 \u00e0 Pol\u00edcia Federal, nesta segunda-feira. Conhecido como Mergulhador, Luciano defende que Ad\u00e9lio mantinha liga\u00e7\u00f5es com Jean.<\/p>\n<p>Luciano participou, no domingo (26), de uma live com o jornalista Oswaldo Eust\u00e1quio e disse que Ad\u00e9lio n\u00e3o \u00e9 \u201cmaluco\u201d, contrariando o inqu\u00e9rito da PF, que considerou Ad\u00e9lio como algu\u00e9m que sofre de problemas mentais.<\/p>\n<figure class=\"image-block\">\n<div class=\"\"><img loading=\"lazy\" decoding=\"async\" class=\"alignnone wp-image-508009\" src=\"https:\/\/d13es1p1rl0iq1.cloudfront.net\/wp-content\/uploads\/2020\/04\/Screenshot-6-9.png\" sizes=\"auto, (max-width: 601px) 100vw, 601px\" srcset=\"https:\/\/d13es1p1rl0iq1.cloudfront.net\/wp-content\/uploads\/2020\/04\/Screenshot-6-9.png 686w, https:\/\/d13es1p1rl0iq1.cloudfront.net\/wp-content\/uploads\/2020\/04\/Screenshot-6-9-300x162.png 300w, https:\/\/d13es1p1rl0iq1.cloudfront.net\/wp-content\/uploads\/2020\/04\/Screenshot-6-9-258x139.png 258w, https:\/\/d13es1p1rl0iq1.cloudfront.net\/wp-content\/uploads\/2020\/04\/Screenshot-6-9-260x139.png 260w, https:\/\/d13es1p1rl0iq1.cloudfront.net\/wp-content\/uploads\/2020\/04\/Screenshot-6-9-250x135.png 250w, https:\/\/d13es1p1rl0iq1.cloudfront.net\/wp-content\/uploads\/2020\/04\/Screenshot-6-9-27x15.png 27w\" alt=\"JEAN WYLLYS\" width=\"601\" height=\"324\" \/><\/div><figcaption>Ad\u00e9lio e Luciano se conheceram durante uma manifesta\u00e7\u00e3o em Florian\u00f3polis\u00a0<\/figcaption><\/figure>\n","protected":false},"excerpt":{"rendered":"<p>JEAN WYLLYS E AD\u00c9LIO BISPO TEM LIGA\u00c7\u00c3O SEGUNDO REVELA TESTEMUNHA. Jean Wyllys seria o mandante da tentativa de assassinato do Presidente Jair Bolsonaro? Ontem pela manh\u00e3, em depoimento \u00e0 Pol\u00edcia Federal, Luciano de S\u00e1, conhecido como mergulhador, contou que Ad\u00e9lio mantinha contado com o ex-deputado federal Jean Wyllys. Mergulhador e Ad\u00e9lio se conheceram em 2017 [&hellip;]<\/p>\n","protected":false},"author":18,"featured_media":4588,"comment_status":"open","ping_status":"open","sticky":false,"template":"","format":"standard","meta":{"footnotes":""},"categories":[57],"tags":[531,532,533,191,326,534,535,161],"class_list":{"0":"post-4587","1":"post","2":"type-post","3":"status-publish","4":"format-standard","5":"has-post-thumbnail","7":"category-politica","8":"tag-adelio-bispo","9":"tag-eduardo-bolsonaro","10":"tag-facada","11":"tag-jair-bolsonaro","12":"tag-jean-wyllys","13":"tag-luciano-de-sa","14":"tag-policia-federal","15":"tag-psol"},"yoast_head":"<!-- This site is optimized with the Yoast SEO Premium plugin v24.5 (Yoast SEO v27.5) - https:\/\/yoast.com\/product\/yoast-seo-premium-wordpress\/ -->\n<title>A facada de Jean Wyllys - P31<\/title>\n<meta name=\"description\" content=\"JEAN WYLLYS E AD\u00c9LIO BISPO TEM LIGA\u00c7\u00c3O SEGUNDO REVELA TESTEMUNHA. Jean Wyllys seria o mandante da tentativa de assassinato\" \/>\n<meta name=\"robots\" content=\"index, follow, max-snippet:-1, max-image-preview:large, max-video-preview:-1\" \/>\n<link rel=\"canonical\" href=\"https:\/\/www.p31noticias.com.br\/?p=4587\" \/>\n<meta property=\"og:locale\" content=\"pt_BR\" \/>\n<meta property=\"og:type\" content=\"article\" \/>\n<meta property=\"og:title\" content=\"A facada de Jean Wyllys\" \/>\n<meta property=\"og:description\" content=\"JEAN WYLLYS E AD\u00c9LIO BISPO TEM LIGA\u00c7\u00c3O SEGUNDO REVELA TESTEMUNHA. Jean Wyllys seria o mandante da tentativa de assassinato\" \/>\n<meta property=\"og:url\" content=\"https:\/\/www.p31noticias.com.br\/?p=4587\" \/>\n<meta property=\"og:site_name\" content=\"P31\" \/>\n<meta property=\"article:published_time\" content=\"2020-04-28T12:25:16+00:00\" \/>\n<meta property=\"og:image\" content=\"https:\/\/www.p31noticias.com.br\/wp-content\/uploads\/2020\/04\/Jean-Wyllys.jpg\" \/>\n\t<meta property=\"og:image:width\" content=\"600\" \/>\n\t<meta property=\"og:image:height\" content=\"300\" \/>\n\t<meta property=\"og:image:type\" content=\"image\/jpeg\" \/>\n<meta name=\"author\" content=\"Reda\u00e7\u00e3o JBN\" \/>\n<meta name=\"twitter:card\" content=\"summary_large_image\" \/>\n<meta name=\"twitter:label1\" content=\"Escrito por\" \/>\n\t<meta name=\"twitter:data1\" content=\"Reda\u00e7\u00e3o JBN\" \/>\n\t<meta name=\"twitter:label2\" content=\"Est. tempo de leitura\" \/>\n\t<meta name=\"twitter:data2\" content=\"2 minutos\" \/>\n<script type=\"application\/ld+json\" class=\"yoast-schema-graph\">{\"@context\":\"https:\\\/\\\/schema.org\",\"@graph\":[{\"@type\":\"Article\",\"@id\":\"https:\\\/\\\/www.p31noticias.com.br\\\/?p=4587#article\",\"isPartOf\":{\"@id\":\"https:\\\/\\\/www.p31noticias.com.br\\\/?p=4587\"},\"author\":{\"name\":\"Reda\u00e7\u00e3o JBN\",\"@id\":\"https:\\\/\\\/www.p31noticias.com.br\\\/#\\\/schema\\\/person\\\/77d6b186c710ac38937c6ec204fdd387\"},\"headline\":\"A facada de Jean Wyllys\",\"datePublished\":\"2020-04-28T12:25:16+00:00\",\"mainEntityOfPage\":{\"@id\":\"https:\\\/\\\/www.p31noticias.com.br\\\/?p=4587\"},\"wordCount\":392,\"commentCount\":1,\"image\":{\"@id\":\"https:\\\/\\\/www.p31noticias.com.br\\\/?p=4587#primaryimage\"},\"thumbnailUrl\":\"https:\\\/\\\/www.p31noticias.com.br\\\/wp-content\\\/uploads\\\/2020\\\/04\\\/Jean-Wyllys.jpg\",\"keywords\":[\"adelio bispo\",\"eduardo bolsonaro\",\"facada\",\"Jair Bolsonaro\",\"Jean Wyllys\",\"Luciano de S\u00e1\",\"pol\u00edcia federal\",\"PSOL\"],\"articleSection\":[\"Pol\u00edtica\"],\"inLanguage\":\"pt-BR\",\"potentialAction\":[{\"@type\":\"CommentAction\",\"name\":\"Comment\",\"target\":[\"https:\\\/\\\/www.p31noticias.com.br\\\/?p=4587#respond\"]}],\"copyrightYear\":\"2020\",\"copyrightHolder\":{\"@id\":\"https:\\\/\\\/www.p31noticias.com.br\\\/#organization\"}},{\"@type\":\"WebPage\",\"@id\":\"https:\\\/\\\/www.p31noticias.com.br\\\/?p=4587\",\"url\":\"https:\\\/\\\/www.p31noticias.com.br\\\/?p=4587\",\"name\":\"A facada de Jean Wyllys - P31\",\"isPartOf\":{\"@id\":\"https:\\\/\\\/www.p31noticias.com.br\\\/#website\"},\"primaryImageOfPage\":{\"@id\":\"https:\\\/\\\/www.p31noticias.com.br\\\/?p=4587#primaryimage\"},\"image\":{\"@id\":\"https:\\\/\\\/www.p31noticias.com.br\\\/?p=4587#primaryimage\"},\"thumbnailUrl\":\"https:\\\/\\\/www.p31noticias.com.br\\\/wp-content\\\/uploads\\\/2020\\\/04\\\/Jean-Wyllys.jpg\",\"datePublished\":\"2020-04-28T12:25:16+00:00\",\"author\":{\"@id\":\"https:\\\/\\\/www.p31noticias.com.br\\\/#\\\/schema\\\/person\\\/77d6b186c710ac38937c6ec204fdd387\"},\"description\":\"JEAN WYLLYS E AD\u00c9LIO BISPO TEM LIGA\u00c7\u00c3O SEGUNDO REVELA TESTEMUNHA. Jean Wyllys seria o mandante da tentativa de assassinato\",\"breadcrumb\":{\"@id\":\"https:\\\/\\\/www.p31noticias.com.br\\\/?p=4587#breadcrumb\"},\"inLanguage\":\"pt-BR\",\"potentialAction\":[{\"@type\":\"ReadAction\",\"target\":[\"https:\\\/\\\/www.p31noticias.com.br\\\/?p=4587\"]}]},{\"@type\":\"ImageObject\",\"inLanguage\":\"pt-BR\",\"@id\":\"https:\\\/\\\/www.p31noticias.com.br\\\/?p=4587#primaryimage\",\"url\":\"https:\\\/\\\/www.p31noticias.com.br\\\/wp-content\\\/uploads\\\/2020\\\/04\\\/Jean-Wyllys.jpg\",\"contentUrl\":\"https:\\\/\\\/www.p31noticias.com.br\\\/wp-content\\\/uploads\\\/2020\\\/04\\\/Jean-Wyllys.jpg\",\"width\":600,\"height\":300,\"caption\":\"Jean Wyllys\"},{\"@type\":\"BreadcrumbList\",\"@id\":\"https:\\\/\\\/www.p31noticias.com.br\\\/?p=4587#breadcrumb\",\"itemListElement\":[{\"@type\":\"ListItem\",\"position\":1,\"name\":\"In\u00edcio\",\"item\":\"https:\\\/\\\/www.p31noticias.com.br\\\/\"},{\"@type\":\"ListItem\",\"position\":2,\"name\":\"A facada de Jean Wyllys\"}]},{\"@type\":\"WebSite\",\"@id\":\"https:\\\/\\\/www.p31noticias.com.br\\\/#website\",\"url\":\"https:\\\/\\\/www.p31noticias.com.br\\\/\",\"name\":\"P31\",\"description\":\"NOT\u00cdCIAS\",\"potentialAction\":[{\"@type\":\"SearchAction\",\"target\":{\"@type\":\"EntryPoint\",\"urlTemplate\":\"https:\\\/\\\/www.p31noticias.com.br\\\/?s={search_term_string}\"},\"query-input\":{\"@type\":\"PropertyValueSpecification\",\"valueRequired\":true,\"valueName\":\"search_term_string\"}}],\"inLanguage\":\"pt-BR\"},{\"@type\":\"Person\",\"@id\":\"https:\\\/\\\/www.p31noticias.com.br\\\/#\\\/schema\\\/person\\\/77d6b186c710ac38937c6ec204fdd387\",\"name\":\"Reda\u00e7\u00e3o JBN\",\"image\":{\"@type\":\"ImageObject\",\"inLanguage\":\"pt-BR\",\"@id\":\"https:\\\/\\\/secure.gravatar.com\\\/avatar\\\/10fcdb93211f98cce3d64c0795b0915a9a4a21dc0f279238995a3dbfafcad090?s=96&d=mm&r=g\",\"url\":\"https:\\\/\\\/secure.gravatar.com\\\/avatar\\\/10fcdb93211f98cce3d64c0795b0915a9a4a21dc0f279238995a3dbfafcad090?s=96&d=mm&r=g\",\"contentUrl\":\"https:\\\/\\\/secure.gravatar.com\\\/avatar\\\/10fcdb93211f98cce3d64c0795b0915a9a4a21dc0f279238995a3dbfafcad090?s=96&d=mm&r=g\",\"caption\":\"Reda\u00e7\u00e3o JBN\"},\"sameAs\":[\"https:\\\/\\\/p31noticias.com.br\"],\"url\":\"https:\\\/\\\/www.p31noticias.com.br\\\/?author=18\"}]}<\/script>\n<!-- \/ Yoast SEO Premium plugin. -->","yoast_head_json":{"title":"A facada de Jean Wyllys - P31","description":"JEAN WYLLYS E AD\u00c9LIO BISPO TEM LIGA\u00c7\u00c3O SEGUNDO REVELA TESTEMUNHA. Jean Wyllys seria o mandante da tentativa de assassinato","robots":{"index":"index","follow":"follow","max-snippet":"max-snippet:-1","max-image-preview":"max-image-preview:large","max-video-preview":"max-video-preview:-1"},"canonical":"https:\/\/www.p31noticias.com.br\/?p=4587","og_locale":"pt_BR","og_type":"article","og_title":"A facada de Jean Wyllys","og_description":"JEAN WYLLYS E AD\u00c9LIO BISPO TEM LIGA\u00c7\u00c3O SEGUNDO REVELA TESTEMUNHA. Jean Wyllys seria o mandante da tentativa de assassinato","og_url":"https:\/\/www.p31noticias.com.br\/?p=4587","og_site_name":"P31","article_published_time":"2020-04-28T12:25:16+00:00","og_image":[{"width":600,"height":300,"url":"https:\/\/www.p31noticias.com.br\/wp-content\/uploads\/2020\/04\/Jean-Wyllys.jpg","type":"image\/jpeg"}],"author":"Reda\u00e7\u00e3o JBN","twitter_card":"summary_large_image","twitter_misc":{"Escrito por":"Reda\u00e7\u00e3o JBN","Est. tempo de leitura":"2 minutos"},"schema":{"@context":"https:\/\/schema.org","@graph":[{"@type":"Article","@id":"https:\/\/www.p31noticias.com.br\/?p=4587#article","isPartOf":{"@id":"https:\/\/www.p31noticias.com.br\/?p=4587"},"author":{"name":"Reda\u00e7\u00e3o JBN","@id":"https:\/\/www.p31noticias.com.br\/#\/schema\/person\/77d6b186c710ac38937c6ec204fdd387"},"headline":"A facada de Jean Wyllys","datePublished":"2020-04-28T12:25:16+00:00","mainEntityOfPage":{"@id":"https:\/\/www.p31noticias.com.br\/?p=4587"},"wordCount":392,"commentCount":1,"image":{"@id":"https:\/\/www.p31noticias.com.br\/?p=4587#primaryimage"},"thumbnailUrl":"https:\/\/www.p31noticias.com.br\/wp-content\/uploads\/2020\/04\/Jean-Wyllys.jpg","keywords":["adelio bispo","eduardo bolsonaro","facada","Jair Bolsonaro","Jean Wyllys","Luciano de S\u00e1","pol\u00edcia federal","PSOL"],"articleSection":["Pol\u00edtica"],"inLanguage":"pt-BR","potentialAction":[{"@type":"CommentAction","name":"Comment","target":["https:\/\/www.p31noticias.com.br\/?p=4587#respond"]}],"copyrightYear":"2020","copyrightHolder":{"@id":"https:\/\/www.p31noticias.com.br\/#organization"}},{"@type":"WebPage","@id":"https:\/\/www.p31noticias.com.br\/?p=4587","url":"https:\/\/www.p31noticias.com.br\/?p=4587","name":"A facada de Jean Wyllys - P31","isPartOf":{"@id":"https:\/\/www.p31noticias.com.br\/#website"},"primaryImageOfPage":{"@id":"https:\/\/www.p31noticias.com.br\/?p=4587#primaryimage"},"image":{"@id":"https:\/\/www.p31noticias.com.br\/?p=4587#primaryimage"},"thumbnailUrl":"https:\/\/www.p31noticias.com.br\/wp-content\/uploads\/2020\/04\/Jean-Wyllys.jpg","datePublished":"2020-04-28T12:25:16+00:00","author":{"@id":"https:\/\/www.p31noticias.com.br\/#\/schema\/person\/77d6b186c710ac38937c6ec204fdd387"},"description":"JEAN WYLLYS E AD\u00c9LIO BISPO TEM LIGA\u00c7\u00c3O SEGUNDO REVELA TESTEMUNHA. Jean Wyllys seria o mandante da tentativa de assassinato","breadcrumb":{"@id":"https:\/\/www.p31noticias.com.br\/?p=4587#breadcrumb"},"inLanguage":"pt-BR","potentialAction":[{"@type":"ReadAction","target":["https:\/\/www.p31noticias.com.br\/?p=4587"]}]},{"@type":"ImageObject","inLanguage":"pt-BR","@id":"https:\/\/www.p31noticias.com.br\/?p=4587#primaryimage","url":"https:\/\/www.p31noticias.com.br\/wp-content\/uploads\/2020\/04\/Jean-Wyllys.jpg","contentUrl":"https:\/\/www.p31noticias.com.br\/wp-content\/uploads\/2020\/04\/Jean-Wyllys.jpg","width":600,"height":300,"caption":"Jean Wyllys"},{"@type":"BreadcrumbList","@id":"https:\/\/www.p31noticias.com.br\/?p=4587#breadcrumb","itemListElement":[{"@type":"ListItem","position":1,"name":"In\u00edcio","item":"https:\/\/www.p31noticias.com.br\/"},{"@type":"ListItem","position":2,"name":"A facada de Jean Wyllys"}]},{"@type":"WebSite","@id":"https:\/\/www.p31noticias.com.br\/#website","url":"https:\/\/www.p31noticias.com.br\/","name":"P31","description":"NOT\u00cdCIAS","potentialAction":[{"@type":"SearchAction","target":{"@type":"EntryPoint","urlTemplate":"https:\/\/www.p31noticias.com.br\/?s={search_term_string}"},"query-input":{"@type":"PropertyValueSpecification","valueRequired":true,"valueName":"search_term_string"}}],"inLanguage":"pt-BR"},{"@type":"Person","@id":"https:\/\/www.p31noticias.com.br\/#\/schema\/person\/77d6b186c710ac38937c6ec204fdd387","name":"Reda\u00e7\u00e3o JBN","image":{"@type":"ImageObject","inLanguage":"pt-BR","@id":"https:\/\/secure.gravatar.com\/avatar\/10fcdb93211f98cce3d64c0795b0915a9a4a21dc0f279238995a3dbfafcad090?s=96&d=mm&r=g","url":"https:\/\/secure.gravatar.com\/avatar\/10fcdb93211f98cce3d64c0795b0915a9a4a21dc0f279238995a3dbfafcad090?s=96&d=mm&r=g","contentUrl":"https:\/\/secure.gravatar.com\/avatar\/10fcdb93211f98cce3d64c0795b0915a9a4a21dc0f279238995a3dbfafcad090?s=96&d=mm&r=g","caption":"Reda\u00e7\u00e3o JBN"},"sameAs":["https:\/\/p31noticias.com.br"],"url":"https:\/\/www.p31noticias.com.br\/?author=18"}]}},"amp_enabled":true,"_links":{"self":[{"href":"https:\/\/www.p31noticias.com.br\/index.php?rest_route=\/wp\/v2\/posts\/4587","targetHints":{"allow":["GET"]}}],"collection":[{"href":"https:\/\/www.p31noticias.com.br\/index.php?rest_route=\/wp\/v2\/posts"}],"about":[{"href":"https:\/\/www.p31noticias.com.br\/index.php?rest_route=\/wp\/v2\/types\/post"}],"author":[{"embeddable":true,"href":"https:\/\/www.p31noticias.com.br\/index.php?rest_route=\/wp\/v2\/users\/18"}],"replies":[{"embeddable":true,"href":"https:\/\/www.p31noticias.com.br\/index.php?rest_route=%2Fwp%2Fv2%2Fcomments&post=4587"}],"version-history":[{"count":0,"href":"https:\/\/www.p31noticias.com.br\/index.php?rest_route=\/wp\/v2\/posts\/4587\/revisions"}],"wp:featuredmedia":[{"embeddable":true,"href":"https:\/\/www.p31noticias.com.br\/index.php?rest_route=\/wp\/v2\/media\/4588"}],"wp:attachment":[{"href":"https:\/\/www.p31noticias.com.br\/index.php?rest_route=%2Fwp%2Fv2%2Fmedia&parent=4587"}],"wp:term":[{"taxonomy":"category","embeddable":true,"href":"https:\/\/www.p31noticias.com.br\/index.php?rest_route=%2Fwp%2Fv2%2Fcategories&post=4587"},{"taxonomy":"post_tag","embeddable":true,"href":"https:\/\/www.p31noticias.com.br\/index.php?rest_route=%2Fwp%2Fv2%2Ftags&post=4587"}],"curies":[{"name":"wp","href":"https:\/\/api.w.org\/{rel}","templated":true}]}}