{"id":4586,"date":"2020-04-29T16:15:55","date_gmt":"2020-04-29T19:15:55","guid":{"rendered":"https:\/\/juniortakamoto.com.br\/?p=4586"},"modified":"2020-04-29T16:15:55","modified_gmt":"2020-04-29T19:15:55","slug":"bandidos-sao-soltos-e-o-povo-preso","status":"publish","type":"post","link":"https:\/\/www.p31noticias.com.br\/?p=4586","title":{"rendered":"Bandidos s\u00e3o soltos e o povo \u00e9 preso nas ruas (v\u00eddeo)"},"content":{"rendered":"<p>30 mil bandidos foram soltos das penitenci\u00e1rias brasileiras beneficiados por decis\u00f5es judiciais que levam em conta a pandemia do novo coronav\u00edrus.<\/p>\n<p>Com respaldo no Conselho Nacional de Justi\u00e7a (CNJ), presidido pelo presidente do Supremo Tribunal Federal (STF), Dias Toffoli.<\/p>\n<figure id=\"attachment_4599\" aria-describedby=\"caption-attachment-4599\" style=\"width: 300px\" class=\"wp-caption alignnone\"><img loading=\"lazy\" decoding=\"async\" class=\"wp-image-4599 size-medium\" src=\"https:\/\/www.delioandrade.com.br\/wp-content\/uploads\/2020\/04\/Idoso-\u00e9-preso-ap\u00f3s-descumprir-decreto-de-fechamento-de-praia-e-desacatar-policiais-730x457-1-300x188.jpg\" alt=\"Bandidos \" width=\"300\" height=\"188\" srcset=\"https:\/\/www.p31noticias.com.br\/wp-content\/uploads\/2020\/04\/Idoso-\u00e9-preso-ap\u00f3s-descumprir-decreto-de-fechamento-de-praia-e-desacatar-policiais-730x457-1-300x188.jpg 300w, https:\/\/www.p31noticias.com.br\/wp-content\/uploads\/2020\/04\/Idoso-\u00e9-preso-ap\u00f3s-descumprir-decreto-de-fechamento-de-praia-e-desacatar-policiais-730x457-1-696x436.jpg 696w, https:\/\/www.p31noticias.com.br\/wp-content\/uploads\/2020\/04\/Idoso-\u00e9-preso-ap\u00f3s-descumprir-decreto-de-fechamento-de-praia-e-desacatar-policiais-730x457-1-671x420.jpg 671w, https:\/\/www.p31noticias.com.br\/wp-content\/uploads\/2020\/04\/Idoso-\u00e9-preso-ap\u00f3s-descumprir-decreto-de-fechamento-de-praia-e-desacatar-policiais-730x457-1.jpg 730w\" sizes=\"auto, (max-width: 300px) 100vw, 300px\" \/><figcaption id=\"caption-attachment-4599\" class=\"wp-caption-text\">Idoso \u00e9 preso na praia por furar a quarentena<\/figcaption><\/figure>\n<p>Por outro lado a popula\u00e7\u00e3o de bem se torna ref\u00e9m e alvo desses mesmos criminosos em liberdade.<\/p>\n<p>S\u00e3o muitos relatos de estupro, assalto e morte cometidos por esses bandidos libertos.<\/p>\n<p>Recentemente, o CNJ emitiu uma recomenda\u00e7\u00e3o com orienta\u00e7\u00f5es aos tribunais para resguardar a sa\u00fade da popula\u00e7\u00e3o dentro e fora das pris\u00f5es durante a pandemia.<\/p>\n<p>Eles almejam o controle do Estado, para em nome do Estado, corromper as leis<\/p>\n<p>Agora, pasmem com a invers\u00e3o de valores, as pol\u00edcias militares e os guardas civis em muitas cidades t\u00eam prendido pessoas de bem, que por ventura resolvem andar pela rua. O pretexto para tal viol\u00eancia \u00e9 a quarentena.<\/p>\n<p>&nbsp;<\/p>\n<div class=\"youtube-embed\" data-video_id=\"Vetixrih8AA\"><iframe loading=\"lazy\" title=\"O povo continua sofrendo, enquanto bandidos s\u00e3o soltos\" width=\"696\" height=\"392\" src=\"https:\/\/www.youtube.com\/embed\/Vetixrih8AA?feature=oembed&#038;enablejsapi=1\" frameborder=\"0\" allow=\"accelerometer; autoplay; encrypted-media; gyroscope; picture-in-picture\" allowfullscreen><\/iframe><\/div>\n","protected":false},"excerpt":{"rendered":"<p>30 mil bandidos foram soltos das penitenci\u00e1rias brasileiras beneficiados por decis\u00f5es judiciais que levam em conta a pandemia do novo coronav\u00edrus. Com respaldo no Conselho Nacional de Justi\u00e7a (CNJ), presidido pelo presidente do Supremo Tribunal Federal (STF), Dias Toffoli. Por outro lado a popula\u00e7\u00e3o de bem se torna ref\u00e9m e alvo desses mesmos criminosos em [&hellip;]<\/p>\n","protected":false},"author":18,"featured_media":4598,"comment_status":"open","ping_status":"open","sticky":false,"template":"","format":"video","meta":{"footnotes":""},"categories":[57],"tags":[524,429,430,525,526,527,528,529,437,135,530],"class_list":{"0":"post-4586","1":"post","2":"type-post","3":"status-publish","4":"format-video","5":"has-post-thumbnail","7":"category-politica","8":"tag-bandidos","9":"tag-coronavirus","10":"tag-covid-19","11":"tag-guarda-civil","12":"tag-papuda","13":"tag-penitenciaria","14":"tag-policia-militar","15":"tag-presos","16":"tag-quarentena","17":"tag-stf","18":"tag-toffoli","19":"post_format-post-format-video"},"yoast_head":"<!-- This site is optimized with the Yoast SEO Premium plugin v24.5 (Yoast SEO v27.5) - https:\/\/yoast.com\/product\/yoast-seo-premium-wordpress\/ -->\n<title>Bandidos s\u00e3o soltos e o povo \u00e9 preso nas ruas (v\u00eddeo) - P31<\/title>\n<meta name=\"description\" content=\"30 mil bandidos foram soltos das penitenci\u00e1rias brasileiras beneficiados por decis\u00f5es judiciais que levam em conta a pandemia do novo coronav\u00edrus.\" \/>\n<meta name=\"robots\" content=\"index, follow, max-snippet:-1, max-image-preview:large, max-video-preview:-1\" \/>\n<link rel=\"canonical\" href=\"https:\/\/www.p31noticias.com.br\/?p=4586\" \/>\n<meta property=\"og:locale\" content=\"pt_BR\" \/>\n<meta property=\"og:type\" content=\"article\" \/>\n<meta property=\"og:title\" content=\"Bandidos s\u00e3o soltos e o povo \u00e9 preso nas ruas (v\u00eddeo)\" \/>\n<meta property=\"og:description\" content=\"30 mil bandidos foram soltos das penitenci\u00e1rias brasileiras beneficiados por decis\u00f5es judiciais que levam em conta a pandemia do novo coronav\u00edrus.\" \/>\n<meta property=\"og:url\" content=\"https:\/\/www.p31noticias.com.br\/?p=4586\" \/>\n<meta property=\"og:site_name\" content=\"P31\" \/>\n<meta property=\"article:published_time\" content=\"2020-04-29T19:15:55+00:00\" \/>\n<meta property=\"og:image\" content=\"https:\/\/www.p31noticias.com.br\/wp-content\/uploads\/2020\/04\/BB12Cg2Q.jpg\" \/>\n\t<meta property=\"og:image:width\" content=\"624\" \/>\n\t<meta property=\"og:image:height\" content=\"350\" \/>\n\t<meta property=\"og:image:type\" content=\"image\/jpeg\" \/>\n<meta name=\"author\" content=\"Reda\u00e7\u00e3o JBN\" \/>\n<meta name=\"twitter:card\" content=\"summary_large_image\" \/>\n<meta name=\"twitter:label1\" content=\"Escrito por\" \/>\n\t<meta name=\"twitter:data1\" content=\"Reda\u00e7\u00e3o JBN\" \/>\n\t<meta name=\"twitter:label2\" content=\"Est. tempo de leitura\" \/>\n\t<meta name=\"twitter:data2\" content=\"1 minuto\" \/>\n<script type=\"application\/ld+json\" class=\"yoast-schema-graph\">{\"@context\":\"https:\\\/\\\/schema.org\",\"@graph\":[{\"@type\":\"Article\",\"@id\":\"https:\\\/\\\/www.p31noticias.com.br\\\/?p=4586#article\",\"isPartOf\":{\"@id\":\"https:\\\/\\\/www.p31noticias.com.br\\\/?p=4586\"},\"author\":{\"name\":\"Reda\u00e7\u00e3o JBN\",\"@id\":\"https:\\\/\\\/www.p31noticias.com.br\\\/#\\\/schema\\\/person\\\/77d6b186c710ac38937c6ec204fdd387\"},\"headline\":\"Bandidos s\u00e3o soltos e o povo \u00e9 preso nas ruas (v\u00eddeo)\",\"datePublished\":\"2020-04-29T19:15:55+00:00\",\"mainEntityOfPage\":{\"@id\":\"https:\\\/\\\/www.p31noticias.com.br\\\/?p=4586\"},\"wordCount\":201,\"commentCount\":0,\"image\":{\"@id\":\"https:\\\/\\\/www.p31noticias.com.br\\\/?p=4586#primaryimage\"},\"thumbnailUrl\":\"https:\\\/\\\/www.p31noticias.com.br\\\/wp-content\\\/uploads\\\/2020\\\/04\\\/BB12Cg2Q.jpg\",\"keywords\":[\"bandidos\",\"Coronav\u00edrus\",\"Covid-19\",\"guarda civil\",\"papuda\",\"penitenci\u00e1ria\",\"pol\u00edcia militar\",\"presos\",\"quarentena\",\"STF\",\"Toffoli\"],\"articleSection\":[\"Pol\u00edtica\"],\"inLanguage\":\"pt-BR\",\"potentialAction\":[{\"@type\":\"CommentAction\",\"name\":\"Comment\",\"target\":[\"https:\\\/\\\/www.p31noticias.com.br\\\/?p=4586#respond\"]}],\"copyrightYear\":\"2020\",\"copyrightHolder\":{\"@id\":\"https:\\\/\\\/www.p31noticias.com.br\\\/#organization\"}},{\"@type\":\"WebPage\",\"@id\":\"https:\\\/\\\/www.p31noticias.com.br\\\/?p=4586\",\"url\":\"https:\\\/\\\/www.p31noticias.com.br\\\/?p=4586\",\"name\":\"Bandidos s\u00e3o soltos e o povo \u00e9 preso nas ruas (v\u00eddeo) - P31\",\"isPartOf\":{\"@id\":\"https:\\\/\\\/www.p31noticias.com.br\\\/#website\"},\"primaryImageOfPage\":{\"@id\":\"https:\\\/\\\/www.p31noticias.com.br\\\/?p=4586#primaryimage\"},\"image\":{\"@id\":\"https:\\\/\\\/www.p31noticias.com.br\\\/?p=4586#primaryimage\"},\"thumbnailUrl\":\"https:\\\/\\\/www.p31noticias.com.br\\\/wp-content\\\/uploads\\\/2020\\\/04\\\/BB12Cg2Q.jpg\",\"datePublished\":\"2020-04-29T19:15:55+00:00\",\"author\":{\"@id\":\"https:\\\/\\\/www.p31noticias.com.br\\\/#\\\/schema\\\/person\\\/77d6b186c710ac38937c6ec204fdd387\"},\"description\":\"30 mil bandidos foram soltos das penitenci\u00e1rias brasileiras beneficiados por decis\u00f5es judiciais que levam em conta a pandemia do novo coronav\u00edrus.\",\"breadcrumb\":{\"@id\":\"https:\\\/\\\/www.p31noticias.com.br\\\/?p=4586#breadcrumb\"},\"inLanguage\":\"pt-BR\",\"potentialAction\":[{\"@type\":\"ReadAction\",\"target\":[\"https:\\\/\\\/www.p31noticias.com.br\\\/?p=4586\"]}]},{\"@type\":\"ImageObject\",\"inLanguage\":\"pt-BR\",\"@id\":\"https:\\\/\\\/www.p31noticias.com.br\\\/?p=4586#primaryimage\",\"url\":\"https:\\\/\\\/www.p31noticias.com.br\\\/wp-content\\\/uploads\\\/2020\\\/04\\\/BB12Cg2Q.jpg\",\"contentUrl\":\"https:\\\/\\\/www.p31noticias.com.br\\\/wp-content\\\/uploads\\\/2020\\\/04\\\/BB12Cg2Q.jpg\",\"width\":624,\"height\":350,\"caption\":\"Bandidos\"},{\"@type\":\"BreadcrumbList\",\"@id\":\"https:\\\/\\\/www.p31noticias.com.br\\\/?p=4586#breadcrumb\",\"itemListElement\":[{\"@type\":\"ListItem\",\"position\":1,\"name\":\"In\u00edcio\",\"item\":\"https:\\\/\\\/www.p31noticias.com.br\\\/\"},{\"@type\":\"ListItem\",\"position\":2,\"name\":\"Bandidos s\u00e3o soltos e o povo \u00e9 preso nas ruas (v\u00eddeo)\"}]},{\"@type\":\"WebSite\",\"@id\":\"https:\\\/\\\/www.p31noticias.com.br\\\/#website\",\"url\":\"https:\\\/\\\/www.p31noticias.com.br\\\/\",\"name\":\"P31\",\"description\":\"NOT\u00cdCIAS\",\"potentialAction\":[{\"@type\":\"SearchAction\",\"target\":{\"@type\":\"EntryPoint\",\"urlTemplate\":\"https:\\\/\\\/www.p31noticias.com.br\\\/?s={search_term_string}\"},\"query-input\":{\"@type\":\"PropertyValueSpecification\",\"valueRequired\":true,\"valueName\":\"search_term_string\"}}],\"inLanguage\":\"pt-BR\"},{\"@type\":\"Person\",\"@id\":\"https:\\\/\\\/www.p31noticias.com.br\\\/#\\\/schema\\\/person\\\/77d6b186c710ac38937c6ec204fdd387\",\"name\":\"Reda\u00e7\u00e3o JBN\",\"image\":{\"@type\":\"ImageObject\",\"inLanguage\":\"pt-BR\",\"@id\":\"https:\\\/\\\/secure.gravatar.com\\\/avatar\\\/10fcdb93211f98cce3d64c0795b0915a9a4a21dc0f279238995a3dbfafcad090?s=96&d=mm&r=g\",\"url\":\"https:\\\/\\\/secure.gravatar.com\\\/avatar\\\/10fcdb93211f98cce3d64c0795b0915a9a4a21dc0f279238995a3dbfafcad090?s=96&d=mm&r=g\",\"contentUrl\":\"https:\\\/\\\/secure.gravatar.com\\\/avatar\\\/10fcdb93211f98cce3d64c0795b0915a9a4a21dc0f279238995a3dbfafcad090?s=96&d=mm&r=g\",\"caption\":\"Reda\u00e7\u00e3o JBN\"},\"sameAs\":[\"https:\\\/\\\/p31noticias.com.br\"],\"url\":\"https:\\\/\\\/www.p31noticias.com.br\\\/?author=18\"}]}<\/script>\n<!-- \/ Yoast SEO Premium plugin. -->","yoast_head_json":{"title":"Bandidos s\u00e3o soltos e o povo \u00e9 preso nas ruas (v\u00eddeo) - P31","description":"30 mil bandidos foram soltos das penitenci\u00e1rias brasileiras beneficiados por decis\u00f5es judiciais que levam em conta a pandemia do novo coronav\u00edrus.","robots":{"index":"index","follow":"follow","max-snippet":"max-snippet:-1","max-image-preview":"max-image-preview:large","max-video-preview":"max-video-preview:-1"},"canonical":"https:\/\/www.p31noticias.com.br\/?p=4586","og_locale":"pt_BR","og_type":"article","og_title":"Bandidos s\u00e3o soltos e o povo \u00e9 preso nas ruas (v\u00eddeo)","og_description":"30 mil bandidos foram soltos das penitenci\u00e1rias brasileiras beneficiados por decis\u00f5es judiciais que levam em conta a pandemia do novo coronav\u00edrus.","og_url":"https:\/\/www.p31noticias.com.br\/?p=4586","og_site_name":"P31","article_published_time":"2020-04-29T19:15:55+00:00","og_image":[{"width":624,"height":350,"url":"https:\/\/www.p31noticias.com.br\/wp-content\/uploads\/2020\/04\/BB12Cg2Q.jpg","type":"image\/jpeg"}],"author":"Reda\u00e7\u00e3o JBN","twitter_card":"summary_large_image","twitter_misc":{"Escrito por":"Reda\u00e7\u00e3o JBN","Est. tempo de leitura":"1 minuto"},"schema":{"@context":"https:\/\/schema.org","@graph":[{"@type":"Article","@id":"https:\/\/www.p31noticias.com.br\/?p=4586#article","isPartOf":{"@id":"https:\/\/www.p31noticias.com.br\/?p=4586"},"author":{"name":"Reda\u00e7\u00e3o JBN","@id":"https:\/\/www.p31noticias.com.br\/#\/schema\/person\/77d6b186c710ac38937c6ec204fdd387"},"headline":"Bandidos s\u00e3o soltos e o povo \u00e9 preso nas ruas (v\u00eddeo)","datePublished":"2020-04-29T19:15:55+00:00","mainEntityOfPage":{"@id":"https:\/\/www.p31noticias.com.br\/?p=4586"},"wordCount":201,"commentCount":0,"image":{"@id":"https:\/\/www.p31noticias.com.br\/?p=4586#primaryimage"},"thumbnailUrl":"https:\/\/www.p31noticias.com.br\/wp-content\/uploads\/2020\/04\/BB12Cg2Q.jpg","keywords":["bandidos","Coronav\u00edrus","Covid-19","guarda civil","papuda","penitenci\u00e1ria","pol\u00edcia militar","presos","quarentena","STF","Toffoli"],"articleSection":["Pol\u00edtica"],"inLanguage":"pt-BR","potentialAction":[{"@type":"CommentAction","name":"Comment","target":["https:\/\/www.p31noticias.com.br\/?p=4586#respond"]}],"copyrightYear":"2020","copyrightHolder":{"@id":"https:\/\/www.p31noticias.com.br\/#organization"}},{"@type":"WebPage","@id":"https:\/\/www.p31noticias.com.br\/?p=4586","url":"https:\/\/www.p31noticias.com.br\/?p=4586","name":"Bandidos s\u00e3o soltos e o povo \u00e9 preso nas ruas (v\u00eddeo) - P31","isPartOf":{"@id":"https:\/\/www.p31noticias.com.br\/#website"},"primaryImageOfPage":{"@id":"https:\/\/www.p31noticias.com.br\/?p=4586#primaryimage"},"image":{"@id":"https:\/\/www.p31noticias.com.br\/?p=4586#primaryimage"},"thumbnailUrl":"https:\/\/www.p31noticias.com.br\/wp-content\/uploads\/2020\/04\/BB12Cg2Q.jpg","datePublished":"2020-04-29T19:15:55+00:00","author":{"@id":"https:\/\/www.p31noticias.com.br\/#\/schema\/person\/77d6b186c710ac38937c6ec204fdd387"},"description":"30 mil bandidos foram soltos das penitenci\u00e1rias brasileiras beneficiados por decis\u00f5es judiciais que levam em conta a pandemia do novo coronav\u00edrus.","breadcrumb":{"@id":"https:\/\/www.p31noticias.com.br\/?p=4586#breadcrumb"},"inLanguage":"pt-BR","potentialAction":[{"@type":"ReadAction","target":["https:\/\/www.p31noticias.com.br\/?p=4586"]}]},{"@type":"ImageObject","inLanguage":"pt-BR","@id":"https:\/\/www.p31noticias.com.br\/?p=4586#primaryimage","url":"https:\/\/www.p31noticias.com.br\/wp-content\/uploads\/2020\/04\/BB12Cg2Q.jpg","contentUrl":"https:\/\/www.p31noticias.com.br\/wp-content\/uploads\/2020\/04\/BB12Cg2Q.jpg","width":624,"height":350,"caption":"Bandidos"},{"@type":"BreadcrumbList","@id":"https:\/\/www.p31noticias.com.br\/?p=4586#breadcrumb","itemListElement":[{"@type":"ListItem","position":1,"name":"In\u00edcio","item":"https:\/\/www.p31noticias.com.br\/"},{"@type":"ListItem","position":2,"name":"Bandidos s\u00e3o soltos e o povo \u00e9 preso nas ruas (v\u00eddeo)"}]},{"@type":"WebSite","@id":"https:\/\/www.p31noticias.com.br\/#website","url":"https:\/\/www.p31noticias.com.br\/","name":"P31","description":"NOT\u00cdCIAS","potentialAction":[{"@type":"SearchAction","target":{"@type":"EntryPoint","urlTemplate":"https:\/\/www.p31noticias.com.br\/?s={search_term_string}"},"query-input":{"@type":"PropertyValueSpecification","valueRequired":true,"valueName":"search_term_string"}}],"inLanguage":"pt-BR"},{"@type":"Person","@id":"https:\/\/www.p31noticias.com.br\/#\/schema\/person\/77d6b186c710ac38937c6ec204fdd387","name":"Reda\u00e7\u00e3o JBN","image":{"@type":"ImageObject","inLanguage":"pt-BR","@id":"https:\/\/secure.gravatar.com\/avatar\/10fcdb93211f98cce3d64c0795b0915a9a4a21dc0f279238995a3dbfafcad090?s=96&d=mm&r=g","url":"https:\/\/secure.gravatar.com\/avatar\/10fcdb93211f98cce3d64c0795b0915a9a4a21dc0f279238995a3dbfafcad090?s=96&d=mm&r=g","contentUrl":"https:\/\/secure.gravatar.com\/avatar\/10fcdb93211f98cce3d64c0795b0915a9a4a21dc0f279238995a3dbfafcad090?s=96&d=mm&r=g","caption":"Reda\u00e7\u00e3o JBN"},"sameAs":["https:\/\/p31noticias.com.br"],"url":"https:\/\/www.p31noticias.com.br\/?author=18"}]}},"amp_enabled":true,"_links":{"self":[{"href":"https:\/\/www.p31noticias.com.br\/index.php?rest_route=\/wp\/v2\/posts\/4586","targetHints":{"allow":["GET"]}}],"collection":[{"href":"https:\/\/www.p31noticias.com.br\/index.php?rest_route=\/wp\/v2\/posts"}],"about":[{"href":"https:\/\/www.p31noticias.com.br\/index.php?rest_route=\/wp\/v2\/types\/post"}],"author":[{"embeddable":true,"href":"https:\/\/www.p31noticias.com.br\/index.php?rest_route=\/wp\/v2\/users\/18"}],"replies":[{"embeddable":true,"href":"https:\/\/www.p31noticias.com.br\/index.php?rest_route=%2Fwp%2Fv2%2Fcomments&post=4586"}],"version-history":[{"count":0,"href":"https:\/\/www.p31noticias.com.br\/index.php?rest_route=\/wp\/v2\/posts\/4586\/revisions"}],"wp:featuredmedia":[{"embeddable":true,"href":"https:\/\/www.p31noticias.com.br\/index.php?rest_route=\/wp\/v2\/media\/4598"}],"wp:attachment":[{"href":"https:\/\/www.p31noticias.com.br\/index.php?rest_route=%2Fwp%2Fv2%2Fmedia&parent=4586"}],"wp:term":[{"taxonomy":"category","embeddable":true,"href":"https:\/\/www.p31noticias.com.br\/index.php?rest_route=%2Fwp%2Fv2%2Fcategories&post=4586"},{"taxonomy":"post_tag","embeddable":true,"href":"https:\/\/www.p31noticias.com.br\/index.php?rest_route=%2Fwp%2Fv2%2Ftags&post=4586"}],"curies":[{"name":"wp","href":"https:\/\/api.w.org\/{rel}","templated":true}]}}