{"id":4543,"date":"2020-04-23T11:56:38","date_gmt":"2020-04-23T14:56:38","guid":{"rendered":"https:\/\/juniortakamoto.com.br\/?p=4543"},"modified":"2020-04-23T11:56:38","modified_gmt":"2020-04-23T14:56:38","slug":"covid-19-provas-que-a-esquerda-luta-contra-a-vida","status":"publish","type":"post","link":"https:\/\/www.p31noticias.com.br\/?p=4543","title":{"rendered":"Covid-19: Provas que a Esquerda luta contra a vida."},"content":{"rendered":"<p>Covid-19: Temos em m\u00e3os Provas irrefut\u00e1veis de que a Esquerda luta contra a vida. Gra\u00e7as ao m\u00e9dico Alessandro Loiola, em um trabalho minucioso e did\u00e1tico, colheu in\u00fameros dados e informa\u00e7\u00f5es para demonstrar que a esquerda efetivamente trabalha e torce pelo v\u00edrus.<\/p>\n<p>Vidas humanas n\u00e3o importam. O que vale \u00e9 enfraquecer o governo para tentar retomar o poder. \u00c9 a luta insana do poder pelo poder. Custe o que custar.<\/p>\n<p>Quando acusam o Esquerdismo de ser Pr\u00f3-Aborto, Pr\u00f3-Genoc\u00eddio e Anti-Vida, os id\u00f3latras do comunismo reclamam&#8230; Mas, segue o fio:<\/p>\n<p>1) Entre 26\/03\/20 e 04\/04\/20, a Prevent Senior realizou um estudo com 636 pacientes com suspeita cl\u00ednica de Covid-19. Destes, 412 aceitaram um termo de consentimento e foram tratados com Hidroxicloroquina (HCQ) + Azitromicina. Os 224 que recusaram o tto formaram o grupo controle.<\/p>\n<p><img loading=\"lazy\" decoding=\"async\" class=\"alignnone wp-image-4544\" src=\"https:\/\/www.delioandrade.com.br\/wp-content\/uploads\/2020\/04\/1587581210_5ea0911a1fef0-300x173.jpeg\" alt=\"coronav\u00edrus: Provas que a Esquerda luta contra a vida. \" width=\"437\" height=\"252\" srcset=\"https:\/\/www.p31noticias.com.br\/wp-content\/uploads\/2020\/04\/1587581210_5ea0911a1fef0-300x173.jpeg 300w, https:\/\/www.p31noticias.com.br\/wp-content\/uploads\/2020\/04\/1587581210_5ea0911a1fef0-768x443.jpeg 768w, https:\/\/www.p31noticias.com.br\/wp-content\/uploads\/2020\/04\/1587581210_5ea0911a1fef0-696x401.jpeg 696w, https:\/\/www.p31noticias.com.br\/wp-content\/uploads\/2020\/04\/1587581210_5ea0911a1fef0-729x420.jpeg 729w, https:\/\/www.p31noticias.com.br\/wp-content\/uploads\/2020\/04\/1587581210_5ea0911a1fef0.jpeg 961w\" sizes=\"auto, (max-width: 437px) 100vw, 437px\" \/><\/p>\n<p>2) No grupo que recebeu o tratamento, 1 paciente morreu por c\u00e2ncer avan\u00e7ado e 1 morreu por doen\u00e7a card\u00edaca pr\u00e9-existente. Segundo o estudo da Prevent, apenas 1,9% das pessoas tratadas precisaram ser hospitalizadas, contra 5,4% do grupo controle.<\/p>\n<p><img loading=\"lazy\" decoding=\"async\" class=\"alignnone wp-image-4545 \" src=\"https:\/\/www.delioandrade.com.br\/wp-content\/uploads\/2020\/04\/1587581208_5ea09118e2c20-300x115.jpeg\" alt=\"Covid-19: Provas que a Esquerda luta contra a vida. \" width=\"407\" height=\"156\" srcset=\"https:\/\/www.p31noticias.com.br\/wp-content\/uploads\/2020\/04\/1587581208_5ea09118e2c20-300x115.jpeg 300w, https:\/\/www.p31noticias.com.br\/wp-content\/uploads\/2020\/04\/1587581208_5ea09118e2c20-1024x394.jpeg 1024w, https:\/\/www.p31noticias.com.br\/wp-content\/uploads\/2020\/04\/1587581208_5ea09118e2c20-768x295.jpeg 768w, https:\/\/www.p31noticias.com.br\/wp-content\/uploads\/2020\/04\/1587581208_5ea09118e2c20-696x268.jpeg 696w, https:\/\/www.p31noticias.com.br\/wp-content\/uploads\/2020\/04\/1587581208_5ea09118e2c20-1068x411.jpeg 1068w, https:\/\/www.p31noticias.com.br\/wp-content\/uploads\/2020\/04\/1587581208_5ea09118e2c20-1092x420.jpeg 1092w, https:\/\/www.p31noticias.com.br\/wp-content\/uploads\/2020\/04\/1587581208_5ea09118e2c20.jpeg 1115w\" sizes=\"auto, (max-width: 407px) 100vw, 407px\" \/><\/p>\n<p>3) Em 20 de abril, a Comiss\u00e3o Nacional de \u00c9tica em Pesquisa (Conep) SUSPENDEU o estudo da Prevent declarando que ele &#8220;foi iniciado antes de a empresa receber o aval para a realiza\u00e7\u00e3o da pesquisa, o que \u00e9 proibido pelas normas do Pa\u00eds&#8221;.<\/p>\n<p><img loading=\"lazy\" decoding=\"async\" class=\"alignnone wp-image-4546\" src=\"https:\/\/www.delioandrade.com.br\/wp-content\/uploads\/2020\/04\/1587581210_5ea0911a026e4-300x117.jpeg\" alt=\"coronav\u00edrus: Provas que a Esquerda luta contra a vida. \" width=\"423\" height=\"165\" srcset=\"https:\/\/www.p31noticias.com.br\/wp-content\/uploads\/2020\/04\/1587581210_5ea0911a026e4-300x117.jpeg 300w, https:\/\/www.p31noticias.com.br\/wp-content\/uploads\/2020\/04\/1587581210_5ea0911a026e4-1024x401.jpeg 1024w, https:\/\/www.p31noticias.com.br\/wp-content\/uploads\/2020\/04\/1587581210_5ea0911a026e4-768x301.jpeg 768w, https:\/\/www.p31noticias.com.br\/wp-content\/uploads\/2020\/04\/1587581210_5ea0911a026e4-696x272.jpeg 696w, https:\/\/www.p31noticias.com.br\/wp-content\/uploads\/2020\/04\/1587581210_5ea0911a026e4-1068x418.jpeg 1068w, https:\/\/www.p31noticias.com.br\/wp-content\/uploads\/2020\/04\/1587581210_5ea0911a026e4-1073x420.jpeg 1073w, https:\/\/www.p31noticias.com.br\/wp-content\/uploads\/2020\/04\/1587581210_5ea0911a026e4.jpeg 1175w\" sizes=\"auto, (max-width: 423px) 100vw, 423px\" \/><\/p>\n<p>4) O Coordenador da Conep, respons\u00e1vel pela &#8220;condena\u00e7\u00e3o&#8221; do estudo da Prevent \u00e9 o m\u00e9dico JORGE ALVES DE ALMEIDA VENANCIO.<\/p>\n<p><img loading=\"lazy\" decoding=\"async\" class=\"alignnone wp-image-4547 \" src=\"https:\/\/www.delioandrade.com.br\/wp-content\/uploads\/2020\/04\/1587581209_5ea09119c0f4c-300x113.jpeg\" alt=\"Covid-19: Provas que a Esquerda luta contra a vida. \" width=\"462\" height=\"174\" srcset=\"https:\/\/www.p31noticias.com.br\/wp-content\/uploads\/2020\/04\/1587581209_5ea09119c0f4c-300x113.jpeg 300w, https:\/\/www.p31noticias.com.br\/wp-content\/uploads\/2020\/04\/1587581209_5ea09119c0f4c-1024x387.jpeg 1024w, https:\/\/www.p31noticias.com.br\/wp-content\/uploads\/2020\/04\/1587581209_5ea09119c0f4c-768x290.jpeg 768w, https:\/\/www.p31noticias.com.br\/wp-content\/uploads\/2020\/04\/1587581209_5ea09119c0f4c-696x263.jpeg 696w, https:\/\/www.p31noticias.com.br\/wp-content\/uploads\/2020\/04\/1587581209_5ea09119c0f4c-1068x403.jpeg 1068w, https:\/\/www.p31noticias.com.br\/wp-content\/uploads\/2020\/04\/1587581209_5ea09119c0f4c-1112x420.jpeg 1112w, https:\/\/www.p31noticias.com.br\/wp-content\/uploads\/2020\/04\/1587581209_5ea09119c0f4c.jpeg 1115w\" sizes=\"auto, (max-width: 462px) 100vw, 462px\" \/><\/p>\n<p>5) Em 2018, JORGE ALVES DE ALMEIDA VENANCIO concorreu a uma vaga para Deputado Federal pelo Partido P\u00e1tria Livre, mas n\u00e3o foi eleito.<\/p>\n<p><img loading=\"lazy\" decoding=\"async\" class=\"alignnone wp-image-4548\" src=\"https:\/\/www.delioandrade.com.br\/wp-content\/uploads\/2020\/04\/1587581209_5ea0911996cc1-300x139.jpeg\" alt=\"coronav\u00edrus: Provas que a Esquerda luta contra a vida. \" width=\"436\" height=\"202\" srcset=\"https:\/\/www.p31noticias.com.br\/wp-content\/uploads\/2020\/04\/1587581209_5ea0911996cc1-300x139.jpeg 300w, https:\/\/www.p31noticias.com.br\/wp-content\/uploads\/2020\/04\/1587581209_5ea0911996cc1-1024x473.jpeg 1024w, https:\/\/www.p31noticias.com.br\/wp-content\/uploads\/2020\/04\/1587581209_5ea0911996cc1-768x355.jpeg 768w, https:\/\/www.p31noticias.com.br\/wp-content\/uploads\/2020\/04\/1587581209_5ea0911996cc1-696x322.jpeg 696w, https:\/\/www.p31noticias.com.br\/wp-content\/uploads\/2020\/04\/1587581209_5ea0911996cc1-1068x493.jpeg 1068w, https:\/\/www.p31noticias.com.br\/wp-content\/uploads\/2020\/04\/1587581209_5ea0911996cc1-909x420.jpeg 909w, https:\/\/www.p31noticias.com.br\/wp-content\/uploads\/2020\/04\/1587581209_5ea0911996cc1.jpeg 1182w\" sizes=\"auto, (max-width: 436px) 100vw, 436px\" \/><\/p>\n<p>6) O PPL do Sr. JORGE VENANCIO, coordenador do GONU; \u00e9 um partido ABERTAMENTE DE ESQUERDA, ligado \u00e0 Central Geral dos Trabalhadores do Brasil e criado por membros do Movimento Revolucion\u00e1rio Oito de Outubro &#8211; uma organiza\u00e7\u00e3o guerrilheira da Esquerda Radical.<\/p>\n<p><img loading=\"lazy\" decoding=\"async\" class=\"alignnone wp-image-4549\" src=\"https:\/\/www.delioandrade.com.br\/wp-content\/uploads\/2020\/04\/1587581208_5ea09118b0e15-300x134.jpeg\" alt=\"coronav\u00edrus: Provas que a Esquerda luta contra a vida. \" width=\"414\" height=\"185\" srcset=\"https:\/\/www.p31noticias.com.br\/wp-content\/uploads\/2020\/04\/1587581208_5ea09118b0e15-300x134.jpeg 300w, https:\/\/www.p31noticias.com.br\/wp-content\/uploads\/2020\/04\/1587581208_5ea09118b0e15-768x344.jpeg 768w, https:\/\/www.p31noticias.com.br\/wp-content\/uploads\/2020\/04\/1587581208_5ea09118b0e15-696x311.jpeg 696w, https:\/\/www.p31noticias.com.br\/wp-content\/uploads\/2020\/04\/1587581208_5ea09118b0e15.jpeg 807w\" sizes=\"auto, (max-width: 414px) 100vw, 414px\" \/><\/p>\n<p>7) Em 29 de maio de 2019, o PPL do Sr. JORGE ALVES DE ALMEIDA VENANCIO foi extinto ap\u00f3s ser incorporado ao PARTIDO COMUNISTA DO BRASIL.<\/p>\n<p><img loading=\"lazy\" decoding=\"async\" class=\"alignnone wp-image-4550 \" src=\"https:\/\/www.delioandrade.com.br\/wp-content\/uploads\/2020\/04\/1587581208_5ea0911880023-145x300.jpeg\" alt=\"Covid-19: Provas que a Esquerda luta contra a vida. \" width=\"227\" height=\"470\" srcset=\"https:\/\/www.p31noticias.com.br\/wp-content\/uploads\/2020\/04\/1587581208_5ea0911880023-145x300.jpeg 145w, https:\/\/www.p31noticias.com.br\/wp-content\/uploads\/2020\/04\/1587581208_5ea0911880023-203x420.jpeg 203w, https:\/\/www.p31noticias.com.br\/wp-content\/uploads\/2020\/04\/1587581208_5ea0911880023.jpeg 267w\" sizes=\"auto, (max-width: 227px) 100vw, 227px\" \/><\/p>\n<p>8) A Hidroxicloroquina, um medicamento sintetizado em 1946 e aprovado para uso m\u00e9dico nos EUA em 1955, faz parte da Lista de Medicamentos Essenciais da OMS &#8211; uma lista dos medicamentos MAIS EFICAZES, SEGUROS E FUNDAMENTAIS em um sistema de sa\u00fade.<\/p>\n<p><img loading=\"lazy\" decoding=\"async\" class=\"alignnone wp-image-4551 \" src=\"https:\/\/www.delioandrade.com.br\/wp-content\/uploads\/2020\/04\/1587581233_5ea091310e140-300x225.jpeg\" alt=\"Covid-19: Provas que a Esquerda luta contra a vida. \" width=\"339\" height=\"254\" srcset=\"https:\/\/www.p31noticias.com.br\/wp-content\/uploads\/2020\/04\/1587581233_5ea091310e140-300x225.jpeg 300w, https:\/\/www.p31noticias.com.br\/wp-content\/uploads\/2020\/04\/1587581233_5ea091310e140-696x522.jpeg 696w, https:\/\/www.p31noticias.com.br\/wp-content\/uploads\/2020\/04\/1587581233_5ea091310e140-561x420.jpeg 561w, https:\/\/www.p31noticias.com.br\/wp-content\/uploads\/2020\/04\/1587581233_5ea091310e140-80x60.jpeg 80w, https:\/\/www.p31noticias.com.br\/wp-content\/uploads\/2020\/04\/1587581233_5ea091310e140-265x198.jpeg 265w, https:\/\/www.p31noticias.com.br\/wp-content\/uploads\/2020\/04\/1587581233_5ea091310e140.jpeg 738w\" sizes=\"auto, (max-width: 339px) 100vw, 339px\" \/><\/p>\n<p>9) A partir de evid\u00eancias cient\u00edficas com d\u00e9cadas de validade, o uso da Hidroxicloroquina vem sendo defendido por unhas e dentes pelo Presidente da Rep\u00fablica, Jair Messias Bolsonaro, no combate ao coronav\u00edrus Covid-19.<\/p>\n<p><img loading=\"lazy\" decoding=\"async\" class=\"alignnone wp-image-4552 \" src=\"https:\/\/www.delioandrade.com.br\/wp-content\/uploads\/2020\/04\/1587581232_5ea09130cba76-300x158.jpeg\" alt=\"Covid-19: Provas que a Esquerda luta contra a vida. \" width=\"378\" height=\"199\" srcset=\"https:\/\/www.p31noticias.com.br\/wp-content\/uploads\/2020\/04\/1587581232_5ea09130cba76-300x158.jpeg 300w, https:\/\/www.p31noticias.com.br\/wp-content\/uploads\/2020\/04\/1587581232_5ea09130cba76-1024x538.jpeg 1024w, https:\/\/www.p31noticias.com.br\/wp-content\/uploads\/2020\/04\/1587581232_5ea09130cba76-768x404.jpeg 768w, https:\/\/www.p31noticias.com.br\/wp-content\/uploads\/2020\/04\/1587581232_5ea09130cba76-696x366.jpeg 696w, https:\/\/www.p31noticias.com.br\/wp-content\/uploads\/2020\/04\/1587581232_5ea09130cba76-799x420.jpeg 799w, https:\/\/www.p31noticias.com.br\/wp-content\/uploads\/2020\/04\/1587581232_5ea09130cba76.jpeg 1052w\" sizes=\"auto, (max-width: 378px) 100vw, 378px\" \/><\/p>\n<p>10) MAS o Coordenador do Conep, um Sr. com um hist\u00f3rico pol\u00edtico com fort\u00edssimas inclina\u00e7\u00f5es Socialistas e Comunistas, censurou um estudo que avaliava COM SUCESSO o emprego da Hidroxicloroquina em pacientes com suspeita cl\u00ednica de Covid-19 coronavirose. Tire suas pr\u00f3prias conclus\u00f5es.<\/p>\n<p><img loading=\"lazy\" decoding=\"async\" class=\"alignnone wp-image-4553 \" src=\"https:\/\/www.delioandrade.com.br\/wp-content\/uploads\/2020\/04\/1587581232_5ea0913099e50-300x194.jpeg\" alt=\"Covid-19: Provas que a Esquerda luta contra a vida. \" width=\"363\" height=\"235\" srcset=\"https:\/\/www.p31noticias.com.br\/wp-content\/uploads\/2020\/04\/1587581232_5ea0913099e50-300x194.jpeg 300w, https:\/\/www.p31noticias.com.br\/wp-content\/uploads\/2020\/04\/1587581232_5ea0913099e50.jpeg 526w\" sizes=\"auto, (max-width: 363px) 100vw, 363px\" \/><\/p>\n<p>&nbsp;<\/p>\n","protected":false},"excerpt":{"rendered":"<p>Covid-19: Temos em m\u00e3os Provas irrefut\u00e1veis de que a Esquerda luta contra a vida. Gra\u00e7as ao m\u00e9dico Alessandro Loiola, em um trabalho minucioso e did\u00e1tico, colheu in\u00fameros dados e informa\u00e7\u00f5es para demonstrar que a esquerda efetivamente trabalha e torce pelo v\u00edrus. Vidas humanas n\u00e3o importam. O que vale \u00e9 enfraquecer o governo para tentar retomar [&hellip;]<\/p>\n","protected":false},"author":18,"featured_media":4554,"comment_status":"open","ping_status":"open","sticky":false,"template":"","format":"standard","meta":{"footnotes":""},"categories":[57],"tags":[516,444,517,429,430,178,447,518,450,519],"class_list":{"0":"post-4543","1":"post","2":"type-post","3":"status-publish","4":"format-standard","5":"has-post-thumbnail","7":"category-politica","8":"tag-alessandro-loiola","9":"tag-cloroquina","10":"tag-conep","11":"tag-coronavirus","12":"tag-covid-19","13":"tag-esquerda","14":"tag-hidroxicloroquina","15":"tag-jorge-alves-de-almeida-venancio","16":"tag-oms","17":"tag-prevent-senior"},"yoast_head":"<!-- This site is optimized with the Yoast SEO Premium plugin v24.5 (Yoast SEO v27.5) - https:\/\/yoast.com\/product\/yoast-seo-premium-wordpress\/ -->\n<title>Covid-19: Provas que a Esquerda luta contra a vida. - P31<\/title>\n<meta name=\"description\" content=\"Covid-19: Temos em m\u00e3os Provas irrefut\u00e1veis de que a Esquerda luta contra a vida. Gra\u00e7as ao m\u00e9dico Alessandro Loiola, em um trabalho minucioso\" \/>\n<meta name=\"robots\" content=\"index, follow, max-snippet:-1, max-image-preview:large, max-video-preview:-1\" \/>\n<link rel=\"canonical\" href=\"https:\/\/www.p31noticias.com.br\/?p=4543\" \/>\n<meta property=\"og:locale\" content=\"pt_BR\" \/>\n<meta property=\"og:type\" content=\"article\" \/>\n<meta property=\"og:title\" content=\"Covid-19: Provas que a Esquerda luta contra a vida.\" \/>\n<meta property=\"og:description\" content=\"Covid-19: Temos em m\u00e3os Provas irrefut\u00e1veis de que a Esquerda luta contra a vida. Gra\u00e7as ao m\u00e9dico Alessandro Loiola, em um trabalho minucioso\" \/>\n<meta property=\"og:url\" content=\"https:\/\/www.p31noticias.com.br\/?p=4543\" \/>\n<meta property=\"og:site_name\" content=\"P31\" \/>\n<meta property=\"article:published_time\" content=\"2020-04-23T14:56:38+00:00\" \/>\n<meta property=\"og:image\" content=\"https:\/\/www.p31noticias.com.br\/wp-content\/uploads\/2020\/04\/1587583704_5ea09ad85f8cd.jpeg\" \/>\n\t<meta property=\"og:image:width\" content=\"1300\" \/>\n\t<meta property=\"og:image:height\" content=\"691\" \/>\n\t<meta property=\"og:image:type\" content=\"image\/jpeg\" \/>\n<meta name=\"author\" content=\"Reda\u00e7\u00e3o JBN\" \/>\n<meta name=\"twitter:card\" content=\"summary_large_image\" \/>\n<meta name=\"twitter:label1\" content=\"Escrito por\" \/>\n\t<meta name=\"twitter:data1\" content=\"Reda\u00e7\u00e3o JBN\" \/>\n\t<meta name=\"twitter:label2\" content=\"Est. tempo de leitura\" \/>\n\t<meta name=\"twitter:data2\" content=\"2 minutos\" \/>\n<script type=\"application\/ld+json\" class=\"yoast-schema-graph\">{\"@context\":\"https:\\\/\\\/schema.org\",\"@graph\":[{\"@type\":\"Article\",\"@id\":\"https:\\\/\\\/www.p31noticias.com.br\\\/?p=4543#article\",\"isPartOf\":{\"@id\":\"https:\\\/\\\/www.p31noticias.com.br\\\/?p=4543\"},\"author\":{\"name\":\"Reda\u00e7\u00e3o JBN\",\"@id\":\"https:\\\/\\\/www.p31noticias.com.br\\\/#\\\/schema\\\/person\\\/77d6b186c710ac38937c6ec204fdd387\"},\"headline\":\"Covid-19: Provas que a Esquerda luta contra a vida.\",\"datePublished\":\"2020-04-23T14:56:38+00:00\",\"mainEntityOfPage\":{\"@id\":\"https:\\\/\\\/www.p31noticias.com.br\\\/?p=4543\"},\"wordCount\":460,\"commentCount\":1,\"image\":{\"@id\":\"https:\\\/\\\/www.p31noticias.com.br\\\/?p=4543#primaryimage\"},\"thumbnailUrl\":\"https:\\\/\\\/www.p31noticias.com.br\\\/wp-content\\\/uploads\\\/2020\\\/04\\\/1587583704_5ea09ad85f8cd.jpeg\",\"keywords\":[\"Alessandro Loiola\",\"cloroquina\",\"Conep\",\"Coronav\u00edrus\",\"Covid-19\",\"esquerda\",\"hidroxicloroquina\",\"JORGE ALVES DE ALMEIDA VENANCIO\",\"oms\",\"Prevent Senior\"],\"articleSection\":[\"Pol\u00edtica\"],\"inLanguage\":\"pt-BR\",\"potentialAction\":[{\"@type\":\"CommentAction\",\"name\":\"Comment\",\"target\":[\"https:\\\/\\\/www.p31noticias.com.br\\\/?p=4543#respond\"]}],\"copyrightYear\":\"2020\",\"copyrightHolder\":{\"@id\":\"https:\\\/\\\/www.p31noticias.com.br\\\/#organization\"}},{\"@type\":\"WebPage\",\"@id\":\"https:\\\/\\\/www.p31noticias.com.br\\\/?p=4543\",\"url\":\"https:\\\/\\\/www.p31noticias.com.br\\\/?p=4543\",\"name\":\"Covid-19: Provas que a Esquerda luta contra a vida. - P31\",\"isPartOf\":{\"@id\":\"https:\\\/\\\/www.p31noticias.com.br\\\/#website\"},\"primaryImageOfPage\":{\"@id\":\"https:\\\/\\\/www.p31noticias.com.br\\\/?p=4543#primaryimage\"},\"image\":{\"@id\":\"https:\\\/\\\/www.p31noticias.com.br\\\/?p=4543#primaryimage\"},\"thumbnailUrl\":\"https:\\\/\\\/www.p31noticias.com.br\\\/wp-content\\\/uploads\\\/2020\\\/04\\\/1587583704_5ea09ad85f8cd.jpeg\",\"datePublished\":\"2020-04-23T14:56:38+00:00\",\"author\":{\"@id\":\"https:\\\/\\\/www.p31noticias.com.br\\\/#\\\/schema\\\/person\\\/77d6b186c710ac38937c6ec204fdd387\"},\"description\":\"Covid-19: Temos em m\u00e3os Provas irrefut\u00e1veis de que a Esquerda luta contra a vida. Gra\u00e7as ao m\u00e9dico Alessandro Loiola, em um trabalho minucioso\",\"breadcrumb\":{\"@id\":\"https:\\\/\\\/www.p31noticias.com.br\\\/?p=4543#breadcrumb\"},\"inLanguage\":\"pt-BR\",\"potentialAction\":[{\"@type\":\"ReadAction\",\"target\":[\"https:\\\/\\\/www.p31noticias.com.br\\\/?p=4543\"]}]},{\"@type\":\"ImageObject\",\"inLanguage\":\"pt-BR\",\"@id\":\"https:\\\/\\\/www.p31noticias.com.br\\\/?p=4543#primaryimage\",\"url\":\"https:\\\/\\\/www.p31noticias.com.br\\\/wp-content\\\/uploads\\\/2020\\\/04\\\/1587583704_5ea09ad85f8cd.jpeg\",\"contentUrl\":\"https:\\\/\\\/www.p31noticias.com.br\\\/wp-content\\\/uploads\\\/2020\\\/04\\\/1587583704_5ea09ad85f8cd.jpeg\",\"width\":1300,\"height\":691,\"caption\":\"covid-19\"},{\"@type\":\"BreadcrumbList\",\"@id\":\"https:\\\/\\\/www.p31noticias.com.br\\\/?p=4543#breadcrumb\",\"itemListElement\":[{\"@type\":\"ListItem\",\"position\":1,\"name\":\"In\u00edcio\",\"item\":\"https:\\\/\\\/www.p31noticias.com.br\\\/\"},{\"@type\":\"ListItem\",\"position\":2,\"name\":\"Covid-19: Provas que a Esquerda luta contra a vida.\"}]},{\"@type\":\"WebSite\",\"@id\":\"https:\\\/\\\/www.p31noticias.com.br\\\/#website\",\"url\":\"https:\\\/\\\/www.p31noticias.com.br\\\/\",\"name\":\"P31\",\"description\":\"NOT\u00cdCIAS\",\"potentialAction\":[{\"@type\":\"SearchAction\",\"target\":{\"@type\":\"EntryPoint\",\"urlTemplate\":\"https:\\\/\\\/www.p31noticias.com.br\\\/?s={search_term_string}\"},\"query-input\":{\"@type\":\"PropertyValueSpecification\",\"valueRequired\":true,\"valueName\":\"search_term_string\"}}],\"inLanguage\":\"pt-BR\"},{\"@type\":\"Person\",\"@id\":\"https:\\\/\\\/www.p31noticias.com.br\\\/#\\\/schema\\\/person\\\/77d6b186c710ac38937c6ec204fdd387\",\"name\":\"Reda\u00e7\u00e3o JBN\",\"image\":{\"@type\":\"ImageObject\",\"inLanguage\":\"pt-BR\",\"@id\":\"https:\\\/\\\/secure.gravatar.com\\\/avatar\\\/10fcdb93211f98cce3d64c0795b0915a9a4a21dc0f279238995a3dbfafcad090?s=96&d=mm&r=g\",\"url\":\"https:\\\/\\\/secure.gravatar.com\\\/avatar\\\/10fcdb93211f98cce3d64c0795b0915a9a4a21dc0f279238995a3dbfafcad090?s=96&d=mm&r=g\",\"contentUrl\":\"https:\\\/\\\/secure.gravatar.com\\\/avatar\\\/10fcdb93211f98cce3d64c0795b0915a9a4a21dc0f279238995a3dbfafcad090?s=96&d=mm&r=g\",\"caption\":\"Reda\u00e7\u00e3o JBN\"},\"sameAs\":[\"https:\\\/\\\/p31noticias.com.br\"],\"url\":\"https:\\\/\\\/www.p31noticias.com.br\\\/?author=18\"}]}<\/script>\n<!-- \/ Yoast SEO Premium plugin. -->","yoast_head_json":{"title":"Covid-19: Provas que a Esquerda luta contra a vida. - P31","description":"Covid-19: Temos em m\u00e3os Provas irrefut\u00e1veis de que a Esquerda luta contra a vida. Gra\u00e7as ao m\u00e9dico Alessandro Loiola, em um trabalho minucioso","robots":{"index":"index","follow":"follow","max-snippet":"max-snippet:-1","max-image-preview":"max-image-preview:large","max-video-preview":"max-video-preview:-1"},"canonical":"https:\/\/www.p31noticias.com.br\/?p=4543","og_locale":"pt_BR","og_type":"article","og_title":"Covid-19: Provas que a Esquerda luta contra a vida.","og_description":"Covid-19: Temos em m\u00e3os Provas irrefut\u00e1veis de que a Esquerda luta contra a vida. Gra\u00e7as ao m\u00e9dico Alessandro Loiola, em um trabalho minucioso","og_url":"https:\/\/www.p31noticias.com.br\/?p=4543","og_site_name":"P31","article_published_time":"2020-04-23T14:56:38+00:00","og_image":[{"width":1300,"height":691,"url":"https:\/\/www.p31noticias.com.br\/wp-content\/uploads\/2020\/04\/1587583704_5ea09ad85f8cd.jpeg","type":"image\/jpeg"}],"author":"Reda\u00e7\u00e3o JBN","twitter_card":"summary_large_image","twitter_misc":{"Escrito por":"Reda\u00e7\u00e3o JBN","Est. tempo de leitura":"2 minutos"},"schema":{"@context":"https:\/\/schema.org","@graph":[{"@type":"Article","@id":"https:\/\/www.p31noticias.com.br\/?p=4543#article","isPartOf":{"@id":"https:\/\/www.p31noticias.com.br\/?p=4543"},"author":{"name":"Reda\u00e7\u00e3o JBN","@id":"https:\/\/www.p31noticias.com.br\/#\/schema\/person\/77d6b186c710ac38937c6ec204fdd387"},"headline":"Covid-19: Provas que a Esquerda luta contra a vida.","datePublished":"2020-04-23T14:56:38+00:00","mainEntityOfPage":{"@id":"https:\/\/www.p31noticias.com.br\/?p=4543"},"wordCount":460,"commentCount":1,"image":{"@id":"https:\/\/www.p31noticias.com.br\/?p=4543#primaryimage"},"thumbnailUrl":"https:\/\/www.p31noticias.com.br\/wp-content\/uploads\/2020\/04\/1587583704_5ea09ad85f8cd.jpeg","keywords":["Alessandro Loiola","cloroquina","Conep","Coronav\u00edrus","Covid-19","esquerda","hidroxicloroquina","JORGE ALVES DE ALMEIDA VENANCIO","oms","Prevent Senior"],"articleSection":["Pol\u00edtica"],"inLanguage":"pt-BR","potentialAction":[{"@type":"CommentAction","name":"Comment","target":["https:\/\/www.p31noticias.com.br\/?p=4543#respond"]}],"copyrightYear":"2020","copyrightHolder":{"@id":"https:\/\/www.p31noticias.com.br\/#organization"}},{"@type":"WebPage","@id":"https:\/\/www.p31noticias.com.br\/?p=4543","url":"https:\/\/www.p31noticias.com.br\/?p=4543","name":"Covid-19: Provas que a Esquerda luta contra a vida. - P31","isPartOf":{"@id":"https:\/\/www.p31noticias.com.br\/#website"},"primaryImageOfPage":{"@id":"https:\/\/www.p31noticias.com.br\/?p=4543#primaryimage"},"image":{"@id":"https:\/\/www.p31noticias.com.br\/?p=4543#primaryimage"},"thumbnailUrl":"https:\/\/www.p31noticias.com.br\/wp-content\/uploads\/2020\/04\/1587583704_5ea09ad85f8cd.jpeg","datePublished":"2020-04-23T14:56:38+00:00","author":{"@id":"https:\/\/www.p31noticias.com.br\/#\/schema\/person\/77d6b186c710ac38937c6ec204fdd387"},"description":"Covid-19: Temos em m\u00e3os Provas irrefut\u00e1veis de que a Esquerda luta contra a vida. Gra\u00e7as ao m\u00e9dico Alessandro Loiola, em um trabalho minucioso","breadcrumb":{"@id":"https:\/\/www.p31noticias.com.br\/?p=4543#breadcrumb"},"inLanguage":"pt-BR","potentialAction":[{"@type":"ReadAction","target":["https:\/\/www.p31noticias.com.br\/?p=4543"]}]},{"@type":"ImageObject","inLanguage":"pt-BR","@id":"https:\/\/www.p31noticias.com.br\/?p=4543#primaryimage","url":"https:\/\/www.p31noticias.com.br\/wp-content\/uploads\/2020\/04\/1587583704_5ea09ad85f8cd.jpeg","contentUrl":"https:\/\/www.p31noticias.com.br\/wp-content\/uploads\/2020\/04\/1587583704_5ea09ad85f8cd.jpeg","width":1300,"height":691,"caption":"covid-19"},{"@type":"BreadcrumbList","@id":"https:\/\/www.p31noticias.com.br\/?p=4543#breadcrumb","itemListElement":[{"@type":"ListItem","position":1,"name":"In\u00edcio","item":"https:\/\/www.p31noticias.com.br\/"},{"@type":"ListItem","position":2,"name":"Covid-19: Provas que a Esquerda luta contra a vida."}]},{"@type":"WebSite","@id":"https:\/\/www.p31noticias.com.br\/#website","url":"https:\/\/www.p31noticias.com.br\/","name":"P31","description":"NOT\u00cdCIAS","potentialAction":[{"@type":"SearchAction","target":{"@type":"EntryPoint","urlTemplate":"https:\/\/www.p31noticias.com.br\/?s={search_term_string}"},"query-input":{"@type":"PropertyValueSpecification","valueRequired":true,"valueName":"search_term_string"}}],"inLanguage":"pt-BR"},{"@type":"Person","@id":"https:\/\/www.p31noticias.com.br\/#\/schema\/person\/77d6b186c710ac38937c6ec204fdd387","name":"Reda\u00e7\u00e3o JBN","image":{"@type":"ImageObject","inLanguage":"pt-BR","@id":"https:\/\/secure.gravatar.com\/avatar\/10fcdb93211f98cce3d64c0795b0915a9a4a21dc0f279238995a3dbfafcad090?s=96&d=mm&r=g","url":"https:\/\/secure.gravatar.com\/avatar\/10fcdb93211f98cce3d64c0795b0915a9a4a21dc0f279238995a3dbfafcad090?s=96&d=mm&r=g","contentUrl":"https:\/\/secure.gravatar.com\/avatar\/10fcdb93211f98cce3d64c0795b0915a9a4a21dc0f279238995a3dbfafcad090?s=96&d=mm&r=g","caption":"Reda\u00e7\u00e3o JBN"},"sameAs":["https:\/\/p31noticias.com.br"],"url":"https:\/\/www.p31noticias.com.br\/?author=18"}]}},"amp_enabled":true,"_links":{"self":[{"href":"https:\/\/www.p31noticias.com.br\/index.php?rest_route=\/wp\/v2\/posts\/4543","targetHints":{"allow":["GET"]}}],"collection":[{"href":"https:\/\/www.p31noticias.com.br\/index.php?rest_route=\/wp\/v2\/posts"}],"about":[{"href":"https:\/\/www.p31noticias.com.br\/index.php?rest_route=\/wp\/v2\/types\/post"}],"author":[{"embeddable":true,"href":"https:\/\/www.p31noticias.com.br\/index.php?rest_route=\/wp\/v2\/users\/18"}],"replies":[{"embeddable":true,"href":"https:\/\/www.p31noticias.com.br\/index.php?rest_route=%2Fwp%2Fv2%2Fcomments&post=4543"}],"version-history":[{"count":0,"href":"https:\/\/www.p31noticias.com.br\/index.php?rest_route=\/wp\/v2\/posts\/4543\/revisions"}],"wp:featuredmedia":[{"embeddable":true,"href":"https:\/\/www.p31noticias.com.br\/index.php?rest_route=\/wp\/v2\/media\/4554"}],"wp:attachment":[{"href":"https:\/\/www.p31noticias.com.br\/index.php?rest_route=%2Fwp%2Fv2%2Fmedia&parent=4543"}],"wp:term":[{"taxonomy":"category","embeddable":true,"href":"https:\/\/www.p31noticias.com.br\/index.php?rest_route=%2Fwp%2Fv2%2Fcategories&post=4543"},{"taxonomy":"post_tag","embeddable":true,"href":"https:\/\/www.p31noticias.com.br\/index.php?rest_route=%2Fwp%2Fv2%2Ftags&post=4543"}],"curies":[{"name":"wp","href":"https:\/\/api.w.org\/{rel}","templated":true}]}}