{"id":4537,"date":"2020-04-21T11:38:22","date_gmt":"2020-04-21T14:38:22","guid":{"rendered":"https:\/\/juniortakamoto.com.br\/?p=4537"},"modified":"2020-04-21T11:38:22","modified_gmt":"2020-04-21T14:38:22","slug":"esquema-rodrigo-maia-bolsonaro","status":"publish","type":"post","link":"https:\/\/www.p31noticias.com.br\/?p=4537","title":{"rendered":"Revelado o esquema de Rodrigo Maia contra Bolsonaro"},"content":{"rendered":"<p>O esquema de Rodrigo Maia contra Bolsonaro: Roberto Jefferson fez uma declara\u00e7\u00e3o \u00f3bvia e pol\u00eamica sobre a din\u00e2mica de poder articulada por Maia, para se perpetuar no poder e, como cereja do bolo, entregar o presente que os setores pol\u00edticos de oposi\u00e7\u00e3o, centr\u00e3o e isent\u00f5es tanto almejam: o afastamento do Jair Bolsonaro da Presid\u00eancia da Rep\u00fablica e a sucumb\u00eancia total do plano estrat\u00e9gico econ\u00f4mico de Paulo Guedes, que daria in\u00edcio a uma forte agenda de retomada de crescimento do pa\u00eds, como j\u00e1 vinha acontecendo desde o in\u00edcio de 2019.<\/p>\n<p>O plano \u00e9 muito simples: o Rodrigo Maia acata o parecer jur\u00eddico que supostamente fundamenta o pedido de impeachment do Presidente e, em contrapartida, exige que o Congresso, unificado pela maioria composta do central e a esquerda, colaborem para que a PEC desenterrada pelo Rodrigo Maia tenha a sua aprova\u00e7\u00e3o para que ele permane\u00e7a no poder.<\/p>\n<p>Talvez esse seja o jogo mais vil e sujo contra a vontade majorit\u00e1ria popular na hist\u00f3ria, uma vez que Jair Bolsonaro conta com uma base de apoio popular expressiva e um n\u00famero consider\u00e1vel de pessoas que ainda o acham regular, ultrapassando quaisquer \u00edndices de rejei\u00e7\u00e3o total, o que concretiza uma atmosfera completamente distinta das que vigoraram durante a \u00e9poca da Dilma Rousseff e Fernando Collor.<\/p>\n<p>Vale lembrar que o processo de impeachment, tomado como base os casos anteriores, s\u00f3 acontece quando uma s\u00e9rie de requisitos pret\u00e9ritos s\u00e3o preenchidos para que haja viabilidade sem resist\u00eancia popular, com fundamenta\u00e7\u00e3o jur\u00eddica e transi\u00e7\u00e3o pac\u00edfica entre os ocupantes dos cargos.<\/p>\n<p>\u00c9 v\u00e1lido observar que ambos os Presidentes j\u00e1 impedidos, tanto Dilma quanto Collor, contavam com forte e expressiva rejei\u00e7\u00e3o popular, al\u00e9m de manifesta\u00e7\u00f5es pelo impeachment que pavimentaram a faceta pol\u00edtica de todo o processo.<\/p>\n<p>N\u00e3o basta t\u00e3o somente a fundamenta\u00e7\u00e3o jur\u00eddica leg\u00edtima, coisa que vigorou nos dois processos anteriores, mas tamb\u00e9m um vetor popular de incentivo para que o processo ocorra com total lisura e completamente desprovido de grande resist\u00eancia civil.<\/p>\n<p>Nenhum desses requisitos s\u00e3o preenchidos no caso do Presidente Jair Bolsonaro, e a fundamenta\u00e7\u00e3o ventilada pelo ex-Conselheiro da OAB n\u00e3o encontra fortes evid\u00eancias jur\u00eddicas e revela apenas a faceta obscura de uma conspira\u00e7\u00e3o pol\u00edtica da mais suja que j\u00e1 testemunhamos na hist\u00f3ria.<\/p>\n<p>O argumento exposto pelo ent\u00e3o advogado revela que o Presidente supostamente incorreu em crime de responsabilidade ao contrariar as orienta\u00e7\u00f5es da OMS de combate \u00e0 pandemia.<\/p>\n<p>Essa alega\u00e7\u00e3o n\u00e3o faz o menor sentido, uma vez que as orienta\u00e7\u00f5es da OMS n\u00e3o s\u00e3o imbu\u00eddas de car\u00e1ter imperativo e todo o protocolo recomendado j\u00e1 est\u00e1 sendo executado pelas autoridades respons\u00e1veis em coordena\u00e7\u00e3o m\u00e1xima pelo Minist\u00e9rio da Sa\u00fade. Vale lembrar que a OMS n\u00e3o possui const\u00e2ncia nas suas orienta\u00e7\u00f5es, muitas vezes demonstrando inseguran\u00e7a sobre recomenda\u00e7\u00e3o de uso de m\u00e1scaras e at\u00e9 mesmo declara\u00e7\u00e3o de que a quarentena horizontal talvez n\u00e3o seja suficiente para impedir a prolifera\u00e7\u00e3o do coronav\u00edrus.<\/p>\n<p>Portanto, embora estejamos passando por uma circunst\u00e2ncia de medidas preventivas e combate \u00e0 pandemia, isso n\u00e3o significa que ingressamos em um Estado de exce\u00e7\u00e3o, fundamentando a supress\u00e3o provis\u00f3ria das liberdades civis e individuais, vigorando ent\u00e3o o m\u00e1ximo da vitalidade e manuten\u00e7\u00e3o dos nossos direitos que devem ser resguardados mediante nossa Constitui\u00e7\u00e3o \u2013 fator esse solenemente ignorado pelo pr\u00f3prio STF, governadores inescrupulosos e alguns prefeitos que est\u00e3o brincando de ditadores ao tratar com extrema trucul\u00eancia cidad\u00e3os que at\u00e9 mesmo seguem recomenda\u00e7\u00f5es da OMS de caminhar ao ar livre.<\/p>\n<p>O que se ignora muitas vezes \u00e9 que a pr\u00f3pria OMS tamb\u00e9m divulga recomenda\u00e7\u00f5es que implicam em cuidados para a manuten\u00e7\u00e3o do nosso sistema imunol\u00f3gico e const\u00e2ncia na sa\u00fade mental, uma vez que a quarentena total pode culminar numa total quebra de rotina, desequilibrando a condi\u00e7\u00e3o psicol\u00f3gica de milhares de pessoas, al\u00e9m das devidas recomenda\u00e7\u00f5es de maximiza\u00e7\u00e3o do sistema imunol\u00f3gico atrav\u00e9s do consumo de vitamina D, o que pode ser abastecido atrav\u00e9s das caminhadas ao ar livre e com constante contato recomendado com a luz solar.<\/p>\n<p>Portanto, toda a estrutura de argumenta\u00e7\u00e3o que fundamenta o pedido de impeachment segue-se sendo completamente inv\u00e1lida, uma vez que desconsidera todo o sistema complexo de estudos e recomenda\u00e7\u00f5es por autoridades de diversos campos da ci\u00eancia, incluindo a pr\u00f3pria medicina, epidemiologia, psicologia etc.<\/p>\n<p>E para preencher todo o show de horrores temos tamb\u00e9m a ala que surfou na onda do bolsonarismo em 2018 da forma mais oportunista e vigarista poss\u00edvel inflamando a nova narrativa difamat\u00f3ria contra as recentes manifesta\u00e7\u00f5es que predominantemente apoiaram novas formas de isolamento para que n\u00e3o haja o sacrif\u00edcio da economia. Injustamente atribu\u00edda como uma manifesta\u00e7\u00e3o completamente a favor da interven\u00e7\u00e3o militar, essa \u00e9 a nova narrativa do momento para a m\u00eddia abastecer seu arsenal de mentiras contra o Presidente, fortalecendo ainda mais a atmosfera de inviabilidade e desgaste atrav\u00e9s de constantes ataques irrefletidos.<\/p>\n<p>O esquema de poder que almeja a manuten\u00e7\u00e3o da cleptocracia no nosso pa\u00eds procura resist\u00eancia, e Bolsonaro parece ser um forte obst\u00e1culo para tudo isso. A inviabilidade da governan\u00e7a do Presidente Jair Bolsonaro, representado pela agenda chancelada por milhares de brasileiros de maneira democr\u00e1tica, \u00e9 o novo mecanismo que a elite pol\u00edtica e burocr\u00e1tica encontrou para que a renova\u00e7\u00e3o pol\u00edtica n\u00e3o tenha o seu devido progresso e a velha forma volte a vigorar com loteamento de cargos e trocas de favores.<\/p>\n<p>Os covardes que apoiaram e se aproveitaram da onda do Presidente Jair Bolsonaro j\u00e1 pularam do barco, e agora mostram-se a favor da agenda da velha pol\u00edtica e da manuten\u00e7\u00e3o da supress\u00e3o das liberdades individuais, o que curiosamente \u00e9 completamente dissonante \u00e0 suposta ideologia liberal de muitos esses que j\u00e1 desistiram no meio do caminho.<\/p>\n<p>Temos ent\u00e3o a nefasta reuni\u00e3o do STF e a corja do Congresso para impermear o andamento da agenda de mudan\u00e7a econ\u00f4mica e social encabe\u00e7ada pelo Presidente e sua equipe ministerial, ent\u00e3o fa\u00e7o-lhes uma pergunta: voc\u00eas realmente acreditam que tipos do Rodrigo Maia, Alcolumbre e as velhas raposas do STF realmente se preocupam com o interesse p\u00fablico, nossos direitos civis e com a manuten\u00e7\u00e3o do processo natural democr\u00e1tico manifestado pela elei\u00e7\u00e3o do Jair Bolsonaro? \u00c9 \u00f3bvio e ululante que eles agem \u00e0 despeito da vontade majorit\u00e1ria popular e lutam t\u00e3o somente pela manuten\u00e7\u00e3o de tudo aquilo que h\u00e1 de mais podre e virulento no nosso pa\u00eds.<\/p>\n","protected":false},"excerpt":{"rendered":"<p>O esquema de Rodrigo Maia contra Bolsonaro: Roberto Jefferson fez uma declara\u00e7\u00e3o \u00f3bvia e pol\u00eamica sobre a din\u00e2mica de poder articulada por Maia, para se perpetuar no poder e, como cereja do bolo, entregar o presente que os setores pol\u00edticos de oposi\u00e7\u00e3o, centr\u00e3o e isent\u00f5es tanto almejam: o afastamento do Jair Bolsonaro da Presid\u00eancia da [&hellip;]<\/p>\n","protected":false},"author":18,"featured_media":4538,"comment_status":"open","ping_status":"open","sticky":false,"template":"","format":"standard","meta":{"footnotes":""},"categories":[57],"tags":[495,506,277,507,191,74,77,508,350],"class_list":{"0":"post-4537","1":"post","2":"type-post","3":"status-publish","4":"format-standard","5":"has-post-thumbnail","7":"category-politica","8":"tag-centrao","9":"tag-collor","10":"tag-dilma-rousseff","11":"tag-impeachment","12":"tag-jair-bolsonaro","13":"tag-oab","14":"tag-paulo-guedes","15":"tag-roberto-jefferson","16":"tag-rodrigo-maia"},"yoast_head":"<!-- This site is optimized with the Yoast SEO Premium plugin v24.5 (Yoast SEO v27.5) - https:\/\/yoast.com\/product\/yoast-seo-premium-wordpress\/ -->\n<title>Revelado o esquema de Rodrigo Maia contra Bolsonaro - P31<\/title>\n<meta name=\"description\" content=\"O esquema de Rodrigo Maia contra Bolsonaro: Roberto Jefferson fez uma declara\u00e7\u00e3o \u00f3bvia e pol\u00eamica sobre a din\u00e2mica de poder articulada por Maia\" \/>\n<meta name=\"robots\" content=\"index, follow, max-snippet:-1, max-image-preview:large, max-video-preview:-1\" \/>\n<link rel=\"canonical\" href=\"https:\/\/www.p31noticias.com.br\/?p=4537\" \/>\n<meta property=\"og:locale\" content=\"pt_BR\" \/>\n<meta property=\"og:type\" content=\"article\" \/>\n<meta property=\"og:title\" content=\"Revelado o esquema de Rodrigo Maia contra Bolsonaro\" \/>\n<meta property=\"og:description\" content=\"O esquema de Rodrigo Maia contra Bolsonaro: Roberto Jefferson fez uma declara\u00e7\u00e3o \u00f3bvia e pol\u00eamica sobre a din\u00e2mica de poder articulada por Maia\" \/>\n<meta property=\"og:url\" content=\"https:\/\/www.p31noticias.com.br\/?p=4537\" \/>\n<meta property=\"og:site_name\" content=\"P31\" \/>\n<meta property=\"article:published_time\" content=\"2020-04-21T14:38:22+00:00\" \/>\n<meta property=\"og:image\" content=\"https:\/\/www.p31noticias.com.br\/wp-content\/uploads\/2020\/04\/DaviAlcolumbre_RodrigoMaia_Promuga\u00e7\u00e3o_PecPrevidencia_10B.jpg\" \/>\n\t<meta property=\"og:image:width\" content=\"820\" \/>\n\t<meta property=\"og:image:height\" content=\"574\" \/>\n\t<meta property=\"og:image:type\" content=\"image\/jpeg\" \/>\n<meta name=\"author\" content=\"Reda\u00e7\u00e3o JBN\" \/>\n<meta name=\"twitter:card\" content=\"summary_large_image\" \/>\n<meta name=\"twitter:label1\" content=\"Escrito por\" \/>\n\t<meta name=\"twitter:data1\" content=\"Reda\u00e7\u00e3o JBN\" \/>\n\t<meta name=\"twitter:label2\" content=\"Est. tempo de leitura\" \/>\n\t<meta name=\"twitter:data2\" content=\"6 minutos\" \/>\n<script type=\"application\/ld+json\" class=\"yoast-schema-graph\">{\"@context\":\"https:\\\/\\\/schema.org\",\"@graph\":[{\"@type\":\"Article\",\"@id\":\"https:\\\/\\\/www.p31noticias.com.br\\\/?p=4537#article\",\"isPartOf\":{\"@id\":\"https:\\\/\\\/www.p31noticias.com.br\\\/?p=4537\"},\"author\":{\"name\":\"Reda\u00e7\u00e3o JBN\",\"@id\":\"https:\\\/\\\/www.p31noticias.com.br\\\/#\\\/schema\\\/person\\\/77d6b186c710ac38937c6ec204fdd387\"},\"headline\":\"Revelado o esquema de Rodrigo Maia contra Bolsonaro\",\"datePublished\":\"2020-04-21T14:38:22+00:00\",\"mainEntityOfPage\":{\"@id\":\"https:\\\/\\\/www.p31noticias.com.br\\\/?p=4537\"},\"wordCount\":1163,\"commentCount\":0,\"image\":{\"@id\":\"https:\\\/\\\/www.p31noticias.com.br\\\/?p=4537#primaryimage\"},\"thumbnailUrl\":\"https:\\\/\\\/www.p31noticias.com.br\\\/wp-content\\\/uploads\\\/2020\\\/04\\\/DaviAlcolumbre_RodrigoMaia_Promuga\u00e7\u00e3o_PecPrevidencia_10B.jpg\",\"keywords\":[\"Centr\u00e3o\",\"Collor\",\"dilma rousseff\",\"impeachment\",\"Jair Bolsonaro\",\"OAB\",\"paulo guedes\",\"roberto jefferson\",\"rodrigo maia\"],\"articleSection\":[\"Pol\u00edtica\"],\"inLanguage\":\"pt-BR\",\"potentialAction\":[{\"@type\":\"CommentAction\",\"name\":\"Comment\",\"target\":[\"https:\\\/\\\/www.p31noticias.com.br\\\/?p=4537#respond\"]}],\"copyrightYear\":\"2020\",\"copyrightHolder\":{\"@id\":\"https:\\\/\\\/www.p31noticias.com.br\\\/#organization\"}},{\"@type\":\"WebPage\",\"@id\":\"https:\\\/\\\/www.p31noticias.com.br\\\/?p=4537\",\"url\":\"https:\\\/\\\/www.p31noticias.com.br\\\/?p=4537\",\"name\":\"Revelado o esquema de Rodrigo Maia contra Bolsonaro - P31\",\"isPartOf\":{\"@id\":\"https:\\\/\\\/www.p31noticias.com.br\\\/#website\"},\"primaryImageOfPage\":{\"@id\":\"https:\\\/\\\/www.p31noticias.com.br\\\/?p=4537#primaryimage\"},\"image\":{\"@id\":\"https:\\\/\\\/www.p31noticias.com.br\\\/?p=4537#primaryimage\"},\"thumbnailUrl\":\"https:\\\/\\\/www.p31noticias.com.br\\\/wp-content\\\/uploads\\\/2020\\\/04\\\/DaviAlcolumbre_RodrigoMaia_Promuga\u00e7\u00e3o_PecPrevidencia_10B.jpg\",\"datePublished\":\"2020-04-21T14:38:22+00:00\",\"author\":{\"@id\":\"https:\\\/\\\/www.p31noticias.com.br\\\/#\\\/schema\\\/person\\\/77d6b186c710ac38937c6ec204fdd387\"},\"description\":\"O esquema de Rodrigo Maia contra Bolsonaro: Roberto Jefferson fez uma declara\u00e7\u00e3o \u00f3bvia e pol\u00eamica sobre a din\u00e2mica de poder articulada por Maia\",\"breadcrumb\":{\"@id\":\"https:\\\/\\\/www.p31noticias.com.br\\\/?p=4537#breadcrumb\"},\"inLanguage\":\"pt-BR\",\"potentialAction\":[{\"@type\":\"ReadAction\",\"target\":[\"https:\\\/\\\/www.p31noticias.com.br\\\/?p=4537\"]}]},{\"@type\":\"ImageObject\",\"inLanguage\":\"pt-BR\",\"@id\":\"https:\\\/\\\/www.p31noticias.com.br\\\/?p=4537#primaryimage\",\"url\":\"https:\\\/\\\/www.p31noticias.com.br\\\/wp-content\\\/uploads\\\/2020\\\/04\\\/DaviAlcolumbre_RodrigoMaia_Promuga\u00e7\u00e3o_PecPrevidencia_10B.jpg\",\"contentUrl\":\"https:\\\/\\\/www.p31noticias.com.br\\\/wp-content\\\/uploads\\\/2020\\\/04\\\/DaviAlcolumbre_RodrigoMaia_Promuga\u00e7\u00e3o_PecPrevidencia_10B.jpg\",\"width\":820,\"height\":574,\"caption\":\"O esquema de Rodrigo Maia contra Bolsonaro: Roberto Jefferson fez uma declara\u00e7\u00e3o \u00f3bvia e pol\u00eamica sobre a din\u00e2mica de poder articulada por Maia\"},{\"@type\":\"BreadcrumbList\",\"@id\":\"https:\\\/\\\/www.p31noticias.com.br\\\/?p=4537#breadcrumb\",\"itemListElement\":[{\"@type\":\"ListItem\",\"position\":1,\"name\":\"In\u00edcio\",\"item\":\"https:\\\/\\\/www.p31noticias.com.br\\\/\"},{\"@type\":\"ListItem\",\"position\":2,\"name\":\"Revelado o esquema de Rodrigo Maia contra Bolsonaro\"}]},{\"@type\":\"WebSite\",\"@id\":\"https:\\\/\\\/www.p31noticias.com.br\\\/#website\",\"url\":\"https:\\\/\\\/www.p31noticias.com.br\\\/\",\"name\":\"P31\",\"description\":\"NOT\u00cdCIAS\",\"potentialAction\":[{\"@type\":\"SearchAction\",\"target\":{\"@type\":\"EntryPoint\",\"urlTemplate\":\"https:\\\/\\\/www.p31noticias.com.br\\\/?s={search_term_string}\"},\"query-input\":{\"@type\":\"PropertyValueSpecification\",\"valueRequired\":true,\"valueName\":\"search_term_string\"}}],\"inLanguage\":\"pt-BR\"},{\"@type\":\"Person\",\"@id\":\"https:\\\/\\\/www.p31noticias.com.br\\\/#\\\/schema\\\/person\\\/77d6b186c710ac38937c6ec204fdd387\",\"name\":\"Reda\u00e7\u00e3o JBN\",\"image\":{\"@type\":\"ImageObject\",\"inLanguage\":\"pt-BR\",\"@id\":\"https:\\\/\\\/secure.gravatar.com\\\/avatar\\\/10fcdb93211f98cce3d64c0795b0915a9a4a21dc0f279238995a3dbfafcad090?s=96&d=mm&r=g\",\"url\":\"https:\\\/\\\/secure.gravatar.com\\\/avatar\\\/10fcdb93211f98cce3d64c0795b0915a9a4a21dc0f279238995a3dbfafcad090?s=96&d=mm&r=g\",\"contentUrl\":\"https:\\\/\\\/secure.gravatar.com\\\/avatar\\\/10fcdb93211f98cce3d64c0795b0915a9a4a21dc0f279238995a3dbfafcad090?s=96&d=mm&r=g\",\"caption\":\"Reda\u00e7\u00e3o JBN\"},\"sameAs\":[\"https:\\\/\\\/p31noticias.com.br\"],\"url\":\"https:\\\/\\\/www.p31noticias.com.br\\\/?author=18\"}]}<\/script>\n<!-- \/ Yoast SEO Premium plugin. -->","yoast_head_json":{"title":"Revelado o esquema de Rodrigo Maia contra Bolsonaro - P31","description":"O esquema de Rodrigo Maia contra Bolsonaro: Roberto Jefferson fez uma declara\u00e7\u00e3o \u00f3bvia e pol\u00eamica sobre a din\u00e2mica de poder articulada por Maia","robots":{"index":"index","follow":"follow","max-snippet":"max-snippet:-1","max-image-preview":"max-image-preview:large","max-video-preview":"max-video-preview:-1"},"canonical":"https:\/\/www.p31noticias.com.br\/?p=4537","og_locale":"pt_BR","og_type":"article","og_title":"Revelado o esquema de Rodrigo Maia contra Bolsonaro","og_description":"O esquema de Rodrigo Maia contra Bolsonaro: Roberto Jefferson fez uma declara\u00e7\u00e3o \u00f3bvia e pol\u00eamica sobre a din\u00e2mica de poder articulada por Maia","og_url":"https:\/\/www.p31noticias.com.br\/?p=4537","og_site_name":"P31","article_published_time":"2020-04-21T14:38:22+00:00","og_image":[{"width":820,"height":574,"url":"https:\/\/www.p31noticias.com.br\/wp-content\/uploads\/2020\/04\/DaviAlcolumbre_RodrigoMaia_Promuga\u00e7\u00e3o_PecPrevidencia_10B.jpg","type":"image\/jpeg"}],"author":"Reda\u00e7\u00e3o JBN","twitter_card":"summary_large_image","twitter_misc":{"Escrito por":"Reda\u00e7\u00e3o JBN","Est. tempo de leitura":"6 minutos"},"schema":{"@context":"https:\/\/schema.org","@graph":[{"@type":"Article","@id":"https:\/\/www.p31noticias.com.br\/?p=4537#article","isPartOf":{"@id":"https:\/\/www.p31noticias.com.br\/?p=4537"},"author":{"name":"Reda\u00e7\u00e3o JBN","@id":"https:\/\/www.p31noticias.com.br\/#\/schema\/person\/77d6b186c710ac38937c6ec204fdd387"},"headline":"Revelado o esquema de Rodrigo Maia contra Bolsonaro","datePublished":"2020-04-21T14:38:22+00:00","mainEntityOfPage":{"@id":"https:\/\/www.p31noticias.com.br\/?p=4537"},"wordCount":1163,"commentCount":0,"image":{"@id":"https:\/\/www.p31noticias.com.br\/?p=4537#primaryimage"},"thumbnailUrl":"https:\/\/www.p31noticias.com.br\/wp-content\/uploads\/2020\/04\/DaviAlcolumbre_RodrigoMaia_Promuga\u00e7\u00e3o_PecPrevidencia_10B.jpg","keywords":["Centr\u00e3o","Collor","dilma rousseff","impeachment","Jair Bolsonaro","OAB","paulo guedes","roberto jefferson","rodrigo maia"],"articleSection":["Pol\u00edtica"],"inLanguage":"pt-BR","potentialAction":[{"@type":"CommentAction","name":"Comment","target":["https:\/\/www.p31noticias.com.br\/?p=4537#respond"]}],"copyrightYear":"2020","copyrightHolder":{"@id":"https:\/\/www.p31noticias.com.br\/#organization"}},{"@type":"WebPage","@id":"https:\/\/www.p31noticias.com.br\/?p=4537","url":"https:\/\/www.p31noticias.com.br\/?p=4537","name":"Revelado o esquema de Rodrigo Maia contra Bolsonaro - P31","isPartOf":{"@id":"https:\/\/www.p31noticias.com.br\/#website"},"primaryImageOfPage":{"@id":"https:\/\/www.p31noticias.com.br\/?p=4537#primaryimage"},"image":{"@id":"https:\/\/www.p31noticias.com.br\/?p=4537#primaryimage"},"thumbnailUrl":"https:\/\/www.p31noticias.com.br\/wp-content\/uploads\/2020\/04\/DaviAlcolumbre_RodrigoMaia_Promuga\u00e7\u00e3o_PecPrevidencia_10B.jpg","datePublished":"2020-04-21T14:38:22+00:00","author":{"@id":"https:\/\/www.p31noticias.com.br\/#\/schema\/person\/77d6b186c710ac38937c6ec204fdd387"},"description":"O esquema de Rodrigo Maia contra Bolsonaro: Roberto Jefferson fez uma declara\u00e7\u00e3o \u00f3bvia e pol\u00eamica sobre a din\u00e2mica de poder articulada por Maia","breadcrumb":{"@id":"https:\/\/www.p31noticias.com.br\/?p=4537#breadcrumb"},"inLanguage":"pt-BR","potentialAction":[{"@type":"ReadAction","target":["https:\/\/www.p31noticias.com.br\/?p=4537"]}]},{"@type":"ImageObject","inLanguage":"pt-BR","@id":"https:\/\/www.p31noticias.com.br\/?p=4537#primaryimage","url":"https:\/\/www.p31noticias.com.br\/wp-content\/uploads\/2020\/04\/DaviAlcolumbre_RodrigoMaia_Promuga\u00e7\u00e3o_PecPrevidencia_10B.jpg","contentUrl":"https:\/\/www.p31noticias.com.br\/wp-content\/uploads\/2020\/04\/DaviAlcolumbre_RodrigoMaia_Promuga\u00e7\u00e3o_PecPrevidencia_10B.jpg","width":820,"height":574,"caption":"O esquema de Rodrigo Maia contra Bolsonaro: Roberto Jefferson fez uma declara\u00e7\u00e3o \u00f3bvia e pol\u00eamica sobre a din\u00e2mica de poder articulada por Maia"},{"@type":"BreadcrumbList","@id":"https:\/\/www.p31noticias.com.br\/?p=4537#breadcrumb","itemListElement":[{"@type":"ListItem","position":1,"name":"In\u00edcio","item":"https:\/\/www.p31noticias.com.br\/"},{"@type":"ListItem","position":2,"name":"Revelado o esquema de Rodrigo Maia contra Bolsonaro"}]},{"@type":"WebSite","@id":"https:\/\/www.p31noticias.com.br\/#website","url":"https:\/\/www.p31noticias.com.br\/","name":"P31","description":"NOT\u00cdCIAS","potentialAction":[{"@type":"SearchAction","target":{"@type":"EntryPoint","urlTemplate":"https:\/\/www.p31noticias.com.br\/?s={search_term_string}"},"query-input":{"@type":"PropertyValueSpecification","valueRequired":true,"valueName":"search_term_string"}}],"inLanguage":"pt-BR"},{"@type":"Person","@id":"https:\/\/www.p31noticias.com.br\/#\/schema\/person\/77d6b186c710ac38937c6ec204fdd387","name":"Reda\u00e7\u00e3o JBN","image":{"@type":"ImageObject","inLanguage":"pt-BR","@id":"https:\/\/secure.gravatar.com\/avatar\/10fcdb93211f98cce3d64c0795b0915a9a4a21dc0f279238995a3dbfafcad090?s=96&d=mm&r=g","url":"https:\/\/secure.gravatar.com\/avatar\/10fcdb93211f98cce3d64c0795b0915a9a4a21dc0f279238995a3dbfafcad090?s=96&d=mm&r=g","contentUrl":"https:\/\/secure.gravatar.com\/avatar\/10fcdb93211f98cce3d64c0795b0915a9a4a21dc0f279238995a3dbfafcad090?s=96&d=mm&r=g","caption":"Reda\u00e7\u00e3o JBN"},"sameAs":["https:\/\/p31noticias.com.br"],"url":"https:\/\/www.p31noticias.com.br\/?author=18"}]}},"amp_enabled":true,"_links":{"self":[{"href":"https:\/\/www.p31noticias.com.br\/index.php?rest_route=\/wp\/v2\/posts\/4537","targetHints":{"allow":["GET"]}}],"collection":[{"href":"https:\/\/www.p31noticias.com.br\/index.php?rest_route=\/wp\/v2\/posts"}],"about":[{"href":"https:\/\/www.p31noticias.com.br\/index.php?rest_route=\/wp\/v2\/types\/post"}],"author":[{"embeddable":true,"href":"https:\/\/www.p31noticias.com.br\/index.php?rest_route=\/wp\/v2\/users\/18"}],"replies":[{"embeddable":true,"href":"https:\/\/www.p31noticias.com.br\/index.php?rest_route=%2Fwp%2Fv2%2Fcomments&post=4537"}],"version-history":[{"count":0,"href":"https:\/\/www.p31noticias.com.br\/index.php?rest_route=\/wp\/v2\/posts\/4537\/revisions"}],"wp:featuredmedia":[{"embeddable":true,"href":"https:\/\/www.p31noticias.com.br\/index.php?rest_route=\/wp\/v2\/media\/4538"}],"wp:attachment":[{"href":"https:\/\/www.p31noticias.com.br\/index.php?rest_route=%2Fwp%2Fv2%2Fmedia&parent=4537"}],"wp:term":[{"taxonomy":"category","embeddable":true,"href":"https:\/\/www.p31noticias.com.br\/index.php?rest_route=%2Fwp%2Fv2%2Fcategories&post=4537"},{"taxonomy":"post_tag","embeddable":true,"href":"https:\/\/www.p31noticias.com.br\/index.php?rest_route=%2Fwp%2Fv2%2Ftags&post=4537"}],"curies":[{"name":"wp","href":"https:\/\/api.w.org\/{rel}","templated":true}]}}