{"id":4534,"date":"2020-04-20T15:49:54","date_gmt":"2020-04-20T18:49:54","guid":{"rendered":"https:\/\/juniortakamoto.com.br\/?p=4534"},"modified":"2020-04-20T15:49:54","modified_gmt":"2020-04-20T18:49:54","slug":"os-egoistas-defendem-a-quarentena","status":"publish","type":"post","link":"https:\/\/www.p31noticias.com.br\/?p=4534","title":{"rendered":"Os ego\u00edstas defendem a quarentena!"},"content":{"rendered":"<p>Sobre a quarentena: Quando vejo gente dizendo que Bolsonaro deveria submeter a administra\u00e7\u00e3o do pa\u00eds inteiro \u00e0s autoridades sanit\u00e1rias por causa do coronav\u00edrus, penso: que tipo de gente, quando fica doente, entrega a administra\u00e7\u00e3o da sua casa, das suas finan\u00e7as, ao m\u00e9dico?<\/p>\n<p>Acho ainda mais estranho quando as autoridades em quest\u00e3o s\u00e3o as da Organiza\u00e7\u00e3o Mundial da Sa\u00fade, \u00f3rg\u00e3o que deixou o coronav\u00edrus se espalhar pelo mundo.<\/p>\n<p>Quem defende a quarentena total, ao custo de jogar dezenas de milh\u00f5es de pessoas na pobreza e na mis\u00e9ria, com certeza n\u00e3o \u00e9 quem se v\u00ea no risco de ficar na pobreza e na mis\u00e9ria.<\/p>\n<p>Os defensores das medidas das severas restritivas s\u00e3o pessoas de classe m\u00e9dia para cima, que temem ficar sem leito de hospital, mas n\u00e3o temem morrer de forme ou passar graves priva\u00e7\u00f5es, mesmo que percam poder de compra na crise.<\/p>\n<p>Os defensores da &#8220;quarentena a qualquer pre\u00e7o&#8221;, na realidade, s\u00e3o ego\u00edstas e dissimulados.<\/p>\n<p>Primeiro por que podem pagar o pre\u00e7o. Segundo por que se escondem atr\u00e1s de frases feitas como &#8220;importante \u00e9 salvar vidas&#8221;, fazendo de conta que a sa\u00fade n\u00e3o depende de v\u00e1rios de fatores intrinsecamente ligados ao desenvolvimento econ\u00f4mico.<\/p>\n<p>\u00c9 f\u00e1cil defender um rem\u00e9dio que ter\u00e1 efeito colateral pior do que a doen\u00e7a, desde que a parte mais grave desse efeito fique nas costas dos outros, no caso, dos mais pobres.<\/p>\n<p>Ainda mais quando se pode fazer isso &#8220;em defesa da vida&#8221;, no caso, da pr\u00f3pria vida.<\/p>\n<p>Quem se encaixa nesse perfil, n\u00e3o precisa se envergonhar. \u00c9 normal, num momento como esse, pessoas entrarem no modo &#8220;cada um por si&#8221;.<\/p>\n<p>S\u00f3 n\u00e3o precisa posar de altru\u00edsta.<\/p>\n<p>Afinal, de hip\u00f3critas e dissimulados j\u00e1 bastam os pol\u00edticos, que se aproveitam da pandemia para fazer compras sem licita\u00e7\u00e3o e palanque em cima de caix\u00e3o.<\/p>\n","protected":false},"excerpt":{"rendered":"<p>Sobre a quarentena: Quando vejo gente dizendo que Bolsonaro deveria submeter a administra\u00e7\u00e3o do pa\u00eds inteiro \u00e0s autoridades sanit\u00e1rias por causa do coronav\u00edrus, penso: que tipo de gente, quando fica doente, entrega a administra\u00e7\u00e3o da sua casa, das suas finan\u00e7as, ao m\u00e9dico? Acho ainda mais estranho quando as autoridades em quest\u00e3o s\u00e3o as da Organiza\u00e7\u00e3o [&hellip;]<\/p>\n","protected":false},"author":18,"featured_media":4535,"comment_status":"open","ping_status":"open","sticky":false,"template":"","format":"standard","meta":{"footnotes":""},"categories":[57],"tags":[444,429,430,447,485,437,486,487,432],"class_list":{"0":"post-4534","1":"post","2":"type-post","3":"status-publish","4":"format-standard","5":"has-post-thumbnail","7":"category-politica","8":"tag-cloroquina","9":"tag-coronavirus","10":"tag-covid-19","11":"tag-hidroxicloroquina","12":"tag-isolamento-social","13":"tag-quarentena","14":"tag-quarentena-horizontal","15":"tag-quarentena-vertical","16":"tag-vacina-do-coronavirus"},"yoast_head":"<!-- This site is optimized with the Yoast SEO Premium plugin v24.5 (Yoast SEO v27.5) - https:\/\/yoast.com\/product\/yoast-seo-premium-wordpress\/ -->\n<title>Os ego\u00edstas defendem a quarentena! - P31<\/title>\n<meta name=\"description\" content=\"Sobre a quarentena: Quando vejo gente dizendo que Bolsonaro deveria submeter a administra\u00e7\u00e3o do pa\u00eds inteiro \u00e0s autoridades sanit\u00e1rias\" \/>\n<meta name=\"robots\" content=\"index, follow, max-snippet:-1, max-image-preview:large, max-video-preview:-1\" \/>\n<link rel=\"canonical\" href=\"https:\/\/www.p31noticias.com.br\/?p=4534\" \/>\n<meta property=\"og:locale\" content=\"pt_BR\" \/>\n<meta property=\"og:type\" content=\"article\" \/>\n<meta property=\"og:title\" content=\"Os ego\u00edstas defendem a quarentena!\" \/>\n<meta property=\"og:description\" content=\"Sobre a quarentena: Quando vejo gente dizendo que Bolsonaro deveria submeter a administra\u00e7\u00e3o do pa\u00eds inteiro \u00e0s autoridades sanit\u00e1rias\" \/>\n<meta property=\"og:url\" content=\"https:\/\/www.p31noticias.com.br\/?p=4534\" \/>\n<meta property=\"og:site_name\" content=\"P31\" \/>\n<meta property=\"article:published_time\" content=\"2020-04-20T18:49:54+00:00\" \/>\n<meta property=\"og:image\" content=\"https:\/\/www.p31noticias.com.br\/wp-content\/uploads\/2020\/04\/1587392219_5e9daedb15a83.jpeg\" \/>\n\t<meta property=\"og:image:width\" content=\"1300\" \/>\n\t<meta property=\"og:image:height\" content=\"691\" \/>\n\t<meta property=\"og:image:type\" content=\"image\/jpeg\" \/>\n<meta name=\"author\" content=\"Reda\u00e7\u00e3o JBN\" \/>\n<meta name=\"twitter:card\" content=\"summary_large_image\" \/>\n<meta name=\"twitter:label1\" content=\"Escrito por\" \/>\n\t<meta name=\"twitter:data1\" content=\"Reda\u00e7\u00e3o JBN\" \/>\n\t<meta name=\"twitter:label2\" content=\"Est. tempo de leitura\" \/>\n\t<meta name=\"twitter:data2\" content=\"2 minutos\" \/>\n<script type=\"application\/ld+json\" class=\"yoast-schema-graph\">{\"@context\":\"https:\\\/\\\/schema.org\",\"@graph\":[{\"@type\":\"Article\",\"@id\":\"https:\\\/\\\/www.p31noticias.com.br\\\/?p=4534#article\",\"isPartOf\":{\"@id\":\"https:\\\/\\\/www.p31noticias.com.br\\\/?p=4534\"},\"author\":{\"name\":\"Reda\u00e7\u00e3o JBN\",\"@id\":\"https:\\\/\\\/www.p31noticias.com.br\\\/#\\\/schema\\\/person\\\/77d6b186c710ac38937c6ec204fdd387\"},\"headline\":\"Os ego\u00edstas defendem a quarentena!\",\"datePublished\":\"2020-04-20T18:49:54+00:00\",\"mainEntityOfPage\":{\"@id\":\"https:\\\/\\\/www.p31noticias.com.br\\\/?p=4534\"},\"wordCount\":337,\"commentCount\":0,\"image\":{\"@id\":\"https:\\\/\\\/www.p31noticias.com.br\\\/?p=4534#primaryimage\"},\"thumbnailUrl\":\"https:\\\/\\\/www.p31noticias.com.br\\\/wp-content\\\/uploads\\\/2020\\\/04\\\/1587392219_5e9daedb15a83.jpeg\",\"keywords\":[\"cloroquina\",\"Coronav\u00edrus\",\"Covid-19\",\"hidroxicloroquina\",\"isolamento social\",\"quarentena\",\"quarentena horizontal\",\"quarentena vertical\",\"vacina do coronav\u00edrus\"],\"articleSection\":[\"Pol\u00edtica\"],\"inLanguage\":\"pt-BR\",\"potentialAction\":[{\"@type\":\"CommentAction\",\"name\":\"Comment\",\"target\":[\"https:\\\/\\\/www.p31noticias.com.br\\\/?p=4534#respond\"]}],\"copyrightYear\":\"2020\",\"copyrightHolder\":{\"@id\":\"https:\\\/\\\/www.p31noticias.com.br\\\/#organization\"}},{\"@type\":\"WebPage\",\"@id\":\"https:\\\/\\\/www.p31noticias.com.br\\\/?p=4534\",\"url\":\"https:\\\/\\\/www.p31noticias.com.br\\\/?p=4534\",\"name\":\"Os ego\u00edstas defendem a quarentena! - P31\",\"isPartOf\":{\"@id\":\"https:\\\/\\\/www.p31noticias.com.br\\\/#website\"},\"primaryImageOfPage\":{\"@id\":\"https:\\\/\\\/www.p31noticias.com.br\\\/?p=4534#primaryimage\"},\"image\":{\"@id\":\"https:\\\/\\\/www.p31noticias.com.br\\\/?p=4534#primaryimage\"},\"thumbnailUrl\":\"https:\\\/\\\/www.p31noticias.com.br\\\/wp-content\\\/uploads\\\/2020\\\/04\\\/1587392219_5e9daedb15a83.jpeg\",\"datePublished\":\"2020-04-20T18:49:54+00:00\",\"author\":{\"@id\":\"https:\\\/\\\/www.p31noticias.com.br\\\/#\\\/schema\\\/person\\\/77d6b186c710ac38937c6ec204fdd387\"},\"description\":\"Sobre a quarentena: Quando vejo gente dizendo que Bolsonaro deveria submeter a administra\u00e7\u00e3o do pa\u00eds inteiro \u00e0s autoridades sanit\u00e1rias\",\"breadcrumb\":{\"@id\":\"https:\\\/\\\/www.p31noticias.com.br\\\/?p=4534#breadcrumb\"},\"inLanguage\":\"pt-BR\",\"potentialAction\":[{\"@type\":\"ReadAction\",\"target\":[\"https:\\\/\\\/www.p31noticias.com.br\\\/?p=4534\"]}]},{\"@type\":\"ImageObject\",\"inLanguage\":\"pt-BR\",\"@id\":\"https:\\\/\\\/www.p31noticias.com.br\\\/?p=4534#primaryimage\",\"url\":\"https:\\\/\\\/www.p31noticias.com.br\\\/wp-content\\\/uploads\\\/2020\\\/04\\\/1587392219_5e9daedb15a83.jpeg\",\"contentUrl\":\"https:\\\/\\\/www.p31noticias.com.br\\\/wp-content\\\/uploads\\\/2020\\\/04\\\/1587392219_5e9daedb15a83.jpeg\",\"width\":1300,\"height\":691,\"caption\":\"quarentena\"},{\"@type\":\"BreadcrumbList\",\"@id\":\"https:\\\/\\\/www.p31noticias.com.br\\\/?p=4534#breadcrumb\",\"itemListElement\":[{\"@type\":\"ListItem\",\"position\":1,\"name\":\"In\u00edcio\",\"item\":\"https:\\\/\\\/www.p31noticias.com.br\\\/\"},{\"@type\":\"ListItem\",\"position\":2,\"name\":\"Os ego\u00edstas defendem a quarentena!\"}]},{\"@type\":\"WebSite\",\"@id\":\"https:\\\/\\\/www.p31noticias.com.br\\\/#website\",\"url\":\"https:\\\/\\\/www.p31noticias.com.br\\\/\",\"name\":\"P31\",\"description\":\"NOT\u00cdCIAS\",\"potentialAction\":[{\"@type\":\"SearchAction\",\"target\":{\"@type\":\"EntryPoint\",\"urlTemplate\":\"https:\\\/\\\/www.p31noticias.com.br\\\/?s={search_term_string}\"},\"query-input\":{\"@type\":\"PropertyValueSpecification\",\"valueRequired\":true,\"valueName\":\"search_term_string\"}}],\"inLanguage\":\"pt-BR\"},{\"@type\":\"Person\",\"@id\":\"https:\\\/\\\/www.p31noticias.com.br\\\/#\\\/schema\\\/person\\\/77d6b186c710ac38937c6ec204fdd387\",\"name\":\"Reda\u00e7\u00e3o JBN\",\"image\":{\"@type\":\"ImageObject\",\"inLanguage\":\"pt-BR\",\"@id\":\"https:\\\/\\\/secure.gravatar.com\\\/avatar\\\/10fcdb93211f98cce3d64c0795b0915a9a4a21dc0f279238995a3dbfafcad090?s=96&d=mm&r=g\",\"url\":\"https:\\\/\\\/secure.gravatar.com\\\/avatar\\\/10fcdb93211f98cce3d64c0795b0915a9a4a21dc0f279238995a3dbfafcad090?s=96&d=mm&r=g\",\"contentUrl\":\"https:\\\/\\\/secure.gravatar.com\\\/avatar\\\/10fcdb93211f98cce3d64c0795b0915a9a4a21dc0f279238995a3dbfafcad090?s=96&d=mm&r=g\",\"caption\":\"Reda\u00e7\u00e3o JBN\"},\"sameAs\":[\"https:\\\/\\\/p31noticias.com.br\"],\"url\":\"https:\\\/\\\/www.p31noticias.com.br\\\/?author=18\"}]}<\/script>\n<!-- \/ Yoast SEO Premium plugin. -->","yoast_head_json":{"title":"Os ego\u00edstas defendem a quarentena! - P31","description":"Sobre a quarentena: Quando vejo gente dizendo que Bolsonaro deveria submeter a administra\u00e7\u00e3o do pa\u00eds inteiro \u00e0s autoridades sanit\u00e1rias","robots":{"index":"index","follow":"follow","max-snippet":"max-snippet:-1","max-image-preview":"max-image-preview:large","max-video-preview":"max-video-preview:-1"},"canonical":"https:\/\/www.p31noticias.com.br\/?p=4534","og_locale":"pt_BR","og_type":"article","og_title":"Os ego\u00edstas defendem a quarentena!","og_description":"Sobre a quarentena: Quando vejo gente dizendo que Bolsonaro deveria submeter a administra\u00e7\u00e3o do pa\u00eds inteiro \u00e0s autoridades sanit\u00e1rias","og_url":"https:\/\/www.p31noticias.com.br\/?p=4534","og_site_name":"P31","article_published_time":"2020-04-20T18:49:54+00:00","og_image":[{"width":1300,"height":691,"url":"https:\/\/www.p31noticias.com.br\/wp-content\/uploads\/2020\/04\/1587392219_5e9daedb15a83.jpeg","type":"image\/jpeg"}],"author":"Reda\u00e7\u00e3o JBN","twitter_card":"summary_large_image","twitter_misc":{"Escrito por":"Reda\u00e7\u00e3o JBN","Est. tempo de leitura":"2 minutos"},"schema":{"@context":"https:\/\/schema.org","@graph":[{"@type":"Article","@id":"https:\/\/www.p31noticias.com.br\/?p=4534#article","isPartOf":{"@id":"https:\/\/www.p31noticias.com.br\/?p=4534"},"author":{"name":"Reda\u00e7\u00e3o JBN","@id":"https:\/\/www.p31noticias.com.br\/#\/schema\/person\/77d6b186c710ac38937c6ec204fdd387"},"headline":"Os ego\u00edstas defendem a quarentena!","datePublished":"2020-04-20T18:49:54+00:00","mainEntityOfPage":{"@id":"https:\/\/www.p31noticias.com.br\/?p=4534"},"wordCount":337,"commentCount":0,"image":{"@id":"https:\/\/www.p31noticias.com.br\/?p=4534#primaryimage"},"thumbnailUrl":"https:\/\/www.p31noticias.com.br\/wp-content\/uploads\/2020\/04\/1587392219_5e9daedb15a83.jpeg","keywords":["cloroquina","Coronav\u00edrus","Covid-19","hidroxicloroquina","isolamento social","quarentena","quarentena horizontal","quarentena vertical","vacina do coronav\u00edrus"],"articleSection":["Pol\u00edtica"],"inLanguage":"pt-BR","potentialAction":[{"@type":"CommentAction","name":"Comment","target":["https:\/\/www.p31noticias.com.br\/?p=4534#respond"]}],"copyrightYear":"2020","copyrightHolder":{"@id":"https:\/\/www.p31noticias.com.br\/#organization"}},{"@type":"WebPage","@id":"https:\/\/www.p31noticias.com.br\/?p=4534","url":"https:\/\/www.p31noticias.com.br\/?p=4534","name":"Os ego\u00edstas defendem a quarentena! - P31","isPartOf":{"@id":"https:\/\/www.p31noticias.com.br\/#website"},"primaryImageOfPage":{"@id":"https:\/\/www.p31noticias.com.br\/?p=4534#primaryimage"},"image":{"@id":"https:\/\/www.p31noticias.com.br\/?p=4534#primaryimage"},"thumbnailUrl":"https:\/\/www.p31noticias.com.br\/wp-content\/uploads\/2020\/04\/1587392219_5e9daedb15a83.jpeg","datePublished":"2020-04-20T18:49:54+00:00","author":{"@id":"https:\/\/www.p31noticias.com.br\/#\/schema\/person\/77d6b186c710ac38937c6ec204fdd387"},"description":"Sobre a quarentena: Quando vejo gente dizendo que Bolsonaro deveria submeter a administra\u00e7\u00e3o do pa\u00eds inteiro \u00e0s autoridades sanit\u00e1rias","breadcrumb":{"@id":"https:\/\/www.p31noticias.com.br\/?p=4534#breadcrumb"},"inLanguage":"pt-BR","potentialAction":[{"@type":"ReadAction","target":["https:\/\/www.p31noticias.com.br\/?p=4534"]}]},{"@type":"ImageObject","inLanguage":"pt-BR","@id":"https:\/\/www.p31noticias.com.br\/?p=4534#primaryimage","url":"https:\/\/www.p31noticias.com.br\/wp-content\/uploads\/2020\/04\/1587392219_5e9daedb15a83.jpeg","contentUrl":"https:\/\/www.p31noticias.com.br\/wp-content\/uploads\/2020\/04\/1587392219_5e9daedb15a83.jpeg","width":1300,"height":691,"caption":"quarentena"},{"@type":"BreadcrumbList","@id":"https:\/\/www.p31noticias.com.br\/?p=4534#breadcrumb","itemListElement":[{"@type":"ListItem","position":1,"name":"In\u00edcio","item":"https:\/\/www.p31noticias.com.br\/"},{"@type":"ListItem","position":2,"name":"Os ego\u00edstas defendem a quarentena!"}]},{"@type":"WebSite","@id":"https:\/\/www.p31noticias.com.br\/#website","url":"https:\/\/www.p31noticias.com.br\/","name":"P31","description":"NOT\u00cdCIAS","potentialAction":[{"@type":"SearchAction","target":{"@type":"EntryPoint","urlTemplate":"https:\/\/www.p31noticias.com.br\/?s={search_term_string}"},"query-input":{"@type":"PropertyValueSpecification","valueRequired":true,"valueName":"search_term_string"}}],"inLanguage":"pt-BR"},{"@type":"Person","@id":"https:\/\/www.p31noticias.com.br\/#\/schema\/person\/77d6b186c710ac38937c6ec204fdd387","name":"Reda\u00e7\u00e3o JBN","image":{"@type":"ImageObject","inLanguage":"pt-BR","@id":"https:\/\/secure.gravatar.com\/avatar\/10fcdb93211f98cce3d64c0795b0915a9a4a21dc0f279238995a3dbfafcad090?s=96&d=mm&r=g","url":"https:\/\/secure.gravatar.com\/avatar\/10fcdb93211f98cce3d64c0795b0915a9a4a21dc0f279238995a3dbfafcad090?s=96&d=mm&r=g","contentUrl":"https:\/\/secure.gravatar.com\/avatar\/10fcdb93211f98cce3d64c0795b0915a9a4a21dc0f279238995a3dbfafcad090?s=96&d=mm&r=g","caption":"Reda\u00e7\u00e3o JBN"},"sameAs":["https:\/\/p31noticias.com.br"],"url":"https:\/\/www.p31noticias.com.br\/?author=18"}]}},"amp_enabled":true,"_links":{"self":[{"href":"https:\/\/www.p31noticias.com.br\/index.php?rest_route=\/wp\/v2\/posts\/4534","targetHints":{"allow":["GET"]}}],"collection":[{"href":"https:\/\/www.p31noticias.com.br\/index.php?rest_route=\/wp\/v2\/posts"}],"about":[{"href":"https:\/\/www.p31noticias.com.br\/index.php?rest_route=\/wp\/v2\/types\/post"}],"author":[{"embeddable":true,"href":"https:\/\/www.p31noticias.com.br\/index.php?rest_route=\/wp\/v2\/users\/18"}],"replies":[{"embeddable":true,"href":"https:\/\/www.p31noticias.com.br\/index.php?rest_route=%2Fwp%2Fv2%2Fcomments&post=4534"}],"version-history":[{"count":0,"href":"https:\/\/www.p31noticias.com.br\/index.php?rest_route=\/wp\/v2\/posts\/4534\/revisions"}],"wp:featuredmedia":[{"embeddable":true,"href":"https:\/\/www.p31noticias.com.br\/index.php?rest_route=\/wp\/v2\/media\/4535"}],"wp:attachment":[{"href":"https:\/\/www.p31noticias.com.br\/index.php?rest_route=%2Fwp%2Fv2%2Fmedia&parent=4534"}],"wp:term":[{"taxonomy":"category","embeddable":true,"href":"https:\/\/www.p31noticias.com.br\/index.php?rest_route=%2Fwp%2Fv2%2Fcategories&post=4534"},{"taxonomy":"post_tag","embeddable":true,"href":"https:\/\/www.p31noticias.com.br\/index.php?rest_route=%2Fwp%2Fv2%2Ftags&post=4534"}],"curies":[{"name":"wp","href":"https:\/\/api.w.org\/{rel}","templated":true}]}}