{"id":45120,"date":"2024-03-26T10:30:05","date_gmt":"2024-03-26T13:30:05","guid":{"rendered":"https:\/\/p31noticias.com.br\/evento-comemora-o-dia-do-ouvidoria\/"},"modified":"2024-03-26T10:30:05","modified_gmt":"2024-03-26T13:30:05","slug":"evento-comemora-o-dia-do-ouvidoria","status":"publish","type":"post","link":"https:\/\/www.p31noticias.com.br\/?p=45120","title":{"rendered":"Evento comemora o Dia do Ouvidoria"},"content":{"rendered":"<p>A Secretaria de Administra\u00e7\u00e3o Penitenci\u00e1ria do Distrito Federal (Seape-DF) participou, nesta segunda-feira (25), de evento idealizado pela Controladoria Geral do DF (CGDF) em comemora\u00e7\u00e3o ao Dia da Ouvidoria. Na ocasi\u00e3o, ouvidores de diversos setores puderam trocar experi\u00eancias sobre os atendimentos realizados nas respectivas \u00e1reas. Os ganhadores do concurso Boa Pr\u00e1ticas em Ouvidoria P\u00fablica de 2023 [\u2026]<\/p>\n<p>O post <a href=\"https:\/\/www.delioandrade.com.br\/evento-comemora-o-dia-do-ouvidoria\/\">Evento comemora o Dia do Ouvidoria<\/a> apareceu primeiro em <a href=\"https:\/\/www.delioandrade.com.br\/\">Blog do D\u00c9LIO ANDRADE<\/a>.<\/p>\n","protected":false},"excerpt":{"rendered":"<p>A Secretaria de Administra\u00e7\u00e3o Penitenci\u00e1ria do Distrito Federal (Seape-DF) participou, nesta segunda-feira (25), de evento idealizado pela Controladoria Geral do DF (CGDF) em comemora\u00e7\u00e3o ao Dia da Ouvidoria. Na ocasi\u00e3o, ouvidores de diversos setores puderam trocar experi\u00eancias sobre os atendimentos realizados nas respectivas \u00e1reas. Os ganhadores do concurso Boa Pr\u00e1ticas em Ouvidoria P\u00fablica de 2023 [&hellip;]<\/p>\n","protected":false},"author":0,"featured_media":45121,"comment_status":"open","ping_status":"open","sticky":false,"template":"","format":"standard","meta":{"footnotes":""},"categories":[21],"tags":[],"class_list":{"0":"post-45120","1":"post","2":"type-post","3":"status-publish","4":"format-standard","5":"has-post-thumbnail","7":"category-brasilia"},"yoast_head":"<!-- This site is optimized with the Yoast SEO Premium plugin v24.5 (Yoast SEO v27.4) - https:\/\/yoast.com\/product\/yoast-seo-premium-wordpress\/ -->\n<title>Evento comemora o Dia do Ouvidoria - P31<\/title>\n<meta name=\"robots\" content=\"index, follow, max-snippet:-1, max-image-preview:large, max-video-preview:-1\" \/>\n<link rel=\"canonical\" href=\"https:\/\/www.p31noticias.com.br\/?p=45120\" \/>\n<meta property=\"og:locale\" content=\"pt_BR\" \/>\n<meta property=\"og:type\" content=\"article\" \/>\n<meta property=\"og:title\" content=\"Evento comemora o Dia do Ouvidoria\" \/>\n<meta property=\"og:description\" content=\"A Secretaria de Administra\u00e7\u00e3o Penitenci\u00e1ria do Distrito Federal (Seape-DF) participou, nesta segunda-feira (25), de evento idealizado pela Controladoria Geral do DF (CGDF) em comemora\u00e7\u00e3o ao Dia da Ouvidoria. Na ocasi\u00e3o, ouvidores de diversos setores puderam trocar experi\u00eancias sobre os atendimentos realizados nas respectivas \u00e1reas. Os ganhadores do concurso Boa Pr\u00e1ticas em Ouvidoria P\u00fablica de 2023 [&hellip;]\" \/>\n<meta property=\"og:url\" content=\"https:\/\/www.p31noticias.com.br\/?p=45120\" \/>\n<meta property=\"og:site_name\" content=\"P31\" \/>\n<meta property=\"article:published_time\" content=\"2024-03-26T13:30:05+00:00\" \/>\n<meta property=\"og:image\" content=\"https:\/\/www.p31noticias.com.br\/wp-content\/uploads\/2024\/03\/WhatsApp-Image-2024-03-25-at-17.35.25-225x300-yCdFWL-150x150-WZow8J.jpeg\" \/>\n\t<meta property=\"og:image:width\" content=\"150\" \/>\n\t<meta property=\"og:image:height\" content=\"150\" \/>\n\t<meta property=\"og:image:type\" content=\"image\/jpeg\" \/>\n<meta name=\"twitter:card\" content=\"summary_large_image\" \/>\n<script type=\"application\/ld+json\" class=\"yoast-schema-graph\">{\"@context\":\"https:\\\/\\\/schema.org\",\"@graph\":[{\"@type\":\"Article\",\"@id\":\"https:\\\/\\\/www.p31noticias.com.br\\\/?p=45120#article\",\"isPartOf\":{\"@id\":\"https:\\\/\\\/www.p31noticias.com.br\\\/?p=45120\"},\"author\":{\"name\":\"\",\"@id\":\"\"},\"headline\":\"Evento comemora o Dia do Ouvidoria\",\"datePublished\":\"2024-03-26T13:30:05+00:00\",\"mainEntityOfPage\":{\"@id\":\"https:\\\/\\\/www.p31noticias.com.br\\\/?p=45120\"},\"wordCount\":82,\"commentCount\":0,\"image\":{\"@id\":\"https:\\\/\\\/www.p31noticias.com.br\\\/?p=45120#primaryimage\"},\"thumbnailUrl\":\"https:\\\/\\\/www.p31noticias.com.br\\\/wp-content\\\/uploads\\\/2024\\\/03\\\/WhatsApp-Image-2024-03-25-at-17.35.25-225x300-yCdFWL-150x150-WZow8J.jpeg\",\"articleSection\":[\"Bras\u00edlia\"],\"inLanguage\":\"pt-BR\",\"potentialAction\":[{\"@type\":\"CommentAction\",\"name\":\"Comment\",\"target\":[\"https:\\\/\\\/www.p31noticias.com.br\\\/?p=45120#respond\"]}],\"copyrightYear\":\"2024\",\"copyrightHolder\":{\"@id\":\"https:\\\/\\\/www.p31noticias.com.br\\\/#organization\"}},{\"@type\":\"WebPage\",\"@id\":\"https:\\\/\\\/www.p31noticias.com.br\\\/?p=45120\",\"url\":\"https:\\\/\\\/www.p31noticias.com.br\\\/?p=45120\",\"name\":\"Evento comemora o Dia do Ouvidoria - P31\",\"isPartOf\":{\"@id\":\"https:\\\/\\\/www.p31noticias.com.br\\\/#website\"},\"primaryImageOfPage\":{\"@id\":\"https:\\\/\\\/www.p31noticias.com.br\\\/?p=45120#primaryimage\"},\"image\":{\"@id\":\"https:\\\/\\\/www.p31noticias.com.br\\\/?p=45120#primaryimage\"},\"thumbnailUrl\":\"https:\\\/\\\/www.p31noticias.com.br\\\/wp-content\\\/uploads\\\/2024\\\/03\\\/WhatsApp-Image-2024-03-25-at-17.35.25-225x300-yCdFWL-150x150-WZow8J.jpeg\",\"datePublished\":\"2024-03-26T13:30:05+00:00\",\"author\":{\"@id\":\"\"},\"breadcrumb\":{\"@id\":\"https:\\\/\\\/www.p31noticias.com.br\\\/?p=45120#breadcrumb\"},\"inLanguage\":\"pt-BR\",\"potentialAction\":[{\"@type\":\"ReadAction\",\"target\":[\"https:\\\/\\\/www.p31noticias.com.br\\\/?p=45120\"]}]},{\"@type\":\"ImageObject\",\"inLanguage\":\"pt-BR\",\"@id\":\"https:\\\/\\\/www.p31noticias.com.br\\\/?p=45120#primaryimage\",\"url\":\"https:\\\/\\\/www.p31noticias.com.br\\\/wp-content\\\/uploads\\\/2024\\\/03\\\/WhatsApp-Image-2024-03-25-at-17.35.25-225x300-yCdFWL-150x150-WZow8J.jpeg\",\"contentUrl\":\"https:\\\/\\\/www.p31noticias.com.br\\\/wp-content\\\/uploads\\\/2024\\\/03\\\/WhatsApp-Image-2024-03-25-at-17.35.25-225x300-yCdFWL-150x150-WZow8J.jpeg\",\"width\":150,\"height\":150},{\"@type\":\"BreadcrumbList\",\"@id\":\"https:\\\/\\\/www.p31noticias.com.br\\\/?p=45120#breadcrumb\",\"itemListElement\":[{\"@type\":\"ListItem\",\"position\":1,\"name\":\"In\u00edcio\",\"item\":\"https:\\\/\\\/www.p31noticias.com.br\\\/\"},{\"@type\":\"ListItem\",\"position\":2,\"name\":\"Evento comemora o Dia do Ouvidoria\"}]},{\"@type\":\"WebSite\",\"@id\":\"https:\\\/\\\/www.p31noticias.com.br\\\/#website\",\"url\":\"https:\\\/\\\/www.p31noticias.com.br\\\/\",\"name\":\"P31\",\"description\":\"NOT\u00cdCIAS\",\"potentialAction\":[{\"@type\":\"SearchAction\",\"target\":{\"@type\":\"EntryPoint\",\"urlTemplate\":\"https:\\\/\\\/www.p31noticias.com.br\\\/?s={search_term_string}\"},\"query-input\":{\"@type\":\"PropertyValueSpecification\",\"valueRequired\":true,\"valueName\":\"search_term_string\"}}],\"inLanguage\":\"pt-BR\"}]}<\/script>\n<!-- \/ Yoast SEO Premium plugin. -->","yoast_head_json":{"title":"Evento comemora o Dia do Ouvidoria - P31","robots":{"index":"index","follow":"follow","max-snippet":"max-snippet:-1","max-image-preview":"max-image-preview:large","max-video-preview":"max-video-preview:-1"},"canonical":"https:\/\/www.p31noticias.com.br\/?p=45120","og_locale":"pt_BR","og_type":"article","og_title":"Evento comemora o Dia do Ouvidoria","og_description":"A Secretaria de Administra\u00e7\u00e3o Penitenci\u00e1ria do Distrito Federal (Seape-DF) participou, nesta segunda-feira (25), de evento idealizado pela Controladoria Geral do DF (CGDF) em comemora\u00e7\u00e3o ao Dia da Ouvidoria. Na ocasi\u00e3o, ouvidores de diversos setores puderam trocar experi\u00eancias sobre os atendimentos realizados nas respectivas \u00e1reas. Os ganhadores do concurso Boa Pr\u00e1ticas em Ouvidoria P\u00fablica de 2023 [&hellip;]","og_url":"https:\/\/www.p31noticias.com.br\/?p=45120","og_site_name":"P31","article_published_time":"2024-03-26T13:30:05+00:00","og_image":[{"width":150,"height":150,"url":"https:\/\/www.p31noticias.com.br\/wp-content\/uploads\/2024\/03\/WhatsApp-Image-2024-03-25-at-17.35.25-225x300-yCdFWL-150x150-WZow8J.jpeg","type":"image\/jpeg"}],"twitter_card":"summary_large_image","schema":{"@context":"https:\/\/schema.org","@graph":[{"@type":"Article","@id":"https:\/\/www.p31noticias.com.br\/?p=45120#article","isPartOf":{"@id":"https:\/\/www.p31noticias.com.br\/?p=45120"},"author":{"name":"","@id":""},"headline":"Evento comemora o Dia do Ouvidoria","datePublished":"2024-03-26T13:30:05+00:00","mainEntityOfPage":{"@id":"https:\/\/www.p31noticias.com.br\/?p=45120"},"wordCount":82,"commentCount":0,"image":{"@id":"https:\/\/www.p31noticias.com.br\/?p=45120#primaryimage"},"thumbnailUrl":"https:\/\/www.p31noticias.com.br\/wp-content\/uploads\/2024\/03\/WhatsApp-Image-2024-03-25-at-17.35.25-225x300-yCdFWL-150x150-WZow8J.jpeg","articleSection":["Bras\u00edlia"],"inLanguage":"pt-BR","potentialAction":[{"@type":"CommentAction","name":"Comment","target":["https:\/\/www.p31noticias.com.br\/?p=45120#respond"]}],"copyrightYear":"2024","copyrightHolder":{"@id":"https:\/\/www.p31noticias.com.br\/#organization"}},{"@type":"WebPage","@id":"https:\/\/www.p31noticias.com.br\/?p=45120","url":"https:\/\/www.p31noticias.com.br\/?p=45120","name":"Evento comemora o Dia do Ouvidoria - P31","isPartOf":{"@id":"https:\/\/www.p31noticias.com.br\/#website"},"primaryImageOfPage":{"@id":"https:\/\/www.p31noticias.com.br\/?p=45120#primaryimage"},"image":{"@id":"https:\/\/www.p31noticias.com.br\/?p=45120#primaryimage"},"thumbnailUrl":"https:\/\/www.p31noticias.com.br\/wp-content\/uploads\/2024\/03\/WhatsApp-Image-2024-03-25-at-17.35.25-225x300-yCdFWL-150x150-WZow8J.jpeg","datePublished":"2024-03-26T13:30:05+00:00","author":{"@id":""},"breadcrumb":{"@id":"https:\/\/www.p31noticias.com.br\/?p=45120#breadcrumb"},"inLanguage":"pt-BR","potentialAction":[{"@type":"ReadAction","target":["https:\/\/www.p31noticias.com.br\/?p=45120"]}]},{"@type":"ImageObject","inLanguage":"pt-BR","@id":"https:\/\/www.p31noticias.com.br\/?p=45120#primaryimage","url":"https:\/\/www.p31noticias.com.br\/wp-content\/uploads\/2024\/03\/WhatsApp-Image-2024-03-25-at-17.35.25-225x300-yCdFWL-150x150-WZow8J.jpeg","contentUrl":"https:\/\/www.p31noticias.com.br\/wp-content\/uploads\/2024\/03\/WhatsApp-Image-2024-03-25-at-17.35.25-225x300-yCdFWL-150x150-WZow8J.jpeg","width":150,"height":150},{"@type":"BreadcrumbList","@id":"https:\/\/www.p31noticias.com.br\/?p=45120#breadcrumb","itemListElement":[{"@type":"ListItem","position":1,"name":"In\u00edcio","item":"https:\/\/www.p31noticias.com.br\/"},{"@type":"ListItem","position":2,"name":"Evento comemora o Dia do Ouvidoria"}]},{"@type":"WebSite","@id":"https:\/\/www.p31noticias.com.br\/#website","url":"https:\/\/www.p31noticias.com.br\/","name":"P31","description":"NOT\u00cdCIAS","potentialAction":[{"@type":"SearchAction","target":{"@type":"EntryPoint","urlTemplate":"https:\/\/www.p31noticias.com.br\/?s={search_term_string}"},"query-input":{"@type":"PropertyValueSpecification","valueRequired":true,"valueName":"search_term_string"}}],"inLanguage":"pt-BR"}]}},"amp_enabled":true,"_links":{"self":[{"href":"https:\/\/www.p31noticias.com.br\/index.php?rest_route=\/wp\/v2\/posts\/45120","targetHints":{"allow":["GET"]}}],"collection":[{"href":"https:\/\/www.p31noticias.com.br\/index.php?rest_route=\/wp\/v2\/posts"}],"about":[{"href":"https:\/\/www.p31noticias.com.br\/index.php?rest_route=\/wp\/v2\/types\/post"}],"replies":[{"embeddable":true,"href":"https:\/\/www.p31noticias.com.br\/index.php?rest_route=%2Fwp%2Fv2%2Fcomments&post=45120"}],"version-history":[{"count":0,"href":"https:\/\/www.p31noticias.com.br\/index.php?rest_route=\/wp\/v2\/posts\/45120\/revisions"}],"wp:featuredmedia":[{"embeddable":true,"href":"https:\/\/www.p31noticias.com.br\/index.php?rest_route=\/wp\/v2\/media\/45121"}],"wp:attachment":[{"href":"https:\/\/www.p31noticias.com.br\/index.php?rest_route=%2Fwp%2Fv2%2Fmedia&parent=45120"}],"wp:term":[{"taxonomy":"category","embeddable":true,"href":"https:\/\/www.p31noticias.com.br\/index.php?rest_route=%2Fwp%2Fv2%2Fcategories&post=45120"},{"taxonomy":"post_tag","embeddable":true,"href":"https:\/\/www.p31noticias.com.br\/index.php?rest_route=%2Fwp%2Fv2%2Ftags&post=45120"}],"curies":[{"name":"wp","href":"https:\/\/api.w.org\/{rel}","templated":true}]}}