{"id":45007,"date":"2024-03-25T17:30:13","date_gmt":"2024-03-25T20:30:13","guid":{"rendered":"https:\/\/p31noticias.com.br\/daniel-de-castro-pede-investigacao-sobre-atentado-a-bolsonaro-apos-prisao-no-caso-marielle\/"},"modified":"2024-03-25T17:30:13","modified_gmt":"2024-03-25T20:30:13","slug":"daniel-de-castro-pede-investigacao-sobre-atentado-a-bolsonaro-apos-prisao-no-caso-marielle","status":"publish","type":"post","link":"https:\/\/www.p31noticias.com.br\/?p=45007","title":{"rendered":"Daniel de Castro pede investiga\u00e7\u00e3o sobre atentado a Bolsonaro ap\u00f3s pris\u00e3o no caso Marielle"},"content":{"rendered":"<p>O deputado Pastor Daniel de Castro (Progressista) se manifestou ap\u00f3s a pris\u00e3o dos envolvidos nos assassinatos da vereadora Marielle Franco e do motorista Anderson Gomes, bem como na tentativa de homic\u00eddio da assessora Fernanda Chaves. Entre os detidos est\u00e3o Domingos Braz\u00e3o, atual conselheiro do Tribunal de Contas do Rio, Chiquinho Braz\u00e3o, deputado federal pelo Rio, [\u2026]<\/p>\n<p>O post <a href=\"https:\/\/www.delioandrade.com.br\/daniel-de-castro-pede-investigacao-sobre-atentado-a-bolsonaro-apos-prisao-no-caso-marielle\/\">Daniel de Castro pede investiga\u00e7\u00e3o sobre atentado a Bolsonaro ap\u00f3s pris\u00e3o no caso Marielle<\/a> apareceu primeiro em <a href=\"https:\/\/www.delioandrade.com.br\/\">Blog do D\u00c9LIO ANDRADE<\/a>.<\/p>\n","protected":false},"excerpt":{"rendered":"<p>O deputado Pastor Daniel de Castro (Progressista) se manifestou ap\u00f3s a pris\u00e3o dos envolvidos nos assassinatos da vereadora Marielle Franco e do motorista Anderson Gomes, bem como na tentativa de homic\u00eddio da assessora Fernanda Chaves. Entre os detidos est\u00e3o Domingos Braz\u00e3o, atual conselheiro do Tribunal de Contas do Rio, Chiquinho Braz\u00e3o, deputado federal pelo Rio, [&hellip;]<\/p>\n","protected":false},"author":0,"featured_media":45008,"comment_status":"open","ping_status":"open","sticky":false,"template":"","format":"standard","meta":{"footnotes":""},"categories":[21],"tags":[],"class_list":{"0":"post-45007","1":"post","2":"type-post","3":"status-publish","4":"format-standard","5":"has-post-thumbnail","7":"category-brasilia"},"yoast_head":"<!-- This site is optimized with the Yoast SEO Premium plugin v24.5 (Yoast SEO v27.4) - https:\/\/yoast.com\/product\/yoast-seo-premium-wordpress\/ -->\n<title>Daniel de Castro pede investiga\u00e7\u00e3o sobre atentado a Bolsonaro ap\u00f3s pris\u00e3o no caso Marielle - P31<\/title>\n<meta name=\"robots\" content=\"index, follow, max-snippet:-1, max-image-preview:large, max-video-preview:-1\" \/>\n<link rel=\"canonical\" href=\"https:\/\/www.p31noticias.com.br\/?p=45007\" \/>\n<meta property=\"og:locale\" content=\"pt_BR\" \/>\n<meta property=\"og:type\" content=\"article\" \/>\n<meta property=\"og:title\" content=\"Daniel de Castro pede investiga\u00e7\u00e3o sobre atentado a Bolsonaro ap\u00f3s pris\u00e3o no caso Marielle\" \/>\n<meta property=\"og:description\" content=\"O deputado Pastor Daniel de Castro (Progressista) se manifestou ap\u00f3s a pris\u00e3o dos envolvidos nos assassinatos da vereadora Marielle Franco e do motorista Anderson Gomes, bem como na tentativa de homic\u00eddio da assessora Fernanda Chaves. Entre os detidos est\u00e3o Domingos Braz\u00e3o, atual conselheiro do Tribunal de Contas do Rio, Chiquinho Braz\u00e3o, deputado federal pelo Rio, [&hellip;]\" \/>\n<meta property=\"og:url\" content=\"https:\/\/www.p31noticias.com.br\/?p=45007\" \/>\n<meta property=\"og:site_name\" content=\"P31\" \/>\n<meta property=\"article:published_time\" content=\"2024-03-25T20:30:13+00:00\" \/>\n<meta property=\"og:image\" content=\"https:\/\/www.p31noticias.com.br\/wp-content\/uploads\/2024\/03\/deputadoDanieldeCastro-1-150x150-M2SysO-z7zj5j.jpeg\" \/>\n\t<meta property=\"og:image:width\" content=\"150\" \/>\n\t<meta property=\"og:image:height\" content=\"150\" \/>\n\t<meta property=\"og:image:type\" content=\"image\/jpeg\" \/>\n<meta name=\"twitter:card\" content=\"summary_large_image\" \/>\n<script type=\"application\/ld+json\" class=\"yoast-schema-graph\">{\"@context\":\"https:\\\/\\\/schema.org\",\"@graph\":[{\"@type\":\"Article\",\"@id\":\"https:\\\/\\\/www.p31noticias.com.br\\\/?p=45007#article\",\"isPartOf\":{\"@id\":\"https:\\\/\\\/www.p31noticias.com.br\\\/?p=45007\"},\"author\":{\"name\":\"\",\"@id\":\"\"},\"headline\":\"Daniel de Castro pede investiga\u00e7\u00e3o sobre atentado a Bolsonaro ap\u00f3s pris\u00e3o no caso Marielle\",\"datePublished\":\"2024-03-25T20:30:13+00:00\",\"mainEntityOfPage\":{\"@id\":\"https:\\\/\\\/www.p31noticias.com.br\\\/?p=45007\"},\"wordCount\":105,\"commentCount\":0,\"image\":{\"@id\":\"https:\\\/\\\/www.p31noticias.com.br\\\/?p=45007#primaryimage\"},\"thumbnailUrl\":\"https:\\\/\\\/www.p31noticias.com.br\\\/wp-content\\\/uploads\\\/2024\\\/03\\\/deputadoDanieldeCastro-1-150x150-M2SysO-z7zj5j.jpeg\",\"articleSection\":[\"Bras\u00edlia\"],\"inLanguage\":\"pt-BR\",\"potentialAction\":[{\"@type\":\"CommentAction\",\"name\":\"Comment\",\"target\":[\"https:\\\/\\\/www.p31noticias.com.br\\\/?p=45007#respond\"]}],\"copyrightYear\":\"2024\",\"copyrightHolder\":{\"@id\":\"https:\\\/\\\/www.p31noticias.com.br\\\/#organization\"}},{\"@type\":\"WebPage\",\"@id\":\"https:\\\/\\\/www.p31noticias.com.br\\\/?p=45007\",\"url\":\"https:\\\/\\\/www.p31noticias.com.br\\\/?p=45007\",\"name\":\"Daniel de Castro pede investiga\u00e7\u00e3o sobre atentado a Bolsonaro ap\u00f3s pris\u00e3o no caso Marielle - P31\",\"isPartOf\":{\"@id\":\"https:\\\/\\\/www.p31noticias.com.br\\\/#website\"},\"primaryImageOfPage\":{\"@id\":\"https:\\\/\\\/www.p31noticias.com.br\\\/?p=45007#primaryimage\"},\"image\":{\"@id\":\"https:\\\/\\\/www.p31noticias.com.br\\\/?p=45007#primaryimage\"},\"thumbnailUrl\":\"https:\\\/\\\/www.p31noticias.com.br\\\/wp-content\\\/uploads\\\/2024\\\/03\\\/deputadoDanieldeCastro-1-150x150-M2SysO-z7zj5j.jpeg\",\"datePublished\":\"2024-03-25T20:30:13+00:00\",\"author\":{\"@id\":\"\"},\"breadcrumb\":{\"@id\":\"https:\\\/\\\/www.p31noticias.com.br\\\/?p=45007#breadcrumb\"},\"inLanguage\":\"pt-BR\",\"potentialAction\":[{\"@type\":\"ReadAction\",\"target\":[\"https:\\\/\\\/www.p31noticias.com.br\\\/?p=45007\"]}]},{\"@type\":\"ImageObject\",\"inLanguage\":\"pt-BR\",\"@id\":\"https:\\\/\\\/www.p31noticias.com.br\\\/?p=45007#primaryimage\",\"url\":\"https:\\\/\\\/www.p31noticias.com.br\\\/wp-content\\\/uploads\\\/2024\\\/03\\\/deputadoDanieldeCastro-1-150x150-M2SysO-z7zj5j.jpeg\",\"contentUrl\":\"https:\\\/\\\/www.p31noticias.com.br\\\/wp-content\\\/uploads\\\/2024\\\/03\\\/deputadoDanieldeCastro-1-150x150-M2SysO-z7zj5j.jpeg\",\"width\":150,\"height\":150},{\"@type\":\"BreadcrumbList\",\"@id\":\"https:\\\/\\\/www.p31noticias.com.br\\\/?p=45007#breadcrumb\",\"itemListElement\":[{\"@type\":\"ListItem\",\"position\":1,\"name\":\"In\u00edcio\",\"item\":\"https:\\\/\\\/www.p31noticias.com.br\\\/\"},{\"@type\":\"ListItem\",\"position\":2,\"name\":\"Daniel de Castro pede investiga\u00e7\u00e3o sobre atentado a Bolsonaro ap\u00f3s pris\u00e3o no caso Marielle\"}]},{\"@type\":\"WebSite\",\"@id\":\"https:\\\/\\\/www.p31noticias.com.br\\\/#website\",\"url\":\"https:\\\/\\\/www.p31noticias.com.br\\\/\",\"name\":\"P31\",\"description\":\"NOT\u00cdCIAS\",\"potentialAction\":[{\"@type\":\"SearchAction\",\"target\":{\"@type\":\"EntryPoint\",\"urlTemplate\":\"https:\\\/\\\/www.p31noticias.com.br\\\/?s={search_term_string}\"},\"query-input\":{\"@type\":\"PropertyValueSpecification\",\"valueRequired\":true,\"valueName\":\"search_term_string\"}}],\"inLanguage\":\"pt-BR\"}]}<\/script>\n<!-- \/ Yoast SEO Premium plugin. -->","yoast_head_json":{"title":"Daniel de Castro pede investiga\u00e7\u00e3o sobre atentado a Bolsonaro ap\u00f3s pris\u00e3o no caso Marielle - P31","robots":{"index":"index","follow":"follow","max-snippet":"max-snippet:-1","max-image-preview":"max-image-preview:large","max-video-preview":"max-video-preview:-1"},"canonical":"https:\/\/www.p31noticias.com.br\/?p=45007","og_locale":"pt_BR","og_type":"article","og_title":"Daniel de Castro pede investiga\u00e7\u00e3o sobre atentado a Bolsonaro ap\u00f3s pris\u00e3o no caso Marielle","og_description":"O deputado Pastor Daniel de Castro (Progressista) se manifestou ap\u00f3s a pris\u00e3o dos envolvidos nos assassinatos da vereadora Marielle Franco e do motorista Anderson Gomes, bem como na tentativa de homic\u00eddio da assessora Fernanda Chaves. Entre os detidos est\u00e3o Domingos Braz\u00e3o, atual conselheiro do Tribunal de Contas do Rio, Chiquinho Braz\u00e3o, deputado federal pelo Rio, [&hellip;]","og_url":"https:\/\/www.p31noticias.com.br\/?p=45007","og_site_name":"P31","article_published_time":"2024-03-25T20:30:13+00:00","og_image":[{"width":150,"height":150,"url":"https:\/\/www.p31noticias.com.br\/wp-content\/uploads\/2024\/03\/deputadoDanieldeCastro-1-150x150-M2SysO-z7zj5j.jpeg","type":"image\/jpeg"}],"twitter_card":"summary_large_image","schema":{"@context":"https:\/\/schema.org","@graph":[{"@type":"Article","@id":"https:\/\/www.p31noticias.com.br\/?p=45007#article","isPartOf":{"@id":"https:\/\/www.p31noticias.com.br\/?p=45007"},"author":{"name":"","@id":""},"headline":"Daniel de Castro pede investiga\u00e7\u00e3o sobre atentado a Bolsonaro ap\u00f3s pris\u00e3o no caso Marielle","datePublished":"2024-03-25T20:30:13+00:00","mainEntityOfPage":{"@id":"https:\/\/www.p31noticias.com.br\/?p=45007"},"wordCount":105,"commentCount":0,"image":{"@id":"https:\/\/www.p31noticias.com.br\/?p=45007#primaryimage"},"thumbnailUrl":"https:\/\/www.p31noticias.com.br\/wp-content\/uploads\/2024\/03\/deputadoDanieldeCastro-1-150x150-M2SysO-z7zj5j.jpeg","articleSection":["Bras\u00edlia"],"inLanguage":"pt-BR","potentialAction":[{"@type":"CommentAction","name":"Comment","target":["https:\/\/www.p31noticias.com.br\/?p=45007#respond"]}],"copyrightYear":"2024","copyrightHolder":{"@id":"https:\/\/www.p31noticias.com.br\/#organization"}},{"@type":"WebPage","@id":"https:\/\/www.p31noticias.com.br\/?p=45007","url":"https:\/\/www.p31noticias.com.br\/?p=45007","name":"Daniel de Castro pede investiga\u00e7\u00e3o sobre atentado a Bolsonaro ap\u00f3s pris\u00e3o no caso Marielle - P31","isPartOf":{"@id":"https:\/\/www.p31noticias.com.br\/#website"},"primaryImageOfPage":{"@id":"https:\/\/www.p31noticias.com.br\/?p=45007#primaryimage"},"image":{"@id":"https:\/\/www.p31noticias.com.br\/?p=45007#primaryimage"},"thumbnailUrl":"https:\/\/www.p31noticias.com.br\/wp-content\/uploads\/2024\/03\/deputadoDanieldeCastro-1-150x150-M2SysO-z7zj5j.jpeg","datePublished":"2024-03-25T20:30:13+00:00","author":{"@id":""},"breadcrumb":{"@id":"https:\/\/www.p31noticias.com.br\/?p=45007#breadcrumb"},"inLanguage":"pt-BR","potentialAction":[{"@type":"ReadAction","target":["https:\/\/www.p31noticias.com.br\/?p=45007"]}]},{"@type":"ImageObject","inLanguage":"pt-BR","@id":"https:\/\/www.p31noticias.com.br\/?p=45007#primaryimage","url":"https:\/\/www.p31noticias.com.br\/wp-content\/uploads\/2024\/03\/deputadoDanieldeCastro-1-150x150-M2SysO-z7zj5j.jpeg","contentUrl":"https:\/\/www.p31noticias.com.br\/wp-content\/uploads\/2024\/03\/deputadoDanieldeCastro-1-150x150-M2SysO-z7zj5j.jpeg","width":150,"height":150},{"@type":"BreadcrumbList","@id":"https:\/\/www.p31noticias.com.br\/?p=45007#breadcrumb","itemListElement":[{"@type":"ListItem","position":1,"name":"In\u00edcio","item":"https:\/\/www.p31noticias.com.br\/"},{"@type":"ListItem","position":2,"name":"Daniel de Castro pede investiga\u00e7\u00e3o sobre atentado a Bolsonaro ap\u00f3s pris\u00e3o no caso Marielle"}]},{"@type":"WebSite","@id":"https:\/\/www.p31noticias.com.br\/#website","url":"https:\/\/www.p31noticias.com.br\/","name":"P31","description":"NOT\u00cdCIAS","potentialAction":[{"@type":"SearchAction","target":{"@type":"EntryPoint","urlTemplate":"https:\/\/www.p31noticias.com.br\/?s={search_term_string}"},"query-input":{"@type":"PropertyValueSpecification","valueRequired":true,"valueName":"search_term_string"}}],"inLanguage":"pt-BR"}]}},"amp_enabled":true,"_links":{"self":[{"href":"https:\/\/www.p31noticias.com.br\/index.php?rest_route=\/wp\/v2\/posts\/45007","targetHints":{"allow":["GET"]}}],"collection":[{"href":"https:\/\/www.p31noticias.com.br\/index.php?rest_route=\/wp\/v2\/posts"}],"about":[{"href":"https:\/\/www.p31noticias.com.br\/index.php?rest_route=\/wp\/v2\/types\/post"}],"replies":[{"embeddable":true,"href":"https:\/\/www.p31noticias.com.br\/index.php?rest_route=%2Fwp%2Fv2%2Fcomments&post=45007"}],"version-history":[{"count":0,"href":"https:\/\/www.p31noticias.com.br\/index.php?rest_route=\/wp\/v2\/posts\/45007\/revisions"}],"wp:featuredmedia":[{"embeddable":true,"href":"https:\/\/www.p31noticias.com.br\/index.php?rest_route=\/wp\/v2\/media\/45008"}],"wp:attachment":[{"href":"https:\/\/www.p31noticias.com.br\/index.php?rest_route=%2Fwp%2Fv2%2Fmedia&parent=45007"}],"wp:term":[{"taxonomy":"category","embeddable":true,"href":"https:\/\/www.p31noticias.com.br\/index.php?rest_route=%2Fwp%2Fv2%2Fcategories&post=45007"},{"taxonomy":"post_tag","embeddable":true,"href":"https:\/\/www.p31noticias.com.br\/index.php?rest_route=%2Fwp%2Fv2%2Ftags&post=45007"}],"curies":[{"name":"wp","href":"https:\/\/api.w.org\/{rel}","templated":true}]}}