{"id":45003,"date":"2024-03-25T16:30:45","date_gmt":"2024-03-25T19:30:45","guid":{"rendered":"https:\/\/p31noticias.com.br\/veja-momento-em-que-jovem-que-atropelou-bebe-e-preso-foi-sem-querer\/"},"modified":"2024-03-25T16:30:45","modified_gmt":"2024-03-25T19:30:45","slug":"veja-momento-em-que-jovem-que-atropelou-bebe-e-preso-foi-sem-querer","status":"publish","type":"post","link":"https:\/\/www.p31noticias.com.br\/?p=45003","title":{"rendered":"Veja momento em que jovem que atropelou beb\u00ea \u00e9 preso: \u201cFoi sem querer\u201d"},"content":{"rendered":"<p>O motorista que atropelou Helena Ribeiro da Silva, uma beb\u00ea de 5 meses, na \u00faltima sexta-feira (22\/3), assumiu ter ingerido bebida alco\u00f3lica, foi preso, mas acabou solto ap\u00f3s audi\u00eancia de cust\u00f3dia, sem ao menos pagar fian\u00e7a. Al\u00e9m de estar com sinais de embriaguez, Samuel Guedes Carvalho Reis, 19 anos, n\u00e3o possu\u00eda Carteira Nacional de Habilita\u00e7\u00e3o [\u2026]<\/p>\n<p>O post <a href=\"https:\/\/www.delioandrade.com.br\/veja-momento-em-que-jovem-que-atropelou-bebe-e-preso-foi-sem-querer\/\">Veja momento em que jovem que atropelou beb\u00ea \u00e9 preso: \u201cFoi sem querer\u201d<\/a> apareceu primeiro em <a href=\"https:\/\/www.delioandrade.com.br\/\">Blog do D\u00c9LIO ANDRADE<\/a>.<\/p>\n","protected":false},"excerpt":{"rendered":"<p>O motorista que atropelou Helena Ribeiro da Silva, uma beb\u00ea de 5 meses, na \u00faltima sexta-feira (22\/3), assumiu ter ingerido bebida alco\u00f3lica, foi preso, mas acabou solto ap\u00f3s audi\u00eancia de cust\u00f3dia, sem ao menos pagar fian\u00e7a. Al\u00e9m de estar com sinais de embriaguez, Samuel Guedes Carvalho Reis, 19 anos, n\u00e3o possu\u00eda Carteira Nacional de Habilita\u00e7\u00e3o [&hellip;]<\/p>\n","protected":false},"author":0,"featured_media":0,"comment_status":"open","ping_status":"open","sticky":false,"template":"","format":"standard","meta":{"footnotes":""},"categories":[21],"tags":[],"class_list":{"0":"post-45003","1":"post","2":"type-post","3":"status-publish","4":"format-standard","6":"category-brasilia"},"yoast_head":"<!-- This site is optimized with the Yoast SEO Premium plugin v24.5 (Yoast SEO v27.4) - https:\/\/yoast.com\/product\/yoast-seo-premium-wordpress\/ -->\n<title>Veja momento em que jovem que atropelou beb\u00ea \u00e9 preso: \u201cFoi sem querer\u201d - P31<\/title>\n<meta name=\"robots\" content=\"index, follow, max-snippet:-1, max-image-preview:large, max-video-preview:-1\" \/>\n<link rel=\"canonical\" href=\"https:\/\/www.p31noticias.com.br\/?p=45003\" \/>\n<meta property=\"og:locale\" content=\"pt_BR\" \/>\n<meta property=\"og:type\" content=\"article\" \/>\n<meta property=\"og:title\" content=\"Veja momento em que jovem que atropelou beb\u00ea \u00e9 preso: \u201cFoi sem querer\u201d\" \/>\n<meta property=\"og:description\" content=\"O motorista que atropelou Helena Ribeiro da Silva, uma beb\u00ea de 5 meses, na \u00faltima sexta-feira (22\/3), assumiu ter ingerido bebida alco\u00f3lica, foi preso, mas acabou solto ap\u00f3s audi\u00eancia de cust\u00f3dia, sem ao menos pagar fian\u00e7a. Al\u00e9m de estar com sinais de embriaguez, Samuel Guedes Carvalho Reis, 19 anos, n\u00e3o possu\u00eda Carteira Nacional de Habilita\u00e7\u00e3o [&hellip;]\" \/>\n<meta property=\"og:url\" content=\"https:\/\/www.p31noticias.com.br\/?p=45003\" \/>\n<meta property=\"og:site_name\" content=\"P31\" \/>\n<meta property=\"article:published_time\" content=\"2024-03-25T19:30:45+00:00\" \/>\n<meta name=\"twitter:card\" content=\"summary_large_image\" \/>\n<script type=\"application\/ld+json\" class=\"yoast-schema-graph\">{\"@context\":\"https:\\\/\\\/schema.org\",\"@graph\":[{\"@type\":\"Article\",\"@id\":\"https:\\\/\\\/www.p31noticias.com.br\\\/?p=45003#article\",\"isPartOf\":{\"@id\":\"https:\\\/\\\/www.p31noticias.com.br\\\/?p=45003\"},\"author\":{\"name\":\"\",\"@id\":\"\"},\"headline\":\"Veja momento em que jovem que atropelou beb\u00ea \u00e9 preso: \u201cFoi sem querer\u201d\",\"datePublished\":\"2024-03-25T19:30:45+00:00\",\"mainEntityOfPage\":{\"@id\":\"https:\\\/\\\/www.p31noticias.com.br\\\/?p=45003\"},\"wordCount\":95,\"commentCount\":0,\"articleSection\":[\"Bras\u00edlia\"],\"inLanguage\":\"pt-BR\",\"potentialAction\":[{\"@type\":\"CommentAction\",\"name\":\"Comment\",\"target\":[\"https:\\\/\\\/www.p31noticias.com.br\\\/?p=45003#respond\"]}],\"copyrightYear\":\"2024\",\"copyrightHolder\":{\"@id\":\"https:\\\/\\\/www.p31noticias.com.br\\\/#organization\"}},{\"@type\":\"WebPage\",\"@id\":\"https:\\\/\\\/www.p31noticias.com.br\\\/?p=45003\",\"url\":\"https:\\\/\\\/www.p31noticias.com.br\\\/?p=45003\",\"name\":\"Veja momento em que jovem que atropelou beb\u00ea \u00e9 preso: \u201cFoi sem querer\u201d - P31\",\"isPartOf\":{\"@id\":\"https:\\\/\\\/www.p31noticias.com.br\\\/#website\"},\"datePublished\":\"2024-03-25T19:30:45+00:00\",\"author\":{\"@id\":\"\"},\"breadcrumb\":{\"@id\":\"https:\\\/\\\/www.p31noticias.com.br\\\/?p=45003#breadcrumb\"},\"inLanguage\":\"pt-BR\",\"potentialAction\":[{\"@type\":\"ReadAction\",\"target\":[\"https:\\\/\\\/www.p31noticias.com.br\\\/?p=45003\"]}]},{\"@type\":\"BreadcrumbList\",\"@id\":\"https:\\\/\\\/www.p31noticias.com.br\\\/?p=45003#breadcrumb\",\"itemListElement\":[{\"@type\":\"ListItem\",\"position\":1,\"name\":\"In\u00edcio\",\"item\":\"https:\\\/\\\/www.p31noticias.com.br\\\/\"},{\"@type\":\"ListItem\",\"position\":2,\"name\":\"Veja momento em que jovem que atropelou beb\u00ea \u00e9 preso: \u201cFoi sem querer\u201d\"}]},{\"@type\":\"WebSite\",\"@id\":\"https:\\\/\\\/www.p31noticias.com.br\\\/#website\",\"url\":\"https:\\\/\\\/www.p31noticias.com.br\\\/\",\"name\":\"P31\",\"description\":\"NOT\u00cdCIAS\",\"potentialAction\":[{\"@type\":\"SearchAction\",\"target\":{\"@type\":\"EntryPoint\",\"urlTemplate\":\"https:\\\/\\\/www.p31noticias.com.br\\\/?s={search_term_string}\"},\"query-input\":{\"@type\":\"PropertyValueSpecification\",\"valueRequired\":true,\"valueName\":\"search_term_string\"}}],\"inLanguage\":\"pt-BR\"}]}<\/script>\n<!-- \/ Yoast SEO Premium plugin. -->","yoast_head_json":{"title":"Veja momento em que jovem que atropelou beb\u00ea \u00e9 preso: \u201cFoi sem querer\u201d - P31","robots":{"index":"index","follow":"follow","max-snippet":"max-snippet:-1","max-image-preview":"max-image-preview:large","max-video-preview":"max-video-preview:-1"},"canonical":"https:\/\/www.p31noticias.com.br\/?p=45003","og_locale":"pt_BR","og_type":"article","og_title":"Veja momento em que jovem que atropelou beb\u00ea \u00e9 preso: \u201cFoi sem querer\u201d","og_description":"O motorista que atropelou Helena Ribeiro da Silva, uma beb\u00ea de 5 meses, na \u00faltima sexta-feira (22\/3), assumiu ter ingerido bebida alco\u00f3lica, foi preso, mas acabou solto ap\u00f3s audi\u00eancia de cust\u00f3dia, sem ao menos pagar fian\u00e7a. Al\u00e9m de estar com sinais de embriaguez, Samuel Guedes Carvalho Reis, 19 anos, n\u00e3o possu\u00eda Carteira Nacional de Habilita\u00e7\u00e3o [&hellip;]","og_url":"https:\/\/www.p31noticias.com.br\/?p=45003","og_site_name":"P31","article_published_time":"2024-03-25T19:30:45+00:00","twitter_card":"summary_large_image","schema":{"@context":"https:\/\/schema.org","@graph":[{"@type":"Article","@id":"https:\/\/www.p31noticias.com.br\/?p=45003#article","isPartOf":{"@id":"https:\/\/www.p31noticias.com.br\/?p=45003"},"author":{"name":"","@id":""},"headline":"Veja momento em que jovem que atropelou beb\u00ea \u00e9 preso: \u201cFoi sem querer\u201d","datePublished":"2024-03-25T19:30:45+00:00","mainEntityOfPage":{"@id":"https:\/\/www.p31noticias.com.br\/?p=45003"},"wordCount":95,"commentCount":0,"articleSection":["Bras\u00edlia"],"inLanguage":"pt-BR","potentialAction":[{"@type":"CommentAction","name":"Comment","target":["https:\/\/www.p31noticias.com.br\/?p=45003#respond"]}],"copyrightYear":"2024","copyrightHolder":{"@id":"https:\/\/www.p31noticias.com.br\/#organization"}},{"@type":"WebPage","@id":"https:\/\/www.p31noticias.com.br\/?p=45003","url":"https:\/\/www.p31noticias.com.br\/?p=45003","name":"Veja momento em que jovem que atropelou beb\u00ea \u00e9 preso: \u201cFoi sem querer\u201d - P31","isPartOf":{"@id":"https:\/\/www.p31noticias.com.br\/#website"},"datePublished":"2024-03-25T19:30:45+00:00","author":{"@id":""},"breadcrumb":{"@id":"https:\/\/www.p31noticias.com.br\/?p=45003#breadcrumb"},"inLanguage":"pt-BR","potentialAction":[{"@type":"ReadAction","target":["https:\/\/www.p31noticias.com.br\/?p=45003"]}]},{"@type":"BreadcrumbList","@id":"https:\/\/www.p31noticias.com.br\/?p=45003#breadcrumb","itemListElement":[{"@type":"ListItem","position":1,"name":"In\u00edcio","item":"https:\/\/www.p31noticias.com.br\/"},{"@type":"ListItem","position":2,"name":"Veja momento em que jovem que atropelou beb\u00ea \u00e9 preso: \u201cFoi sem querer\u201d"}]},{"@type":"WebSite","@id":"https:\/\/www.p31noticias.com.br\/#website","url":"https:\/\/www.p31noticias.com.br\/","name":"P31","description":"NOT\u00cdCIAS","potentialAction":[{"@type":"SearchAction","target":{"@type":"EntryPoint","urlTemplate":"https:\/\/www.p31noticias.com.br\/?s={search_term_string}"},"query-input":{"@type":"PropertyValueSpecification","valueRequired":true,"valueName":"search_term_string"}}],"inLanguage":"pt-BR"}]}},"amp_enabled":true,"_links":{"self":[{"href":"https:\/\/www.p31noticias.com.br\/index.php?rest_route=\/wp\/v2\/posts\/45003","targetHints":{"allow":["GET"]}}],"collection":[{"href":"https:\/\/www.p31noticias.com.br\/index.php?rest_route=\/wp\/v2\/posts"}],"about":[{"href":"https:\/\/www.p31noticias.com.br\/index.php?rest_route=\/wp\/v2\/types\/post"}],"replies":[{"embeddable":true,"href":"https:\/\/www.p31noticias.com.br\/index.php?rest_route=%2Fwp%2Fv2%2Fcomments&post=45003"}],"version-history":[{"count":0,"href":"https:\/\/www.p31noticias.com.br\/index.php?rest_route=\/wp\/v2\/posts\/45003\/revisions"}],"wp:attachment":[{"href":"https:\/\/www.p31noticias.com.br\/index.php?rest_route=%2Fwp%2Fv2%2Fmedia&parent=45003"}],"wp:term":[{"taxonomy":"category","embeddable":true,"href":"https:\/\/www.p31noticias.com.br\/index.php?rest_route=%2Fwp%2Fv2%2Fcategories&post=45003"},{"taxonomy":"post_tag","embeddable":true,"href":"https:\/\/www.p31noticias.com.br\/index.php?rest_route=%2Fwp%2Fv2%2Ftags&post=45003"}],"curies":[{"name":"wp","href":"https:\/\/api.w.org\/{rel}","templated":true}]}}