{"id":44997,"date":"2024-03-25T15:30:00","date_gmt":"2024-03-25T18:30:00","guid":{"rendered":"https:\/\/p31noticias.com.br\/pf-prende-mulher-que-levava-10kg-de-po-em-mala-para-o-comando-vermelho\/"},"modified":"2024-03-25T15:30:00","modified_gmt":"2024-03-25T18:30:00","slug":"pf-prende-mulher-que-levava-10kg-de-po-em-mala-para-o-comando-vermelho","status":"publish","type":"post","link":"https:\/\/www.p31noticias.com.br\/?p=44997","title":{"rendered":"PF prende mulher que levava 10kg de p\u00f3 em mala para o Comando Vermelho"},"content":{"rendered":"<p>Equipes da Pol\u00edcia Federal (PF) prenderam, em flagrante, uma mulher pelo crime de tr\u00e1fico interestadual de drogas, na Rodovia Presidente Dutra, altura do munic\u00edpio de Pira\u00ed (RJ), nesta segunda-feira (25\/3). A droga tinha como destino comunidades comandadas pelo Comando Vermelho. Policiais federais da Delegacia de Repress\u00e3o a Drogas (DRE) montaram uma barreira na estrada com [\u2026]<\/p>\n<p>O post <a href=\"https:\/\/www.delioandrade.com.br\/pf-prende-mulher-que-levava-10kg-de-po-em-mala-para-o-comando-vermelho\/\">PF prende mulher que levava 10kg de p\u00f3 em mala para o Comando Vermelho<\/a> apareceu primeiro em <a href=\"https:\/\/www.delioandrade.com.br\/\">Blog do D\u00c9LIO ANDRADE<\/a>.<\/p>\n","protected":false},"excerpt":{"rendered":"<p>Equipes da Pol\u00edcia Federal (PF) prenderam, em flagrante, uma mulher pelo crime de tr\u00e1fico interestadual de drogas, na Rodovia Presidente Dutra, altura do munic\u00edpio de Pira\u00ed (RJ), nesta segunda-feira (25\/3). A droga tinha como destino comunidades comandadas pelo Comando Vermelho. Policiais federais da Delegacia de Repress\u00e3o a Drogas (DRE) montaram uma barreira na estrada com [&hellip;]<\/p>\n","protected":false},"author":0,"featured_media":0,"comment_status":"open","ping_status":"open","sticky":false,"template":"","format":"standard","meta":{"footnotes":""},"categories":[21],"tags":[],"class_list":{"0":"post-44997","1":"post","2":"type-post","3":"status-publish","4":"format-standard","6":"category-brasilia"},"yoast_head":"<!-- This site is optimized with the Yoast SEO Premium plugin v24.5 (Yoast SEO v27.4) - https:\/\/yoast.com\/product\/yoast-seo-premium-wordpress\/ -->\n<title>PF prende mulher que levava 10kg de p\u00f3 em mala para o Comando Vermelho - P31<\/title>\n<meta name=\"robots\" content=\"index, follow, max-snippet:-1, max-image-preview:large, max-video-preview:-1\" \/>\n<link rel=\"canonical\" href=\"https:\/\/www.p31noticias.com.br\/?p=44997\" \/>\n<meta property=\"og:locale\" content=\"pt_BR\" \/>\n<meta property=\"og:type\" content=\"article\" \/>\n<meta property=\"og:title\" content=\"PF prende mulher que levava 10kg de p\u00f3 em mala para o Comando Vermelho\" \/>\n<meta property=\"og:description\" content=\"Equipes da Pol\u00edcia Federal (PF) prenderam, em flagrante, uma mulher pelo crime de tr\u00e1fico interestadual de drogas, na Rodovia Presidente Dutra, altura do munic\u00edpio de Pira\u00ed (RJ), nesta segunda-feira (25\/3). A droga tinha como destino comunidades comandadas pelo Comando Vermelho. Policiais federais da Delegacia de Repress\u00e3o a Drogas (DRE) montaram uma barreira na estrada com [&hellip;]\" \/>\n<meta property=\"og:url\" content=\"https:\/\/www.p31noticias.com.br\/?p=44997\" \/>\n<meta property=\"og:site_name\" content=\"P31\" \/>\n<meta property=\"article:published_time\" content=\"2024-03-25T18:30:00+00:00\" \/>\n<meta name=\"twitter:card\" content=\"summary_large_image\" \/>\n<script type=\"application\/ld+json\" class=\"yoast-schema-graph\">{\"@context\":\"https:\\\/\\\/schema.org\",\"@graph\":[{\"@type\":\"Article\",\"@id\":\"https:\\\/\\\/www.p31noticias.com.br\\\/?p=44997#article\",\"isPartOf\":{\"@id\":\"https:\\\/\\\/www.p31noticias.com.br\\\/?p=44997\"},\"author\":{\"name\":\"\",\"@id\":\"\"},\"headline\":\"PF prende mulher que levava 10kg de p\u00f3 em mala para o Comando Vermelho\",\"datePublished\":\"2024-03-25T18:30:00+00:00\",\"mainEntityOfPage\":{\"@id\":\"https:\\\/\\\/www.p31noticias.com.br\\\/?p=44997\"},\"wordCount\":96,\"commentCount\":0,\"articleSection\":[\"Bras\u00edlia\"],\"inLanguage\":\"pt-BR\",\"potentialAction\":[{\"@type\":\"CommentAction\",\"name\":\"Comment\",\"target\":[\"https:\\\/\\\/www.p31noticias.com.br\\\/?p=44997#respond\"]}],\"copyrightYear\":\"2024\",\"copyrightHolder\":{\"@id\":\"https:\\\/\\\/www.p31noticias.com.br\\\/#organization\"}},{\"@type\":\"WebPage\",\"@id\":\"https:\\\/\\\/www.p31noticias.com.br\\\/?p=44997\",\"url\":\"https:\\\/\\\/www.p31noticias.com.br\\\/?p=44997\",\"name\":\"PF prende mulher que levava 10kg de p\u00f3 em mala para o Comando Vermelho - P31\",\"isPartOf\":{\"@id\":\"https:\\\/\\\/www.p31noticias.com.br\\\/#website\"},\"datePublished\":\"2024-03-25T18:30:00+00:00\",\"author\":{\"@id\":\"\"},\"breadcrumb\":{\"@id\":\"https:\\\/\\\/www.p31noticias.com.br\\\/?p=44997#breadcrumb\"},\"inLanguage\":\"pt-BR\",\"potentialAction\":[{\"@type\":\"ReadAction\",\"target\":[\"https:\\\/\\\/www.p31noticias.com.br\\\/?p=44997\"]}]},{\"@type\":\"BreadcrumbList\",\"@id\":\"https:\\\/\\\/www.p31noticias.com.br\\\/?p=44997#breadcrumb\",\"itemListElement\":[{\"@type\":\"ListItem\",\"position\":1,\"name\":\"In\u00edcio\",\"item\":\"https:\\\/\\\/www.p31noticias.com.br\\\/\"},{\"@type\":\"ListItem\",\"position\":2,\"name\":\"PF prende mulher que levava 10kg de p\u00f3 em mala para o Comando Vermelho\"}]},{\"@type\":\"WebSite\",\"@id\":\"https:\\\/\\\/www.p31noticias.com.br\\\/#website\",\"url\":\"https:\\\/\\\/www.p31noticias.com.br\\\/\",\"name\":\"P31\",\"description\":\"NOT\u00cdCIAS\",\"potentialAction\":[{\"@type\":\"SearchAction\",\"target\":{\"@type\":\"EntryPoint\",\"urlTemplate\":\"https:\\\/\\\/www.p31noticias.com.br\\\/?s={search_term_string}\"},\"query-input\":{\"@type\":\"PropertyValueSpecification\",\"valueRequired\":true,\"valueName\":\"search_term_string\"}}],\"inLanguage\":\"pt-BR\"}]}<\/script>\n<!-- \/ Yoast SEO Premium plugin. -->","yoast_head_json":{"title":"PF prende mulher que levava 10kg de p\u00f3 em mala para o Comando Vermelho - P31","robots":{"index":"index","follow":"follow","max-snippet":"max-snippet:-1","max-image-preview":"max-image-preview:large","max-video-preview":"max-video-preview:-1"},"canonical":"https:\/\/www.p31noticias.com.br\/?p=44997","og_locale":"pt_BR","og_type":"article","og_title":"PF prende mulher que levava 10kg de p\u00f3 em mala para o Comando Vermelho","og_description":"Equipes da Pol\u00edcia Federal (PF) prenderam, em flagrante, uma mulher pelo crime de tr\u00e1fico interestadual de drogas, na Rodovia Presidente Dutra, altura do munic\u00edpio de Pira\u00ed (RJ), nesta segunda-feira (25\/3). A droga tinha como destino comunidades comandadas pelo Comando Vermelho. Policiais federais da Delegacia de Repress\u00e3o a Drogas (DRE) montaram uma barreira na estrada com [&hellip;]","og_url":"https:\/\/www.p31noticias.com.br\/?p=44997","og_site_name":"P31","article_published_time":"2024-03-25T18:30:00+00:00","twitter_card":"summary_large_image","schema":{"@context":"https:\/\/schema.org","@graph":[{"@type":"Article","@id":"https:\/\/www.p31noticias.com.br\/?p=44997#article","isPartOf":{"@id":"https:\/\/www.p31noticias.com.br\/?p=44997"},"author":{"name":"","@id":""},"headline":"PF prende mulher que levava 10kg de p\u00f3 em mala para o Comando Vermelho","datePublished":"2024-03-25T18:30:00+00:00","mainEntityOfPage":{"@id":"https:\/\/www.p31noticias.com.br\/?p=44997"},"wordCount":96,"commentCount":0,"articleSection":["Bras\u00edlia"],"inLanguage":"pt-BR","potentialAction":[{"@type":"CommentAction","name":"Comment","target":["https:\/\/www.p31noticias.com.br\/?p=44997#respond"]}],"copyrightYear":"2024","copyrightHolder":{"@id":"https:\/\/www.p31noticias.com.br\/#organization"}},{"@type":"WebPage","@id":"https:\/\/www.p31noticias.com.br\/?p=44997","url":"https:\/\/www.p31noticias.com.br\/?p=44997","name":"PF prende mulher que levava 10kg de p\u00f3 em mala para o Comando Vermelho - P31","isPartOf":{"@id":"https:\/\/www.p31noticias.com.br\/#website"},"datePublished":"2024-03-25T18:30:00+00:00","author":{"@id":""},"breadcrumb":{"@id":"https:\/\/www.p31noticias.com.br\/?p=44997#breadcrumb"},"inLanguage":"pt-BR","potentialAction":[{"@type":"ReadAction","target":["https:\/\/www.p31noticias.com.br\/?p=44997"]}]},{"@type":"BreadcrumbList","@id":"https:\/\/www.p31noticias.com.br\/?p=44997#breadcrumb","itemListElement":[{"@type":"ListItem","position":1,"name":"In\u00edcio","item":"https:\/\/www.p31noticias.com.br\/"},{"@type":"ListItem","position":2,"name":"PF prende mulher que levava 10kg de p\u00f3 em mala para o Comando Vermelho"}]},{"@type":"WebSite","@id":"https:\/\/www.p31noticias.com.br\/#website","url":"https:\/\/www.p31noticias.com.br\/","name":"P31","description":"NOT\u00cdCIAS","potentialAction":[{"@type":"SearchAction","target":{"@type":"EntryPoint","urlTemplate":"https:\/\/www.p31noticias.com.br\/?s={search_term_string}"},"query-input":{"@type":"PropertyValueSpecification","valueRequired":true,"valueName":"search_term_string"}}],"inLanguage":"pt-BR"}]}},"amp_enabled":true,"_links":{"self":[{"href":"https:\/\/www.p31noticias.com.br\/index.php?rest_route=\/wp\/v2\/posts\/44997","targetHints":{"allow":["GET"]}}],"collection":[{"href":"https:\/\/www.p31noticias.com.br\/index.php?rest_route=\/wp\/v2\/posts"}],"about":[{"href":"https:\/\/www.p31noticias.com.br\/index.php?rest_route=\/wp\/v2\/types\/post"}],"replies":[{"embeddable":true,"href":"https:\/\/www.p31noticias.com.br\/index.php?rest_route=%2Fwp%2Fv2%2Fcomments&post=44997"}],"version-history":[{"count":0,"href":"https:\/\/www.p31noticias.com.br\/index.php?rest_route=\/wp\/v2\/posts\/44997\/revisions"}],"wp:attachment":[{"href":"https:\/\/www.p31noticias.com.br\/index.php?rest_route=%2Fwp%2Fv2%2Fmedia&parent=44997"}],"wp:term":[{"taxonomy":"category","embeddable":true,"href":"https:\/\/www.p31noticias.com.br\/index.php?rest_route=%2Fwp%2Fv2%2Fcategories&post=44997"},{"taxonomy":"post_tag","embeddable":true,"href":"https:\/\/www.p31noticias.com.br\/index.php?rest_route=%2Fwp%2Fv2%2Ftags&post=44997"}],"curies":[{"name":"wp","href":"https:\/\/api.w.org\/{rel}","templated":true}]}}