{"id":44991,"date":"2024-03-25T15:29:59","date_gmt":"2024-03-25T18:29:59","guid":{"rendered":"https:\/\/p31noticias.com.br\/transito-na-w3-sul-tera-mudancas-para-continuidade-das-obras-no-pavimento\/"},"modified":"2024-03-25T15:29:59","modified_gmt":"2024-03-25T18:29:59","slug":"transito-na-w3-sul-tera-mudancas-para-continuidade-das-obras-no-pavimento","status":"publish","type":"post","link":"https:\/\/www.p31noticias.com.br\/?p=44991","title":{"rendered":"Tr\u00e2nsito na W3 Sul ter\u00e1 mudan\u00e7as para continuidade das obras no pavimento"},"content":{"rendered":"<p>As obras de substitui\u00e7\u00e3o do pavimento da faixa destinada ao transporte p\u00fablico coletivo da W3 Sul ser\u00e3o retomadas na quarta-feira (27). O asfalto danificado ser\u00e1 totalmente trocado por piso em concreto, mais dur\u00e1vel e resistente. Para dar agilidade e garantir que os servi\u00e7os sejam executados mais rapidamente, tr\u00eas frentes de servi\u00e7o ser\u00e3o abertas ao mesmo [\u2026]<\/p>\n<p>O post <a href=\"https:\/\/www.delioandrade.com.br\/transito-na-w3-sul-tera-mudancas-para-continuidade-das-obras-no-pavimento\/\">Tr\u00e2nsito na W3 Sul ter\u00e1 mudan\u00e7as para continuidade das obras no pavimento<\/a> apareceu primeiro em <a href=\"https:\/\/www.delioandrade.com.br\/\">Blog do D\u00c9LIO ANDRADE<\/a>.<\/p>\n","protected":false},"excerpt":{"rendered":"<p>As obras de substitui\u00e7\u00e3o do pavimento da faixa destinada ao transporte p\u00fablico coletivo da W3 Sul ser\u00e3o retomadas na quarta-feira (27). O asfalto danificado ser\u00e1 totalmente trocado por piso em concreto, mais dur\u00e1vel e resistente. Para dar agilidade e garantir que os servi\u00e7os sejam executados mais rapidamente, tr\u00eas frentes de servi\u00e7o ser\u00e3o abertas ao mesmo [&hellip;]<\/p>\n","protected":false},"author":0,"featured_media":44992,"comment_status":"open","ping_status":"open","sticky":false,"template":"","format":"standard","meta":{"footnotes":""},"categories":[21],"tags":[],"class_list":{"0":"post-44991","1":"post","2":"type-post","3":"status-publish","4":"format-standard","5":"has-post-thumbnail","7":"category-brasilia"},"yoast_head":"<!-- This site is optimized with the Yoast SEO Premium plugin v24.5 (Yoast SEO v27.4) - https:\/\/yoast.com\/product\/yoast-seo-premium-wordpress\/ -->\n<title>Tr\u00e2nsito na W3 Sul ter\u00e1 mudan\u00e7as para continuidade das obras no pavimento - P31<\/title>\n<meta name=\"robots\" content=\"index, follow, max-snippet:-1, max-image-preview:large, max-video-preview:-1\" \/>\n<link rel=\"canonical\" href=\"https:\/\/www.p31noticias.com.br\/?p=44991\" \/>\n<meta property=\"og:locale\" content=\"pt_BR\" \/>\n<meta property=\"og:type\" content=\"article\" \/>\n<meta property=\"og:title\" content=\"Tr\u00e2nsito na W3 Sul ter\u00e1 mudan\u00e7as para continuidade das obras no pavimento\" \/>\n<meta property=\"og:description\" content=\"As obras de substitui\u00e7\u00e3o do pavimento da faixa destinada ao transporte p\u00fablico coletivo da W3 Sul ser\u00e3o retomadas na quarta-feira (27). O asfalto danificado ser\u00e1 totalmente trocado por piso em concreto, mais dur\u00e1vel e resistente. Para dar agilidade e garantir que os servi\u00e7os sejam executados mais rapidamente, tr\u00eas frentes de servi\u00e7o ser\u00e3o abertas ao mesmo [&hellip;]\" \/>\n<meta property=\"og:url\" content=\"https:\/\/www.p31noticias.com.br\/?p=44991\" \/>\n<meta property=\"og:site_name\" content=\"P31\" \/>\n<meta property=\"article:published_time\" content=\"2024-03-25T18:29:59+00:00\" \/>\n<meta property=\"og:image\" content=\"https:\/\/www.p31noticias.com.br\/wp-content\/uploads\/2024\/03\/25.3.-intervencoes-w3-sul_1-MIJXY6-150x150-rBFGol.jpeg\" \/>\n\t<meta property=\"og:image:width\" content=\"150\" \/>\n\t<meta property=\"og:image:height\" content=\"150\" \/>\n\t<meta property=\"og:image:type\" content=\"image\/jpeg\" \/>\n<meta name=\"twitter:card\" content=\"summary_large_image\" \/>\n<script type=\"application\/ld+json\" class=\"yoast-schema-graph\">{\"@context\":\"https:\\\/\\\/schema.org\",\"@graph\":[{\"@type\":\"Article\",\"@id\":\"https:\\\/\\\/www.p31noticias.com.br\\\/?p=44991#article\",\"isPartOf\":{\"@id\":\"https:\\\/\\\/www.p31noticias.com.br\\\/?p=44991\"},\"author\":{\"name\":\"\",\"@id\":\"\"},\"headline\":\"Tr\u00e2nsito na W3 Sul ter\u00e1 mudan\u00e7as para continuidade das obras no pavimento\",\"datePublished\":\"2024-03-25T18:29:59+00:00\",\"mainEntityOfPage\":{\"@id\":\"https:\\\/\\\/www.p31noticias.com.br\\\/?p=44991\"},\"wordCount\":100,\"commentCount\":0,\"image\":{\"@id\":\"https:\\\/\\\/www.p31noticias.com.br\\\/?p=44991#primaryimage\"},\"thumbnailUrl\":\"https:\\\/\\\/www.p31noticias.com.br\\\/wp-content\\\/uploads\\\/2024\\\/03\\\/25.3.-intervencoes-w3-sul_1-MIJXY6-150x150-rBFGol.jpeg\",\"articleSection\":[\"Bras\u00edlia\"],\"inLanguage\":\"pt-BR\",\"potentialAction\":[{\"@type\":\"CommentAction\",\"name\":\"Comment\",\"target\":[\"https:\\\/\\\/www.p31noticias.com.br\\\/?p=44991#respond\"]}],\"copyrightYear\":\"2024\",\"copyrightHolder\":{\"@id\":\"https:\\\/\\\/www.p31noticias.com.br\\\/#organization\"}},{\"@type\":\"WebPage\",\"@id\":\"https:\\\/\\\/www.p31noticias.com.br\\\/?p=44991\",\"url\":\"https:\\\/\\\/www.p31noticias.com.br\\\/?p=44991\",\"name\":\"Tr\u00e2nsito na W3 Sul ter\u00e1 mudan\u00e7as para continuidade das obras no pavimento - P31\",\"isPartOf\":{\"@id\":\"https:\\\/\\\/www.p31noticias.com.br\\\/#website\"},\"primaryImageOfPage\":{\"@id\":\"https:\\\/\\\/www.p31noticias.com.br\\\/?p=44991#primaryimage\"},\"image\":{\"@id\":\"https:\\\/\\\/www.p31noticias.com.br\\\/?p=44991#primaryimage\"},\"thumbnailUrl\":\"https:\\\/\\\/www.p31noticias.com.br\\\/wp-content\\\/uploads\\\/2024\\\/03\\\/25.3.-intervencoes-w3-sul_1-MIJXY6-150x150-rBFGol.jpeg\",\"datePublished\":\"2024-03-25T18:29:59+00:00\",\"author\":{\"@id\":\"\"},\"breadcrumb\":{\"@id\":\"https:\\\/\\\/www.p31noticias.com.br\\\/?p=44991#breadcrumb\"},\"inLanguage\":\"pt-BR\",\"potentialAction\":[{\"@type\":\"ReadAction\",\"target\":[\"https:\\\/\\\/www.p31noticias.com.br\\\/?p=44991\"]}]},{\"@type\":\"ImageObject\",\"inLanguage\":\"pt-BR\",\"@id\":\"https:\\\/\\\/www.p31noticias.com.br\\\/?p=44991#primaryimage\",\"url\":\"https:\\\/\\\/www.p31noticias.com.br\\\/wp-content\\\/uploads\\\/2024\\\/03\\\/25.3.-intervencoes-w3-sul_1-MIJXY6-150x150-rBFGol.jpeg\",\"contentUrl\":\"https:\\\/\\\/www.p31noticias.com.br\\\/wp-content\\\/uploads\\\/2024\\\/03\\\/25.3.-intervencoes-w3-sul_1-MIJXY6-150x150-rBFGol.jpeg\",\"width\":150,\"height\":150},{\"@type\":\"BreadcrumbList\",\"@id\":\"https:\\\/\\\/www.p31noticias.com.br\\\/?p=44991#breadcrumb\",\"itemListElement\":[{\"@type\":\"ListItem\",\"position\":1,\"name\":\"In\u00edcio\",\"item\":\"https:\\\/\\\/www.p31noticias.com.br\\\/\"},{\"@type\":\"ListItem\",\"position\":2,\"name\":\"Tr\u00e2nsito na W3 Sul ter\u00e1 mudan\u00e7as para continuidade das obras no pavimento\"}]},{\"@type\":\"WebSite\",\"@id\":\"https:\\\/\\\/www.p31noticias.com.br\\\/#website\",\"url\":\"https:\\\/\\\/www.p31noticias.com.br\\\/\",\"name\":\"P31\",\"description\":\"NOT\u00cdCIAS\",\"potentialAction\":[{\"@type\":\"SearchAction\",\"target\":{\"@type\":\"EntryPoint\",\"urlTemplate\":\"https:\\\/\\\/www.p31noticias.com.br\\\/?s={search_term_string}\"},\"query-input\":{\"@type\":\"PropertyValueSpecification\",\"valueRequired\":true,\"valueName\":\"search_term_string\"}}],\"inLanguage\":\"pt-BR\"}]}<\/script>\n<!-- \/ Yoast SEO Premium plugin. -->","yoast_head_json":{"title":"Tr\u00e2nsito na W3 Sul ter\u00e1 mudan\u00e7as para continuidade das obras no pavimento - P31","robots":{"index":"index","follow":"follow","max-snippet":"max-snippet:-1","max-image-preview":"max-image-preview:large","max-video-preview":"max-video-preview:-1"},"canonical":"https:\/\/www.p31noticias.com.br\/?p=44991","og_locale":"pt_BR","og_type":"article","og_title":"Tr\u00e2nsito na W3 Sul ter\u00e1 mudan\u00e7as para continuidade das obras no pavimento","og_description":"As obras de substitui\u00e7\u00e3o do pavimento da faixa destinada ao transporte p\u00fablico coletivo da W3 Sul ser\u00e3o retomadas na quarta-feira (27). O asfalto danificado ser\u00e1 totalmente trocado por piso em concreto, mais dur\u00e1vel e resistente. Para dar agilidade e garantir que os servi\u00e7os sejam executados mais rapidamente, tr\u00eas frentes de servi\u00e7o ser\u00e3o abertas ao mesmo [&hellip;]","og_url":"https:\/\/www.p31noticias.com.br\/?p=44991","og_site_name":"P31","article_published_time":"2024-03-25T18:29:59+00:00","og_image":[{"width":150,"height":150,"url":"https:\/\/www.p31noticias.com.br\/wp-content\/uploads\/2024\/03\/25.3.-intervencoes-w3-sul_1-MIJXY6-150x150-rBFGol.jpeg","type":"image\/jpeg"}],"twitter_card":"summary_large_image","schema":{"@context":"https:\/\/schema.org","@graph":[{"@type":"Article","@id":"https:\/\/www.p31noticias.com.br\/?p=44991#article","isPartOf":{"@id":"https:\/\/www.p31noticias.com.br\/?p=44991"},"author":{"name":"","@id":""},"headline":"Tr\u00e2nsito na W3 Sul ter\u00e1 mudan\u00e7as para continuidade das obras no pavimento","datePublished":"2024-03-25T18:29:59+00:00","mainEntityOfPage":{"@id":"https:\/\/www.p31noticias.com.br\/?p=44991"},"wordCount":100,"commentCount":0,"image":{"@id":"https:\/\/www.p31noticias.com.br\/?p=44991#primaryimage"},"thumbnailUrl":"https:\/\/www.p31noticias.com.br\/wp-content\/uploads\/2024\/03\/25.3.-intervencoes-w3-sul_1-MIJXY6-150x150-rBFGol.jpeg","articleSection":["Bras\u00edlia"],"inLanguage":"pt-BR","potentialAction":[{"@type":"CommentAction","name":"Comment","target":["https:\/\/www.p31noticias.com.br\/?p=44991#respond"]}],"copyrightYear":"2024","copyrightHolder":{"@id":"https:\/\/www.p31noticias.com.br\/#organization"}},{"@type":"WebPage","@id":"https:\/\/www.p31noticias.com.br\/?p=44991","url":"https:\/\/www.p31noticias.com.br\/?p=44991","name":"Tr\u00e2nsito na W3 Sul ter\u00e1 mudan\u00e7as para continuidade das obras no pavimento - P31","isPartOf":{"@id":"https:\/\/www.p31noticias.com.br\/#website"},"primaryImageOfPage":{"@id":"https:\/\/www.p31noticias.com.br\/?p=44991#primaryimage"},"image":{"@id":"https:\/\/www.p31noticias.com.br\/?p=44991#primaryimage"},"thumbnailUrl":"https:\/\/www.p31noticias.com.br\/wp-content\/uploads\/2024\/03\/25.3.-intervencoes-w3-sul_1-MIJXY6-150x150-rBFGol.jpeg","datePublished":"2024-03-25T18:29:59+00:00","author":{"@id":""},"breadcrumb":{"@id":"https:\/\/www.p31noticias.com.br\/?p=44991#breadcrumb"},"inLanguage":"pt-BR","potentialAction":[{"@type":"ReadAction","target":["https:\/\/www.p31noticias.com.br\/?p=44991"]}]},{"@type":"ImageObject","inLanguage":"pt-BR","@id":"https:\/\/www.p31noticias.com.br\/?p=44991#primaryimage","url":"https:\/\/www.p31noticias.com.br\/wp-content\/uploads\/2024\/03\/25.3.-intervencoes-w3-sul_1-MIJXY6-150x150-rBFGol.jpeg","contentUrl":"https:\/\/www.p31noticias.com.br\/wp-content\/uploads\/2024\/03\/25.3.-intervencoes-w3-sul_1-MIJXY6-150x150-rBFGol.jpeg","width":150,"height":150},{"@type":"BreadcrumbList","@id":"https:\/\/www.p31noticias.com.br\/?p=44991#breadcrumb","itemListElement":[{"@type":"ListItem","position":1,"name":"In\u00edcio","item":"https:\/\/www.p31noticias.com.br\/"},{"@type":"ListItem","position":2,"name":"Tr\u00e2nsito na W3 Sul ter\u00e1 mudan\u00e7as para continuidade das obras no pavimento"}]},{"@type":"WebSite","@id":"https:\/\/www.p31noticias.com.br\/#website","url":"https:\/\/www.p31noticias.com.br\/","name":"P31","description":"NOT\u00cdCIAS","potentialAction":[{"@type":"SearchAction","target":{"@type":"EntryPoint","urlTemplate":"https:\/\/www.p31noticias.com.br\/?s={search_term_string}"},"query-input":{"@type":"PropertyValueSpecification","valueRequired":true,"valueName":"search_term_string"}}],"inLanguage":"pt-BR"}]}},"amp_enabled":true,"_links":{"self":[{"href":"https:\/\/www.p31noticias.com.br\/index.php?rest_route=\/wp\/v2\/posts\/44991","targetHints":{"allow":["GET"]}}],"collection":[{"href":"https:\/\/www.p31noticias.com.br\/index.php?rest_route=\/wp\/v2\/posts"}],"about":[{"href":"https:\/\/www.p31noticias.com.br\/index.php?rest_route=\/wp\/v2\/types\/post"}],"replies":[{"embeddable":true,"href":"https:\/\/www.p31noticias.com.br\/index.php?rest_route=%2Fwp%2Fv2%2Fcomments&post=44991"}],"version-history":[{"count":0,"href":"https:\/\/www.p31noticias.com.br\/index.php?rest_route=\/wp\/v2\/posts\/44991\/revisions"}],"wp:featuredmedia":[{"embeddable":true,"href":"https:\/\/www.p31noticias.com.br\/index.php?rest_route=\/wp\/v2\/media\/44992"}],"wp:attachment":[{"href":"https:\/\/www.p31noticias.com.br\/index.php?rest_route=%2Fwp%2Fv2%2Fmedia&parent=44991"}],"wp:term":[{"taxonomy":"category","embeddable":true,"href":"https:\/\/www.p31noticias.com.br\/index.php?rest_route=%2Fwp%2Fv2%2Fcategories&post=44991"},{"taxonomy":"post_tag","embeddable":true,"href":"https:\/\/www.p31noticias.com.br\/index.php?rest_route=%2Fwp%2Fv2%2Ftags&post=44991"}],"curies":[{"name":"wp","href":"https:\/\/api.w.org\/{rel}","templated":true}]}}