{"id":44965,"date":"2024-03-25T11:43:27","date_gmt":"2024-03-25T14:43:27","guid":{"rendered":"https:\/\/p31noticias.com.br\/?p=44965"},"modified":"2024-03-25T11:43:27","modified_gmt":"2024-03-25T14:43:27","slug":"selo-premia-escolas-e-predios-pelo-uso-consciente-da-agua","status":"publish","type":"post","link":"https:\/\/www.p31noticias.com.br\/?p=44965","title":{"rendered":"Selo premia escolas e pr\u00e9dios pelo uso consciente da \u00e1gua"},"content":{"rendered":"<p style=\"text-align: justify;\"><em>Homenagem ser\u00e1 feita nesta ter\u00e7a (26); na ocasi\u00e3o, ser\u00e1 lan\u00e7ado manual da Adasa sobre as mudan\u00e7as no novo Marco Legal do Saneamento B\u00e1sico<\/em><\/p>\n<p style=\"text-align: justify;\">A Ag\u00eancia Reguladora de \u00c1guas, Energia e Saneamento B\u00e1sico do Distrito Federal (Adasa) vai premiar, nesta ter\u00e7a-feira (26), experi\u00eancias de sucesso relacionadas ao uso respons\u00e1vel dos recursos h\u00eddricos desenvolvidas em escolas, bem como a\u00e7\u00f5es de re\u00faso em estruturas prediais no DF. O evento alusivo ao Dia Mundial da \u00c1gua, comemorado na sexta (22) ser\u00e1 realizado na sede da institui\u00e7\u00e3o, a partir das 10h.<\/p>\n<p style=\"text-align: justify;\">Na ocasi\u00e3o, tamb\u00e9m ser\u00e1 lan\u00e7ada a nova vers\u00e3o do\u00a0<em>Manual de Drenagem e Manejo de \u00c1guas Pluviais Urbanas do DF<\/em>, publica\u00e7\u00e3o que inclui mudan\u00e7as decorrentes do novo Marco Legal do Saneamento B\u00e1sico e agrega conhecimentos t\u00e9cnicos produzidos pela Adasa no aprimoramento da gest\u00e3o da drenagem urbana na regi\u00e3o.<\/p>\n<div id=\"attachment_603657\" class=\"wp-caption aligncenter\" style=\"text-align: justify;\"><img loading=\"lazy\" decoding=\"async\" class=\"size-full wp-image-603657\" src=\"http:\/\/agenciabrasilia.df.gov.br\/wp-conteudo\/uploads\/2024\/03\/Evento-DMA-2024.jpg\" sizes=\"auto, (max-width: 1280px) 100vw, 1280px\" srcset=\"https:\/\/www.agenciabrasilia.df.gov.br\/wp-conteudo\/uploads\/2024\/03\/Evento-DMA-2024.jpg 1280w, https:\/\/www.agenciabrasilia.df.gov.br\/wp-conteudo\/uploads\/2024\/03\/Evento-DMA-2024-300x300.jpg 300w, https:\/\/www.agenciabrasilia.df.gov.br\/wp-conteudo\/uploads\/2024\/03\/Evento-DMA-2024-150x150.jpg 150w, https:\/\/www.agenciabrasilia.df.gov.br\/wp-conteudo\/uploads\/2024\/03\/Evento-DMA-2024-768x768.jpg 768w\" alt=\"\" width=\"1280\" height=\"1280\" aria-describedby=\"caption-attachment-603657\" \/><\/p>\n<p id=\"caption-attachment-603657\" class=\"wp-caption-text\">Arte: Divulga\u00e7\u00e3o\/ Adasa<\/p>\n<\/div>\n<p style=\"text-align: justify;\">Ainda na data, ser\u00e1 celebrado o Acordo de Coopera\u00e7\u00e3o T\u00e9cnica firmado entre a ag\u00eancia e o Instituto Bras\u00edlia Ambiental, visando\u00e0\u00a0 colabora\u00e7\u00e3o m\u00fatua para o desenvolvimento de a\u00e7\u00f5es na Esta\u00e7\u00e3o Ecol\u00f3gica de \u00c1guas Emendadas (Esec-AE) e seu entorno.<\/p>\n<p style=\"text-align: justify;\">O p\u00fablico presente ter\u00e1 a oportunidade de conhecer a maquete do Memorial Internacional da \u00c1gua (Mina), concebido por Oscar Niemeyer. O complexo arquitet\u00f4nico contemplar\u00e1 o Museu Internacional da \u00c1gua, o Centro de Estudos da \u00c1gua, um teatro e um estrutura administrativa e de governan\u00e7a. O projeto Mina \u00e9 coordenado pela Adasa com o apoio do Governo do Distrito Federal (GDF) e da Caesb.<\/p>\n<p style=\"text-align: justify;\">Em paralelo \u00e0s atividades alusivas ao Dia Mundial da \u00c1gua, a Superintend\u00eancia de Drenagem Urbana realizar\u00e1 um ciclo de palestras sobre drenagem e \u00e1guas pluviais urbanas no audit\u00f3rio Humberto Ludovico. O evento t\u00e9cnico, que contar\u00e1 com apresenta\u00e7\u00f5es da Adasa, do Instituto Bras\u00edlia Ambiental, da Universidade de Bras\u00edlia (UnB) e de especialistas do setor, ocorrer\u00e1 entre as 8h30 e as 12h.<\/p>\n<p style=\"text-align: justify;\"><strong>Campanha de conscientiza\u00e7\u00e3o<\/strong><\/p>\n<p style=\"text-align: justify;\">A Adasa lan\u00e7ou na quarta-feira (20) uma campanha publicit\u00e1ria para fomentar a conscientiza\u00e7\u00e3o acerca dos desafios do uso respons\u00e1vel da \u00e1gua e da garantia aos servi\u00e7os de saneamento.<\/p>\n<div id=\"attachment_603659\" class=\"wp-caption aligncenter\" style=\"text-align: justify;\"><img loading=\"lazy\" decoding=\"async\" class=\"size-full wp-image-603659\" src=\"http:\/\/agenciabrasilia.df.gov.br\/wp-conteudo\/uploads\/2024\/03\/DF-Berco-da-Aguas.jpg\" sizes=\"auto, (max-width: 1081px) 100vw, 1081px\" srcset=\"https:\/\/www.agenciabrasilia.df.gov.br\/wp-conteudo\/uploads\/2024\/03\/DF-Berco-da-Aguas.jpg 1081w, https:\/\/www.agenciabrasilia.df.gov.br\/wp-conteudo\/uploads\/2024\/03\/DF-Berco-da-Aguas-300x300.jpg 300w, https:\/\/www.agenciabrasilia.df.gov.br\/wp-conteudo\/uploads\/2024\/03\/DF-Berco-da-Aguas-150x150.jpg 150w, https:\/\/www.agenciabrasilia.df.gov.br\/wp-conteudo\/uploads\/2024\/03\/DF-Berco-da-Aguas-768x767.jpg 768w\" alt=\"\" width=\"1081\" height=\"1080\" aria-describedby=\"caption-attachment-603659\" \/><\/p>\n<p id=\"caption-attachment-603659\" class=\"wp-caption-text\">Arte: Divulga\u00e7\u00e3o\/ Adasa<\/p>\n<\/div>\n<p style=\"text-align: justify;\">Um dos focos da a\u00e7\u00e3o \u00e9 ampliar o entendimento p\u00fablico sobre a miss\u00e3o institucional da Adasa na gest\u00e3o dos recursos h\u00eddricos e na regula\u00e7\u00e3o e fiscaliza\u00e7\u00e3o dos servi\u00e7os p\u00fablicos de abastecimento de \u00e1gua, esgotamento sanit\u00e1rio, limpeza urbana, manejo de res\u00edduos s\u00f3lidos, drenagem e manejo de \u00e1guas pluviais urbanas no Distrito Federal.<\/p>\n<p style=\"text-align: justify;\">A campanha foi desenvolvida para estar conson\u00e2ncia com as metas do Objetivo do Desenvolvimento Sustent\u00e1vel 6 (ODS 6), da Organiza\u00e7\u00e3o das Na\u00e7\u00f5es Unidas (ONU), que prev\u00ea assegurar a disponibilidade h\u00eddrica e o saneamento adequado para todos.<\/p>\n<p style=\"text-align: justify;\">Com o conceito \u201cDe olho nas \u00e1guas, da fonte at\u00e9 voc\u00ea\u201d, a ag\u00eancia busca n\u00e3o s\u00f3 comunicar suas atribui\u00e7\u00f5es, mas tamb\u00e9m engajar a popula\u00e7\u00e3o no desafio coletivo de alcan\u00e7ar as propostas contidas no ODS 6 \u2013 por meio da mudan\u00e7a de h\u00e1bitos e do acesso ampliado \u00e0 informa\u00e7\u00e3o, todos podem contribuir para que essa meta global, essencial para a sobreviv\u00eancia humana e das demais formas de vida, seja atingida.<\/p>\n<p style=\"text-align: justify;\">A campanha ser\u00e1 veiculada at\u00e9 o dia 30 deste m\u00eas por meio de uma estrat\u00e9gia multim\u00eddia que abrange redes sociais, blogs, televis\u00e3o e r\u00e1dio.<\/p>\n<p style=\"text-align: justify;\"><em>*Com informa\u00e7\u00f5es da Adasa<\/em><\/p>\n","protected":false},"excerpt":{"rendered":"<p>Homenagem ser\u00e1 feita nesta ter\u00e7a (26); na ocasi\u00e3o, ser\u00e1 lan\u00e7ado manual da Adasa sobre as mudan\u00e7as no novo Marco Legal do Saneamento B\u00e1sico A Ag\u00eancia Reguladora de \u00c1guas, Energia e Saneamento B\u00e1sico do Distrito Federal (Adasa) vai premiar, nesta ter\u00e7a-feira (26), experi\u00eancias de sucesso relacionadas ao uso respons\u00e1vel dos recursos h\u00eddricos desenvolvidas em escolas, bem [&hellip;]<\/p>\n","protected":false},"author":2,"featured_media":44966,"comment_status":"open","ping_status":"open","sticky":false,"template":"","format":"standard","meta":{"footnotes":""},"categories":[68,21],"tags":[],"class_list":{"0":"post-44965","1":"post","2":"type-post","3":"status-publish","4":"format-standard","5":"has-post-thumbnail","7":"category-brasil","8":"category-brasilia"},"yoast_head":"<!-- This site is optimized with the Yoast SEO Premium plugin v24.5 (Yoast SEO v27.4) - https:\/\/yoast.com\/product\/yoast-seo-premium-wordpress\/ -->\n<title>Selo premia escolas e pr\u00e9dios pelo uso consciente da \u00e1gua - P31<\/title>\n<meta name=\"robots\" content=\"index, follow, max-snippet:-1, max-image-preview:large, max-video-preview:-1\" \/>\n<link rel=\"canonical\" href=\"https:\/\/www.p31noticias.com.br\/?p=44965\" \/>\n<meta property=\"og:locale\" content=\"pt_BR\" \/>\n<meta property=\"og:type\" content=\"article\" \/>\n<meta property=\"og:title\" content=\"Selo premia escolas e pr\u00e9dios pelo uso consciente da \u00e1gua\" \/>\n<meta property=\"og:description\" content=\"Homenagem ser\u00e1 feita nesta ter\u00e7a (26); na ocasi\u00e3o, ser\u00e1 lan\u00e7ado manual da Adasa sobre as mudan\u00e7as no novo Marco Legal do Saneamento B\u00e1sico A Ag\u00eancia Reguladora de \u00c1guas, Energia e Saneamento B\u00e1sico do Distrito Federal (Adasa) vai premiar, nesta ter\u00e7a-feira (26), experi\u00eancias de sucesso relacionadas ao uso respons\u00e1vel dos recursos h\u00eddricos desenvolvidas em escolas, bem [&hellip;]\" \/>\n<meta property=\"og:url\" content=\"https:\/\/www.p31noticias.com.br\/?p=44965\" \/>\n<meta property=\"og:site_name\" content=\"P31\" \/>\n<meta property=\"article:published_time\" content=\"2024-03-25T14:43:27+00:00\" \/>\n<meta property=\"og:image\" content=\"https:\/\/www.p31noticias.com.br\/wp-content\/uploads\/2024\/03\/unnamed-10-\u00b4pdgj-qeop.jpg\" \/>\n\t<meta property=\"og:image:width\" content=\"1242\" \/>\n\t<meta property=\"og:image:height\" content=\"856\" \/>\n\t<meta property=\"og:image:type\" content=\"image\/jpeg\" \/>\n<meta name=\"author\" content=\"Gon\u00e7alves Junior\" \/>\n<meta name=\"twitter:card\" content=\"summary_large_image\" \/>\n<meta name=\"twitter:label1\" content=\"Escrito por\" \/>\n\t<meta name=\"twitter:data1\" content=\"Gon\u00e7alves Junior\" \/>\n\t<meta name=\"twitter:label2\" content=\"Est. tempo de leitura\" \/>\n\t<meta name=\"twitter:data2\" content=\"3 minutos\" \/>\n<script type=\"application\/ld+json\" class=\"yoast-schema-graph\">{\"@context\":\"https:\\\/\\\/schema.org\",\"@graph\":[{\"@type\":\"Article\",\"@id\":\"https:\\\/\\\/www.p31noticias.com.br\\\/?p=44965#article\",\"isPartOf\":{\"@id\":\"https:\\\/\\\/www.p31noticias.com.br\\\/?p=44965\"},\"author\":{\"name\":\"Gon\u00e7alves Junior\",\"@id\":\"https:\\\/\\\/www.p31noticias.com.br\\\/#\\\/schema\\\/person\\\/95f2ece30e3b4132065b915150cd0f94\"},\"headline\":\"Selo premia escolas e pr\u00e9dios pelo uso consciente da \u00e1gua\",\"datePublished\":\"2024-03-25T14:43:27+00:00\",\"mainEntityOfPage\":{\"@id\":\"https:\\\/\\\/www.p31noticias.com.br\\\/?p=44965\"},\"wordCount\":597,\"commentCount\":0,\"image\":{\"@id\":\"https:\\\/\\\/www.p31noticias.com.br\\\/?p=44965#primaryimage\"},\"thumbnailUrl\":\"https:\\\/\\\/www.p31noticias.com.br\\\/wp-content\\\/uploads\\\/2024\\\/03\\\/unnamed-10-\u00b4pdgj-qeop.jpg\",\"articleSection\":[\"Brasil\",\"Bras\u00edlia\"],\"inLanguage\":\"pt-BR\",\"potentialAction\":[{\"@type\":\"CommentAction\",\"name\":\"Comment\",\"target\":[\"https:\\\/\\\/www.p31noticias.com.br\\\/?p=44965#respond\"]}],\"copyrightYear\":\"2024\",\"copyrightHolder\":{\"@id\":\"https:\\\/\\\/www.p31noticias.com.br\\\/#organization\"}},{\"@type\":\"WebPage\",\"@id\":\"https:\\\/\\\/www.p31noticias.com.br\\\/?p=44965\",\"url\":\"https:\\\/\\\/www.p31noticias.com.br\\\/?p=44965\",\"name\":\"Selo premia escolas e pr\u00e9dios pelo uso consciente da \u00e1gua - P31\",\"isPartOf\":{\"@id\":\"https:\\\/\\\/www.p31noticias.com.br\\\/#website\"},\"primaryImageOfPage\":{\"@id\":\"https:\\\/\\\/www.p31noticias.com.br\\\/?p=44965#primaryimage\"},\"image\":{\"@id\":\"https:\\\/\\\/www.p31noticias.com.br\\\/?p=44965#primaryimage\"},\"thumbnailUrl\":\"https:\\\/\\\/www.p31noticias.com.br\\\/wp-content\\\/uploads\\\/2024\\\/03\\\/unnamed-10-\u00b4pdgj-qeop.jpg\",\"datePublished\":\"2024-03-25T14:43:27+00:00\",\"author\":{\"@id\":\"https:\\\/\\\/www.p31noticias.com.br\\\/#\\\/schema\\\/person\\\/95f2ece30e3b4132065b915150cd0f94\"},\"breadcrumb\":{\"@id\":\"https:\\\/\\\/www.p31noticias.com.br\\\/?p=44965#breadcrumb\"},\"inLanguage\":\"pt-BR\",\"potentialAction\":[{\"@type\":\"ReadAction\",\"target\":[\"https:\\\/\\\/www.p31noticias.com.br\\\/?p=44965\"]}]},{\"@type\":\"ImageObject\",\"inLanguage\":\"pt-BR\",\"@id\":\"https:\\\/\\\/www.p31noticias.com.br\\\/?p=44965#primaryimage\",\"url\":\"https:\\\/\\\/www.p31noticias.com.br\\\/wp-content\\\/uploads\\\/2024\\\/03\\\/unnamed-10-\u00b4pdgj-qeop.jpg\",\"contentUrl\":\"https:\\\/\\\/www.p31noticias.com.br\\\/wp-content\\\/uploads\\\/2024\\\/03\\\/unnamed-10-\u00b4pdgj-qeop.jpg\",\"width\":1242,\"height\":856},{\"@type\":\"BreadcrumbList\",\"@id\":\"https:\\\/\\\/www.p31noticias.com.br\\\/?p=44965#breadcrumb\",\"itemListElement\":[{\"@type\":\"ListItem\",\"position\":1,\"name\":\"In\u00edcio\",\"item\":\"https:\\\/\\\/www.p31noticias.com.br\\\/\"},{\"@type\":\"ListItem\",\"position\":2,\"name\":\"Selo premia escolas e pr\u00e9dios pelo uso consciente da \u00e1gua\"}]},{\"@type\":\"WebSite\",\"@id\":\"https:\\\/\\\/www.p31noticias.com.br\\\/#website\",\"url\":\"https:\\\/\\\/www.p31noticias.com.br\\\/\",\"name\":\"P31\",\"description\":\"NOT\u00cdCIAS\",\"potentialAction\":[{\"@type\":\"SearchAction\",\"target\":{\"@type\":\"EntryPoint\",\"urlTemplate\":\"https:\\\/\\\/www.p31noticias.com.br\\\/?s={search_term_string}\"},\"query-input\":{\"@type\":\"PropertyValueSpecification\",\"valueRequired\":true,\"valueName\":\"search_term_string\"}}],\"inLanguage\":\"pt-BR\"},{\"@type\":\"Person\",\"@id\":\"https:\\\/\\\/www.p31noticias.com.br\\\/#\\\/schema\\\/person\\\/95f2ece30e3b4132065b915150cd0f94\",\"name\":\"Gon\u00e7alves Junior\",\"image\":{\"@type\":\"ImageObject\",\"inLanguage\":\"pt-BR\",\"@id\":\"https:\\\/\\\/secure.gravatar.com\\\/avatar\\\/6711f350116a89762687a48d66f723c799e5438a5b7578508d4294cd7a5d0800?s=96&d=mm&r=g\",\"url\":\"https:\\\/\\\/secure.gravatar.com\\\/avatar\\\/6711f350116a89762687a48d66f723c799e5438a5b7578508d4294cd7a5d0800?s=96&d=mm&r=g\",\"contentUrl\":\"https:\\\/\\\/secure.gravatar.com\\\/avatar\\\/6711f350116a89762687a48d66f723c799e5438a5b7578508d4294cd7a5d0800?s=96&d=mm&r=g\",\"caption\":\"Gon\u00e7alves Junior\"},\"url\":\"https:\\\/\\\/www.p31noticias.com.br\\\/?author=2\"}]}<\/script>\n<!-- \/ Yoast SEO Premium plugin. -->","yoast_head_json":{"title":"Selo premia escolas e pr\u00e9dios pelo uso consciente da \u00e1gua - P31","robots":{"index":"index","follow":"follow","max-snippet":"max-snippet:-1","max-image-preview":"max-image-preview:large","max-video-preview":"max-video-preview:-1"},"canonical":"https:\/\/www.p31noticias.com.br\/?p=44965","og_locale":"pt_BR","og_type":"article","og_title":"Selo premia escolas e pr\u00e9dios pelo uso consciente da \u00e1gua","og_description":"Homenagem ser\u00e1 feita nesta ter\u00e7a (26); na ocasi\u00e3o, ser\u00e1 lan\u00e7ado manual da Adasa sobre as mudan\u00e7as no novo Marco Legal do Saneamento B\u00e1sico A Ag\u00eancia Reguladora de \u00c1guas, Energia e Saneamento B\u00e1sico do Distrito Federal (Adasa) vai premiar, nesta ter\u00e7a-feira (26), experi\u00eancias de sucesso relacionadas ao uso respons\u00e1vel dos recursos h\u00eddricos desenvolvidas em escolas, bem [&hellip;]","og_url":"https:\/\/www.p31noticias.com.br\/?p=44965","og_site_name":"P31","article_published_time":"2024-03-25T14:43:27+00:00","og_image":[{"width":1242,"height":856,"url":"https:\/\/www.p31noticias.com.br\/wp-content\/uploads\/2024\/03\/unnamed-10-\u00b4pdgj-qeop.jpg","type":"image\/jpeg"}],"author":"Gon\u00e7alves Junior","twitter_card":"summary_large_image","twitter_misc":{"Escrito por":"Gon\u00e7alves Junior","Est. tempo de leitura":"3 minutos"},"schema":{"@context":"https:\/\/schema.org","@graph":[{"@type":"Article","@id":"https:\/\/www.p31noticias.com.br\/?p=44965#article","isPartOf":{"@id":"https:\/\/www.p31noticias.com.br\/?p=44965"},"author":{"name":"Gon\u00e7alves Junior","@id":"https:\/\/www.p31noticias.com.br\/#\/schema\/person\/95f2ece30e3b4132065b915150cd0f94"},"headline":"Selo premia escolas e pr\u00e9dios pelo uso consciente da \u00e1gua","datePublished":"2024-03-25T14:43:27+00:00","mainEntityOfPage":{"@id":"https:\/\/www.p31noticias.com.br\/?p=44965"},"wordCount":597,"commentCount":0,"image":{"@id":"https:\/\/www.p31noticias.com.br\/?p=44965#primaryimage"},"thumbnailUrl":"https:\/\/www.p31noticias.com.br\/wp-content\/uploads\/2024\/03\/unnamed-10-\u00b4pdgj-qeop.jpg","articleSection":["Brasil","Bras\u00edlia"],"inLanguage":"pt-BR","potentialAction":[{"@type":"CommentAction","name":"Comment","target":["https:\/\/www.p31noticias.com.br\/?p=44965#respond"]}],"copyrightYear":"2024","copyrightHolder":{"@id":"https:\/\/www.p31noticias.com.br\/#organization"}},{"@type":"WebPage","@id":"https:\/\/www.p31noticias.com.br\/?p=44965","url":"https:\/\/www.p31noticias.com.br\/?p=44965","name":"Selo premia escolas e pr\u00e9dios pelo uso consciente da \u00e1gua - P31","isPartOf":{"@id":"https:\/\/www.p31noticias.com.br\/#website"},"primaryImageOfPage":{"@id":"https:\/\/www.p31noticias.com.br\/?p=44965#primaryimage"},"image":{"@id":"https:\/\/www.p31noticias.com.br\/?p=44965#primaryimage"},"thumbnailUrl":"https:\/\/www.p31noticias.com.br\/wp-content\/uploads\/2024\/03\/unnamed-10-\u00b4pdgj-qeop.jpg","datePublished":"2024-03-25T14:43:27+00:00","author":{"@id":"https:\/\/www.p31noticias.com.br\/#\/schema\/person\/95f2ece30e3b4132065b915150cd0f94"},"breadcrumb":{"@id":"https:\/\/www.p31noticias.com.br\/?p=44965#breadcrumb"},"inLanguage":"pt-BR","potentialAction":[{"@type":"ReadAction","target":["https:\/\/www.p31noticias.com.br\/?p=44965"]}]},{"@type":"ImageObject","inLanguage":"pt-BR","@id":"https:\/\/www.p31noticias.com.br\/?p=44965#primaryimage","url":"https:\/\/www.p31noticias.com.br\/wp-content\/uploads\/2024\/03\/unnamed-10-\u00b4pdgj-qeop.jpg","contentUrl":"https:\/\/www.p31noticias.com.br\/wp-content\/uploads\/2024\/03\/unnamed-10-\u00b4pdgj-qeop.jpg","width":1242,"height":856},{"@type":"BreadcrumbList","@id":"https:\/\/www.p31noticias.com.br\/?p=44965#breadcrumb","itemListElement":[{"@type":"ListItem","position":1,"name":"In\u00edcio","item":"https:\/\/www.p31noticias.com.br\/"},{"@type":"ListItem","position":2,"name":"Selo premia escolas e pr\u00e9dios pelo uso consciente da \u00e1gua"}]},{"@type":"WebSite","@id":"https:\/\/www.p31noticias.com.br\/#website","url":"https:\/\/www.p31noticias.com.br\/","name":"P31","description":"NOT\u00cdCIAS","potentialAction":[{"@type":"SearchAction","target":{"@type":"EntryPoint","urlTemplate":"https:\/\/www.p31noticias.com.br\/?s={search_term_string}"},"query-input":{"@type":"PropertyValueSpecification","valueRequired":true,"valueName":"search_term_string"}}],"inLanguage":"pt-BR"},{"@type":"Person","@id":"https:\/\/www.p31noticias.com.br\/#\/schema\/person\/95f2ece30e3b4132065b915150cd0f94","name":"Gon\u00e7alves Junior","image":{"@type":"ImageObject","inLanguage":"pt-BR","@id":"https:\/\/secure.gravatar.com\/avatar\/6711f350116a89762687a48d66f723c799e5438a5b7578508d4294cd7a5d0800?s=96&d=mm&r=g","url":"https:\/\/secure.gravatar.com\/avatar\/6711f350116a89762687a48d66f723c799e5438a5b7578508d4294cd7a5d0800?s=96&d=mm&r=g","contentUrl":"https:\/\/secure.gravatar.com\/avatar\/6711f350116a89762687a48d66f723c799e5438a5b7578508d4294cd7a5d0800?s=96&d=mm&r=g","caption":"Gon\u00e7alves Junior"},"url":"https:\/\/www.p31noticias.com.br\/?author=2"}]}},"amp_enabled":true,"_links":{"self":[{"href":"https:\/\/www.p31noticias.com.br\/index.php?rest_route=\/wp\/v2\/posts\/44965","targetHints":{"allow":["GET"]}}],"collection":[{"href":"https:\/\/www.p31noticias.com.br\/index.php?rest_route=\/wp\/v2\/posts"}],"about":[{"href":"https:\/\/www.p31noticias.com.br\/index.php?rest_route=\/wp\/v2\/types\/post"}],"author":[{"embeddable":true,"href":"https:\/\/www.p31noticias.com.br\/index.php?rest_route=\/wp\/v2\/users\/2"}],"replies":[{"embeddable":true,"href":"https:\/\/www.p31noticias.com.br\/index.php?rest_route=%2Fwp%2Fv2%2Fcomments&post=44965"}],"version-history":[{"count":1,"href":"https:\/\/www.p31noticias.com.br\/index.php?rest_route=\/wp\/v2\/posts\/44965\/revisions"}],"predecessor-version":[{"id":44967,"href":"https:\/\/www.p31noticias.com.br\/index.php?rest_route=\/wp\/v2\/posts\/44965\/revisions\/44967"}],"wp:featuredmedia":[{"embeddable":true,"href":"https:\/\/www.p31noticias.com.br\/index.php?rest_route=\/wp\/v2\/media\/44966"}],"wp:attachment":[{"href":"https:\/\/www.p31noticias.com.br\/index.php?rest_route=%2Fwp%2Fv2%2Fmedia&parent=44965"}],"wp:term":[{"taxonomy":"category","embeddable":true,"href":"https:\/\/www.p31noticias.com.br\/index.php?rest_route=%2Fwp%2Fv2%2Fcategories&post=44965"},{"taxonomy":"post_tag","embeddable":true,"href":"https:\/\/www.p31noticias.com.br\/index.php?rest_route=%2Fwp%2Fv2%2Ftags&post=44965"}],"curies":[{"name":"wp","href":"https:\/\/api.w.org\/{rel}","templated":true}]}}