{"id":44961,"date":"2024-03-25T11:29:48","date_gmt":"2024-03-25T14:29:48","guid":{"rendered":"https:\/\/p31noticias.com.br\/paulo-octavio-e-alvo-de-operacao-que-apura-fraude-em-aluguel-da-saude\/"},"modified":"2024-03-25T11:29:48","modified_gmt":"2024-03-25T14:29:48","slug":"paulo-octavio-e-alvo-de-operacao-que-apura-fraude-em-aluguel-da-saude","status":"publish","type":"post","link":"https:\/\/www.p31noticias.com.br\/?p=44961","title":{"rendered":"Paulo Oct\u00e1vio \u00e9 alvo de opera\u00e7\u00e3o que apura fraude em aluguel da Sa\u00fade"},"content":{"rendered":"<p>O Minist\u00e9rio P\u00fablico do Distrito Federal e Territ\u00f3rios (MPDFT) deflagrou opera\u00e7\u00e3o, na manh\u00e3 desta segunda-feira (25\/3), para investigar suspeitas de corrup\u00e7\u00e3o no processo de loca\u00e7\u00e3o do im\u00f3vel que abriga a sede da Secretaria de Sa\u00fade da capital do pa\u00eds (SES-DF). O empres\u00e1rio Paulo Oct\u00e1vio (foto em destaque) \u00e9 alvo de mandado de busca e apreens\u00e3o, [\u2026]<\/p>\n<p>O post <a href=\"https:\/\/www.delioandrade.com.br\/paulo-octavio-e-alvo-de-operacao-que-apura-fraude-em-aluguel-da-saude\/\">Paulo Oct\u00e1vio \u00e9 alvo de opera\u00e7\u00e3o que apura fraude em aluguel da Sa\u00fade<\/a> apareceu primeiro em <a href=\"https:\/\/www.delioandrade.com.br\/\">Blog do D\u00c9LIO ANDRADE<\/a>.<\/p>\n","protected":false},"excerpt":{"rendered":"<p>O Minist\u00e9rio P\u00fablico do Distrito Federal e Territ\u00f3rios (MPDFT) deflagrou opera\u00e7\u00e3o, na manh\u00e3 desta segunda-feira (25\/3), para investigar suspeitas de corrup\u00e7\u00e3o no processo de loca\u00e7\u00e3o do im\u00f3vel que abriga a sede da Secretaria de Sa\u00fade da capital do pa\u00eds (SES-DF). O empres\u00e1rio Paulo Oct\u00e1vio (foto em destaque) \u00e9 alvo de mandado de busca e apreens\u00e3o, [&hellip;]<\/p>\n","protected":false},"author":0,"featured_media":44962,"comment_status":"open","ping_status":"open","sticky":false,"template":"","format":"standard","meta":{"footnotes":""},"categories":[21],"tags":[],"class_list":{"0":"post-44961","1":"post","2":"type-post","3":"status-publish","4":"format-standard","5":"has-post-thumbnail","7":"category-brasilia"},"yoast_head":"<!-- This site is optimized with the Yoast SEO Premium plugin v24.5 (Yoast SEO v27.5) - https:\/\/yoast.com\/product\/yoast-seo-premium-wordpress\/ -->\n<title>Paulo Oct\u00e1vio \u00e9 alvo de opera\u00e7\u00e3o que apura fraude em aluguel da Sa\u00fade - P31<\/title>\n<meta name=\"robots\" content=\"index, follow, max-snippet:-1, max-image-preview:large, max-video-preview:-1\" \/>\n<link rel=\"canonical\" href=\"https:\/\/www.p31noticias.com.br\/?p=44961\" \/>\n<meta property=\"og:locale\" content=\"pt_BR\" \/>\n<meta property=\"og:type\" content=\"article\" \/>\n<meta property=\"og:title\" content=\"Paulo Oct\u00e1vio \u00e9 alvo de opera\u00e7\u00e3o que apura fraude em aluguel da Sa\u00fade\" \/>\n<meta property=\"og:description\" content=\"O Minist\u00e9rio P\u00fablico do Distrito Federal e Territ\u00f3rios (MPDFT) deflagrou opera\u00e7\u00e3o, na manh\u00e3 desta segunda-feira (25\/3), para investigar suspeitas de corrup\u00e7\u00e3o no processo de loca\u00e7\u00e3o do im\u00f3vel que abriga a sede da Secretaria de Sa\u00fade da capital do pa\u00eds (SES-DF). O empres\u00e1rio Paulo Oct\u00e1vio (foto em destaque) \u00e9 alvo de mandado de busca e apreens\u00e3o, [&hellip;]\" \/>\n<meta property=\"og:url\" content=\"https:\/\/www.p31noticias.com.br\/?p=44961\" \/>\n<meta property=\"og:site_name\" content=\"P31\" \/>\n<meta property=\"article:published_time\" content=\"2024-03-25T14:29:48+00:00\" \/>\n<meta property=\"og:image\" content=\"https:\/\/www.p31noticias.com.br\/wp-content\/uploads\/2024\/03\/WhatsApp-Image-2024-03-25-at-10.13.26-AM-1200x800-3CgnsC-150x150-DSzLdK.jpeg\" \/>\n\t<meta property=\"og:image:width\" content=\"150\" \/>\n\t<meta property=\"og:image:height\" content=\"150\" \/>\n\t<meta property=\"og:image:type\" content=\"image\/jpeg\" \/>\n<meta name=\"twitter:card\" content=\"summary_large_image\" \/>\n<script type=\"application\/ld+json\" class=\"yoast-schema-graph\">{\"@context\":\"https:\\\/\\\/schema.org\",\"@graph\":[{\"@type\":\"Article\",\"@id\":\"https:\\\/\\\/www.p31noticias.com.br\\\/?p=44961#article\",\"isPartOf\":{\"@id\":\"https:\\\/\\\/www.p31noticias.com.br\\\/?p=44961\"},\"author\":{\"name\":\"\",\"@id\":\"\"},\"headline\":\"Paulo Oct\u00e1vio \u00e9 alvo de opera\u00e7\u00e3o que apura fraude em aluguel da Sa\u00fade\",\"datePublished\":\"2024-03-25T14:29:48+00:00\",\"mainEntityOfPage\":{\"@id\":\"https:\\\/\\\/www.p31noticias.com.br\\\/?p=44961\"},\"wordCount\":105,\"commentCount\":0,\"image\":{\"@id\":\"https:\\\/\\\/www.p31noticias.com.br\\\/?p=44961#primaryimage\"},\"thumbnailUrl\":\"https:\\\/\\\/www.p31noticias.com.br\\\/wp-content\\\/uploads\\\/2024\\\/03\\\/WhatsApp-Image-2024-03-25-at-10.13.26-AM-1200x800-3CgnsC-150x150-DSzLdK.jpeg\",\"articleSection\":[\"Bras\u00edlia\"],\"inLanguage\":\"pt-BR\",\"potentialAction\":[{\"@type\":\"CommentAction\",\"name\":\"Comment\",\"target\":[\"https:\\\/\\\/www.p31noticias.com.br\\\/?p=44961#respond\"]}],\"copyrightYear\":\"2024\",\"copyrightHolder\":{\"@id\":\"https:\\\/\\\/www.p31noticias.com.br\\\/#organization\"}},{\"@type\":\"WebPage\",\"@id\":\"https:\\\/\\\/www.p31noticias.com.br\\\/?p=44961\",\"url\":\"https:\\\/\\\/www.p31noticias.com.br\\\/?p=44961\",\"name\":\"Paulo Oct\u00e1vio \u00e9 alvo de opera\u00e7\u00e3o que apura fraude em aluguel da Sa\u00fade - P31\",\"isPartOf\":{\"@id\":\"https:\\\/\\\/www.p31noticias.com.br\\\/#website\"},\"primaryImageOfPage\":{\"@id\":\"https:\\\/\\\/www.p31noticias.com.br\\\/?p=44961#primaryimage\"},\"image\":{\"@id\":\"https:\\\/\\\/www.p31noticias.com.br\\\/?p=44961#primaryimage\"},\"thumbnailUrl\":\"https:\\\/\\\/www.p31noticias.com.br\\\/wp-content\\\/uploads\\\/2024\\\/03\\\/WhatsApp-Image-2024-03-25-at-10.13.26-AM-1200x800-3CgnsC-150x150-DSzLdK.jpeg\",\"datePublished\":\"2024-03-25T14:29:48+00:00\",\"author\":{\"@id\":\"\"},\"breadcrumb\":{\"@id\":\"https:\\\/\\\/www.p31noticias.com.br\\\/?p=44961#breadcrumb\"},\"inLanguage\":\"pt-BR\",\"potentialAction\":[{\"@type\":\"ReadAction\",\"target\":[\"https:\\\/\\\/www.p31noticias.com.br\\\/?p=44961\"]}]},{\"@type\":\"ImageObject\",\"inLanguage\":\"pt-BR\",\"@id\":\"https:\\\/\\\/www.p31noticias.com.br\\\/?p=44961#primaryimage\",\"url\":\"https:\\\/\\\/www.p31noticias.com.br\\\/wp-content\\\/uploads\\\/2024\\\/03\\\/WhatsApp-Image-2024-03-25-at-10.13.26-AM-1200x800-3CgnsC-150x150-DSzLdK.jpeg\",\"contentUrl\":\"https:\\\/\\\/www.p31noticias.com.br\\\/wp-content\\\/uploads\\\/2024\\\/03\\\/WhatsApp-Image-2024-03-25-at-10.13.26-AM-1200x800-3CgnsC-150x150-DSzLdK.jpeg\",\"width\":150,\"height\":150},{\"@type\":\"BreadcrumbList\",\"@id\":\"https:\\\/\\\/www.p31noticias.com.br\\\/?p=44961#breadcrumb\",\"itemListElement\":[{\"@type\":\"ListItem\",\"position\":1,\"name\":\"In\u00edcio\",\"item\":\"https:\\\/\\\/www.p31noticias.com.br\\\/\"},{\"@type\":\"ListItem\",\"position\":2,\"name\":\"Paulo Oct\u00e1vio \u00e9 alvo de opera\u00e7\u00e3o que apura fraude em aluguel da Sa\u00fade\"}]},{\"@type\":\"WebSite\",\"@id\":\"https:\\\/\\\/www.p31noticias.com.br\\\/#website\",\"url\":\"https:\\\/\\\/www.p31noticias.com.br\\\/\",\"name\":\"P31\",\"description\":\"NOT\u00cdCIAS\",\"potentialAction\":[{\"@type\":\"SearchAction\",\"target\":{\"@type\":\"EntryPoint\",\"urlTemplate\":\"https:\\\/\\\/www.p31noticias.com.br\\\/?s={search_term_string}\"},\"query-input\":{\"@type\":\"PropertyValueSpecification\",\"valueRequired\":true,\"valueName\":\"search_term_string\"}}],\"inLanguage\":\"pt-BR\"}]}<\/script>\n<!-- \/ Yoast SEO Premium plugin. -->","yoast_head_json":{"title":"Paulo Oct\u00e1vio \u00e9 alvo de opera\u00e7\u00e3o que apura fraude em aluguel da Sa\u00fade - P31","robots":{"index":"index","follow":"follow","max-snippet":"max-snippet:-1","max-image-preview":"max-image-preview:large","max-video-preview":"max-video-preview:-1"},"canonical":"https:\/\/www.p31noticias.com.br\/?p=44961","og_locale":"pt_BR","og_type":"article","og_title":"Paulo Oct\u00e1vio \u00e9 alvo de opera\u00e7\u00e3o que apura fraude em aluguel da Sa\u00fade","og_description":"O Minist\u00e9rio P\u00fablico do Distrito Federal e Territ\u00f3rios (MPDFT) deflagrou opera\u00e7\u00e3o, na manh\u00e3 desta segunda-feira (25\/3), para investigar suspeitas de corrup\u00e7\u00e3o no processo de loca\u00e7\u00e3o do im\u00f3vel que abriga a sede da Secretaria de Sa\u00fade da capital do pa\u00eds (SES-DF). O empres\u00e1rio Paulo Oct\u00e1vio (foto em destaque) \u00e9 alvo de mandado de busca e apreens\u00e3o, [&hellip;]","og_url":"https:\/\/www.p31noticias.com.br\/?p=44961","og_site_name":"P31","article_published_time":"2024-03-25T14:29:48+00:00","og_image":[{"width":150,"height":150,"url":"https:\/\/www.p31noticias.com.br\/wp-content\/uploads\/2024\/03\/WhatsApp-Image-2024-03-25-at-10.13.26-AM-1200x800-3CgnsC-150x150-DSzLdK.jpeg","type":"image\/jpeg"}],"twitter_card":"summary_large_image","schema":{"@context":"https:\/\/schema.org","@graph":[{"@type":"Article","@id":"https:\/\/www.p31noticias.com.br\/?p=44961#article","isPartOf":{"@id":"https:\/\/www.p31noticias.com.br\/?p=44961"},"author":{"name":"","@id":""},"headline":"Paulo Oct\u00e1vio \u00e9 alvo de opera\u00e7\u00e3o que apura fraude em aluguel da Sa\u00fade","datePublished":"2024-03-25T14:29:48+00:00","mainEntityOfPage":{"@id":"https:\/\/www.p31noticias.com.br\/?p=44961"},"wordCount":105,"commentCount":0,"image":{"@id":"https:\/\/www.p31noticias.com.br\/?p=44961#primaryimage"},"thumbnailUrl":"https:\/\/www.p31noticias.com.br\/wp-content\/uploads\/2024\/03\/WhatsApp-Image-2024-03-25-at-10.13.26-AM-1200x800-3CgnsC-150x150-DSzLdK.jpeg","articleSection":["Bras\u00edlia"],"inLanguage":"pt-BR","potentialAction":[{"@type":"CommentAction","name":"Comment","target":["https:\/\/www.p31noticias.com.br\/?p=44961#respond"]}],"copyrightYear":"2024","copyrightHolder":{"@id":"https:\/\/www.p31noticias.com.br\/#organization"}},{"@type":"WebPage","@id":"https:\/\/www.p31noticias.com.br\/?p=44961","url":"https:\/\/www.p31noticias.com.br\/?p=44961","name":"Paulo Oct\u00e1vio \u00e9 alvo de opera\u00e7\u00e3o que apura fraude em aluguel da Sa\u00fade - P31","isPartOf":{"@id":"https:\/\/www.p31noticias.com.br\/#website"},"primaryImageOfPage":{"@id":"https:\/\/www.p31noticias.com.br\/?p=44961#primaryimage"},"image":{"@id":"https:\/\/www.p31noticias.com.br\/?p=44961#primaryimage"},"thumbnailUrl":"https:\/\/www.p31noticias.com.br\/wp-content\/uploads\/2024\/03\/WhatsApp-Image-2024-03-25-at-10.13.26-AM-1200x800-3CgnsC-150x150-DSzLdK.jpeg","datePublished":"2024-03-25T14:29:48+00:00","author":{"@id":""},"breadcrumb":{"@id":"https:\/\/www.p31noticias.com.br\/?p=44961#breadcrumb"},"inLanguage":"pt-BR","potentialAction":[{"@type":"ReadAction","target":["https:\/\/www.p31noticias.com.br\/?p=44961"]}]},{"@type":"ImageObject","inLanguage":"pt-BR","@id":"https:\/\/www.p31noticias.com.br\/?p=44961#primaryimage","url":"https:\/\/www.p31noticias.com.br\/wp-content\/uploads\/2024\/03\/WhatsApp-Image-2024-03-25-at-10.13.26-AM-1200x800-3CgnsC-150x150-DSzLdK.jpeg","contentUrl":"https:\/\/www.p31noticias.com.br\/wp-content\/uploads\/2024\/03\/WhatsApp-Image-2024-03-25-at-10.13.26-AM-1200x800-3CgnsC-150x150-DSzLdK.jpeg","width":150,"height":150},{"@type":"BreadcrumbList","@id":"https:\/\/www.p31noticias.com.br\/?p=44961#breadcrumb","itemListElement":[{"@type":"ListItem","position":1,"name":"In\u00edcio","item":"https:\/\/www.p31noticias.com.br\/"},{"@type":"ListItem","position":2,"name":"Paulo Oct\u00e1vio \u00e9 alvo de opera\u00e7\u00e3o que apura fraude em aluguel da Sa\u00fade"}]},{"@type":"WebSite","@id":"https:\/\/www.p31noticias.com.br\/#website","url":"https:\/\/www.p31noticias.com.br\/","name":"P31","description":"NOT\u00cdCIAS","potentialAction":[{"@type":"SearchAction","target":{"@type":"EntryPoint","urlTemplate":"https:\/\/www.p31noticias.com.br\/?s={search_term_string}"},"query-input":{"@type":"PropertyValueSpecification","valueRequired":true,"valueName":"search_term_string"}}],"inLanguage":"pt-BR"}]}},"amp_enabled":true,"_links":{"self":[{"href":"https:\/\/www.p31noticias.com.br\/index.php?rest_route=\/wp\/v2\/posts\/44961","targetHints":{"allow":["GET"]}}],"collection":[{"href":"https:\/\/www.p31noticias.com.br\/index.php?rest_route=\/wp\/v2\/posts"}],"about":[{"href":"https:\/\/www.p31noticias.com.br\/index.php?rest_route=\/wp\/v2\/types\/post"}],"replies":[{"embeddable":true,"href":"https:\/\/www.p31noticias.com.br\/index.php?rest_route=%2Fwp%2Fv2%2Fcomments&post=44961"}],"version-history":[{"count":0,"href":"https:\/\/www.p31noticias.com.br\/index.php?rest_route=\/wp\/v2\/posts\/44961\/revisions"}],"wp:featuredmedia":[{"embeddable":true,"href":"https:\/\/www.p31noticias.com.br\/index.php?rest_route=\/wp\/v2\/media\/44962"}],"wp:attachment":[{"href":"https:\/\/www.p31noticias.com.br\/index.php?rest_route=%2Fwp%2Fv2%2Fmedia&parent=44961"}],"wp:term":[{"taxonomy":"category","embeddable":true,"href":"https:\/\/www.p31noticias.com.br\/index.php?rest_route=%2Fwp%2Fv2%2Fcategories&post=44961"},{"taxonomy":"post_tag","embeddable":true,"href":"https:\/\/www.p31noticias.com.br\/index.php?rest_route=%2Fwp%2Fv2%2Ftags&post=44961"}],"curies":[{"name":"wp","href":"https:\/\/api.w.org\/{rel}","templated":true}]}}