{"id":44956,"date":"2024-03-25T11:29:23","date_gmt":"2024-03-25T14:29:23","guid":{"rendered":"https:\/\/p31noticias.com.br\/?p=44956"},"modified":"2024-03-25T11:30:40","modified_gmt":"2024-03-25T14:30:40","slug":"uniao-brasil-expulsa-deputado-brazao-apos-prisao-em-caso-marielle","status":"publish","type":"post","link":"https:\/\/www.p31noticias.com.br\/?p=44956","title":{"rendered":"Uni\u00e3o Brasil expulsa deputado Braz\u00e3o ap\u00f3s pris\u00e3o em caso Marielle"},"content":{"rendered":"<h3 class=\"col-10 offset-1 animated fadeInDown dealy-900 display-8 display-md-8 alt-font font-italic my-1 text-center\" style=\"text-align: justify;\"><em>Representa\u00e7\u00e3o foi apresentada pelo deputado federal Alexandre Leite<\/em><\/h3>\n<p style=\"text-align: justify;\">A Executiva Nacional do Uni\u00e3o Brasil aprovou, por unanimidade, a expuls\u00e3o do deputado federal Chiquinho Braz\u00e3o (RJ)\u00a0do partido. A decis\u00e3o foi anunciada na noite de\u00a0domingo (24),\u00a0ap\u00f3s \u00a0ser preso,\u00a0suspeito de mandar matar a vereadora Marielle Franco. De acordo com a nota divulgada pela legenda, Braz\u00e3o teve a filia\u00e7\u00e3o partid\u00e1ria cancelada.<img decoding=\"async\" src=\"https:\/\/agenciabrasil.ebc.com.br\/ebc.png?id=1587277&amp;o=node\" \/>\u201cA decis\u00e3o da Executiva Nacional aponta que Braz\u00e3o incide em ao menos tr\u00eas condutas il\u00edcitas previstas no artigo 95 do Estatuto: atividade pol\u00edtica contr\u00e1ria ao Estado Democr\u00e1tico de Direito, ao Regime Democr\u00e1tico e aos interesses partid\u00e1rios; falta de exa\u00e7\u00e3o no cumprimento dos deveres atinentes \u00e0s fun\u00e7\u00f5es p\u00fablicas e partid\u00e1rias e viol\u00eancia pol\u00edtica contra a mulher\u201d, explicou o partido, em nota.<\/p>\n<p style=\"text-align: justify;\">A representa\u00e7\u00e3o contra Chiquinho Braz\u00e3o foi apresentada pelo deputado federal Alexandre Leite (Uni\u00e3o-SP) e relatada pelo senador Efraim Filho (Uni\u00e3o-PB). Ainda no domingo, o presidente da legenda, Antonio de Rueda, havia pedido a abertura de processo disciplinar contra o parlamentar suspeito de mandar matar Marielle.<\/p>\n<p style=\"text-align: justify;\">\u201cO Uni\u00e3o Brasil repudia de maneira enf\u00e1tica quaisquer crimes, em especial os que atentam contra o Estado Democr\u00e1tico de Direito e os que envolvem a viol\u00eancia contra a mulher. A dire\u00e7\u00e3o do partido manifesta profunda solidariedade \u00e0s fam\u00edlias de Marielle e Anderson\u201d, finaliza a nota da legenda.<\/p>\n<p style=\"text-align: justify;\">O deputado federal Chiquinho Braz\u00e3o est\u00e1 no segundo mandato na C\u00e2mara dos Deputados, eleito em outubro de 2022 com mais de 77 mil votos. Antes, ele foi vereador da cidade do Rio de Janeiro por quatro mandatos consecutivos. Ele \u00e9\u00a0<a href=\"https:\/\/agenciabrasil.ebc.com.br\/justica\/noticia\/2024-03\/pf-aponta-irmaos-brazao-como-mandantes-da-morte-de-marielle\" target=\"_blank\" rel=\"noopener\">um dos tr\u00eas acusados de mandar matar a vereadora Marielle<\/a>, assassinada em mar\u00e7o de 2018, e o\u00a0motorista Anderson Gomes.<\/p>\n<h2 style=\"text-align: justify;\">C\u00e2mara dos Deputados<\/h2>\n<p style=\"text-align: justify;\">O deputado federal Chiquinho Braz\u00e3o precisa ainda ter sua pris\u00e3o analisada pelo plen\u00e1rio da C\u00e2mara dos Deputados, que poder\u00e1 mant\u00ea-lo preso ou solt\u00e1-lo.<\/p>\n<p style=\"text-align: justify;\">De acordo com a Constitui\u00e7\u00e3o Federal, deputados e senadores s\u00e3o inviol\u00e1veis, civil e penalmente, por opini\u00f5es, palavras e votos e n\u00e3o poder\u00e3o ser presos, salvo em flagrante de crime inafian\u00e7\u00e1vel. Nessas situa\u00e7\u00f5es, os\u00a0<a href=\"https:\/\/agenciabrasil.ebc.com.br\/politica\/noticia\/2024-03\/prisao-de-chiquinho-brazao-precisa-ser-aprovada-pela-camara\" target=\"_blank\" rel=\"noopener\">autos s\u00e3o remetidos \u00e0 C\u00e2mara ou ao Senado para que a maioria absoluta da Casa<\/a>\u00a0(no caso da C\u00e2mara, o voto de 257 deputados) decida, em voto aberto, sobre a pris\u00e3o.<\/p>\n<h2 style=\"text-align: justify;\">Motiva\u00e7\u00e3o<\/h2>\n<p style=\"text-align: justify;\">De acordo com as investiga\u00e7\u00f5es, o assassinato de Marielle Franco foi motivado por\u00a0<a href=\"https:\/\/agenciabrasil.ebc.com.br\/justica\/noticia\/2024-03\/motivacao-da-morte-de-marielle-envolve-questao-fundiaria-e-milicia\" target=\"_blank\" rel=\"noopener\">quest\u00f5es fundi\u00e1rias envolvendo as mil\u00edcias do Rio de Janeiro<\/a>. O relat\u00f3rio da Pol\u00edcia Federal (PF) cita uma diverg\u00eancia entre Marielle Franco e o grupo pol\u00edtico do ent\u00e3o vereador Chiquinho Braz\u00e3o em torno do Projeto de Lei (PL) 174\/2016, que buscava formalizar um condom\u00ednio na Zona Oeste da capital fluminense.<\/p>\n<p style=\"text-align: justify;\">Citando uma &#8220;rea\u00e7\u00e3o descontrolada&#8221; de Chiquinho Braz\u00e3o pelo resultado apertado da vota\u00e7\u00e3o do PL no plen\u00e1rio da C\u00e2mara Municipal, segundo relat\u00f3rio da PF, o ministro afirmou que o crime come\u00e7ou a ser preparado ainda no segundo semestre de 2017.<\/p>\n<p style=\"text-align: justify;\">&#8220;Me parece que todo esse volumoso conjunto de documentos que recebemos\u00a0&#8211;\u00a0esse \u00e9 um trecho extremamente significativo &#8211;\u00a0mostra\u00a0a motiva\u00e7\u00e3o b\u00e1sica do assassinato da vereadora Marielle Franco, que se opunha justamente\u00a0a esse grupo\u00a0que, na C\u00e2mara Municipal do Rio de Janeiro,\u00a0queria regularizar terras\u00a0para us\u00e1-las com fins comerciais, enquanto o grupo da vereadora queria usar essas terras para fins sociais, de moradia popular&#8221;, afirmou o ministro da Justi\u00e7a e Seguran\u00e7a P\u00fablica, Ricardo Lewandowski.<\/p>\n<p style=\"text-align: justify;\">Chiquinho Braz\u00e3o divulgou nota no dia 20 de mar\u00e7o, depois que a acusa\u00e7\u00e3o de ser o mandante vazou na imprensa, afirmando que ele estava \u201csurpreendido pelas especula\u00e7\u00f5es\u201d e que o conv\u00edvio com Marielle sempre foi \u201camitoso e cordial\u201d.<\/p>\n<p style=\"text-align: justify;\">Ag\u00eancia Brasil<\/p>\n","protected":false},"excerpt":{"rendered":"<p>Representa\u00e7\u00e3o foi apresentada pelo deputado federal Alexandre Leite A Executiva Nacional do Uni\u00e3o Brasil aprovou, por unanimidade, a expuls\u00e3o do deputado federal Chiquinho Braz\u00e3o (RJ)\u00a0do partido. A decis\u00e3o foi anunciada na noite de\u00a0domingo (24),\u00a0ap\u00f3s \u00a0ser preso,\u00a0suspeito de mandar matar a vereadora Marielle Franco. De acordo com a nota divulgada pela legenda, Braz\u00e3o teve a filia\u00e7\u00e3o [&hellip;]<\/p>\n","protected":false},"author":2,"featured_media":44957,"comment_status":"open","ping_status":"open","sticky":false,"template":"","format":"standard","meta":{"footnotes":""},"categories":[68],"tags":[],"class_list":{"0":"post-44956","1":"post","2":"type-post","3":"status-publish","4":"format-standard","5":"has-post-thumbnail","7":"category-brasil"},"yoast_head":"<!-- This site is optimized with the Yoast SEO Premium plugin v24.5 (Yoast SEO v27.5) - https:\/\/yoast.com\/product\/yoast-seo-premium-wordpress\/ -->\n<title>Uni\u00e3o Brasil expulsa deputado Braz\u00e3o ap\u00f3s pris\u00e3o em caso Marielle - P31<\/title>\n<meta name=\"robots\" content=\"index, follow, max-snippet:-1, max-image-preview:large, max-video-preview:-1\" \/>\n<link rel=\"canonical\" href=\"https:\/\/www.p31noticias.com.br\/?p=44956\" \/>\n<meta property=\"og:locale\" content=\"pt_BR\" \/>\n<meta property=\"og:type\" content=\"article\" \/>\n<meta property=\"og:title\" content=\"Uni\u00e3o Brasil expulsa deputado Braz\u00e3o ap\u00f3s pris\u00e3o em caso Marielle\" \/>\n<meta property=\"og:description\" content=\"Representa\u00e7\u00e3o foi apresentada pelo deputado federal Alexandre Leite A Executiva Nacional do Uni\u00e3o Brasil aprovou, por unanimidade, a expuls\u00e3o do deputado federal Chiquinho Braz\u00e3o (RJ)\u00a0do partido. A decis\u00e3o foi anunciada na noite de\u00a0domingo (24),\u00a0ap\u00f3s \u00a0ser preso,\u00a0suspeito de mandar matar a vereadora Marielle Franco. De acordo com a nota divulgada pela legenda, Braz\u00e3o teve a filia\u00e7\u00e3o [&hellip;]\" \/>\n<meta property=\"og:url\" content=\"https:\/\/www.p31noticias.com.br\/?p=44956\" \/>\n<meta property=\"og:site_name\" content=\"P31\" \/>\n<meta property=\"article:published_time\" content=\"2024-03-25T14:29:23+00:00\" \/>\n<meta property=\"article:modified_time\" content=\"2024-03-25T14:30:40+00:00\" \/>\n<meta property=\"og:image\" content=\"https:\/\/www.p31noticias.com.br\/wp-content\/uploads\/2024\/03\/204476kl-asdfvedrfn.webp\" \/>\n\t<meta property=\"og:image:width\" content=\"1170\" \/>\n\t<meta property=\"og:image:height\" content=\"700\" \/>\n\t<meta property=\"og:image:type\" content=\"image\/webp\" \/>\n<meta name=\"author\" content=\"Gon\u00e7alves Junior\" \/>\n<meta name=\"twitter:card\" content=\"summary_large_image\" \/>\n<meta name=\"twitter:label1\" content=\"Escrito por\" \/>\n\t<meta name=\"twitter:data1\" content=\"Gon\u00e7alves Junior\" \/>\n\t<meta name=\"twitter:label2\" content=\"Est. tempo de leitura\" \/>\n\t<meta name=\"twitter:data2\" content=\"3 minutos\" \/>\n<script type=\"application\/ld+json\" class=\"yoast-schema-graph\">{\"@context\":\"https:\\\/\\\/schema.org\",\"@graph\":[{\"@type\":\"Article\",\"@id\":\"https:\\\/\\\/www.p31noticias.com.br\\\/?p=44956#article\",\"isPartOf\":{\"@id\":\"https:\\\/\\\/www.p31noticias.com.br\\\/?p=44956\"},\"author\":{\"name\":\"Gon\u00e7alves Junior\",\"@id\":\"https:\\\/\\\/www.p31noticias.com.br\\\/#\\\/schema\\\/person\\\/95f2ece30e3b4132065b915150cd0f94\"},\"headline\":\"Uni\u00e3o Brasil expulsa deputado Braz\u00e3o ap\u00f3s pris\u00e3o em caso Marielle\",\"datePublished\":\"2024-03-25T14:29:23+00:00\",\"dateModified\":\"2024-03-25T14:30:40+00:00\",\"mainEntityOfPage\":{\"@id\":\"https:\\\/\\\/www.p31noticias.com.br\\\/?p=44956\"},\"wordCount\":673,\"commentCount\":0,\"image\":{\"@id\":\"https:\\\/\\\/www.p31noticias.com.br\\\/?p=44956#primaryimage\"},\"thumbnailUrl\":\"https:\\\/\\\/www.p31noticias.com.br\\\/wp-content\\\/uploads\\\/2024\\\/03\\\/204476kl-asdfvedrfn.webp\",\"articleSection\":[\"Brasil\"],\"inLanguage\":\"pt-BR\",\"potentialAction\":[{\"@type\":\"CommentAction\",\"name\":\"Comment\",\"target\":[\"https:\\\/\\\/www.p31noticias.com.br\\\/?p=44956#respond\"]}],\"copyrightYear\":\"2024\",\"copyrightHolder\":{\"@id\":\"https:\\\/\\\/www.p31noticias.com.br\\\/#organization\"}},{\"@type\":\"WebPage\",\"@id\":\"https:\\\/\\\/www.p31noticias.com.br\\\/?p=44956\",\"url\":\"https:\\\/\\\/www.p31noticias.com.br\\\/?p=44956\",\"name\":\"Uni\u00e3o Brasil expulsa deputado Braz\u00e3o ap\u00f3s pris\u00e3o em caso Marielle - P31\",\"isPartOf\":{\"@id\":\"https:\\\/\\\/www.p31noticias.com.br\\\/#website\"},\"primaryImageOfPage\":{\"@id\":\"https:\\\/\\\/www.p31noticias.com.br\\\/?p=44956#primaryimage\"},\"image\":{\"@id\":\"https:\\\/\\\/www.p31noticias.com.br\\\/?p=44956#primaryimage\"},\"thumbnailUrl\":\"https:\\\/\\\/www.p31noticias.com.br\\\/wp-content\\\/uploads\\\/2024\\\/03\\\/204476kl-asdfvedrfn.webp\",\"datePublished\":\"2024-03-25T14:29:23+00:00\",\"dateModified\":\"2024-03-25T14:30:40+00:00\",\"author\":{\"@id\":\"https:\\\/\\\/www.p31noticias.com.br\\\/#\\\/schema\\\/person\\\/95f2ece30e3b4132065b915150cd0f94\"},\"breadcrumb\":{\"@id\":\"https:\\\/\\\/www.p31noticias.com.br\\\/?p=44956#breadcrumb\"},\"inLanguage\":\"pt-BR\",\"potentialAction\":[{\"@type\":\"ReadAction\",\"target\":[\"https:\\\/\\\/www.p31noticias.com.br\\\/?p=44956\"]}]},{\"@type\":\"ImageObject\",\"inLanguage\":\"pt-BR\",\"@id\":\"https:\\\/\\\/www.p31noticias.com.br\\\/?p=44956#primaryimage\",\"url\":\"https:\\\/\\\/www.p31noticias.com.br\\\/wp-content\\\/uploads\\\/2024\\\/03\\\/204476kl-asdfvedrfn.webp\",\"contentUrl\":\"https:\\\/\\\/www.p31noticias.com.br\\\/wp-content\\\/uploads\\\/2024\\\/03\\\/204476kl-asdfvedrfn.webp\",\"width\":1170,\"height\":700},{\"@type\":\"BreadcrumbList\",\"@id\":\"https:\\\/\\\/www.p31noticias.com.br\\\/?p=44956#breadcrumb\",\"itemListElement\":[{\"@type\":\"ListItem\",\"position\":1,\"name\":\"In\u00edcio\",\"item\":\"https:\\\/\\\/www.p31noticias.com.br\\\/\"},{\"@type\":\"ListItem\",\"position\":2,\"name\":\"Uni\u00e3o Brasil expulsa deputado Braz\u00e3o ap\u00f3s pris\u00e3o em caso Marielle\"}]},{\"@type\":\"WebSite\",\"@id\":\"https:\\\/\\\/www.p31noticias.com.br\\\/#website\",\"url\":\"https:\\\/\\\/www.p31noticias.com.br\\\/\",\"name\":\"P31\",\"description\":\"NOT\u00cdCIAS\",\"potentialAction\":[{\"@type\":\"SearchAction\",\"target\":{\"@type\":\"EntryPoint\",\"urlTemplate\":\"https:\\\/\\\/www.p31noticias.com.br\\\/?s={search_term_string}\"},\"query-input\":{\"@type\":\"PropertyValueSpecification\",\"valueRequired\":true,\"valueName\":\"search_term_string\"}}],\"inLanguage\":\"pt-BR\"},{\"@type\":\"Person\",\"@id\":\"https:\\\/\\\/www.p31noticias.com.br\\\/#\\\/schema\\\/person\\\/95f2ece30e3b4132065b915150cd0f94\",\"name\":\"Gon\u00e7alves Junior\",\"image\":{\"@type\":\"ImageObject\",\"inLanguage\":\"pt-BR\",\"@id\":\"https:\\\/\\\/secure.gravatar.com\\\/avatar\\\/6711f350116a89762687a48d66f723c799e5438a5b7578508d4294cd7a5d0800?s=96&d=mm&r=g\",\"url\":\"https:\\\/\\\/secure.gravatar.com\\\/avatar\\\/6711f350116a89762687a48d66f723c799e5438a5b7578508d4294cd7a5d0800?s=96&d=mm&r=g\",\"contentUrl\":\"https:\\\/\\\/secure.gravatar.com\\\/avatar\\\/6711f350116a89762687a48d66f723c799e5438a5b7578508d4294cd7a5d0800?s=96&d=mm&r=g\",\"caption\":\"Gon\u00e7alves Junior\"},\"url\":\"https:\\\/\\\/www.p31noticias.com.br\\\/?author=2\"}]}<\/script>\n<!-- \/ Yoast SEO Premium plugin. -->","yoast_head_json":{"title":"Uni\u00e3o Brasil expulsa deputado Braz\u00e3o ap\u00f3s pris\u00e3o em caso Marielle - P31","robots":{"index":"index","follow":"follow","max-snippet":"max-snippet:-1","max-image-preview":"max-image-preview:large","max-video-preview":"max-video-preview:-1"},"canonical":"https:\/\/www.p31noticias.com.br\/?p=44956","og_locale":"pt_BR","og_type":"article","og_title":"Uni\u00e3o Brasil expulsa deputado Braz\u00e3o ap\u00f3s pris\u00e3o em caso Marielle","og_description":"Representa\u00e7\u00e3o foi apresentada pelo deputado federal Alexandre Leite A Executiva Nacional do Uni\u00e3o Brasil aprovou, por unanimidade, a expuls\u00e3o do deputado federal Chiquinho Braz\u00e3o (RJ)\u00a0do partido. A decis\u00e3o foi anunciada na noite de\u00a0domingo (24),\u00a0ap\u00f3s \u00a0ser preso,\u00a0suspeito de mandar matar a vereadora Marielle Franco. De acordo com a nota divulgada pela legenda, Braz\u00e3o teve a filia\u00e7\u00e3o [&hellip;]","og_url":"https:\/\/www.p31noticias.com.br\/?p=44956","og_site_name":"P31","article_published_time":"2024-03-25T14:29:23+00:00","article_modified_time":"2024-03-25T14:30:40+00:00","og_image":[{"width":1170,"height":700,"url":"https:\/\/www.p31noticias.com.br\/wp-content\/uploads\/2024\/03\/204476kl-asdfvedrfn.webp","type":"image\/webp"}],"author":"Gon\u00e7alves Junior","twitter_card":"summary_large_image","twitter_misc":{"Escrito por":"Gon\u00e7alves Junior","Est. tempo de leitura":"3 minutos"},"schema":{"@context":"https:\/\/schema.org","@graph":[{"@type":"Article","@id":"https:\/\/www.p31noticias.com.br\/?p=44956#article","isPartOf":{"@id":"https:\/\/www.p31noticias.com.br\/?p=44956"},"author":{"name":"Gon\u00e7alves Junior","@id":"https:\/\/www.p31noticias.com.br\/#\/schema\/person\/95f2ece30e3b4132065b915150cd0f94"},"headline":"Uni\u00e3o Brasil expulsa deputado Braz\u00e3o ap\u00f3s pris\u00e3o em caso Marielle","datePublished":"2024-03-25T14:29:23+00:00","dateModified":"2024-03-25T14:30:40+00:00","mainEntityOfPage":{"@id":"https:\/\/www.p31noticias.com.br\/?p=44956"},"wordCount":673,"commentCount":0,"image":{"@id":"https:\/\/www.p31noticias.com.br\/?p=44956#primaryimage"},"thumbnailUrl":"https:\/\/www.p31noticias.com.br\/wp-content\/uploads\/2024\/03\/204476kl-asdfvedrfn.webp","articleSection":["Brasil"],"inLanguage":"pt-BR","potentialAction":[{"@type":"CommentAction","name":"Comment","target":["https:\/\/www.p31noticias.com.br\/?p=44956#respond"]}],"copyrightYear":"2024","copyrightHolder":{"@id":"https:\/\/www.p31noticias.com.br\/#organization"}},{"@type":"WebPage","@id":"https:\/\/www.p31noticias.com.br\/?p=44956","url":"https:\/\/www.p31noticias.com.br\/?p=44956","name":"Uni\u00e3o Brasil expulsa deputado Braz\u00e3o ap\u00f3s pris\u00e3o em caso Marielle - P31","isPartOf":{"@id":"https:\/\/www.p31noticias.com.br\/#website"},"primaryImageOfPage":{"@id":"https:\/\/www.p31noticias.com.br\/?p=44956#primaryimage"},"image":{"@id":"https:\/\/www.p31noticias.com.br\/?p=44956#primaryimage"},"thumbnailUrl":"https:\/\/www.p31noticias.com.br\/wp-content\/uploads\/2024\/03\/204476kl-asdfvedrfn.webp","datePublished":"2024-03-25T14:29:23+00:00","dateModified":"2024-03-25T14:30:40+00:00","author":{"@id":"https:\/\/www.p31noticias.com.br\/#\/schema\/person\/95f2ece30e3b4132065b915150cd0f94"},"breadcrumb":{"@id":"https:\/\/www.p31noticias.com.br\/?p=44956#breadcrumb"},"inLanguage":"pt-BR","potentialAction":[{"@type":"ReadAction","target":["https:\/\/www.p31noticias.com.br\/?p=44956"]}]},{"@type":"ImageObject","inLanguage":"pt-BR","@id":"https:\/\/www.p31noticias.com.br\/?p=44956#primaryimage","url":"https:\/\/www.p31noticias.com.br\/wp-content\/uploads\/2024\/03\/204476kl-asdfvedrfn.webp","contentUrl":"https:\/\/www.p31noticias.com.br\/wp-content\/uploads\/2024\/03\/204476kl-asdfvedrfn.webp","width":1170,"height":700},{"@type":"BreadcrumbList","@id":"https:\/\/www.p31noticias.com.br\/?p=44956#breadcrumb","itemListElement":[{"@type":"ListItem","position":1,"name":"In\u00edcio","item":"https:\/\/www.p31noticias.com.br\/"},{"@type":"ListItem","position":2,"name":"Uni\u00e3o Brasil expulsa deputado Braz\u00e3o ap\u00f3s pris\u00e3o em caso Marielle"}]},{"@type":"WebSite","@id":"https:\/\/www.p31noticias.com.br\/#website","url":"https:\/\/www.p31noticias.com.br\/","name":"P31","description":"NOT\u00cdCIAS","potentialAction":[{"@type":"SearchAction","target":{"@type":"EntryPoint","urlTemplate":"https:\/\/www.p31noticias.com.br\/?s={search_term_string}"},"query-input":{"@type":"PropertyValueSpecification","valueRequired":true,"valueName":"search_term_string"}}],"inLanguage":"pt-BR"},{"@type":"Person","@id":"https:\/\/www.p31noticias.com.br\/#\/schema\/person\/95f2ece30e3b4132065b915150cd0f94","name":"Gon\u00e7alves Junior","image":{"@type":"ImageObject","inLanguage":"pt-BR","@id":"https:\/\/secure.gravatar.com\/avatar\/6711f350116a89762687a48d66f723c799e5438a5b7578508d4294cd7a5d0800?s=96&d=mm&r=g","url":"https:\/\/secure.gravatar.com\/avatar\/6711f350116a89762687a48d66f723c799e5438a5b7578508d4294cd7a5d0800?s=96&d=mm&r=g","contentUrl":"https:\/\/secure.gravatar.com\/avatar\/6711f350116a89762687a48d66f723c799e5438a5b7578508d4294cd7a5d0800?s=96&d=mm&r=g","caption":"Gon\u00e7alves Junior"},"url":"https:\/\/www.p31noticias.com.br\/?author=2"}]}},"amp_enabled":true,"_links":{"self":[{"href":"https:\/\/www.p31noticias.com.br\/index.php?rest_route=\/wp\/v2\/posts\/44956","targetHints":{"allow":["GET"]}}],"collection":[{"href":"https:\/\/www.p31noticias.com.br\/index.php?rest_route=\/wp\/v2\/posts"}],"about":[{"href":"https:\/\/www.p31noticias.com.br\/index.php?rest_route=\/wp\/v2\/types\/post"}],"author":[{"embeddable":true,"href":"https:\/\/www.p31noticias.com.br\/index.php?rest_route=\/wp\/v2\/users\/2"}],"replies":[{"embeddable":true,"href":"https:\/\/www.p31noticias.com.br\/index.php?rest_route=%2Fwp%2Fv2%2Fcomments&post=44956"}],"version-history":[{"count":1,"href":"https:\/\/www.p31noticias.com.br\/index.php?rest_route=\/wp\/v2\/posts\/44956\/revisions"}],"predecessor-version":[{"id":44958,"href":"https:\/\/www.p31noticias.com.br\/index.php?rest_route=\/wp\/v2\/posts\/44956\/revisions\/44958"}],"wp:featuredmedia":[{"embeddable":true,"href":"https:\/\/www.p31noticias.com.br\/index.php?rest_route=\/wp\/v2\/media\/44957"}],"wp:attachment":[{"href":"https:\/\/www.p31noticias.com.br\/index.php?rest_route=%2Fwp%2Fv2%2Fmedia&parent=44956"}],"wp:term":[{"taxonomy":"category","embeddable":true,"href":"https:\/\/www.p31noticias.com.br\/index.php?rest_route=%2Fwp%2Fv2%2Fcategories&post=44956"},{"taxonomy":"post_tag","embeddable":true,"href":"https:\/\/www.p31noticias.com.br\/index.php?rest_route=%2Fwp%2Fv2%2Ftags&post=44956"}],"curies":[{"name":"wp","href":"https:\/\/api.w.org\/{rel}","templated":true}]}}