{"id":44953,"date":"2024-03-25T10:50:34","date_gmt":"2024-03-25T13:50:34","guid":{"rendered":"https:\/\/p31noticias.com.br\/?p=44953"},"modified":"2024-03-25T10:50:34","modified_gmt":"2024-03-25T13:50:34","slug":"deputado-daniel-de-castro-pede-investigacao-sobre-atentado-a-bolsonaro-apos-prisao-no-caso-marielle","status":"publish","type":"post","link":"https:\/\/www.p31noticias.com.br\/?p=44953","title":{"rendered":"Deputado Daniel de Castro Pede Investiga\u00e7\u00e3o sobre Atentado a Bolsonaro Ap\u00f3s Pris\u00e3o no Caso Marielle"},"content":{"rendered":"<p style=\"text-align: justify;\">O deputado Pastor Daniel de Castro se manifestou ap\u00f3s a pris\u00e3o dos envolvidos nos assassinatos da vereadora Marielle Franco e do motorista Anderson Gomes, bem como na tentativa de homic\u00eddio da assessora Fernanda Chaves. Entre os detidos est\u00e3o Domingos Braz\u00e3o, atual conselheiro do Tribunal de Contas do Rio, Chiquinho Braz\u00e3o, deputado federal pelo Rio, e Rivaldo Barbosa, ex-chefe da Pol\u00edcia Civil do Rio.<\/p>\n<p>Em um v\u00eddeo divulgado nas redes sociais, o deputado Daniel de Castro ressaltou que Jair Bolsonaro foi injustamente atacado por anos pela imprensa e por setores da esquerda, que o acusavam de envolvimento no assassinato de Marielle. Ele criticou a TV Globo por ter noticiado erroneamente que Bolsonaro estaria no Rio de Janeiro na noite do crime, quando na verdade estava em Bras\u00edlia. O deputado tamb\u00e9m apontou que os verdadeiros culpados s\u00e3o ligados \u00e0 mil\u00edcia e j\u00e1 apoiaram o PT em campanhas eleitorais.<\/p>\n<p>Por fim, o parlamentar enfatizou a necessidade de investigar agora quem teria ordenado o atentado contra Bolsonaro.<\/p>\n<p style=\"text-align: justify;\">Assista o v\u00eddeo :<\/p>\n<p><a href=\"https:\/\/www.instagram.com\/reel\/C46ap2jv2jz\/?igsh=MTZmZGl3NHV2NXNscQ==\" target=\"_blank\" rel=\"noopener\" data-saferedirecturl=\"https:\/\/www.google.com\/url?q=https:\/\/www.instagram.com\/reel\/C46ap2jv2jz\/?igsh%3DMTZmZGl3NHV2NXNscQ%3D%3D&amp;source=gmail&amp;ust=1711460519462000&amp;usg=AOvVaw2vVXhKEcDvBaZm5-n5-P16\">https:\/\/www.instagram.com\/<wbr \/>reel\/C46ap2jv2jz\/?igsh=<wbr \/>MTZmZGl3NHV2NXNscQ==<\/a><\/p>\n<div class=\"yj6qo\"><em><strong>Assessoria de Comunica\u00e7\u00e3o Social<\/strong><\/em><\/div>\n<div class=\"yj6qo\"><em><strong>Gabinete do Deputado Distrital Pastor Daniel de Castro<\/strong><\/em><\/div>\n","protected":false},"excerpt":{"rendered":"<p>O deputado Pastor Daniel de Castro se manifestou ap\u00f3s a pris\u00e3o dos envolvidos nos assassinatos da vereadora Marielle Franco e do motorista Anderson Gomes, bem como na tentativa de homic\u00eddio da assessora Fernanda Chaves. Entre os detidos est\u00e3o Domingos Braz\u00e3o, atual conselheiro do Tribunal de Contas do Rio, Chiquinho Braz\u00e3o, deputado federal pelo Rio, e [&hellip;]<\/p>\n","protected":false},"author":2,"featured_media":44954,"comment_status":"open","ping_status":"open","sticky":false,"template":"","format":"standard","meta":{"footnotes":""},"categories":[68,21],"tags":[],"class_list":{"0":"post-44953","1":"post","2":"type-post","3":"status-publish","4":"format-standard","5":"has-post-thumbnail","7":"category-brasil","8":"category-brasilia"},"yoast_head":"<!-- This site is optimized with the Yoast SEO Premium plugin v24.5 (Yoast SEO v27.5) - https:\/\/yoast.com\/product\/yoast-seo-premium-wordpress\/ -->\n<title>Deputado Daniel de Castro Pede Investiga\u00e7\u00e3o sobre Atentado a Bolsonaro Ap\u00f3s Pris\u00e3o no Caso Marielle - P31<\/title>\n<meta name=\"robots\" content=\"index, follow, max-snippet:-1, max-image-preview:large, max-video-preview:-1\" \/>\n<link rel=\"canonical\" href=\"https:\/\/www.p31noticias.com.br\/?p=44953\" \/>\n<meta property=\"og:locale\" content=\"pt_BR\" \/>\n<meta property=\"og:type\" content=\"article\" \/>\n<meta property=\"og:title\" content=\"Deputado Daniel de Castro Pede Investiga\u00e7\u00e3o sobre Atentado a Bolsonaro Ap\u00f3s Pris\u00e3o no Caso Marielle\" \/>\n<meta property=\"og:description\" content=\"O deputado Pastor Daniel de Castro se manifestou ap\u00f3s a pris\u00e3o dos envolvidos nos assassinatos da vereadora Marielle Franco e do motorista Anderson Gomes, bem como na tentativa de homic\u00eddio da assessora Fernanda Chaves. Entre os detidos est\u00e3o Domingos Braz\u00e3o, atual conselheiro do Tribunal de Contas do Rio, Chiquinho Braz\u00e3o, deputado federal pelo Rio, e [&hellip;]\" \/>\n<meta property=\"og:url\" content=\"https:\/\/www.p31noticias.com.br\/?p=44953\" \/>\n<meta property=\"og:site_name\" content=\"P31\" \/>\n<meta property=\"article:published_time\" content=\"2024-03-25T13:50:34+00:00\" \/>\n<meta property=\"og:image\" content=\"https:\/\/www.p31noticias.com.br\/wp-content\/uploads\/2024\/03\/unnamed-10cd\u00b4fopfgbiajemnoclgaerjmngoraknm.jpg\" \/>\n\t<meta property=\"og:image:width\" content=\"592\" \/>\n\t<meta property=\"og:image:height\" content=\"755\" \/>\n\t<meta property=\"og:image:type\" content=\"image\/jpeg\" \/>\n<meta name=\"author\" content=\"Gon\u00e7alves Junior\" \/>\n<meta name=\"twitter:card\" content=\"summary_large_image\" \/>\n<meta name=\"twitter:label1\" content=\"Escrito por\" \/>\n\t<meta name=\"twitter:data1\" content=\"Gon\u00e7alves Junior\" \/>\n\t<meta name=\"twitter:label2\" content=\"Est. tempo de leitura\" \/>\n\t<meta name=\"twitter:data2\" content=\"1 minuto\" \/>\n<script type=\"application\/ld+json\" class=\"yoast-schema-graph\">{\"@context\":\"https:\\\/\\\/schema.org\",\"@graph\":[{\"@type\":\"Article\",\"@id\":\"https:\\\/\\\/www.p31noticias.com.br\\\/?p=44953#article\",\"isPartOf\":{\"@id\":\"https:\\\/\\\/www.p31noticias.com.br\\\/?p=44953\"},\"author\":{\"name\":\"Gon\u00e7alves Junior\",\"@id\":\"https:\\\/\\\/www.p31noticias.com.br\\\/#\\\/schema\\\/person\\\/95f2ece30e3b4132065b915150cd0f94\"},\"headline\":\"Deputado Daniel de Castro Pede Investiga\u00e7\u00e3o sobre Atentado a Bolsonaro Ap\u00f3s Pris\u00e3o no Caso Marielle\",\"datePublished\":\"2024-03-25T13:50:34+00:00\",\"mainEntityOfPage\":{\"@id\":\"https:\\\/\\\/www.p31noticias.com.br\\\/?p=44953\"},\"wordCount\":222,\"commentCount\":0,\"image\":{\"@id\":\"https:\\\/\\\/www.p31noticias.com.br\\\/?p=44953#primaryimage\"},\"thumbnailUrl\":\"https:\\\/\\\/www.p31noticias.com.br\\\/wp-content\\\/uploads\\\/2024\\\/03\\\/unnamed-10cd\u00b4fopfgbiajemnoclgaerjmngoraknm.jpg\",\"articleSection\":[\"Brasil\",\"Bras\u00edlia\"],\"inLanguage\":\"pt-BR\",\"potentialAction\":[{\"@type\":\"CommentAction\",\"name\":\"Comment\",\"target\":[\"https:\\\/\\\/www.p31noticias.com.br\\\/?p=44953#respond\"]}],\"copyrightYear\":\"2024\",\"copyrightHolder\":{\"@id\":\"https:\\\/\\\/www.p31noticias.com.br\\\/#organization\"}},{\"@type\":\"WebPage\",\"@id\":\"https:\\\/\\\/www.p31noticias.com.br\\\/?p=44953\",\"url\":\"https:\\\/\\\/www.p31noticias.com.br\\\/?p=44953\",\"name\":\"Deputado Daniel de Castro Pede Investiga\u00e7\u00e3o sobre Atentado a Bolsonaro Ap\u00f3s Pris\u00e3o no Caso Marielle - P31\",\"isPartOf\":{\"@id\":\"https:\\\/\\\/www.p31noticias.com.br\\\/#website\"},\"primaryImageOfPage\":{\"@id\":\"https:\\\/\\\/www.p31noticias.com.br\\\/?p=44953#primaryimage\"},\"image\":{\"@id\":\"https:\\\/\\\/www.p31noticias.com.br\\\/?p=44953#primaryimage\"},\"thumbnailUrl\":\"https:\\\/\\\/www.p31noticias.com.br\\\/wp-content\\\/uploads\\\/2024\\\/03\\\/unnamed-10cd\u00b4fopfgbiajemnoclgaerjmngoraknm.jpg\",\"datePublished\":\"2024-03-25T13:50:34+00:00\",\"author\":{\"@id\":\"https:\\\/\\\/www.p31noticias.com.br\\\/#\\\/schema\\\/person\\\/95f2ece30e3b4132065b915150cd0f94\"},\"breadcrumb\":{\"@id\":\"https:\\\/\\\/www.p31noticias.com.br\\\/?p=44953#breadcrumb\"},\"inLanguage\":\"pt-BR\",\"potentialAction\":[{\"@type\":\"ReadAction\",\"target\":[\"https:\\\/\\\/www.p31noticias.com.br\\\/?p=44953\"]}]},{\"@type\":\"ImageObject\",\"inLanguage\":\"pt-BR\",\"@id\":\"https:\\\/\\\/www.p31noticias.com.br\\\/?p=44953#primaryimage\",\"url\":\"https:\\\/\\\/www.p31noticias.com.br\\\/wp-content\\\/uploads\\\/2024\\\/03\\\/unnamed-10cd\u00b4fopfgbiajemnoclgaerjmngoraknm.jpg\",\"contentUrl\":\"https:\\\/\\\/www.p31noticias.com.br\\\/wp-content\\\/uploads\\\/2024\\\/03\\\/unnamed-10cd\u00b4fopfgbiajemnoclgaerjmngoraknm.jpg\",\"width\":592,\"height\":755},{\"@type\":\"BreadcrumbList\",\"@id\":\"https:\\\/\\\/www.p31noticias.com.br\\\/?p=44953#breadcrumb\",\"itemListElement\":[{\"@type\":\"ListItem\",\"position\":1,\"name\":\"In\u00edcio\",\"item\":\"https:\\\/\\\/www.p31noticias.com.br\\\/\"},{\"@type\":\"ListItem\",\"position\":2,\"name\":\"Deputado Daniel de Castro Pede Investiga\u00e7\u00e3o sobre Atentado a Bolsonaro Ap\u00f3s Pris\u00e3o no Caso Marielle\"}]},{\"@type\":\"WebSite\",\"@id\":\"https:\\\/\\\/www.p31noticias.com.br\\\/#website\",\"url\":\"https:\\\/\\\/www.p31noticias.com.br\\\/\",\"name\":\"P31\",\"description\":\"NOT\u00cdCIAS\",\"potentialAction\":[{\"@type\":\"SearchAction\",\"target\":{\"@type\":\"EntryPoint\",\"urlTemplate\":\"https:\\\/\\\/www.p31noticias.com.br\\\/?s={search_term_string}\"},\"query-input\":{\"@type\":\"PropertyValueSpecification\",\"valueRequired\":true,\"valueName\":\"search_term_string\"}}],\"inLanguage\":\"pt-BR\"},{\"@type\":\"Person\",\"@id\":\"https:\\\/\\\/www.p31noticias.com.br\\\/#\\\/schema\\\/person\\\/95f2ece30e3b4132065b915150cd0f94\",\"name\":\"Gon\u00e7alves Junior\",\"image\":{\"@type\":\"ImageObject\",\"inLanguage\":\"pt-BR\",\"@id\":\"https:\\\/\\\/secure.gravatar.com\\\/avatar\\\/6711f350116a89762687a48d66f723c799e5438a5b7578508d4294cd7a5d0800?s=96&d=mm&r=g\",\"url\":\"https:\\\/\\\/secure.gravatar.com\\\/avatar\\\/6711f350116a89762687a48d66f723c799e5438a5b7578508d4294cd7a5d0800?s=96&d=mm&r=g\",\"contentUrl\":\"https:\\\/\\\/secure.gravatar.com\\\/avatar\\\/6711f350116a89762687a48d66f723c799e5438a5b7578508d4294cd7a5d0800?s=96&d=mm&r=g\",\"caption\":\"Gon\u00e7alves Junior\"},\"url\":\"https:\\\/\\\/www.p31noticias.com.br\\\/?author=2\"}]}<\/script>\n<!-- \/ Yoast SEO Premium plugin. -->","yoast_head_json":{"title":"Deputado Daniel de Castro Pede Investiga\u00e7\u00e3o sobre Atentado a Bolsonaro Ap\u00f3s Pris\u00e3o no Caso Marielle - P31","robots":{"index":"index","follow":"follow","max-snippet":"max-snippet:-1","max-image-preview":"max-image-preview:large","max-video-preview":"max-video-preview:-1"},"canonical":"https:\/\/www.p31noticias.com.br\/?p=44953","og_locale":"pt_BR","og_type":"article","og_title":"Deputado Daniel de Castro Pede Investiga\u00e7\u00e3o sobre Atentado a Bolsonaro Ap\u00f3s Pris\u00e3o no Caso Marielle","og_description":"O deputado Pastor Daniel de Castro se manifestou ap\u00f3s a pris\u00e3o dos envolvidos nos assassinatos da vereadora Marielle Franco e do motorista Anderson Gomes, bem como na tentativa de homic\u00eddio da assessora Fernanda Chaves. Entre os detidos est\u00e3o Domingos Braz\u00e3o, atual conselheiro do Tribunal de Contas do Rio, Chiquinho Braz\u00e3o, deputado federal pelo Rio, e [&hellip;]","og_url":"https:\/\/www.p31noticias.com.br\/?p=44953","og_site_name":"P31","article_published_time":"2024-03-25T13:50:34+00:00","og_image":[{"width":592,"height":755,"url":"https:\/\/www.p31noticias.com.br\/wp-content\/uploads\/2024\/03\/unnamed-10cd\u00b4fopfgbiajemnoclgaerjmngoraknm.jpg","type":"image\/jpeg"}],"author":"Gon\u00e7alves Junior","twitter_card":"summary_large_image","twitter_misc":{"Escrito por":"Gon\u00e7alves Junior","Est. tempo de leitura":"1 minuto"},"schema":{"@context":"https:\/\/schema.org","@graph":[{"@type":"Article","@id":"https:\/\/www.p31noticias.com.br\/?p=44953#article","isPartOf":{"@id":"https:\/\/www.p31noticias.com.br\/?p=44953"},"author":{"name":"Gon\u00e7alves Junior","@id":"https:\/\/www.p31noticias.com.br\/#\/schema\/person\/95f2ece30e3b4132065b915150cd0f94"},"headline":"Deputado Daniel de Castro Pede Investiga\u00e7\u00e3o sobre Atentado a Bolsonaro Ap\u00f3s Pris\u00e3o no Caso Marielle","datePublished":"2024-03-25T13:50:34+00:00","mainEntityOfPage":{"@id":"https:\/\/www.p31noticias.com.br\/?p=44953"},"wordCount":222,"commentCount":0,"image":{"@id":"https:\/\/www.p31noticias.com.br\/?p=44953#primaryimage"},"thumbnailUrl":"https:\/\/www.p31noticias.com.br\/wp-content\/uploads\/2024\/03\/unnamed-10cd\u00b4fopfgbiajemnoclgaerjmngoraknm.jpg","articleSection":["Brasil","Bras\u00edlia"],"inLanguage":"pt-BR","potentialAction":[{"@type":"CommentAction","name":"Comment","target":["https:\/\/www.p31noticias.com.br\/?p=44953#respond"]}],"copyrightYear":"2024","copyrightHolder":{"@id":"https:\/\/www.p31noticias.com.br\/#organization"}},{"@type":"WebPage","@id":"https:\/\/www.p31noticias.com.br\/?p=44953","url":"https:\/\/www.p31noticias.com.br\/?p=44953","name":"Deputado Daniel de Castro Pede Investiga\u00e7\u00e3o sobre Atentado a Bolsonaro Ap\u00f3s Pris\u00e3o no Caso Marielle - P31","isPartOf":{"@id":"https:\/\/www.p31noticias.com.br\/#website"},"primaryImageOfPage":{"@id":"https:\/\/www.p31noticias.com.br\/?p=44953#primaryimage"},"image":{"@id":"https:\/\/www.p31noticias.com.br\/?p=44953#primaryimage"},"thumbnailUrl":"https:\/\/www.p31noticias.com.br\/wp-content\/uploads\/2024\/03\/unnamed-10cd\u00b4fopfgbiajemnoclgaerjmngoraknm.jpg","datePublished":"2024-03-25T13:50:34+00:00","author":{"@id":"https:\/\/www.p31noticias.com.br\/#\/schema\/person\/95f2ece30e3b4132065b915150cd0f94"},"breadcrumb":{"@id":"https:\/\/www.p31noticias.com.br\/?p=44953#breadcrumb"},"inLanguage":"pt-BR","potentialAction":[{"@type":"ReadAction","target":["https:\/\/www.p31noticias.com.br\/?p=44953"]}]},{"@type":"ImageObject","inLanguage":"pt-BR","@id":"https:\/\/www.p31noticias.com.br\/?p=44953#primaryimage","url":"https:\/\/www.p31noticias.com.br\/wp-content\/uploads\/2024\/03\/unnamed-10cd\u00b4fopfgbiajemnoclgaerjmngoraknm.jpg","contentUrl":"https:\/\/www.p31noticias.com.br\/wp-content\/uploads\/2024\/03\/unnamed-10cd\u00b4fopfgbiajemnoclgaerjmngoraknm.jpg","width":592,"height":755},{"@type":"BreadcrumbList","@id":"https:\/\/www.p31noticias.com.br\/?p=44953#breadcrumb","itemListElement":[{"@type":"ListItem","position":1,"name":"In\u00edcio","item":"https:\/\/www.p31noticias.com.br\/"},{"@type":"ListItem","position":2,"name":"Deputado Daniel de Castro Pede Investiga\u00e7\u00e3o sobre Atentado a Bolsonaro Ap\u00f3s Pris\u00e3o no Caso Marielle"}]},{"@type":"WebSite","@id":"https:\/\/www.p31noticias.com.br\/#website","url":"https:\/\/www.p31noticias.com.br\/","name":"P31","description":"NOT\u00cdCIAS","potentialAction":[{"@type":"SearchAction","target":{"@type":"EntryPoint","urlTemplate":"https:\/\/www.p31noticias.com.br\/?s={search_term_string}"},"query-input":{"@type":"PropertyValueSpecification","valueRequired":true,"valueName":"search_term_string"}}],"inLanguage":"pt-BR"},{"@type":"Person","@id":"https:\/\/www.p31noticias.com.br\/#\/schema\/person\/95f2ece30e3b4132065b915150cd0f94","name":"Gon\u00e7alves Junior","image":{"@type":"ImageObject","inLanguage":"pt-BR","@id":"https:\/\/secure.gravatar.com\/avatar\/6711f350116a89762687a48d66f723c799e5438a5b7578508d4294cd7a5d0800?s=96&d=mm&r=g","url":"https:\/\/secure.gravatar.com\/avatar\/6711f350116a89762687a48d66f723c799e5438a5b7578508d4294cd7a5d0800?s=96&d=mm&r=g","contentUrl":"https:\/\/secure.gravatar.com\/avatar\/6711f350116a89762687a48d66f723c799e5438a5b7578508d4294cd7a5d0800?s=96&d=mm&r=g","caption":"Gon\u00e7alves Junior"},"url":"https:\/\/www.p31noticias.com.br\/?author=2"}]}},"amp_enabled":true,"_links":{"self":[{"href":"https:\/\/www.p31noticias.com.br\/index.php?rest_route=\/wp\/v2\/posts\/44953","targetHints":{"allow":["GET"]}}],"collection":[{"href":"https:\/\/www.p31noticias.com.br\/index.php?rest_route=\/wp\/v2\/posts"}],"about":[{"href":"https:\/\/www.p31noticias.com.br\/index.php?rest_route=\/wp\/v2\/types\/post"}],"author":[{"embeddable":true,"href":"https:\/\/www.p31noticias.com.br\/index.php?rest_route=\/wp\/v2\/users\/2"}],"replies":[{"embeddable":true,"href":"https:\/\/www.p31noticias.com.br\/index.php?rest_route=%2Fwp%2Fv2%2Fcomments&post=44953"}],"version-history":[{"count":1,"href":"https:\/\/www.p31noticias.com.br\/index.php?rest_route=\/wp\/v2\/posts\/44953\/revisions"}],"predecessor-version":[{"id":44955,"href":"https:\/\/www.p31noticias.com.br\/index.php?rest_route=\/wp\/v2\/posts\/44953\/revisions\/44955"}],"wp:featuredmedia":[{"embeddable":true,"href":"https:\/\/www.p31noticias.com.br\/index.php?rest_route=\/wp\/v2\/media\/44954"}],"wp:attachment":[{"href":"https:\/\/www.p31noticias.com.br\/index.php?rest_route=%2Fwp%2Fv2%2Fmedia&parent=44953"}],"wp:term":[{"taxonomy":"category","embeddable":true,"href":"https:\/\/www.p31noticias.com.br\/index.php?rest_route=%2Fwp%2Fv2%2Fcategories&post=44953"},{"taxonomy":"post_tag","embeddable":true,"href":"https:\/\/www.p31noticias.com.br\/index.php?rest_route=%2Fwp%2Fv2%2Ftags&post=44953"}],"curies":[{"name":"wp","href":"https:\/\/api.w.org\/{rel}","templated":true}]}}