{"id":44940,"date":"2024-03-24T20:29:59","date_gmt":"2024-03-24T23:29:59","guid":{"rendered":"https:\/\/p31noticias.com.br\/advocacia-nao-e-para-covardes-diz-advogada-chamada-de-feia-em-juri\/"},"modified":"2024-03-24T20:29:59","modified_gmt":"2024-03-24T23:29:59","slug":"advocacia-nao-e-para-covardes-diz-advogada-chamada-de-feia-em-juri","status":"publish","type":"post","link":"https:\/\/www.p31noticias.com.br\/?p=44940","title":{"rendered":"\u201cAdvocacia n\u00e3o \u00e9 para covardes\u201d, diz advogada chamada de feia em J\u00fari"},"content":{"rendered":"<p>Ap\u00f3s um promotor de Justi\u00e7a do Minist\u00e9rio P\u00fablico de Goi\u00e1s (MPGO) chamar uma advogada de \u201cfeia\u201d durante um julgamento no Plen\u00e1rio do Tribunal do J\u00fari, em Alto Para\u00edso de Goi\u00e1s (GO), no Entorno do DF, a profissional se posicionou. Mar\u00edlia Gabriela Gil Brambilla, advogada criminalista, usou as redes sociais para repudiar o ocorrido. Durante a [\u2026]<\/p>\n<p>O post <a href=\"https:\/\/www.delioandrade.com.br\/advocacia-nao-e-para-covardes-diz-advogada-chamada-de-feia-em-juri\/\">\u201cAdvocacia n\u00e3o \u00e9 para covardes\u201d, diz advogada chamada de feia em J\u00fari<\/a> apareceu primeiro em <a href=\"https:\/\/www.delioandrade.com.br\/\">Blog do D\u00c9LIO ANDRADE<\/a>.<\/p>\n","protected":false},"excerpt":{"rendered":"<p>Ap\u00f3s um promotor de Justi\u00e7a do Minist\u00e9rio P\u00fablico de Goi\u00e1s (MPGO) chamar uma advogada de \u201cfeia\u201d durante um julgamento no Plen\u00e1rio do Tribunal do J\u00fari, em Alto Para\u00edso de Goi\u00e1s (GO), no Entorno do DF, a profissional se posicionou. Mar\u00edlia Gabriela Gil Brambilla, advogada criminalista, usou as redes sociais para repudiar o ocorrido. Durante a [&hellip;]<\/p>\n","protected":false},"author":0,"featured_media":0,"comment_status":"open","ping_status":"open","sticky":false,"template":"","format":"standard","meta":{"footnotes":""},"categories":[21],"tags":[],"class_list":{"0":"post-44940","1":"post","2":"type-post","3":"status-publish","4":"format-standard","6":"category-brasilia"},"yoast_head":"<!-- This site is optimized with the Yoast SEO Premium plugin v24.5 (Yoast SEO v27.5) - https:\/\/yoast.com\/product\/yoast-seo-premium-wordpress\/ -->\n<title>\u201cAdvocacia n\u00e3o \u00e9 para covardes\u201d, diz advogada chamada de feia em J\u00fari - P31<\/title>\n<meta name=\"robots\" content=\"index, follow, max-snippet:-1, max-image-preview:large, max-video-preview:-1\" \/>\n<link rel=\"canonical\" href=\"https:\/\/www.p31noticias.com.br\/?p=44940\" \/>\n<meta property=\"og:locale\" content=\"pt_BR\" \/>\n<meta property=\"og:type\" content=\"article\" \/>\n<meta property=\"og:title\" content=\"\u201cAdvocacia n\u00e3o \u00e9 para covardes\u201d, diz advogada chamada de feia em J\u00fari\" \/>\n<meta property=\"og:description\" content=\"Ap\u00f3s um promotor de Justi\u00e7a do Minist\u00e9rio P\u00fablico de Goi\u00e1s (MPGO) chamar uma advogada de \u201cfeia\u201d durante um julgamento no Plen\u00e1rio do Tribunal do J\u00fari, em Alto Para\u00edso de Goi\u00e1s (GO), no Entorno do DF, a profissional se posicionou. Mar\u00edlia Gabriela Gil Brambilla, advogada criminalista, usou as redes sociais para repudiar o ocorrido. Durante a [&hellip;]\" \/>\n<meta property=\"og:url\" content=\"https:\/\/www.p31noticias.com.br\/?p=44940\" \/>\n<meta property=\"og:site_name\" content=\"P31\" \/>\n<meta property=\"article:published_time\" content=\"2024-03-24T23:29:59+00:00\" \/>\n<meta name=\"twitter:card\" content=\"summary_large_image\" \/>\n<script type=\"application\/ld+json\" class=\"yoast-schema-graph\">{\"@context\":\"https:\\\/\\\/schema.org\",\"@graph\":[{\"@type\":\"Article\",\"@id\":\"https:\\\/\\\/www.p31noticias.com.br\\\/?p=44940#article\",\"isPartOf\":{\"@id\":\"https:\\\/\\\/www.p31noticias.com.br\\\/?p=44940\"},\"author\":{\"name\":\"\",\"@id\":\"\"},\"headline\":\"\u201cAdvocacia n\u00e3o \u00e9 para covardes\u201d, diz advogada chamada de feia em J\u00fari\",\"datePublished\":\"2024-03-24T23:29:59+00:00\",\"mainEntityOfPage\":{\"@id\":\"https:\\\/\\\/www.p31noticias.com.br\\\/?p=44940\"},\"wordCount\":101,\"commentCount\":0,\"articleSection\":[\"Bras\u00edlia\"],\"inLanguage\":\"pt-BR\",\"potentialAction\":[{\"@type\":\"CommentAction\",\"name\":\"Comment\",\"target\":[\"https:\\\/\\\/www.p31noticias.com.br\\\/?p=44940#respond\"]}],\"copyrightYear\":\"2024\",\"copyrightHolder\":{\"@id\":\"https:\\\/\\\/www.p31noticias.com.br\\\/#organization\"}},{\"@type\":\"WebPage\",\"@id\":\"https:\\\/\\\/www.p31noticias.com.br\\\/?p=44940\",\"url\":\"https:\\\/\\\/www.p31noticias.com.br\\\/?p=44940\",\"name\":\"\u201cAdvocacia n\u00e3o \u00e9 para covardes\u201d, diz advogada chamada de feia em J\u00fari - P31\",\"isPartOf\":{\"@id\":\"https:\\\/\\\/www.p31noticias.com.br\\\/#website\"},\"datePublished\":\"2024-03-24T23:29:59+00:00\",\"author\":{\"@id\":\"\"},\"breadcrumb\":{\"@id\":\"https:\\\/\\\/www.p31noticias.com.br\\\/?p=44940#breadcrumb\"},\"inLanguage\":\"pt-BR\",\"potentialAction\":[{\"@type\":\"ReadAction\",\"target\":[\"https:\\\/\\\/www.p31noticias.com.br\\\/?p=44940\"]}]},{\"@type\":\"BreadcrumbList\",\"@id\":\"https:\\\/\\\/www.p31noticias.com.br\\\/?p=44940#breadcrumb\",\"itemListElement\":[{\"@type\":\"ListItem\",\"position\":1,\"name\":\"In\u00edcio\",\"item\":\"https:\\\/\\\/www.p31noticias.com.br\\\/\"},{\"@type\":\"ListItem\",\"position\":2,\"name\":\"\u201cAdvocacia n\u00e3o \u00e9 para covardes\u201d, diz advogada chamada de feia em J\u00fari\"}]},{\"@type\":\"WebSite\",\"@id\":\"https:\\\/\\\/www.p31noticias.com.br\\\/#website\",\"url\":\"https:\\\/\\\/www.p31noticias.com.br\\\/\",\"name\":\"P31\",\"description\":\"NOT\u00cdCIAS\",\"potentialAction\":[{\"@type\":\"SearchAction\",\"target\":{\"@type\":\"EntryPoint\",\"urlTemplate\":\"https:\\\/\\\/www.p31noticias.com.br\\\/?s={search_term_string}\"},\"query-input\":{\"@type\":\"PropertyValueSpecification\",\"valueRequired\":true,\"valueName\":\"search_term_string\"}}],\"inLanguage\":\"pt-BR\"}]}<\/script>\n<!-- \/ Yoast SEO Premium plugin. -->","yoast_head_json":{"title":"\u201cAdvocacia n\u00e3o \u00e9 para covardes\u201d, diz advogada chamada de feia em J\u00fari - P31","robots":{"index":"index","follow":"follow","max-snippet":"max-snippet:-1","max-image-preview":"max-image-preview:large","max-video-preview":"max-video-preview:-1"},"canonical":"https:\/\/www.p31noticias.com.br\/?p=44940","og_locale":"pt_BR","og_type":"article","og_title":"\u201cAdvocacia n\u00e3o \u00e9 para covardes\u201d, diz advogada chamada de feia em J\u00fari","og_description":"Ap\u00f3s um promotor de Justi\u00e7a do Minist\u00e9rio P\u00fablico de Goi\u00e1s (MPGO) chamar uma advogada de \u201cfeia\u201d durante um julgamento no Plen\u00e1rio do Tribunal do J\u00fari, em Alto Para\u00edso de Goi\u00e1s (GO), no Entorno do DF, a profissional se posicionou. Mar\u00edlia Gabriela Gil Brambilla, advogada criminalista, usou as redes sociais para repudiar o ocorrido. Durante a [&hellip;]","og_url":"https:\/\/www.p31noticias.com.br\/?p=44940","og_site_name":"P31","article_published_time":"2024-03-24T23:29:59+00:00","twitter_card":"summary_large_image","schema":{"@context":"https:\/\/schema.org","@graph":[{"@type":"Article","@id":"https:\/\/www.p31noticias.com.br\/?p=44940#article","isPartOf":{"@id":"https:\/\/www.p31noticias.com.br\/?p=44940"},"author":{"name":"","@id":""},"headline":"\u201cAdvocacia n\u00e3o \u00e9 para covardes\u201d, diz advogada chamada de feia em J\u00fari","datePublished":"2024-03-24T23:29:59+00:00","mainEntityOfPage":{"@id":"https:\/\/www.p31noticias.com.br\/?p=44940"},"wordCount":101,"commentCount":0,"articleSection":["Bras\u00edlia"],"inLanguage":"pt-BR","potentialAction":[{"@type":"CommentAction","name":"Comment","target":["https:\/\/www.p31noticias.com.br\/?p=44940#respond"]}],"copyrightYear":"2024","copyrightHolder":{"@id":"https:\/\/www.p31noticias.com.br\/#organization"}},{"@type":"WebPage","@id":"https:\/\/www.p31noticias.com.br\/?p=44940","url":"https:\/\/www.p31noticias.com.br\/?p=44940","name":"\u201cAdvocacia n\u00e3o \u00e9 para covardes\u201d, diz advogada chamada de feia em J\u00fari - P31","isPartOf":{"@id":"https:\/\/www.p31noticias.com.br\/#website"},"datePublished":"2024-03-24T23:29:59+00:00","author":{"@id":""},"breadcrumb":{"@id":"https:\/\/www.p31noticias.com.br\/?p=44940#breadcrumb"},"inLanguage":"pt-BR","potentialAction":[{"@type":"ReadAction","target":["https:\/\/www.p31noticias.com.br\/?p=44940"]}]},{"@type":"BreadcrumbList","@id":"https:\/\/www.p31noticias.com.br\/?p=44940#breadcrumb","itemListElement":[{"@type":"ListItem","position":1,"name":"In\u00edcio","item":"https:\/\/www.p31noticias.com.br\/"},{"@type":"ListItem","position":2,"name":"\u201cAdvocacia n\u00e3o \u00e9 para covardes\u201d, diz advogada chamada de feia em J\u00fari"}]},{"@type":"WebSite","@id":"https:\/\/www.p31noticias.com.br\/#website","url":"https:\/\/www.p31noticias.com.br\/","name":"P31","description":"NOT\u00cdCIAS","potentialAction":[{"@type":"SearchAction","target":{"@type":"EntryPoint","urlTemplate":"https:\/\/www.p31noticias.com.br\/?s={search_term_string}"},"query-input":{"@type":"PropertyValueSpecification","valueRequired":true,"valueName":"search_term_string"}}],"inLanguage":"pt-BR"}]}},"amp_enabled":true,"_links":{"self":[{"href":"https:\/\/www.p31noticias.com.br\/index.php?rest_route=\/wp\/v2\/posts\/44940","targetHints":{"allow":["GET"]}}],"collection":[{"href":"https:\/\/www.p31noticias.com.br\/index.php?rest_route=\/wp\/v2\/posts"}],"about":[{"href":"https:\/\/www.p31noticias.com.br\/index.php?rest_route=\/wp\/v2\/types\/post"}],"replies":[{"embeddable":true,"href":"https:\/\/www.p31noticias.com.br\/index.php?rest_route=%2Fwp%2Fv2%2Fcomments&post=44940"}],"version-history":[{"count":0,"href":"https:\/\/www.p31noticias.com.br\/index.php?rest_route=\/wp\/v2\/posts\/44940\/revisions"}],"wp:attachment":[{"href":"https:\/\/www.p31noticias.com.br\/index.php?rest_route=%2Fwp%2Fv2%2Fmedia&parent=44940"}],"wp:term":[{"taxonomy":"category","embeddable":true,"href":"https:\/\/www.p31noticias.com.br\/index.php?rest_route=%2Fwp%2Fv2%2Fcategories&post=44940"},{"taxonomy":"post_tag","embeddable":true,"href":"https:\/\/www.p31noticias.com.br\/index.php?rest_route=%2Fwp%2Fv2%2Ftags&post=44940"}],"curies":[{"name":"wp","href":"https:\/\/api.w.org\/{rel}","templated":true}]}}