{"id":44934,"date":"2024-03-24T17:29:37","date_gmt":"2024-03-24T20:29:37","guid":{"rendered":"https:\/\/p31noticias.com.br\/educacao-e-principal-foco-de-projetos-de-lei-conservadores-na-camara\/"},"modified":"2024-03-24T17:29:37","modified_gmt":"2024-03-24T20:29:37","slug":"educacao-e-principal-foco-de-projetos-de-lei-conservadores-na-camara","status":"publish","type":"post","link":"https:\/\/www.p31noticias.com.br\/?p=44934","title":{"rendered":"Educa\u00e7\u00e3o \u00e9 principal foco de projetos de lei conservadores na C\u00e2mara"},"content":{"rendered":"<p>A educa\u00e7\u00e3o \u00e9 o tema mais recorrente dos projetos de lei apresentados por pol\u00edticos considerados cat\u00f3licos ou evang\u00e9licos, na C\u00e2mara dos Deputados. No ano passado, 322 proposi\u00e7\u00f5es tiveram esse foco, segundo monitoramento do legislativo feito pelo Instituto de Estudos da Religi\u00e3o (ISER), ao qual a Ag\u00eancia P\u00fablica teve acesso. Ao todo, o ISER mapeou 1,9 [\u2026]<\/p>\n<p>O post <a href=\"https:\/\/www.delioandrade.com.br\/educacao-e-principal-foco-de-projetos-de-lei-conservadores-na-camara\/\">Educa\u00e7\u00e3o \u00e9 principal foco de projetos de lei conservadores na C\u00e2mara<\/a> apareceu primeiro em <a href=\"https:\/\/www.delioandrade.com.br\/\">Blog do D\u00c9LIO ANDRADE<\/a>.<\/p>\n","protected":false},"excerpt":{"rendered":"<p>A educa\u00e7\u00e3o \u00e9 o tema mais recorrente dos projetos de lei apresentados por pol\u00edticos considerados cat\u00f3licos ou evang\u00e9licos, na C\u00e2mara dos Deputados. No ano passado, 322 proposi\u00e7\u00f5es tiveram esse foco, segundo monitoramento do legislativo feito pelo Instituto de Estudos da Religi\u00e3o (ISER), ao qual a Ag\u00eancia P\u00fablica teve acesso. Ao todo, o ISER mapeou 1,9 [&hellip;]<\/p>\n","protected":false},"author":0,"featured_media":44935,"comment_status":"open","ping_status":"open","sticky":false,"template":"","format":"standard","meta":{"footnotes":""},"categories":[21],"tags":[],"class_list":{"0":"post-44934","1":"post","2":"type-post","3":"status-publish","4":"format-standard","5":"has-post-thumbnail","7":"category-brasilia"},"yoast_head":"<!-- This site is optimized with the Yoast SEO Premium plugin v24.5 (Yoast SEO v27.5) - https:\/\/yoast.com\/product\/yoast-seo-premium-wordpress\/ -->\n<title>Educa\u00e7\u00e3o \u00e9 principal foco de projetos de lei conservadores na C\u00e2mara - P31<\/title>\n<meta name=\"robots\" content=\"index, follow, max-snippet:-1, max-image-preview:large, max-video-preview:-1\" \/>\n<link rel=\"canonical\" href=\"https:\/\/www.p31noticias.com.br\/?p=44934\" \/>\n<meta property=\"og:locale\" content=\"pt_BR\" \/>\n<meta property=\"og:type\" content=\"article\" \/>\n<meta property=\"og:title\" content=\"Educa\u00e7\u00e3o \u00e9 principal foco de projetos de lei conservadores na C\u00e2mara\" \/>\n<meta property=\"og:description\" content=\"A educa\u00e7\u00e3o \u00e9 o tema mais recorrente dos projetos de lei apresentados por pol\u00edticos considerados cat\u00f3licos ou evang\u00e9licos, na C\u00e2mara dos Deputados. No ano passado, 322 proposi\u00e7\u00f5es tiveram esse foco, segundo monitoramento do legislativo feito pelo Instituto de Estudos da Religi\u00e3o (ISER), ao qual a Ag\u00eancia P\u00fablica teve acesso. Ao todo, o ISER mapeou 1,9 [&hellip;]\" \/>\n<meta property=\"og:url\" content=\"https:\/\/www.p31noticias.com.br\/?p=44934\" \/>\n<meta property=\"og:site_name\" content=\"P31\" \/>\n<meta property=\"article:published_time\" content=\"2024-03-24T20:29:37+00:00\" \/>\n<meta property=\"og:image\" content=\"https:\/\/www.p31noticias.com.br\/wp-content\/uploads\/2024\/03\/Capa_Educacao-e-principal-foco-de-projetos-de-lei-conservadores-na-Camara-1-GObYju-150x150-5quUNg.jpeg\" \/>\n\t<meta property=\"og:image:width\" content=\"150\" \/>\n\t<meta property=\"og:image:height\" content=\"150\" \/>\n\t<meta property=\"og:image:type\" content=\"image\/jpeg\" \/>\n<meta name=\"twitter:card\" content=\"summary_large_image\" \/>\n<script type=\"application\/ld+json\" class=\"yoast-schema-graph\">{\"@context\":\"https:\\\/\\\/schema.org\",\"@graph\":[{\"@type\":\"Article\",\"@id\":\"https:\\\/\\\/www.p31noticias.com.br\\\/?p=44934#article\",\"isPartOf\":{\"@id\":\"https:\\\/\\\/www.p31noticias.com.br\\\/?p=44934\"},\"author\":{\"name\":\"\",\"@id\":\"\"},\"headline\":\"Educa\u00e7\u00e3o \u00e9 principal foco de projetos de lei conservadores na C\u00e2mara\",\"datePublished\":\"2024-03-24T20:29:37+00:00\",\"mainEntityOfPage\":{\"@id\":\"https:\\\/\\\/www.p31noticias.com.br\\\/?p=44934\"},\"wordCount\":95,\"commentCount\":0,\"image\":{\"@id\":\"https:\\\/\\\/www.p31noticias.com.br\\\/?p=44934#primaryimage\"},\"thumbnailUrl\":\"https:\\\/\\\/www.p31noticias.com.br\\\/wp-content\\\/uploads\\\/2024\\\/03\\\/Capa_Educacao-e-principal-foco-de-projetos-de-lei-conservadores-na-Camara-1-GObYju-150x150-5quUNg.jpeg\",\"articleSection\":[\"Bras\u00edlia\"],\"inLanguage\":\"pt-BR\",\"potentialAction\":[{\"@type\":\"CommentAction\",\"name\":\"Comment\",\"target\":[\"https:\\\/\\\/www.p31noticias.com.br\\\/?p=44934#respond\"]}],\"copyrightYear\":\"2024\",\"copyrightHolder\":{\"@id\":\"https:\\\/\\\/www.p31noticias.com.br\\\/#organization\"}},{\"@type\":\"WebPage\",\"@id\":\"https:\\\/\\\/www.p31noticias.com.br\\\/?p=44934\",\"url\":\"https:\\\/\\\/www.p31noticias.com.br\\\/?p=44934\",\"name\":\"Educa\u00e7\u00e3o \u00e9 principal foco de projetos de lei conservadores na C\u00e2mara - P31\",\"isPartOf\":{\"@id\":\"https:\\\/\\\/www.p31noticias.com.br\\\/#website\"},\"primaryImageOfPage\":{\"@id\":\"https:\\\/\\\/www.p31noticias.com.br\\\/?p=44934#primaryimage\"},\"image\":{\"@id\":\"https:\\\/\\\/www.p31noticias.com.br\\\/?p=44934#primaryimage\"},\"thumbnailUrl\":\"https:\\\/\\\/www.p31noticias.com.br\\\/wp-content\\\/uploads\\\/2024\\\/03\\\/Capa_Educacao-e-principal-foco-de-projetos-de-lei-conservadores-na-Camara-1-GObYju-150x150-5quUNg.jpeg\",\"datePublished\":\"2024-03-24T20:29:37+00:00\",\"author\":{\"@id\":\"\"},\"breadcrumb\":{\"@id\":\"https:\\\/\\\/www.p31noticias.com.br\\\/?p=44934#breadcrumb\"},\"inLanguage\":\"pt-BR\",\"potentialAction\":[{\"@type\":\"ReadAction\",\"target\":[\"https:\\\/\\\/www.p31noticias.com.br\\\/?p=44934\"]}]},{\"@type\":\"ImageObject\",\"inLanguage\":\"pt-BR\",\"@id\":\"https:\\\/\\\/www.p31noticias.com.br\\\/?p=44934#primaryimage\",\"url\":\"https:\\\/\\\/www.p31noticias.com.br\\\/wp-content\\\/uploads\\\/2024\\\/03\\\/Capa_Educacao-e-principal-foco-de-projetos-de-lei-conservadores-na-Camara-1-GObYju-150x150-5quUNg.jpeg\",\"contentUrl\":\"https:\\\/\\\/www.p31noticias.com.br\\\/wp-content\\\/uploads\\\/2024\\\/03\\\/Capa_Educacao-e-principal-foco-de-projetos-de-lei-conservadores-na-Camara-1-GObYju-150x150-5quUNg.jpeg\",\"width\":150,\"height\":150},{\"@type\":\"BreadcrumbList\",\"@id\":\"https:\\\/\\\/www.p31noticias.com.br\\\/?p=44934#breadcrumb\",\"itemListElement\":[{\"@type\":\"ListItem\",\"position\":1,\"name\":\"In\u00edcio\",\"item\":\"https:\\\/\\\/www.p31noticias.com.br\\\/\"},{\"@type\":\"ListItem\",\"position\":2,\"name\":\"Educa\u00e7\u00e3o \u00e9 principal foco de projetos de lei conservadores na C\u00e2mara\"}]},{\"@type\":\"WebSite\",\"@id\":\"https:\\\/\\\/www.p31noticias.com.br\\\/#website\",\"url\":\"https:\\\/\\\/www.p31noticias.com.br\\\/\",\"name\":\"P31\",\"description\":\"NOT\u00cdCIAS\",\"potentialAction\":[{\"@type\":\"SearchAction\",\"target\":{\"@type\":\"EntryPoint\",\"urlTemplate\":\"https:\\\/\\\/www.p31noticias.com.br\\\/?s={search_term_string}\"},\"query-input\":{\"@type\":\"PropertyValueSpecification\",\"valueRequired\":true,\"valueName\":\"search_term_string\"}}],\"inLanguage\":\"pt-BR\"}]}<\/script>\n<!-- \/ Yoast SEO Premium plugin. -->","yoast_head_json":{"title":"Educa\u00e7\u00e3o \u00e9 principal foco de projetos de lei conservadores na C\u00e2mara - P31","robots":{"index":"index","follow":"follow","max-snippet":"max-snippet:-1","max-image-preview":"max-image-preview:large","max-video-preview":"max-video-preview:-1"},"canonical":"https:\/\/www.p31noticias.com.br\/?p=44934","og_locale":"pt_BR","og_type":"article","og_title":"Educa\u00e7\u00e3o \u00e9 principal foco de projetos de lei conservadores na C\u00e2mara","og_description":"A educa\u00e7\u00e3o \u00e9 o tema mais recorrente dos projetos de lei apresentados por pol\u00edticos considerados cat\u00f3licos ou evang\u00e9licos, na C\u00e2mara dos Deputados. No ano passado, 322 proposi\u00e7\u00f5es tiveram esse foco, segundo monitoramento do legislativo feito pelo Instituto de Estudos da Religi\u00e3o (ISER), ao qual a Ag\u00eancia P\u00fablica teve acesso. Ao todo, o ISER mapeou 1,9 [&hellip;]","og_url":"https:\/\/www.p31noticias.com.br\/?p=44934","og_site_name":"P31","article_published_time":"2024-03-24T20:29:37+00:00","og_image":[{"width":150,"height":150,"url":"https:\/\/www.p31noticias.com.br\/wp-content\/uploads\/2024\/03\/Capa_Educacao-e-principal-foco-de-projetos-de-lei-conservadores-na-Camara-1-GObYju-150x150-5quUNg.jpeg","type":"image\/jpeg"}],"twitter_card":"summary_large_image","schema":{"@context":"https:\/\/schema.org","@graph":[{"@type":"Article","@id":"https:\/\/www.p31noticias.com.br\/?p=44934#article","isPartOf":{"@id":"https:\/\/www.p31noticias.com.br\/?p=44934"},"author":{"name":"","@id":""},"headline":"Educa\u00e7\u00e3o \u00e9 principal foco de projetos de lei conservadores na C\u00e2mara","datePublished":"2024-03-24T20:29:37+00:00","mainEntityOfPage":{"@id":"https:\/\/www.p31noticias.com.br\/?p=44934"},"wordCount":95,"commentCount":0,"image":{"@id":"https:\/\/www.p31noticias.com.br\/?p=44934#primaryimage"},"thumbnailUrl":"https:\/\/www.p31noticias.com.br\/wp-content\/uploads\/2024\/03\/Capa_Educacao-e-principal-foco-de-projetos-de-lei-conservadores-na-Camara-1-GObYju-150x150-5quUNg.jpeg","articleSection":["Bras\u00edlia"],"inLanguage":"pt-BR","potentialAction":[{"@type":"CommentAction","name":"Comment","target":["https:\/\/www.p31noticias.com.br\/?p=44934#respond"]}],"copyrightYear":"2024","copyrightHolder":{"@id":"https:\/\/www.p31noticias.com.br\/#organization"}},{"@type":"WebPage","@id":"https:\/\/www.p31noticias.com.br\/?p=44934","url":"https:\/\/www.p31noticias.com.br\/?p=44934","name":"Educa\u00e7\u00e3o \u00e9 principal foco de projetos de lei conservadores na C\u00e2mara - P31","isPartOf":{"@id":"https:\/\/www.p31noticias.com.br\/#website"},"primaryImageOfPage":{"@id":"https:\/\/www.p31noticias.com.br\/?p=44934#primaryimage"},"image":{"@id":"https:\/\/www.p31noticias.com.br\/?p=44934#primaryimage"},"thumbnailUrl":"https:\/\/www.p31noticias.com.br\/wp-content\/uploads\/2024\/03\/Capa_Educacao-e-principal-foco-de-projetos-de-lei-conservadores-na-Camara-1-GObYju-150x150-5quUNg.jpeg","datePublished":"2024-03-24T20:29:37+00:00","author":{"@id":""},"breadcrumb":{"@id":"https:\/\/www.p31noticias.com.br\/?p=44934#breadcrumb"},"inLanguage":"pt-BR","potentialAction":[{"@type":"ReadAction","target":["https:\/\/www.p31noticias.com.br\/?p=44934"]}]},{"@type":"ImageObject","inLanguage":"pt-BR","@id":"https:\/\/www.p31noticias.com.br\/?p=44934#primaryimage","url":"https:\/\/www.p31noticias.com.br\/wp-content\/uploads\/2024\/03\/Capa_Educacao-e-principal-foco-de-projetos-de-lei-conservadores-na-Camara-1-GObYju-150x150-5quUNg.jpeg","contentUrl":"https:\/\/www.p31noticias.com.br\/wp-content\/uploads\/2024\/03\/Capa_Educacao-e-principal-foco-de-projetos-de-lei-conservadores-na-Camara-1-GObYju-150x150-5quUNg.jpeg","width":150,"height":150},{"@type":"BreadcrumbList","@id":"https:\/\/www.p31noticias.com.br\/?p=44934#breadcrumb","itemListElement":[{"@type":"ListItem","position":1,"name":"In\u00edcio","item":"https:\/\/www.p31noticias.com.br\/"},{"@type":"ListItem","position":2,"name":"Educa\u00e7\u00e3o \u00e9 principal foco de projetos de lei conservadores na C\u00e2mara"}]},{"@type":"WebSite","@id":"https:\/\/www.p31noticias.com.br\/#website","url":"https:\/\/www.p31noticias.com.br\/","name":"P31","description":"NOT\u00cdCIAS","potentialAction":[{"@type":"SearchAction","target":{"@type":"EntryPoint","urlTemplate":"https:\/\/www.p31noticias.com.br\/?s={search_term_string}"},"query-input":{"@type":"PropertyValueSpecification","valueRequired":true,"valueName":"search_term_string"}}],"inLanguage":"pt-BR"}]}},"amp_enabled":true,"_links":{"self":[{"href":"https:\/\/www.p31noticias.com.br\/index.php?rest_route=\/wp\/v2\/posts\/44934","targetHints":{"allow":["GET"]}}],"collection":[{"href":"https:\/\/www.p31noticias.com.br\/index.php?rest_route=\/wp\/v2\/posts"}],"about":[{"href":"https:\/\/www.p31noticias.com.br\/index.php?rest_route=\/wp\/v2\/types\/post"}],"replies":[{"embeddable":true,"href":"https:\/\/www.p31noticias.com.br\/index.php?rest_route=%2Fwp%2Fv2%2Fcomments&post=44934"}],"version-history":[{"count":0,"href":"https:\/\/www.p31noticias.com.br\/index.php?rest_route=\/wp\/v2\/posts\/44934\/revisions"}],"wp:featuredmedia":[{"embeddable":true,"href":"https:\/\/www.p31noticias.com.br\/index.php?rest_route=\/wp\/v2\/media\/44935"}],"wp:attachment":[{"href":"https:\/\/www.p31noticias.com.br\/index.php?rest_route=%2Fwp%2Fv2%2Fmedia&parent=44934"}],"wp:term":[{"taxonomy":"category","embeddable":true,"href":"https:\/\/www.p31noticias.com.br\/index.php?rest_route=%2Fwp%2Fv2%2Fcategories&post=44934"},{"taxonomy":"post_tag","embeddable":true,"href":"https:\/\/www.p31noticias.com.br\/index.php?rest_route=%2Fwp%2Fv2%2Ftags&post=44934"}],"curies":[{"name":"wp","href":"https:\/\/api.w.org\/{rel}","templated":true}]}}