{"id":44911,"date":"2024-03-24T11:29:39","date_gmt":"2024-03-24T14:29:39","guid":{"rendered":"https:\/\/p31noticias.com.br\/urgente-mandantes-da-morte-de-marielle-franco-chiquinho-e-domingos-frazao-sao-presos-no-rio\/"},"modified":"2024-03-24T11:29:39","modified_gmt":"2024-03-24T14:29:39","slug":"urgente-mandantes-da-morte-de-marielle-franco-chiquinho-e-domingos-frazao-sao-presos-no-rio","status":"publish","type":"post","link":"https:\/\/www.p31noticias.com.br\/?p=44911","title":{"rendered":"Urgente!!! Mandantes da morte de Marielle Franco, Chiquinho e Domingos Fraz\u00e3o s\u00e3o presos no Rio"},"content":{"rendered":"<p>Na manh\u00e3 deste domingo (24), tr\u00eas pessoas foram presas pela Pol\u00edcia Federal (PF) por suspeita de serem mandantes da morte da vereadora Marielle Franco. A a\u00e7\u00e3o conta com a participa\u00e7\u00e3o da Procuradoria-Geral da Rep\u00fablica e do Minist\u00e9rio P\u00fablico do Rio de Janeiro. A opera\u00e7\u00e3o conta ainda com o apoio da Secretaria de Estado de Pol\u00edcia [\u2026]<\/p>\n<p>O post <a href=\"https:\/\/www.delioandrade.com.br\/urgente-mandantes-da-morte-de-marielle-franco-chiquinho-e-domingos-frazao-sao-presos-no-rio\/\">Urgente!!! Mandantes da morte de Marielle Franco, Chiquinho e Domingos Fraz\u00e3o s\u00e3o presos no Rio<\/a> apareceu primeiro em <a href=\"https:\/\/www.delioandrade.com.br\/\">Blog do D\u00c9LIO ANDRADE<\/a>.<\/p>\n","protected":false},"excerpt":{"rendered":"<p>Na manh\u00e3 deste domingo (24), tr\u00eas pessoas foram presas pela Pol\u00edcia Federal (PF) por suspeita de serem mandantes da morte da vereadora Marielle Franco. A a\u00e7\u00e3o conta com a participa\u00e7\u00e3o da Procuradoria-Geral da Rep\u00fablica e do Minist\u00e9rio P\u00fablico do Rio de Janeiro. A opera\u00e7\u00e3o conta ainda com o apoio da Secretaria de Estado de Pol\u00edcia [&hellip;]<\/p>\n","protected":false},"author":0,"featured_media":44912,"comment_status":"open","ping_status":"open","sticky":false,"template":"","format":"standard","meta":{"footnotes":""},"categories":[21],"tags":[],"class_list":{"0":"post-44911","1":"post","2":"type-post","3":"status-publish","4":"format-standard","5":"has-post-thumbnail","7":"category-brasilia"},"yoast_head":"<!-- This site is optimized with the Yoast SEO Premium plugin v24.5 (Yoast SEO v27.5) - https:\/\/yoast.com\/product\/yoast-seo-premium-wordpress\/ -->\n<title>Urgente!!! Mandantes da morte de Marielle Franco, Chiquinho e Domingos Fraz\u00e3o s\u00e3o presos no Rio - P31<\/title>\n<meta name=\"robots\" content=\"index, follow, max-snippet:-1, max-image-preview:large, max-video-preview:-1\" \/>\n<link rel=\"canonical\" href=\"https:\/\/www.p31noticias.com.br\/?p=44911\" \/>\n<meta property=\"og:locale\" content=\"pt_BR\" \/>\n<meta property=\"og:type\" content=\"article\" \/>\n<meta property=\"og:title\" content=\"Urgente!!! Mandantes da morte de Marielle Franco, Chiquinho e Domingos Fraz\u00e3o s\u00e3o presos no Rio\" \/>\n<meta property=\"og:description\" content=\"Na manh\u00e3 deste domingo (24), tr\u00eas pessoas foram presas pela Pol\u00edcia Federal (PF) por suspeita de serem mandantes da morte da vereadora Marielle Franco. A a\u00e7\u00e3o conta com a participa\u00e7\u00e3o da Procuradoria-Geral da Rep\u00fablica e do Minist\u00e9rio P\u00fablico do Rio de Janeiro. A opera\u00e7\u00e3o conta ainda com o apoio da Secretaria de Estado de Pol\u00edcia [&hellip;]\" \/>\n<meta property=\"og:url\" content=\"https:\/\/www.p31noticias.com.br\/?p=44911\" \/>\n<meta property=\"og:site_name\" content=\"P31\" \/>\n<meta property=\"article:published_time\" content=\"2024-03-24T14:29:39+00:00\" \/>\n<meta property=\"og:image\" content=\"https:\/\/www.p31noticias.com.br\/wp-content\/uploads\/2024\/03\/domingosFrazao-150x150-jNIoNv-GFFiIS.jpeg\" \/>\n\t<meta property=\"og:image:width\" content=\"150\" \/>\n\t<meta property=\"og:image:height\" content=\"150\" \/>\n\t<meta property=\"og:image:type\" content=\"image\/jpeg\" \/>\n<meta name=\"twitter:card\" content=\"summary_large_image\" \/>\n<script type=\"application\/ld+json\" class=\"yoast-schema-graph\">{\"@context\":\"https:\\\/\\\/schema.org\",\"@graph\":[{\"@type\":\"Article\",\"@id\":\"https:\\\/\\\/www.p31noticias.com.br\\\/?p=44911#article\",\"isPartOf\":{\"@id\":\"https:\\\/\\\/www.p31noticias.com.br\\\/?p=44911\"},\"author\":{\"name\":\"\",\"@id\":\"\"},\"headline\":\"Urgente!!! Mandantes da morte de Marielle Franco, Chiquinho e Domingos Fraz\u00e3o s\u00e3o presos no Rio\",\"datePublished\":\"2024-03-24T14:29:39+00:00\",\"mainEntityOfPage\":{\"@id\":\"https:\\\/\\\/www.p31noticias.com.br\\\/?p=44911\"},\"wordCount\":107,\"commentCount\":0,\"image\":{\"@id\":\"https:\\\/\\\/www.p31noticias.com.br\\\/?p=44911#primaryimage\"},\"thumbnailUrl\":\"https:\\\/\\\/www.p31noticias.com.br\\\/wp-content\\\/uploads\\\/2024\\\/03\\\/domingosFrazao-150x150-jNIoNv-GFFiIS.jpeg\",\"articleSection\":[\"Bras\u00edlia\"],\"inLanguage\":\"pt-BR\",\"potentialAction\":[{\"@type\":\"CommentAction\",\"name\":\"Comment\",\"target\":[\"https:\\\/\\\/www.p31noticias.com.br\\\/?p=44911#respond\"]}],\"copyrightYear\":\"2024\",\"copyrightHolder\":{\"@id\":\"https:\\\/\\\/www.p31noticias.com.br\\\/#organization\"}},{\"@type\":\"WebPage\",\"@id\":\"https:\\\/\\\/www.p31noticias.com.br\\\/?p=44911\",\"url\":\"https:\\\/\\\/www.p31noticias.com.br\\\/?p=44911\",\"name\":\"Urgente!!! Mandantes da morte de Marielle Franco, Chiquinho e Domingos Fraz\u00e3o s\u00e3o presos no Rio - P31\",\"isPartOf\":{\"@id\":\"https:\\\/\\\/www.p31noticias.com.br\\\/#website\"},\"primaryImageOfPage\":{\"@id\":\"https:\\\/\\\/www.p31noticias.com.br\\\/?p=44911#primaryimage\"},\"image\":{\"@id\":\"https:\\\/\\\/www.p31noticias.com.br\\\/?p=44911#primaryimage\"},\"thumbnailUrl\":\"https:\\\/\\\/www.p31noticias.com.br\\\/wp-content\\\/uploads\\\/2024\\\/03\\\/domingosFrazao-150x150-jNIoNv-GFFiIS.jpeg\",\"datePublished\":\"2024-03-24T14:29:39+00:00\",\"author\":{\"@id\":\"\"},\"breadcrumb\":{\"@id\":\"https:\\\/\\\/www.p31noticias.com.br\\\/?p=44911#breadcrumb\"},\"inLanguage\":\"pt-BR\",\"potentialAction\":[{\"@type\":\"ReadAction\",\"target\":[\"https:\\\/\\\/www.p31noticias.com.br\\\/?p=44911\"]}]},{\"@type\":\"ImageObject\",\"inLanguage\":\"pt-BR\",\"@id\":\"https:\\\/\\\/www.p31noticias.com.br\\\/?p=44911#primaryimage\",\"url\":\"https:\\\/\\\/www.p31noticias.com.br\\\/wp-content\\\/uploads\\\/2024\\\/03\\\/domingosFrazao-150x150-jNIoNv-GFFiIS.jpeg\",\"contentUrl\":\"https:\\\/\\\/www.p31noticias.com.br\\\/wp-content\\\/uploads\\\/2024\\\/03\\\/domingosFrazao-150x150-jNIoNv-GFFiIS.jpeg\",\"width\":150,\"height\":150},{\"@type\":\"BreadcrumbList\",\"@id\":\"https:\\\/\\\/www.p31noticias.com.br\\\/?p=44911#breadcrumb\",\"itemListElement\":[{\"@type\":\"ListItem\",\"position\":1,\"name\":\"In\u00edcio\",\"item\":\"https:\\\/\\\/www.p31noticias.com.br\\\/\"},{\"@type\":\"ListItem\",\"position\":2,\"name\":\"Urgente!!! Mandantes da morte de Marielle Franco, Chiquinho e Domingos Fraz\u00e3o s\u00e3o presos no Rio\"}]},{\"@type\":\"WebSite\",\"@id\":\"https:\\\/\\\/www.p31noticias.com.br\\\/#website\",\"url\":\"https:\\\/\\\/www.p31noticias.com.br\\\/\",\"name\":\"P31\",\"description\":\"NOT\u00cdCIAS\",\"potentialAction\":[{\"@type\":\"SearchAction\",\"target\":{\"@type\":\"EntryPoint\",\"urlTemplate\":\"https:\\\/\\\/www.p31noticias.com.br\\\/?s={search_term_string}\"},\"query-input\":{\"@type\":\"PropertyValueSpecification\",\"valueRequired\":true,\"valueName\":\"search_term_string\"}}],\"inLanguage\":\"pt-BR\"}]}<\/script>\n<!-- \/ Yoast SEO Premium plugin. -->","yoast_head_json":{"title":"Urgente!!! Mandantes da morte de Marielle Franco, Chiquinho e Domingos Fraz\u00e3o s\u00e3o presos no Rio - P31","robots":{"index":"index","follow":"follow","max-snippet":"max-snippet:-1","max-image-preview":"max-image-preview:large","max-video-preview":"max-video-preview:-1"},"canonical":"https:\/\/www.p31noticias.com.br\/?p=44911","og_locale":"pt_BR","og_type":"article","og_title":"Urgente!!! Mandantes da morte de Marielle Franco, Chiquinho e Domingos Fraz\u00e3o s\u00e3o presos no Rio","og_description":"Na manh\u00e3 deste domingo (24), tr\u00eas pessoas foram presas pela Pol\u00edcia Federal (PF) por suspeita de serem mandantes da morte da vereadora Marielle Franco. A a\u00e7\u00e3o conta com a participa\u00e7\u00e3o da Procuradoria-Geral da Rep\u00fablica e do Minist\u00e9rio P\u00fablico do Rio de Janeiro. A opera\u00e7\u00e3o conta ainda com o apoio da Secretaria de Estado de Pol\u00edcia [&hellip;]","og_url":"https:\/\/www.p31noticias.com.br\/?p=44911","og_site_name":"P31","article_published_time":"2024-03-24T14:29:39+00:00","og_image":[{"width":150,"height":150,"url":"https:\/\/www.p31noticias.com.br\/wp-content\/uploads\/2024\/03\/domingosFrazao-150x150-jNIoNv-GFFiIS.jpeg","type":"image\/jpeg"}],"twitter_card":"summary_large_image","schema":{"@context":"https:\/\/schema.org","@graph":[{"@type":"Article","@id":"https:\/\/www.p31noticias.com.br\/?p=44911#article","isPartOf":{"@id":"https:\/\/www.p31noticias.com.br\/?p=44911"},"author":{"name":"","@id":""},"headline":"Urgente!!! Mandantes da morte de Marielle Franco, Chiquinho e Domingos Fraz\u00e3o s\u00e3o presos no Rio","datePublished":"2024-03-24T14:29:39+00:00","mainEntityOfPage":{"@id":"https:\/\/www.p31noticias.com.br\/?p=44911"},"wordCount":107,"commentCount":0,"image":{"@id":"https:\/\/www.p31noticias.com.br\/?p=44911#primaryimage"},"thumbnailUrl":"https:\/\/www.p31noticias.com.br\/wp-content\/uploads\/2024\/03\/domingosFrazao-150x150-jNIoNv-GFFiIS.jpeg","articleSection":["Bras\u00edlia"],"inLanguage":"pt-BR","potentialAction":[{"@type":"CommentAction","name":"Comment","target":["https:\/\/www.p31noticias.com.br\/?p=44911#respond"]}],"copyrightYear":"2024","copyrightHolder":{"@id":"https:\/\/www.p31noticias.com.br\/#organization"}},{"@type":"WebPage","@id":"https:\/\/www.p31noticias.com.br\/?p=44911","url":"https:\/\/www.p31noticias.com.br\/?p=44911","name":"Urgente!!! Mandantes da morte de Marielle Franco, Chiquinho e Domingos Fraz\u00e3o s\u00e3o presos no Rio - P31","isPartOf":{"@id":"https:\/\/www.p31noticias.com.br\/#website"},"primaryImageOfPage":{"@id":"https:\/\/www.p31noticias.com.br\/?p=44911#primaryimage"},"image":{"@id":"https:\/\/www.p31noticias.com.br\/?p=44911#primaryimage"},"thumbnailUrl":"https:\/\/www.p31noticias.com.br\/wp-content\/uploads\/2024\/03\/domingosFrazao-150x150-jNIoNv-GFFiIS.jpeg","datePublished":"2024-03-24T14:29:39+00:00","author":{"@id":""},"breadcrumb":{"@id":"https:\/\/www.p31noticias.com.br\/?p=44911#breadcrumb"},"inLanguage":"pt-BR","potentialAction":[{"@type":"ReadAction","target":["https:\/\/www.p31noticias.com.br\/?p=44911"]}]},{"@type":"ImageObject","inLanguage":"pt-BR","@id":"https:\/\/www.p31noticias.com.br\/?p=44911#primaryimage","url":"https:\/\/www.p31noticias.com.br\/wp-content\/uploads\/2024\/03\/domingosFrazao-150x150-jNIoNv-GFFiIS.jpeg","contentUrl":"https:\/\/www.p31noticias.com.br\/wp-content\/uploads\/2024\/03\/domingosFrazao-150x150-jNIoNv-GFFiIS.jpeg","width":150,"height":150},{"@type":"BreadcrumbList","@id":"https:\/\/www.p31noticias.com.br\/?p=44911#breadcrumb","itemListElement":[{"@type":"ListItem","position":1,"name":"In\u00edcio","item":"https:\/\/www.p31noticias.com.br\/"},{"@type":"ListItem","position":2,"name":"Urgente!!! Mandantes da morte de Marielle Franco, Chiquinho e Domingos Fraz\u00e3o s\u00e3o presos no Rio"}]},{"@type":"WebSite","@id":"https:\/\/www.p31noticias.com.br\/#website","url":"https:\/\/www.p31noticias.com.br\/","name":"P31","description":"NOT\u00cdCIAS","potentialAction":[{"@type":"SearchAction","target":{"@type":"EntryPoint","urlTemplate":"https:\/\/www.p31noticias.com.br\/?s={search_term_string}"},"query-input":{"@type":"PropertyValueSpecification","valueRequired":true,"valueName":"search_term_string"}}],"inLanguage":"pt-BR"}]}},"amp_enabled":true,"_links":{"self":[{"href":"https:\/\/www.p31noticias.com.br\/index.php?rest_route=\/wp\/v2\/posts\/44911","targetHints":{"allow":["GET"]}}],"collection":[{"href":"https:\/\/www.p31noticias.com.br\/index.php?rest_route=\/wp\/v2\/posts"}],"about":[{"href":"https:\/\/www.p31noticias.com.br\/index.php?rest_route=\/wp\/v2\/types\/post"}],"replies":[{"embeddable":true,"href":"https:\/\/www.p31noticias.com.br\/index.php?rest_route=%2Fwp%2Fv2%2Fcomments&post=44911"}],"version-history":[{"count":0,"href":"https:\/\/www.p31noticias.com.br\/index.php?rest_route=\/wp\/v2\/posts\/44911\/revisions"}],"wp:featuredmedia":[{"embeddable":true,"href":"https:\/\/www.p31noticias.com.br\/index.php?rest_route=\/wp\/v2\/media\/44912"}],"wp:attachment":[{"href":"https:\/\/www.p31noticias.com.br\/index.php?rest_route=%2Fwp%2Fv2%2Fmedia&parent=44911"}],"wp:term":[{"taxonomy":"category","embeddable":true,"href":"https:\/\/www.p31noticias.com.br\/index.php?rest_route=%2Fwp%2Fv2%2Fcategories&post=44911"},{"taxonomy":"post_tag","embeddable":true,"href":"https:\/\/www.p31noticias.com.br\/index.php?rest_route=%2Fwp%2Fv2%2Ftags&post=44911"}],"curies":[{"name":"wp","href":"https:\/\/api.w.org\/{rel}","templated":true}]}}