{"id":4481,"date":"2020-04-19T20:50:25","date_gmt":"2020-04-19T23:50:25","guid":{"rendered":"https:\/\/juniortakamoto.com.br\/?p=4481"},"modified":"2020-04-19T20:50:25","modified_gmt":"2020-04-19T23:50:25","slug":"a-esquerda-tem-muitas-cabecas","status":"publish","type":"post","link":"https:\/\/www.p31noticias.com.br\/?p=4481","title":{"rendered":"A esquerda tem muitas cabe\u00e7as"},"content":{"rendered":"<p>A esquerda continua no poder por ter feito uma negociata t\u00e1cita com o &#8220;centr\u00e3o&#8221;, que \u00e9 o conjunto dos aristocratas oligarcas medievais que mandam no Brasil desde o fim do imp\u00e9rio.<\/p>\n<p>Esses descobriram que era mais f\u00e1cil e rent\u00e1vel ficar dirigindo dos bastidores, do que p\u00f4r a cara para bater na linha de frente.<\/p>\n<p>Ent\u00e3o, criaram as figuras dos l\u00edderes imagin\u00e1rios, que v\u00e3o desde FHC \u00e0 Dilma. No entanto, o PT fugiu do controle e n\u00e3o quis mais dividir o butim.<\/p>\n<p>A oligarquia se revoltou e acionou seus tent\u00e1culos para derrubar Dilma. Tentou dar sobrevida a Temer. Sempre e ainda agora, agem sob os auspicias da Rede Globo, o bra\u00e7o da comunica\u00e7\u00e3o mantido por essa minoria, sempre com absurdas e gordas verbas do er\u00e1rio.<\/p>\n<p>Com o advento das m\u00eddias sociais, a sociedade come\u00e7ou a participar e a ficar informada na velocidade do pensamento.<\/p>\n<p>Abra\u00e7ou a candidatura de Jair Bolsonaro e n\u00e3o o largou mais.<\/p>\n<p>Inteligentemente, o &#8220;centr\u00e3o&#8221; saiu de cena e deixou as cabe\u00e7as da esquerda rolar, apostando na fragilidade de Bolsonaro, um l\u00edder que para a aristocracia medieval \u00e9 tosco e despreparado. S\u00f3 que n\u00e3o!<\/p>\n<p>Apanhando como cachorrinho na horta, o Presidente tem se mostrado, honesto, sincero, patriota, firme, forte e resiliente.<\/p>\n<p>E olha que esse homem tem apanhado. Mas quanto mais \u00e9 maltratado, mais se mostra profundo o apoio da sua base social, s\u00f3lida, atenta e participativa.<\/p>\n<p>Como se n\u00e3o bastasse ter que escorra\u00e7ar a esquerda, agora tem a dura miss\u00e3o de eliminar para sempre o &#8220;centr\u00e3o&#8221;, que \u00e9 um velho inimigo do Brasil, assentado no Parlamento, no STF, nos Tribunais de Contas e nas estruturas de poder.<\/p>\n<p>E quem representa essa minoria no momento s\u00e3o poucas figuras p\u00fablicas, personificadas em Rodrigo Maia. Eles est\u00e3o desesperados.<\/p>\n<p>A coisa saiu do controle e pela primeira vez correm o risco de serem varridos das suas mamatas e retirados das tetas gordas do poder.<\/p>\n<p>A l\u00f3gica \u00e9 a seguinte: se Bolsonaro vencer essa minoria, ter\u00e1 feito a limpeza que a maioria da na\u00e7\u00e3o deseja que seja feita.<\/p>\n<p>Perder\u00e3o acesso ao oxig\u00eanio financeiro que mant\u00e9m as estruturas corruptas e corruptoras. O Brasil estar\u00e1 livre! Ent\u00e3o, eles tem feito de tudo para impedir o sucesso do Governo.<\/p>\n<p>Observem os movimento de Rodrigo Maia, sustentado pela Globo, por governadores do &#8220;esquema&#8221; e por alguns ministros do STF que fazem parte da estrutura: deixou caducar as medidas provis\u00f3rias do 13\u00b0 do bolsa fam\u00edlia, da carteira estudantil, da revoga\u00e7\u00e3o do imposto sindical, da publica\u00e7\u00e3o de balan\u00e7os; desfigurou completamente o pacote anticrime e de combate \u00e0 corrup\u00e7\u00e3o; enfraqueceu a opera\u00e7\u00e3o lava jato com a lei de abuso de autoridade; articulou o aumento do fundo partid\u00e1rio e impediu seu uso para combate \u00e0 COVID-19; aprovou o or\u00e7amento impositivo; n\u00e3o p\u00f5e em pauta o marco do saneamento de gastos, da PEC emergencial 186\/19 e do pacto federativo; junto com o Senado n\u00e3o vota a pris\u00e3o em segunda inst\u00e2ncia dando chances para que a nata da aristocracia medieval corrupta n\u00e3o seja investigada, nem punida e mesmo quando condenada, saia \u00e0s ruas e goze a vida com os bilh\u00f5es que roubaram.<\/p>\n<p>Agora, neste exato momento, a esquerda articula com os seus, a completa desfigura\u00e7\u00e3o do Plano Mansueto que \u00e9 um programa de acompanhamento e equil\u00edbrio fiscal, que em s\u00edntese visa ofertar aos Estados uma solu\u00e7\u00e3o para que consigam equilibrar suas folhas de pagamento e quitem suas despesas mais urgentes.<\/p>\n<p><strong>Recebemos a informa\u00e7\u00e3o de que na noite deste domingo (19\/4), foi impetrado um Mandado de Seguran\u00e7a (MS) no Supremo Tribunal Federal (STF), para que o Presidente da Rep\u00fablica, Jair Bolsonaro, tenha limitada parte das suas atribui\u00e7\u00f5es e parte de suas fun\u00e7\u00f5es sejam suspensas.<\/strong><\/p>\n<p>A alega\u00e7\u00e3o do Mandado seria omiss\u00e3o por parte do presidente da C\u00e2mara dos Deputados, Rodrigo Maia, em dar tramita\u00e7\u00e3o ao pedido de abertura de processo contra o mandat\u00e1rio, por suposto crime de responsabilidade. Bolsonaro n\u00e3o teria entregue um exame de COVID-19 e, estaria colocando em risco a vida e sa\u00fade da popula\u00e7\u00e3o.<\/p>\n<p>Ao deturpar completamente o plano, Maia e os seus querem duas coisas: esvaziar o tesouro da Uni\u00e3o dando dinheiro a rodo para governadores perdul\u00e1rios e aliados, sem que estes cumpram com contrapartidas m\u00ednimas de rigores gerenciais; cooptar governadores maus gestores e aliados oligarcas para que tenham caixa e o usem de forma descontrolada e irrespons\u00e1vel para manter mamatas, sustentando privil\u00e9gios e privilegiados para combater Bolsonaro, alimentando estruturas corruptas e enchendo o caixa da grande m\u00eddia para obter apoio.<\/p>\n<p>O Botafogo sabe que s\u00f3 assim para vencer Bolsonaro. Sem isso, estar\u00e3o absolutamente acabados e ser\u00e3o varridos da hist\u00f3ria do Brasil.<\/p>\n<p>E, se Bolsonaro se manter, adeus \u00e0s mordomias, as grandes jogadas de corrup\u00e7\u00e3o, a a\u00e7\u00e3o entre amigos para proteger essa minoria e \u00e0s verbas para cobrir a Globo e enriquecer os Marinho.<\/p>\n<p>Ainda mais que em outubro tem elei\u00e7\u00f5es e currais precisam ser mantidos e em novembro se aposenta um dos ministros do STF que tem dado abrigo a essa casta de privilegiados.<\/p>\n<p>Rodrigo Maia \u00e9 um perigo e \u00e9 o maior inimigo do Brasil neste momento. Junto com a Globo, com governadores e alguns membros do STF, conspiram pela pr\u00f3pria sobreviv\u00eancia.<\/p>\n<p>Para isso, tem que matar Bolsonaro politicamente (j\u00e1 que n\u00e3o foi poss\u00edvel a sua morte f\u00edsica, tentada sabe-se l\u00e1 a mando de quem?).<\/p>\n<p>N\u00e3o se iludam, eles s\u00e3o fortes e organizados.<\/p>\n<p>Para derrotar a esquerda vamos ter que fazer muita for\u00e7a.<\/p>\n<p>&#8220;N\u00e3o esque\u00e7amos que a esquerda, conta, al\u00e9m dos milhares de benefici\u00e1rios das pr\u00f3prias torpezas, com a omiss\u00e3o de sempre dos isent\u00f5es&#8221;, dos desinformados, dos mal informados e dos niilistas que pensando estarem numa conduta \u00e9tica, est\u00e3o mesmo \u00e9 enredados at\u00e9 o pesco\u00e7o por uma grande serpente com v\u00e1rias cabe\u00e7as que quer asfixiar lhes o ar para raspar-lhes o bolso, a dignidade e qualquer expectativa de futuro numa p\u00e1tria livre!<\/p>\n","protected":false},"excerpt":{"rendered":"<p>A esquerda continua no poder por ter feito uma negociata t\u00e1cita com o &#8220;centr\u00e3o&#8221;, que \u00e9 o conjunto dos aristocratas oligarcas medievais que mandam no Brasil desde o fim do imp\u00e9rio. Esses descobriram que era mais f\u00e1cil e rent\u00e1vel ficar dirigindo dos bastidores, do que p\u00f4r a cara para bater na linha de frente. Ent\u00e3o, [&hellip;]<\/p>\n","protected":false},"author":18,"featured_media":4482,"comment_status":"open","ping_status":"open","sticky":false,"template":"","format":"standard","meta":{"footnotes":""},"categories":[57],"tags":[494,495,496,201,415,87,146,497,135],"class_list":{"0":"post-4481","1":"post","2":"type-post","3":"status-publish","4":"format-standard","5":"has-post-thumbnail","7":"category-politica","8":"tag-a-esquerda","9":"tag-centrao","10":"tag-doria","11":"tag-fhc","12":"tag-jose-sarney","13":"tag-lula","14":"tag-pt","15":"tag-rodrigo-maia-dem-rj","16":"tag-stf"},"yoast_head":"<!-- This site is optimized with the Yoast SEO Premium plugin v24.5 (Yoast SEO v27.5) - https:\/\/yoast.com\/product\/yoast-seo-premium-wordpress\/ -->\n<title>A esquerda tem muitas cabe\u00e7as - P31<\/title>\n<meta name=\"description\" content=\"A esquerda continua no poder por ter feito uma negociata t\u00e1cita com o &quot;centr\u00e3o&quot;, que \u00e9 o conjunto dos aristocratas oligarcas medievais que mandam\" \/>\n<meta name=\"robots\" content=\"index, follow, max-snippet:-1, max-image-preview:large, max-video-preview:-1\" \/>\n<link rel=\"canonical\" href=\"https:\/\/www.p31noticias.com.br\/?p=4481\" \/>\n<meta property=\"og:locale\" content=\"pt_BR\" \/>\n<meta property=\"og:type\" content=\"article\" \/>\n<meta property=\"og:title\" content=\"A esquerda tem muitas cabe\u00e7as\" \/>\n<meta property=\"og:description\" content=\"A esquerda continua no poder por ter feito uma negociata t\u00e1cita com o &quot;centr\u00e3o&quot;, que \u00e9 o conjunto dos aristocratas oligarcas medievais que mandam\" \/>\n<meta property=\"og:url\" content=\"https:\/\/www.p31noticias.com.br\/?p=4481\" \/>\n<meta property=\"og:site_name\" content=\"P31\" \/>\n<meta property=\"article:published_time\" content=\"2020-04-19T23:50:25+00:00\" \/>\n<meta property=\"og:image\" content=\"https:\/\/www.p31noticias.com.br\/wp-content\/uploads\/2020\/04\/dfdfdf.jpg\" \/>\n\t<meta property=\"og:image:width\" content=\"1920\" \/>\n\t<meta property=\"og:image:height\" content=\"1080\" \/>\n\t<meta property=\"og:image:type\" content=\"image\/jpeg\" \/>\n<meta name=\"author\" content=\"Reda\u00e7\u00e3o JBN\" \/>\n<meta name=\"twitter:card\" content=\"summary_large_image\" \/>\n<meta name=\"twitter:label1\" content=\"Escrito por\" \/>\n\t<meta name=\"twitter:data1\" content=\"Reda\u00e7\u00e3o JBN\" \/>\n\t<meta name=\"twitter:label2\" content=\"Est. tempo de leitura\" \/>\n\t<meta name=\"twitter:data2\" content=\"5 minutos\" \/>\n<script type=\"application\/ld+json\" class=\"yoast-schema-graph\">{\"@context\":\"https:\\\/\\\/schema.org\",\"@graph\":[{\"@type\":\"Article\",\"@id\":\"https:\\\/\\\/www.p31noticias.com.br\\\/?p=4481#article\",\"isPartOf\":{\"@id\":\"https:\\\/\\\/www.p31noticias.com.br\\\/?p=4481\"},\"author\":{\"name\":\"Reda\u00e7\u00e3o JBN\",\"@id\":\"https:\\\/\\\/www.p31noticias.com.br\\\/#\\\/schema\\\/person\\\/77d6b186c710ac38937c6ec204fdd387\"},\"headline\":\"A esquerda tem muitas cabe\u00e7as\",\"datePublished\":\"2020-04-19T23:50:25+00:00\",\"mainEntityOfPage\":{\"@id\":\"https:\\\/\\\/www.p31noticias.com.br\\\/?p=4481\"},\"wordCount\":1047,\"commentCount\":1,\"image\":{\"@id\":\"https:\\\/\\\/www.p31noticias.com.br\\\/?p=4481#primaryimage\"},\"thumbnailUrl\":\"https:\\\/\\\/www.p31noticias.com.br\\\/wp-content\\\/uploads\\\/2020\\\/04\\\/dfdfdf.jpg\",\"keywords\":[\"A esquerda\",\"Centr\u00e3o\",\"Doria\",\"FHC\",\"jos\u00e9 sarney\",\"lula\",\"PT\",\"Rodrigo Maia (DEM-RJ)\",\"STF\"],\"articleSection\":[\"Pol\u00edtica\"],\"inLanguage\":\"pt-BR\",\"potentialAction\":[{\"@type\":\"CommentAction\",\"name\":\"Comment\",\"target\":[\"https:\\\/\\\/www.p31noticias.com.br\\\/?p=4481#respond\"]}],\"copyrightYear\":\"2020\",\"copyrightHolder\":{\"@id\":\"https:\\\/\\\/www.p31noticias.com.br\\\/#organization\"}},{\"@type\":\"WebPage\",\"@id\":\"https:\\\/\\\/www.p31noticias.com.br\\\/?p=4481\",\"url\":\"https:\\\/\\\/www.p31noticias.com.br\\\/?p=4481\",\"name\":\"A esquerda tem muitas cabe\u00e7as - P31\",\"isPartOf\":{\"@id\":\"https:\\\/\\\/www.p31noticias.com.br\\\/#website\"},\"primaryImageOfPage\":{\"@id\":\"https:\\\/\\\/www.p31noticias.com.br\\\/?p=4481#primaryimage\"},\"image\":{\"@id\":\"https:\\\/\\\/www.p31noticias.com.br\\\/?p=4481#primaryimage\"},\"thumbnailUrl\":\"https:\\\/\\\/www.p31noticias.com.br\\\/wp-content\\\/uploads\\\/2020\\\/04\\\/dfdfdf.jpg\",\"datePublished\":\"2020-04-19T23:50:25+00:00\",\"author\":{\"@id\":\"https:\\\/\\\/www.p31noticias.com.br\\\/#\\\/schema\\\/person\\\/77d6b186c710ac38937c6ec204fdd387\"},\"description\":\"A esquerda continua no poder por ter feito uma negociata t\u00e1cita com o \\\"centr\u00e3o\\\", que \u00e9 o conjunto dos aristocratas oligarcas medievais que mandam\",\"breadcrumb\":{\"@id\":\"https:\\\/\\\/www.p31noticias.com.br\\\/?p=4481#breadcrumb\"},\"inLanguage\":\"pt-BR\",\"potentialAction\":[{\"@type\":\"ReadAction\",\"target\":[\"https:\\\/\\\/www.p31noticias.com.br\\\/?p=4481\"]}]},{\"@type\":\"ImageObject\",\"inLanguage\":\"pt-BR\",\"@id\":\"https:\\\/\\\/www.p31noticias.com.br\\\/?p=4481#primaryimage\",\"url\":\"https:\\\/\\\/www.p31noticias.com.br\\\/wp-content\\\/uploads\\\/2020\\\/04\\\/dfdfdf.jpg\",\"contentUrl\":\"https:\\\/\\\/www.p31noticias.com.br\\\/wp-content\\\/uploads\\\/2020\\\/04\\\/dfdfdf.jpg\",\"width\":1920,\"height\":1080,\"caption\":\"A esquerda\"},{\"@type\":\"BreadcrumbList\",\"@id\":\"https:\\\/\\\/www.p31noticias.com.br\\\/?p=4481#breadcrumb\",\"itemListElement\":[{\"@type\":\"ListItem\",\"position\":1,\"name\":\"In\u00edcio\",\"item\":\"https:\\\/\\\/www.p31noticias.com.br\\\/\"},{\"@type\":\"ListItem\",\"position\":2,\"name\":\"A esquerda tem muitas cabe\u00e7as\"}]},{\"@type\":\"WebSite\",\"@id\":\"https:\\\/\\\/www.p31noticias.com.br\\\/#website\",\"url\":\"https:\\\/\\\/www.p31noticias.com.br\\\/\",\"name\":\"P31\",\"description\":\"NOT\u00cdCIAS\",\"potentialAction\":[{\"@type\":\"SearchAction\",\"target\":{\"@type\":\"EntryPoint\",\"urlTemplate\":\"https:\\\/\\\/www.p31noticias.com.br\\\/?s={search_term_string}\"},\"query-input\":{\"@type\":\"PropertyValueSpecification\",\"valueRequired\":true,\"valueName\":\"search_term_string\"}}],\"inLanguage\":\"pt-BR\"},{\"@type\":\"Person\",\"@id\":\"https:\\\/\\\/www.p31noticias.com.br\\\/#\\\/schema\\\/person\\\/77d6b186c710ac38937c6ec204fdd387\",\"name\":\"Reda\u00e7\u00e3o JBN\",\"image\":{\"@type\":\"ImageObject\",\"inLanguage\":\"pt-BR\",\"@id\":\"https:\\\/\\\/secure.gravatar.com\\\/avatar\\\/10fcdb93211f98cce3d64c0795b0915a9a4a21dc0f279238995a3dbfafcad090?s=96&d=mm&r=g\",\"url\":\"https:\\\/\\\/secure.gravatar.com\\\/avatar\\\/10fcdb93211f98cce3d64c0795b0915a9a4a21dc0f279238995a3dbfafcad090?s=96&d=mm&r=g\",\"contentUrl\":\"https:\\\/\\\/secure.gravatar.com\\\/avatar\\\/10fcdb93211f98cce3d64c0795b0915a9a4a21dc0f279238995a3dbfafcad090?s=96&d=mm&r=g\",\"caption\":\"Reda\u00e7\u00e3o JBN\"},\"sameAs\":[\"https:\\\/\\\/p31noticias.com.br\"],\"url\":\"https:\\\/\\\/www.p31noticias.com.br\\\/?author=18\"}]}<\/script>\n<!-- \/ Yoast SEO Premium plugin. -->","yoast_head_json":{"title":"A esquerda tem muitas cabe\u00e7as - P31","description":"A esquerda continua no poder por ter feito uma negociata t\u00e1cita com o \"centr\u00e3o\", que \u00e9 o conjunto dos aristocratas oligarcas medievais que mandam","robots":{"index":"index","follow":"follow","max-snippet":"max-snippet:-1","max-image-preview":"max-image-preview:large","max-video-preview":"max-video-preview:-1"},"canonical":"https:\/\/www.p31noticias.com.br\/?p=4481","og_locale":"pt_BR","og_type":"article","og_title":"A esquerda tem muitas cabe\u00e7as","og_description":"A esquerda continua no poder por ter feito uma negociata t\u00e1cita com o \"centr\u00e3o\", que \u00e9 o conjunto dos aristocratas oligarcas medievais que mandam","og_url":"https:\/\/www.p31noticias.com.br\/?p=4481","og_site_name":"P31","article_published_time":"2020-04-19T23:50:25+00:00","og_image":[{"width":1920,"height":1080,"url":"https:\/\/www.p31noticias.com.br\/wp-content\/uploads\/2020\/04\/dfdfdf.jpg","type":"image\/jpeg"}],"author":"Reda\u00e7\u00e3o JBN","twitter_card":"summary_large_image","twitter_misc":{"Escrito por":"Reda\u00e7\u00e3o JBN","Est. tempo de leitura":"5 minutos"},"schema":{"@context":"https:\/\/schema.org","@graph":[{"@type":"Article","@id":"https:\/\/www.p31noticias.com.br\/?p=4481#article","isPartOf":{"@id":"https:\/\/www.p31noticias.com.br\/?p=4481"},"author":{"name":"Reda\u00e7\u00e3o JBN","@id":"https:\/\/www.p31noticias.com.br\/#\/schema\/person\/77d6b186c710ac38937c6ec204fdd387"},"headline":"A esquerda tem muitas cabe\u00e7as","datePublished":"2020-04-19T23:50:25+00:00","mainEntityOfPage":{"@id":"https:\/\/www.p31noticias.com.br\/?p=4481"},"wordCount":1047,"commentCount":1,"image":{"@id":"https:\/\/www.p31noticias.com.br\/?p=4481#primaryimage"},"thumbnailUrl":"https:\/\/www.p31noticias.com.br\/wp-content\/uploads\/2020\/04\/dfdfdf.jpg","keywords":["A esquerda","Centr\u00e3o","Doria","FHC","jos\u00e9 sarney","lula","PT","Rodrigo Maia (DEM-RJ)","STF"],"articleSection":["Pol\u00edtica"],"inLanguage":"pt-BR","potentialAction":[{"@type":"CommentAction","name":"Comment","target":["https:\/\/www.p31noticias.com.br\/?p=4481#respond"]}],"copyrightYear":"2020","copyrightHolder":{"@id":"https:\/\/www.p31noticias.com.br\/#organization"}},{"@type":"WebPage","@id":"https:\/\/www.p31noticias.com.br\/?p=4481","url":"https:\/\/www.p31noticias.com.br\/?p=4481","name":"A esquerda tem muitas cabe\u00e7as - P31","isPartOf":{"@id":"https:\/\/www.p31noticias.com.br\/#website"},"primaryImageOfPage":{"@id":"https:\/\/www.p31noticias.com.br\/?p=4481#primaryimage"},"image":{"@id":"https:\/\/www.p31noticias.com.br\/?p=4481#primaryimage"},"thumbnailUrl":"https:\/\/www.p31noticias.com.br\/wp-content\/uploads\/2020\/04\/dfdfdf.jpg","datePublished":"2020-04-19T23:50:25+00:00","author":{"@id":"https:\/\/www.p31noticias.com.br\/#\/schema\/person\/77d6b186c710ac38937c6ec204fdd387"},"description":"A esquerda continua no poder por ter feito uma negociata t\u00e1cita com o \"centr\u00e3o\", que \u00e9 o conjunto dos aristocratas oligarcas medievais que mandam","breadcrumb":{"@id":"https:\/\/www.p31noticias.com.br\/?p=4481#breadcrumb"},"inLanguage":"pt-BR","potentialAction":[{"@type":"ReadAction","target":["https:\/\/www.p31noticias.com.br\/?p=4481"]}]},{"@type":"ImageObject","inLanguage":"pt-BR","@id":"https:\/\/www.p31noticias.com.br\/?p=4481#primaryimage","url":"https:\/\/www.p31noticias.com.br\/wp-content\/uploads\/2020\/04\/dfdfdf.jpg","contentUrl":"https:\/\/www.p31noticias.com.br\/wp-content\/uploads\/2020\/04\/dfdfdf.jpg","width":1920,"height":1080,"caption":"A esquerda"},{"@type":"BreadcrumbList","@id":"https:\/\/www.p31noticias.com.br\/?p=4481#breadcrumb","itemListElement":[{"@type":"ListItem","position":1,"name":"In\u00edcio","item":"https:\/\/www.p31noticias.com.br\/"},{"@type":"ListItem","position":2,"name":"A esquerda tem muitas cabe\u00e7as"}]},{"@type":"WebSite","@id":"https:\/\/www.p31noticias.com.br\/#website","url":"https:\/\/www.p31noticias.com.br\/","name":"P31","description":"NOT\u00cdCIAS","potentialAction":[{"@type":"SearchAction","target":{"@type":"EntryPoint","urlTemplate":"https:\/\/www.p31noticias.com.br\/?s={search_term_string}"},"query-input":{"@type":"PropertyValueSpecification","valueRequired":true,"valueName":"search_term_string"}}],"inLanguage":"pt-BR"},{"@type":"Person","@id":"https:\/\/www.p31noticias.com.br\/#\/schema\/person\/77d6b186c710ac38937c6ec204fdd387","name":"Reda\u00e7\u00e3o JBN","image":{"@type":"ImageObject","inLanguage":"pt-BR","@id":"https:\/\/secure.gravatar.com\/avatar\/10fcdb93211f98cce3d64c0795b0915a9a4a21dc0f279238995a3dbfafcad090?s=96&d=mm&r=g","url":"https:\/\/secure.gravatar.com\/avatar\/10fcdb93211f98cce3d64c0795b0915a9a4a21dc0f279238995a3dbfafcad090?s=96&d=mm&r=g","contentUrl":"https:\/\/secure.gravatar.com\/avatar\/10fcdb93211f98cce3d64c0795b0915a9a4a21dc0f279238995a3dbfafcad090?s=96&d=mm&r=g","caption":"Reda\u00e7\u00e3o JBN"},"sameAs":["https:\/\/p31noticias.com.br"],"url":"https:\/\/www.p31noticias.com.br\/?author=18"}]}},"amp_enabled":true,"_links":{"self":[{"href":"https:\/\/www.p31noticias.com.br\/index.php?rest_route=\/wp\/v2\/posts\/4481","targetHints":{"allow":["GET"]}}],"collection":[{"href":"https:\/\/www.p31noticias.com.br\/index.php?rest_route=\/wp\/v2\/posts"}],"about":[{"href":"https:\/\/www.p31noticias.com.br\/index.php?rest_route=\/wp\/v2\/types\/post"}],"author":[{"embeddable":true,"href":"https:\/\/www.p31noticias.com.br\/index.php?rest_route=\/wp\/v2\/users\/18"}],"replies":[{"embeddable":true,"href":"https:\/\/www.p31noticias.com.br\/index.php?rest_route=%2Fwp%2Fv2%2Fcomments&post=4481"}],"version-history":[{"count":0,"href":"https:\/\/www.p31noticias.com.br\/index.php?rest_route=\/wp\/v2\/posts\/4481\/revisions"}],"wp:featuredmedia":[{"embeddable":true,"href":"https:\/\/www.p31noticias.com.br\/index.php?rest_route=\/wp\/v2\/media\/4482"}],"wp:attachment":[{"href":"https:\/\/www.p31noticias.com.br\/index.php?rest_route=%2Fwp%2Fv2%2Fmedia&parent=4481"}],"wp:term":[{"taxonomy":"category","embeddable":true,"href":"https:\/\/www.p31noticias.com.br\/index.php?rest_route=%2Fwp%2Fv2%2Fcategories&post=4481"},{"taxonomy":"post_tag","embeddable":true,"href":"https:\/\/www.p31noticias.com.br\/index.php?rest_route=%2Fwp%2Fv2%2Ftags&post=4481"}],"curies":[{"name":"wp","href":"https:\/\/api.w.org\/{rel}","templated":true}]}}