{"id":4467,"date":"2020-04-17T10:28:16","date_gmt":"2020-04-17T13:28:16","guid":{"rendered":"https:\/\/juniortakamoto.com.br\/?p=4467"},"modified":"2020-04-17T10:28:16","modified_gmt":"2020-04-17T13:28:16","slug":"a-realidade-da-quarentena-horizontal","status":"publish","type":"post","link":"https:\/\/www.p31noticias.com.br\/?p=4467","title":{"rendered":"A realidade da &#8220;quarentena horizontal&#8221;"},"content":{"rendered":"<p>A quarentena est\u00e1 atingindo, em m\u00e9dia, 50% dos brasileiros. N\u00e3o \u00e9 um &#8220;lock down&#8221; total. Supermercados, padarias, lot\u00e9ricas, servi\u00e7os de delivery, distribuidoras, bancos,\u00a0 etc. continuam abertos.<br \/>\nAlgum de voc\u00eas ouviu falar de um funcion\u00e1rio de supermercado infectado?<\/p>\n<p>Se a transmiss\u00e3o \u00e9 t\u00e3o violenta, n\u00e3o era para termos um n\u00famero de casos infinitamente mais alto?<\/p>\n<p><strong>Vamos trabalhar apenas com dados OFICIAIS, ok? Nada de &#8220;achismos&#8221;.\u00a0<\/strong><\/p>\n<p>De acordo com o SEBRAE, que mapeou os setores mais prejudicados pela quarentena, s\u00e3o 12,3 MILH\u00d5ES de empresas, que geram 21,5 MILH\u00d5ES de empregos, sendo duramente atingidas. E dessas 600 mil j\u00e1 faliram.<\/p>\n<p>Ainda de acordo com o \u00f3rg\u00e3o, 60% das micro e pequenas empresas, respons\u00e1veis por mais de 40 MILH\u00d5ES de postos de trabalho, est\u00e3o tendo seus pedidos de cr\u00e9dito NEGADOS pelas institui\u00e7\u00f5es banc\u00e1rias.<\/p>\n<p>Estatisticamente, uma pequena empresa n\u00e3o consegue sobreviver por mais de 23 dias com as portas fechadas. A maioria absoluta dos empreendedores n\u00e3o tem reservas de capital e sobrevive com o giro do neg\u00f3cio.<\/p>\n<p>Estamos na quarta semana de &#8220;isolamento&#8221;. Ent\u00e3o, fa\u00e7am as suas pr\u00f3prias contas. A estimativa \u00e9 que as &#8220;medidas de conten\u00e7\u00e3o ao Covid&#8221; criem de 5 a 10 milh\u00f5es novos desempregados mensalmente no pa\u00eds.<\/p>\n<p>Ent\u00e3o teremos milh\u00f5es de \u00f3rf\u00e3os dos planos de sa\u00fade na fila do SUS.<\/p>\n<p>A\u00ed sim iremos descobrir que n\u00e3o h\u00e1 &#8220;achatamento de curva&#8221; que salve os hospitais. A palavra &#8220;colapso&#8221; vai ser entendida da maneira mais amarga poss\u00edvel.<\/p>\n<p><strong>&#8220;Ahh, mas precisamos evitar o pico do cont\u00e1gio.&#8221;\u00a0 Qual pico?<\/strong><\/p>\n<p>A cada novo pronunciamento, o Ministro da Sa\u00fade Mandetta apresentava um novo pico matematicamente calculado por especialistas. J\u00e1 foi em mar\u00e7o, mudou para abril, passou pra maio. Mas \u00e9 pura ci\u00eancia. Irrefut\u00e1vel!<\/p>\n<p>&#8220;Ahh, mas na It\u00e1lia e nos EUA est\u00e3o tendo muitas mortes.&#8221;<\/p>\n<p>Se o Jos\u00e9 tiver intoler\u00e2ncia a lactose, o Jo\u00e3o tem que parar de beber leite?<br \/>\nCADA CASO \u00c9 UM CASO.<\/p>\n<p>Maior prova disso, como j\u00e1 disse no come\u00e7o do texto, \u00e9 que N\u00c3O ESTAMOS em um &#8220;lock down&#8221;, como It\u00e1lia e EUA. Ainda assim, temos baixo n\u00famero de infectados e letalidade menor que nos outros pa\u00edses.<\/p>\n<p>Permanecermos trancados \u00e9 CRIMINOSO. Bem como \u00e9 criminoso que pol\u00edticos utilizem-se de agentes do Estado para coagir cidad\u00e3os, enquanto usam dos decretos de &#8220;calamidade p\u00fablica&#8221; para driblar a necessidade de licita\u00e7\u00f5es e fugir da lei de responsabilidade.<\/p>\n<p>Enquanto voc\u00ea est\u00e1 trancado, apavorado, rastreado pelo governador (como em S\u00e3o Paulo) ou fiscalizado por presidi\u00e1rios (como no Par\u00e1), eles est\u00e3o aproveitando o p\u00e2nico para fazer farra com o SEU dinheiro.<\/p>\n<p>&nbsp;<\/p>\n","protected":false},"excerpt":{"rendered":"<p>A quarentena est\u00e1 atingindo, em m\u00e9dia, 50% dos brasileiros. N\u00e3o \u00e9 um &#8220;lock down&#8221; total. Supermercados, padarias, lot\u00e9ricas, servi\u00e7os de delivery, distribuidoras, bancos,\u00a0 etc. continuam abertos. Algum de voc\u00eas ouviu falar de um funcion\u00e1rio de supermercado infectado? Se a transmiss\u00e3o \u00e9 t\u00e3o violenta, n\u00e3o era para termos um n\u00famero de casos infinitamente mais alto? Vamos [&hellip;]<\/p>\n","protected":false},"author":18,"featured_media":4468,"comment_status":"open","ping_status":"open","sticky":false,"template":"","format":"standard","meta":{"footnotes":""},"categories":[57],"tags":[429,430,484,485,437,486,487,126,432],"class_list":{"0":"post-4467","1":"post","2":"type-post","3":"status-publish","4":"format-standard","5":"has-post-thumbnail","7":"category-politica","8":"tag-coronavirus","9":"tag-covid-19","10":"tag-hospitais-publicos","11":"tag-isolamento-social","12":"tag-quarentena","13":"tag-quarentena-horizontal","14":"tag-quarentena-vertical","15":"tag-sus","16":"tag-vacina-do-coronavirus"},"yoast_head":"<!-- This site is optimized with the Yoast SEO Premium plugin v24.5 (Yoast SEO v27.5) - https:\/\/yoast.com\/product\/yoast-seo-premium-wordpress\/ -->\n<title>A realidade da &quot;quarentena horizontal&quot; - P31<\/title>\n<meta name=\"description\" content=\"A quarentena est\u00e1 atingindo, em m\u00e9dia, 50% dos brasileiros. N\u00e3o \u00e9 um &quot;lock down&quot; total. Supermercados, padarias, lot\u00e9ricas, servi\u00e7os de delivery\" \/>\n<meta name=\"robots\" content=\"index, follow, max-snippet:-1, max-image-preview:large, max-video-preview:-1\" \/>\n<link rel=\"canonical\" href=\"https:\/\/www.p31noticias.com.br\/?p=4467\" \/>\n<meta property=\"og:locale\" content=\"pt_BR\" \/>\n<meta property=\"og:type\" content=\"article\" \/>\n<meta property=\"og:title\" content=\"A realidade da &quot;quarentena horizontal&quot;\" \/>\n<meta property=\"og:description\" content=\"A quarentena est\u00e1 atingindo, em m\u00e9dia, 50% dos brasileiros. N\u00e3o \u00e9 um &quot;lock down&quot; total. Supermercados, padarias, lot\u00e9ricas, servi\u00e7os de delivery\" \/>\n<meta property=\"og:url\" content=\"https:\/\/www.p31noticias.com.br\/?p=4467\" \/>\n<meta property=\"og:site_name\" content=\"P31\" \/>\n<meta property=\"article:published_time\" content=\"2020-04-17T13:28:16+00:00\" \/>\n<meta property=\"og:image\" content=\"https:\/\/www.p31noticias.com.br\/wp-content\/uploads\/2020\/04\/90844763_10216892386957248_4002387651280764928_o.jpg\" \/>\n\t<meta property=\"og:image:width\" content=\"1080\" \/>\n\t<meta property=\"og:image:height\" content=\"747\" \/>\n\t<meta property=\"og:image:type\" content=\"image\/jpeg\" \/>\n<meta name=\"author\" content=\"Reda\u00e7\u00e3o JBN\" \/>\n<meta name=\"twitter:card\" content=\"summary_large_image\" \/>\n<meta name=\"twitter:label1\" content=\"Escrito por\" \/>\n\t<meta name=\"twitter:data1\" content=\"Reda\u00e7\u00e3o JBN\" \/>\n\t<meta name=\"twitter:label2\" content=\"Est. tempo de leitura\" \/>\n\t<meta name=\"twitter:data2\" content=\"2 minutos\" \/>\n<script type=\"application\/ld+json\" class=\"yoast-schema-graph\">{\"@context\":\"https:\\\/\\\/schema.org\",\"@graph\":[{\"@type\":\"Article\",\"@id\":\"https:\\\/\\\/www.p31noticias.com.br\\\/?p=4467#article\",\"isPartOf\":{\"@id\":\"https:\\\/\\\/www.p31noticias.com.br\\\/?p=4467\"},\"author\":{\"name\":\"Reda\u00e7\u00e3o JBN\",\"@id\":\"https:\\\/\\\/www.p31noticias.com.br\\\/#\\\/schema\\\/person\\\/77d6b186c710ac38937c6ec204fdd387\"},\"headline\":\"A realidade da &#8220;quarentena horizontal&#8221;\",\"datePublished\":\"2020-04-17T13:28:16+00:00\",\"mainEntityOfPage\":{\"@id\":\"https:\\\/\\\/www.p31noticias.com.br\\\/?p=4467\"},\"wordCount\":456,\"commentCount\":3,\"image\":{\"@id\":\"https:\\\/\\\/www.p31noticias.com.br\\\/?p=4467#primaryimage\"},\"thumbnailUrl\":\"https:\\\/\\\/www.p31noticias.com.br\\\/wp-content\\\/uploads\\\/2020\\\/04\\\/90844763_10216892386957248_4002387651280764928_o.jpg\",\"keywords\":[\"Coronav\u00edrus\",\"Covid-19\",\"hospitais p\u00fablicos\",\"isolamento social\",\"quarentena\",\"quarentena horizontal\",\"quarentena vertical\",\"sus\",\"vacina do coronav\u00edrus\"],\"articleSection\":[\"Pol\u00edtica\"],\"inLanguage\":\"pt-BR\",\"potentialAction\":[{\"@type\":\"CommentAction\",\"name\":\"Comment\",\"target\":[\"https:\\\/\\\/www.p31noticias.com.br\\\/?p=4467#respond\"]}],\"copyrightYear\":\"2020\",\"copyrightHolder\":{\"@id\":\"https:\\\/\\\/www.p31noticias.com.br\\\/#organization\"}},{\"@type\":\"WebPage\",\"@id\":\"https:\\\/\\\/www.p31noticias.com.br\\\/?p=4467\",\"url\":\"https:\\\/\\\/www.p31noticias.com.br\\\/?p=4467\",\"name\":\"A realidade da \\\"quarentena horizontal\\\" - P31\",\"isPartOf\":{\"@id\":\"https:\\\/\\\/www.p31noticias.com.br\\\/#website\"},\"primaryImageOfPage\":{\"@id\":\"https:\\\/\\\/www.p31noticias.com.br\\\/?p=4467#primaryimage\"},\"image\":{\"@id\":\"https:\\\/\\\/www.p31noticias.com.br\\\/?p=4467#primaryimage\"},\"thumbnailUrl\":\"https:\\\/\\\/www.p31noticias.com.br\\\/wp-content\\\/uploads\\\/2020\\\/04\\\/90844763_10216892386957248_4002387651280764928_o.jpg\",\"datePublished\":\"2020-04-17T13:28:16+00:00\",\"author\":{\"@id\":\"https:\\\/\\\/www.p31noticias.com.br\\\/#\\\/schema\\\/person\\\/77d6b186c710ac38937c6ec204fdd387\"},\"description\":\"A quarentena est\u00e1 atingindo, em m\u00e9dia, 50% dos brasileiros. N\u00e3o \u00e9 um \\\"lock down\\\" total. Supermercados, padarias, lot\u00e9ricas, servi\u00e7os de delivery\",\"breadcrumb\":{\"@id\":\"https:\\\/\\\/www.p31noticias.com.br\\\/?p=4467#breadcrumb\"},\"inLanguage\":\"pt-BR\",\"potentialAction\":[{\"@type\":\"ReadAction\",\"target\":[\"https:\\\/\\\/www.p31noticias.com.br\\\/?p=4467\"]}]},{\"@type\":\"ImageObject\",\"inLanguage\":\"pt-BR\",\"@id\":\"https:\\\/\\\/www.p31noticias.com.br\\\/?p=4467#primaryimage\",\"url\":\"https:\\\/\\\/www.p31noticias.com.br\\\/wp-content\\\/uploads\\\/2020\\\/04\\\/90844763_10216892386957248_4002387651280764928_o.jpg\",\"contentUrl\":\"https:\\\/\\\/www.p31noticias.com.br\\\/wp-content\\\/uploads\\\/2020\\\/04\\\/90844763_10216892386957248_4002387651280764928_o.jpg\",\"width\":1080,\"height\":747,\"caption\":\"quarentena\"},{\"@type\":\"BreadcrumbList\",\"@id\":\"https:\\\/\\\/www.p31noticias.com.br\\\/?p=4467#breadcrumb\",\"itemListElement\":[{\"@type\":\"ListItem\",\"position\":1,\"name\":\"In\u00edcio\",\"item\":\"https:\\\/\\\/www.p31noticias.com.br\\\/\"},{\"@type\":\"ListItem\",\"position\":2,\"name\":\"A realidade da &#8220;quarentena horizontal&#8221;\"}]},{\"@type\":\"WebSite\",\"@id\":\"https:\\\/\\\/www.p31noticias.com.br\\\/#website\",\"url\":\"https:\\\/\\\/www.p31noticias.com.br\\\/\",\"name\":\"P31\",\"description\":\"NOT\u00cdCIAS\",\"potentialAction\":[{\"@type\":\"SearchAction\",\"target\":{\"@type\":\"EntryPoint\",\"urlTemplate\":\"https:\\\/\\\/www.p31noticias.com.br\\\/?s={search_term_string}\"},\"query-input\":{\"@type\":\"PropertyValueSpecification\",\"valueRequired\":true,\"valueName\":\"search_term_string\"}}],\"inLanguage\":\"pt-BR\"},{\"@type\":\"Person\",\"@id\":\"https:\\\/\\\/www.p31noticias.com.br\\\/#\\\/schema\\\/person\\\/77d6b186c710ac38937c6ec204fdd387\",\"name\":\"Reda\u00e7\u00e3o JBN\",\"image\":{\"@type\":\"ImageObject\",\"inLanguage\":\"pt-BR\",\"@id\":\"https:\\\/\\\/secure.gravatar.com\\\/avatar\\\/10fcdb93211f98cce3d64c0795b0915a9a4a21dc0f279238995a3dbfafcad090?s=96&d=mm&r=g\",\"url\":\"https:\\\/\\\/secure.gravatar.com\\\/avatar\\\/10fcdb93211f98cce3d64c0795b0915a9a4a21dc0f279238995a3dbfafcad090?s=96&d=mm&r=g\",\"contentUrl\":\"https:\\\/\\\/secure.gravatar.com\\\/avatar\\\/10fcdb93211f98cce3d64c0795b0915a9a4a21dc0f279238995a3dbfafcad090?s=96&d=mm&r=g\",\"caption\":\"Reda\u00e7\u00e3o JBN\"},\"sameAs\":[\"https:\\\/\\\/p31noticias.com.br\"],\"url\":\"https:\\\/\\\/www.p31noticias.com.br\\\/?author=18\"}]}<\/script>\n<!-- \/ Yoast SEO Premium plugin. -->","yoast_head_json":{"title":"A realidade da \"quarentena horizontal\" - P31","description":"A quarentena est\u00e1 atingindo, em m\u00e9dia, 50% dos brasileiros. N\u00e3o \u00e9 um \"lock down\" total. Supermercados, padarias, lot\u00e9ricas, servi\u00e7os de delivery","robots":{"index":"index","follow":"follow","max-snippet":"max-snippet:-1","max-image-preview":"max-image-preview:large","max-video-preview":"max-video-preview:-1"},"canonical":"https:\/\/www.p31noticias.com.br\/?p=4467","og_locale":"pt_BR","og_type":"article","og_title":"A realidade da \"quarentena horizontal\"","og_description":"A quarentena est\u00e1 atingindo, em m\u00e9dia, 50% dos brasileiros. N\u00e3o \u00e9 um \"lock down\" total. Supermercados, padarias, lot\u00e9ricas, servi\u00e7os de delivery","og_url":"https:\/\/www.p31noticias.com.br\/?p=4467","og_site_name":"P31","article_published_time":"2020-04-17T13:28:16+00:00","og_image":[{"width":1080,"height":747,"url":"https:\/\/www.p31noticias.com.br\/wp-content\/uploads\/2020\/04\/90844763_10216892386957248_4002387651280764928_o.jpg","type":"image\/jpeg"}],"author":"Reda\u00e7\u00e3o JBN","twitter_card":"summary_large_image","twitter_misc":{"Escrito por":"Reda\u00e7\u00e3o JBN","Est. tempo de leitura":"2 minutos"},"schema":{"@context":"https:\/\/schema.org","@graph":[{"@type":"Article","@id":"https:\/\/www.p31noticias.com.br\/?p=4467#article","isPartOf":{"@id":"https:\/\/www.p31noticias.com.br\/?p=4467"},"author":{"name":"Reda\u00e7\u00e3o JBN","@id":"https:\/\/www.p31noticias.com.br\/#\/schema\/person\/77d6b186c710ac38937c6ec204fdd387"},"headline":"A realidade da &#8220;quarentena horizontal&#8221;","datePublished":"2020-04-17T13:28:16+00:00","mainEntityOfPage":{"@id":"https:\/\/www.p31noticias.com.br\/?p=4467"},"wordCount":456,"commentCount":3,"image":{"@id":"https:\/\/www.p31noticias.com.br\/?p=4467#primaryimage"},"thumbnailUrl":"https:\/\/www.p31noticias.com.br\/wp-content\/uploads\/2020\/04\/90844763_10216892386957248_4002387651280764928_o.jpg","keywords":["Coronav\u00edrus","Covid-19","hospitais p\u00fablicos","isolamento social","quarentena","quarentena horizontal","quarentena vertical","sus","vacina do coronav\u00edrus"],"articleSection":["Pol\u00edtica"],"inLanguage":"pt-BR","potentialAction":[{"@type":"CommentAction","name":"Comment","target":["https:\/\/www.p31noticias.com.br\/?p=4467#respond"]}],"copyrightYear":"2020","copyrightHolder":{"@id":"https:\/\/www.p31noticias.com.br\/#organization"}},{"@type":"WebPage","@id":"https:\/\/www.p31noticias.com.br\/?p=4467","url":"https:\/\/www.p31noticias.com.br\/?p=4467","name":"A realidade da \"quarentena horizontal\" - P31","isPartOf":{"@id":"https:\/\/www.p31noticias.com.br\/#website"},"primaryImageOfPage":{"@id":"https:\/\/www.p31noticias.com.br\/?p=4467#primaryimage"},"image":{"@id":"https:\/\/www.p31noticias.com.br\/?p=4467#primaryimage"},"thumbnailUrl":"https:\/\/www.p31noticias.com.br\/wp-content\/uploads\/2020\/04\/90844763_10216892386957248_4002387651280764928_o.jpg","datePublished":"2020-04-17T13:28:16+00:00","author":{"@id":"https:\/\/www.p31noticias.com.br\/#\/schema\/person\/77d6b186c710ac38937c6ec204fdd387"},"description":"A quarentena est\u00e1 atingindo, em m\u00e9dia, 50% dos brasileiros. N\u00e3o \u00e9 um \"lock down\" total. Supermercados, padarias, lot\u00e9ricas, servi\u00e7os de delivery","breadcrumb":{"@id":"https:\/\/www.p31noticias.com.br\/?p=4467#breadcrumb"},"inLanguage":"pt-BR","potentialAction":[{"@type":"ReadAction","target":["https:\/\/www.p31noticias.com.br\/?p=4467"]}]},{"@type":"ImageObject","inLanguage":"pt-BR","@id":"https:\/\/www.p31noticias.com.br\/?p=4467#primaryimage","url":"https:\/\/www.p31noticias.com.br\/wp-content\/uploads\/2020\/04\/90844763_10216892386957248_4002387651280764928_o.jpg","contentUrl":"https:\/\/www.p31noticias.com.br\/wp-content\/uploads\/2020\/04\/90844763_10216892386957248_4002387651280764928_o.jpg","width":1080,"height":747,"caption":"quarentena"},{"@type":"BreadcrumbList","@id":"https:\/\/www.p31noticias.com.br\/?p=4467#breadcrumb","itemListElement":[{"@type":"ListItem","position":1,"name":"In\u00edcio","item":"https:\/\/www.p31noticias.com.br\/"},{"@type":"ListItem","position":2,"name":"A realidade da &#8220;quarentena horizontal&#8221;"}]},{"@type":"WebSite","@id":"https:\/\/www.p31noticias.com.br\/#website","url":"https:\/\/www.p31noticias.com.br\/","name":"P31","description":"NOT\u00cdCIAS","potentialAction":[{"@type":"SearchAction","target":{"@type":"EntryPoint","urlTemplate":"https:\/\/www.p31noticias.com.br\/?s={search_term_string}"},"query-input":{"@type":"PropertyValueSpecification","valueRequired":true,"valueName":"search_term_string"}}],"inLanguage":"pt-BR"},{"@type":"Person","@id":"https:\/\/www.p31noticias.com.br\/#\/schema\/person\/77d6b186c710ac38937c6ec204fdd387","name":"Reda\u00e7\u00e3o JBN","image":{"@type":"ImageObject","inLanguage":"pt-BR","@id":"https:\/\/secure.gravatar.com\/avatar\/10fcdb93211f98cce3d64c0795b0915a9a4a21dc0f279238995a3dbfafcad090?s=96&d=mm&r=g","url":"https:\/\/secure.gravatar.com\/avatar\/10fcdb93211f98cce3d64c0795b0915a9a4a21dc0f279238995a3dbfafcad090?s=96&d=mm&r=g","contentUrl":"https:\/\/secure.gravatar.com\/avatar\/10fcdb93211f98cce3d64c0795b0915a9a4a21dc0f279238995a3dbfafcad090?s=96&d=mm&r=g","caption":"Reda\u00e7\u00e3o JBN"},"sameAs":["https:\/\/p31noticias.com.br"],"url":"https:\/\/www.p31noticias.com.br\/?author=18"}]}},"amp_enabled":true,"_links":{"self":[{"href":"https:\/\/www.p31noticias.com.br\/index.php?rest_route=\/wp\/v2\/posts\/4467","targetHints":{"allow":["GET"]}}],"collection":[{"href":"https:\/\/www.p31noticias.com.br\/index.php?rest_route=\/wp\/v2\/posts"}],"about":[{"href":"https:\/\/www.p31noticias.com.br\/index.php?rest_route=\/wp\/v2\/types\/post"}],"author":[{"embeddable":true,"href":"https:\/\/www.p31noticias.com.br\/index.php?rest_route=\/wp\/v2\/users\/18"}],"replies":[{"embeddable":true,"href":"https:\/\/www.p31noticias.com.br\/index.php?rest_route=%2Fwp%2Fv2%2Fcomments&post=4467"}],"version-history":[{"count":0,"href":"https:\/\/www.p31noticias.com.br\/index.php?rest_route=\/wp\/v2\/posts\/4467\/revisions"}],"wp:featuredmedia":[{"embeddable":true,"href":"https:\/\/www.p31noticias.com.br\/index.php?rest_route=\/wp\/v2\/media\/4468"}],"wp:attachment":[{"href":"https:\/\/www.p31noticias.com.br\/index.php?rest_route=%2Fwp%2Fv2%2Fmedia&parent=4467"}],"wp:term":[{"taxonomy":"category","embeddable":true,"href":"https:\/\/www.p31noticias.com.br\/index.php?rest_route=%2Fwp%2Fv2%2Fcategories&post=4467"},{"taxonomy":"post_tag","embeddable":true,"href":"https:\/\/www.p31noticias.com.br\/index.php?rest_route=%2Fwp%2Fv2%2Ftags&post=4467"}],"curies":[{"name":"wp","href":"https:\/\/api.w.org\/{rel}","templated":true}]}}