{"id":4453,"date":"2020-04-14T11:50:11","date_gmt":"2020-04-14T14:50:11","guid":{"rendered":"https:\/\/juniortakamoto.com.br\/?p=4453"},"modified":"2020-04-14T11:50:11","modified_gmt":"2020-04-14T14:50:11","slug":"plano-esquerda-para-destruir-o-pais-esta-em-andamento","status":"publish","type":"post","link":"https:\/\/www.p31noticias.com.br\/?p=4453","title":{"rendered":"O plano da ESQUERDA para destruir o pa\u00eds est\u00e1 em andamento"},"content":{"rendered":"<p>O Congresso, com a artimanha do Plano Mansueto, inviabilizou o Governo, \u00e9 o plano da esquerda para destruir o pa\u00eds.<\/p>\n<p>Como a Uni\u00e3o pagar\u00e1 os 180 Bilh\u00f5es de reais para os Estados e Munic\u00edpios, em repasses que durar\u00e3o at\u00e9 setembro? Emitir\u00e1 d\u00edvida p\u00fablica e aumentar\u00e1 os juros? Elevar\u00e1 tributos?<\/p>\n<p><strong>Desestabilizar a ordem vigente e provocar o caos \u00e9 a atitude que a Esquerda adota desde a Revolu\u00e7\u00e3o Francesa, sempre que ela N\u00c3O est\u00e1 no Poder. <\/strong><\/p>\n<p>Existe um plano em andamento para derrubar Bolsonaro. O pais est\u00e1 sequestrado, e o pre\u00e7o do resgate \u00e9 Jair Bolsonaro.<\/p>\n<p>Se ele for entregue ao sistema, isso tudo acaba.<\/p>\n<p>No dia imediatamente seguinte ao &#8220;pagamento do resgate&#8221;, o povo voltar\u00e1 para a &#8220;normalidade&#8221; do pais da \u00e9poca da &#8220;engrenagem do sistema&#8221;, com a &#8220;graxa&#8221; movendo os parafusos. A m\u00eddia vender\u00e1 a ilus\u00e3o de que est\u00e1 tudo bem no Brasil, o Congresso funcionar\u00e1 na normalidade institucional, e os Governadores n\u00e3o usurpar\u00e3o mais compet\u00eancias da Uni\u00e3o e n\u00e3o intimidar\u00e3o mais os habitantes do Estado.<\/p>\n<p>Tudo volta \u00e0 normalidade, nesse caso de &#8220;pagamento do resgate&#8221;, com a retirada do apoio a Bolsonaro pelo povo, fazendo o Presidente da Rep\u00fablica se afastar (renunciar).<br \/>\nPor enquanto, eles est\u00e3o vencendo. Meu receio \u00e9 que, no final, o PR\u00d3PRIO POVO entregue os pontos&#8230;<\/p>\n<p>Nesse caso, restarei eu, aqui, e os brasileiros iguais a mim, que dir\u00e3o at\u00e9 o \u00faltimo dia das suas vidas que &#8220;\u00e9 melhor morrer de p\u00e9 do que viver de joelhos&#8221;.<\/p>\n<p>Para mim, agora \u00e9 hora, mais do que nunca, de manter firme o apoio ao Presidente da Rep\u00fablica, e passar a EXIGIR do Governo a ado\u00e7\u00e3o de medidas en\u00e9rgicas quanto \u00e0 anomalia institucional do Pais.<\/p>\n<p>Sob o nobre pretexto de salvar vidas, medidas autorit\u00e1rias e totalit\u00e1rias de esquerda v\u00eam sendo tomadas em v\u00e1rias cidades do pais. Com\u00e9rcio e igrejas fechados, direito de ir e vir regulado, proibi\u00e7\u00e3o de protestos. At\u00e9 vel\u00f3rios est\u00e3o proibidos e a censura vai sendo imposta a quem discorda dos &#8220;especialistas preferidos de parte da imprensa.<\/p>\n<p>Autoridades p\u00fablicas alegam que tudo \u00e9 feito com base cientifica. Mas ser\u00e1 que \u00e9 mesmo?<\/p>\n<p>Em Santos, litoral paulista, por exemplo, a prefeitura fechou a praia e o cal\u00e7ad\u00e3o. Resultado: as pessoas que se espalhavam numa faixa de 300 metros de largura para manter uma dist\u00e2ncia segura, agora se concentram em apenas 3 metros de cal\u00e7ada do outro lado da avenida.<\/p>\n<p>Que tipo de g\u00eanio faria algo assim? O mesmo tipo que tem reduzido as frotas de \u00f4nibus em v\u00e1rios munic\u00edpios, fazendo trabalhadores dos servi\u00e7os essenciais se aglomerarem no transporte coletivo?<\/p>\n<p>Entendo que o objetivo \u00e9 desincentivar a circula\u00e7\u00e3o, mas isso j\u00e1 est\u00e1 acontecendo. As pessoas j\u00e1 est\u00e3o saindo o m\u00ednimo poss\u00edvel de casa.<\/p>\n<p>Se \u00e9 para falar de ci\u00eancia, primeiro \u00e9 preciso entender que uma circula\u00e7\u00e3o m\u00ednima \u00e9 necess\u00e1ria e incentivada at\u00e9 pelo Minist\u00e9rio da Sa\u00fade, para manuten\u00e7\u00e3o da sa\u00fade. A quest\u00e3o \u00e9 tomar os cuidados e manter dist\u00e2ncia entre as pessoas.<\/p>\n<p>Algu\u00e9m por acaso calculou o aumento de doen\u00e7as f\u00edsicas, mentais e psicossom\u00e1ticas causadas pelo estresse, sedentarismo, imunossupress\u00e3o e falta de sol para fazer s\u00edntese de vitamina D?<\/p>\n<p>Algu\u00e9m calculou quanto isso vai sobrecarregar o sistema de sa\u00fade para comparar com os custos de permitir uma m\u00ednima atividade?<\/p>\n<p>N\u00e3o! Ent\u00e3o, n\u00e3o se trata de ci\u00eancia.<\/p>\n<p>Falar em &#8220;ci\u00eancia&#8221; \u00e9 mero recurso ret\u00f3rico, assim como dizer que a meta \u00e9 &#8220;salvar vidas&#8221; sem dizer quantas, sem contabilizar as outras que ser\u00e3o perdidas pelo confinamento e pela crise econ\u00f4mica.<\/p>\n<p>Ent\u00e3o, n\u00e3o se engane. Isso n\u00e3o e ci\u00eancia. \u00c9 pol\u00edtica de esquerda, e muito bem feita, pelo menos com base no medo que vem sendo estimulado pela imprensa.<\/p>\n","protected":false},"excerpt":{"rendered":"<p>O Congresso, com a artimanha do Plano Mansueto, inviabilizou o Governo, \u00e9 o plano da esquerda para destruir o pa\u00eds. Como a Uni\u00e3o pagar\u00e1 os 180 Bilh\u00f5es de reais para os Estados e Munic\u00edpios, em repasses que durar\u00e3o at\u00e9 setembro? Emitir\u00e1 d\u00edvida p\u00fablica e aumentar\u00e1 os juros? Elevar\u00e1 tributos? Desestabilizar a ordem vigente e provocar [&hellip;]<\/p>\n","protected":false},"author":18,"featured_media":4457,"comment_status":"open","ping_status":"open","sticky":false,"template":"","format":"standard","meta":{"footnotes":""},"categories":[57],"tags":[429,430,178,477,201,191,87,448,192,161,146,437,135,126],"class_list":{"0":"post-4453","1":"post","2":"type-post","3":"status-publish","4":"format-standard","5":"has-post-thumbnail","7":"category-politica","8":"tag-coronavirus","9":"tag-covid-19","10":"tag-esquerda","11":"tag-esquerda-e-fascista","12":"tag-fhc","13":"tag-jair-bolsonaro","14":"tag-lula","15":"tag-mandetta","16":"tag-psdb","17":"tag-psol","18":"tag-pt","19":"tag-quarentena","20":"tag-stf","21":"tag-sus"},"yoast_head":"<!-- This site is optimized with the Yoast SEO Premium plugin v24.5 (Yoast SEO v27.5) - https:\/\/yoast.com\/product\/yoast-seo-premium-wordpress\/ -->\n<title>O plano da ESQUERDA para destruir o pa\u00eds est\u00e1 em andamento - P31<\/title>\n<meta name=\"description\" content=\"O Congresso, com a artimanha do Plano Mansueto, inviabilizou o Governo, \u00e9 o plano da esquerda para destruir o pa\u00eds. Como a Uni\u00e3o pagar\u00e1 os 180 Bilh\u00f5es\" \/>\n<meta name=\"robots\" content=\"index, follow, max-snippet:-1, max-image-preview:large, max-video-preview:-1\" \/>\n<link rel=\"canonical\" href=\"https:\/\/www.p31noticias.com.br\/?p=4453\" \/>\n<meta property=\"og:locale\" content=\"pt_BR\" \/>\n<meta property=\"og:type\" content=\"article\" \/>\n<meta property=\"og:title\" content=\"O plano da ESQUERDA para destruir o pa\u00eds est\u00e1 em andamento\" \/>\n<meta property=\"og:description\" content=\"O Congresso, com a artimanha do Plano Mansueto, inviabilizou o Governo, \u00e9 o plano da esquerda para destruir o pa\u00eds. Como a Uni\u00e3o pagar\u00e1 os 180 Bilh\u00f5es\" \/>\n<meta property=\"og:url\" content=\"https:\/\/www.p31noticias.com.br\/?p=4453\" \/>\n<meta property=\"og:site_name\" content=\"P31\" \/>\n<meta property=\"article:published_time\" content=\"2020-04-14T14:50:11+00:00\" \/>\n<meta property=\"og:image\" content=\"https:\/\/www.p31noticias.com.br\/wp-content\/uploads\/2020\/04\/hqdefault.jpg\" \/>\n\t<meta property=\"og:image:width\" content=\"800\" \/>\n\t<meta property=\"og:image:height\" content=\"350\" \/>\n\t<meta property=\"og:image:type\" content=\"image\/jpeg\" \/>\n<meta name=\"author\" content=\"Reda\u00e7\u00e3o JBN\" \/>\n<meta name=\"twitter:card\" content=\"summary_large_image\" \/>\n<meta name=\"twitter:label1\" content=\"Escrito por\" \/>\n\t<meta name=\"twitter:data1\" content=\"Reda\u00e7\u00e3o JBN\" \/>\n\t<meta name=\"twitter:label2\" content=\"Est. tempo de leitura\" \/>\n\t<meta name=\"twitter:data2\" content=\"3 minutos\" \/>\n<script type=\"application\/ld+json\" class=\"yoast-schema-graph\">{\"@context\":\"https:\\\/\\\/schema.org\",\"@graph\":[{\"@type\":\"Article\",\"@id\":\"https:\\\/\\\/www.p31noticias.com.br\\\/?p=4453#article\",\"isPartOf\":{\"@id\":\"https:\\\/\\\/www.p31noticias.com.br\\\/?p=4453\"},\"author\":{\"name\":\"Reda\u00e7\u00e3o JBN\",\"@id\":\"https:\\\/\\\/www.p31noticias.com.br\\\/#\\\/schema\\\/person\\\/77d6b186c710ac38937c6ec204fdd387\"},\"headline\":\"O plano da ESQUERDA para destruir o pa\u00eds est\u00e1 em andamento\",\"datePublished\":\"2020-04-14T14:50:11+00:00\",\"mainEntityOfPage\":{\"@id\":\"https:\\\/\\\/www.p31noticias.com.br\\\/?p=4453\"},\"wordCount\":667,\"commentCount\":0,\"image\":{\"@id\":\"https:\\\/\\\/www.p31noticias.com.br\\\/?p=4453#primaryimage\"},\"thumbnailUrl\":\"https:\\\/\\\/www.p31noticias.com.br\\\/wp-content\\\/uploads\\\/2020\\\/04\\\/hqdefault.jpg\",\"keywords\":[\"Coronav\u00edrus\",\"Covid-19\",\"esquerda\",\"esquerda \u00e9 fascista\",\"FHC\",\"Jair Bolsonaro\",\"lula\",\"Mandetta\",\"PSDB\",\"PSOL\",\"PT\",\"quarentena\",\"STF\",\"sus\"],\"articleSection\":[\"Pol\u00edtica\"],\"inLanguage\":\"pt-BR\",\"potentialAction\":[{\"@type\":\"CommentAction\",\"name\":\"Comment\",\"target\":[\"https:\\\/\\\/www.p31noticias.com.br\\\/?p=4453#respond\"]}],\"copyrightYear\":\"2020\",\"copyrightHolder\":{\"@id\":\"https:\\\/\\\/www.p31noticias.com.br\\\/#organization\"}},{\"@type\":\"WebPage\",\"@id\":\"https:\\\/\\\/www.p31noticias.com.br\\\/?p=4453\",\"url\":\"https:\\\/\\\/www.p31noticias.com.br\\\/?p=4453\",\"name\":\"O plano da ESQUERDA para destruir o pa\u00eds est\u00e1 em andamento - P31\",\"isPartOf\":{\"@id\":\"https:\\\/\\\/www.p31noticias.com.br\\\/#website\"},\"primaryImageOfPage\":{\"@id\":\"https:\\\/\\\/www.p31noticias.com.br\\\/?p=4453#primaryimage\"},\"image\":{\"@id\":\"https:\\\/\\\/www.p31noticias.com.br\\\/?p=4453#primaryimage\"},\"thumbnailUrl\":\"https:\\\/\\\/www.p31noticias.com.br\\\/wp-content\\\/uploads\\\/2020\\\/04\\\/hqdefault.jpg\",\"datePublished\":\"2020-04-14T14:50:11+00:00\",\"author\":{\"@id\":\"https:\\\/\\\/www.p31noticias.com.br\\\/#\\\/schema\\\/person\\\/77d6b186c710ac38937c6ec204fdd387\"},\"description\":\"O Congresso, com a artimanha do Plano Mansueto, inviabilizou o Governo, \u00e9 o plano da esquerda para destruir o pa\u00eds. Como a Uni\u00e3o pagar\u00e1 os 180 Bilh\u00f5es\",\"breadcrumb\":{\"@id\":\"https:\\\/\\\/www.p31noticias.com.br\\\/?p=4453#breadcrumb\"},\"inLanguage\":\"pt-BR\",\"potentialAction\":[{\"@type\":\"ReadAction\",\"target\":[\"https:\\\/\\\/www.p31noticias.com.br\\\/?p=4453\"]}]},{\"@type\":\"ImageObject\",\"inLanguage\":\"pt-BR\",\"@id\":\"https:\\\/\\\/www.p31noticias.com.br\\\/?p=4453#primaryimage\",\"url\":\"https:\\\/\\\/www.p31noticias.com.br\\\/wp-content\\\/uploads\\\/2020\\\/04\\\/hqdefault.jpg\",\"contentUrl\":\"https:\\\/\\\/www.p31noticias.com.br\\\/wp-content\\\/uploads\\\/2020\\\/04\\\/hqdefault.jpg\",\"width\":800,\"height\":350,\"caption\":\"esquerda\"},{\"@type\":\"BreadcrumbList\",\"@id\":\"https:\\\/\\\/www.p31noticias.com.br\\\/?p=4453#breadcrumb\",\"itemListElement\":[{\"@type\":\"ListItem\",\"position\":1,\"name\":\"In\u00edcio\",\"item\":\"https:\\\/\\\/www.p31noticias.com.br\\\/\"},{\"@type\":\"ListItem\",\"position\":2,\"name\":\"O plano da ESQUERDA para destruir o pa\u00eds est\u00e1 em andamento\"}]},{\"@type\":\"WebSite\",\"@id\":\"https:\\\/\\\/www.p31noticias.com.br\\\/#website\",\"url\":\"https:\\\/\\\/www.p31noticias.com.br\\\/\",\"name\":\"P31\",\"description\":\"NOT\u00cdCIAS\",\"potentialAction\":[{\"@type\":\"SearchAction\",\"target\":{\"@type\":\"EntryPoint\",\"urlTemplate\":\"https:\\\/\\\/www.p31noticias.com.br\\\/?s={search_term_string}\"},\"query-input\":{\"@type\":\"PropertyValueSpecification\",\"valueRequired\":true,\"valueName\":\"search_term_string\"}}],\"inLanguage\":\"pt-BR\"},{\"@type\":\"Person\",\"@id\":\"https:\\\/\\\/www.p31noticias.com.br\\\/#\\\/schema\\\/person\\\/77d6b186c710ac38937c6ec204fdd387\",\"name\":\"Reda\u00e7\u00e3o JBN\",\"image\":{\"@type\":\"ImageObject\",\"inLanguage\":\"pt-BR\",\"@id\":\"https:\\\/\\\/secure.gravatar.com\\\/avatar\\\/10fcdb93211f98cce3d64c0795b0915a9a4a21dc0f279238995a3dbfafcad090?s=96&d=mm&r=g\",\"url\":\"https:\\\/\\\/secure.gravatar.com\\\/avatar\\\/10fcdb93211f98cce3d64c0795b0915a9a4a21dc0f279238995a3dbfafcad090?s=96&d=mm&r=g\",\"contentUrl\":\"https:\\\/\\\/secure.gravatar.com\\\/avatar\\\/10fcdb93211f98cce3d64c0795b0915a9a4a21dc0f279238995a3dbfafcad090?s=96&d=mm&r=g\",\"caption\":\"Reda\u00e7\u00e3o JBN\"},\"sameAs\":[\"https:\\\/\\\/p31noticias.com.br\"],\"url\":\"https:\\\/\\\/www.p31noticias.com.br\\\/?author=18\"}]}<\/script>\n<!-- \/ Yoast SEO Premium plugin. -->","yoast_head_json":{"title":"O plano da ESQUERDA para destruir o pa\u00eds est\u00e1 em andamento - P31","description":"O Congresso, com a artimanha do Plano Mansueto, inviabilizou o Governo, \u00e9 o plano da esquerda para destruir o pa\u00eds. Como a Uni\u00e3o pagar\u00e1 os 180 Bilh\u00f5es","robots":{"index":"index","follow":"follow","max-snippet":"max-snippet:-1","max-image-preview":"max-image-preview:large","max-video-preview":"max-video-preview:-1"},"canonical":"https:\/\/www.p31noticias.com.br\/?p=4453","og_locale":"pt_BR","og_type":"article","og_title":"O plano da ESQUERDA para destruir o pa\u00eds est\u00e1 em andamento","og_description":"O Congresso, com a artimanha do Plano Mansueto, inviabilizou o Governo, \u00e9 o plano da esquerda para destruir o pa\u00eds. Como a Uni\u00e3o pagar\u00e1 os 180 Bilh\u00f5es","og_url":"https:\/\/www.p31noticias.com.br\/?p=4453","og_site_name":"P31","article_published_time":"2020-04-14T14:50:11+00:00","og_image":[{"width":800,"height":350,"url":"https:\/\/www.p31noticias.com.br\/wp-content\/uploads\/2020\/04\/hqdefault.jpg","type":"image\/jpeg"}],"author":"Reda\u00e7\u00e3o JBN","twitter_card":"summary_large_image","twitter_misc":{"Escrito por":"Reda\u00e7\u00e3o JBN","Est. tempo de leitura":"3 minutos"},"schema":{"@context":"https:\/\/schema.org","@graph":[{"@type":"Article","@id":"https:\/\/www.p31noticias.com.br\/?p=4453#article","isPartOf":{"@id":"https:\/\/www.p31noticias.com.br\/?p=4453"},"author":{"name":"Reda\u00e7\u00e3o JBN","@id":"https:\/\/www.p31noticias.com.br\/#\/schema\/person\/77d6b186c710ac38937c6ec204fdd387"},"headline":"O plano da ESQUERDA para destruir o pa\u00eds est\u00e1 em andamento","datePublished":"2020-04-14T14:50:11+00:00","mainEntityOfPage":{"@id":"https:\/\/www.p31noticias.com.br\/?p=4453"},"wordCount":667,"commentCount":0,"image":{"@id":"https:\/\/www.p31noticias.com.br\/?p=4453#primaryimage"},"thumbnailUrl":"https:\/\/www.p31noticias.com.br\/wp-content\/uploads\/2020\/04\/hqdefault.jpg","keywords":["Coronav\u00edrus","Covid-19","esquerda","esquerda \u00e9 fascista","FHC","Jair Bolsonaro","lula","Mandetta","PSDB","PSOL","PT","quarentena","STF","sus"],"articleSection":["Pol\u00edtica"],"inLanguage":"pt-BR","potentialAction":[{"@type":"CommentAction","name":"Comment","target":["https:\/\/www.p31noticias.com.br\/?p=4453#respond"]}],"copyrightYear":"2020","copyrightHolder":{"@id":"https:\/\/www.p31noticias.com.br\/#organization"}},{"@type":"WebPage","@id":"https:\/\/www.p31noticias.com.br\/?p=4453","url":"https:\/\/www.p31noticias.com.br\/?p=4453","name":"O plano da ESQUERDA para destruir o pa\u00eds est\u00e1 em andamento - P31","isPartOf":{"@id":"https:\/\/www.p31noticias.com.br\/#website"},"primaryImageOfPage":{"@id":"https:\/\/www.p31noticias.com.br\/?p=4453#primaryimage"},"image":{"@id":"https:\/\/www.p31noticias.com.br\/?p=4453#primaryimage"},"thumbnailUrl":"https:\/\/www.p31noticias.com.br\/wp-content\/uploads\/2020\/04\/hqdefault.jpg","datePublished":"2020-04-14T14:50:11+00:00","author":{"@id":"https:\/\/www.p31noticias.com.br\/#\/schema\/person\/77d6b186c710ac38937c6ec204fdd387"},"description":"O Congresso, com a artimanha do Plano Mansueto, inviabilizou o Governo, \u00e9 o plano da esquerda para destruir o pa\u00eds. Como a Uni\u00e3o pagar\u00e1 os 180 Bilh\u00f5es","breadcrumb":{"@id":"https:\/\/www.p31noticias.com.br\/?p=4453#breadcrumb"},"inLanguage":"pt-BR","potentialAction":[{"@type":"ReadAction","target":["https:\/\/www.p31noticias.com.br\/?p=4453"]}]},{"@type":"ImageObject","inLanguage":"pt-BR","@id":"https:\/\/www.p31noticias.com.br\/?p=4453#primaryimage","url":"https:\/\/www.p31noticias.com.br\/wp-content\/uploads\/2020\/04\/hqdefault.jpg","contentUrl":"https:\/\/www.p31noticias.com.br\/wp-content\/uploads\/2020\/04\/hqdefault.jpg","width":800,"height":350,"caption":"esquerda"},{"@type":"BreadcrumbList","@id":"https:\/\/www.p31noticias.com.br\/?p=4453#breadcrumb","itemListElement":[{"@type":"ListItem","position":1,"name":"In\u00edcio","item":"https:\/\/www.p31noticias.com.br\/"},{"@type":"ListItem","position":2,"name":"O plano da ESQUERDA para destruir o pa\u00eds est\u00e1 em andamento"}]},{"@type":"WebSite","@id":"https:\/\/www.p31noticias.com.br\/#website","url":"https:\/\/www.p31noticias.com.br\/","name":"P31","description":"NOT\u00cdCIAS","potentialAction":[{"@type":"SearchAction","target":{"@type":"EntryPoint","urlTemplate":"https:\/\/www.p31noticias.com.br\/?s={search_term_string}"},"query-input":{"@type":"PropertyValueSpecification","valueRequired":true,"valueName":"search_term_string"}}],"inLanguage":"pt-BR"},{"@type":"Person","@id":"https:\/\/www.p31noticias.com.br\/#\/schema\/person\/77d6b186c710ac38937c6ec204fdd387","name":"Reda\u00e7\u00e3o JBN","image":{"@type":"ImageObject","inLanguage":"pt-BR","@id":"https:\/\/secure.gravatar.com\/avatar\/10fcdb93211f98cce3d64c0795b0915a9a4a21dc0f279238995a3dbfafcad090?s=96&d=mm&r=g","url":"https:\/\/secure.gravatar.com\/avatar\/10fcdb93211f98cce3d64c0795b0915a9a4a21dc0f279238995a3dbfafcad090?s=96&d=mm&r=g","contentUrl":"https:\/\/secure.gravatar.com\/avatar\/10fcdb93211f98cce3d64c0795b0915a9a4a21dc0f279238995a3dbfafcad090?s=96&d=mm&r=g","caption":"Reda\u00e7\u00e3o JBN"},"sameAs":["https:\/\/p31noticias.com.br"],"url":"https:\/\/www.p31noticias.com.br\/?author=18"}]}},"amp_enabled":true,"_links":{"self":[{"href":"https:\/\/www.p31noticias.com.br\/index.php?rest_route=\/wp\/v2\/posts\/4453","targetHints":{"allow":["GET"]}}],"collection":[{"href":"https:\/\/www.p31noticias.com.br\/index.php?rest_route=\/wp\/v2\/posts"}],"about":[{"href":"https:\/\/www.p31noticias.com.br\/index.php?rest_route=\/wp\/v2\/types\/post"}],"author":[{"embeddable":true,"href":"https:\/\/www.p31noticias.com.br\/index.php?rest_route=\/wp\/v2\/users\/18"}],"replies":[{"embeddable":true,"href":"https:\/\/www.p31noticias.com.br\/index.php?rest_route=%2Fwp%2Fv2%2Fcomments&post=4453"}],"version-history":[{"count":0,"href":"https:\/\/www.p31noticias.com.br\/index.php?rest_route=\/wp\/v2\/posts\/4453\/revisions"}],"wp:featuredmedia":[{"embeddable":true,"href":"https:\/\/www.p31noticias.com.br\/index.php?rest_route=\/wp\/v2\/media\/4457"}],"wp:attachment":[{"href":"https:\/\/www.p31noticias.com.br\/index.php?rest_route=%2Fwp%2Fv2%2Fmedia&parent=4453"}],"wp:term":[{"taxonomy":"category","embeddable":true,"href":"https:\/\/www.p31noticias.com.br\/index.php?rest_route=%2Fwp%2Fv2%2Fcategories&post=4453"},{"taxonomy":"post_tag","embeddable":true,"href":"https:\/\/www.p31noticias.com.br\/index.php?rest_route=%2Fwp%2Fv2%2Ftags&post=4453"}],"curies":[{"name":"wp","href":"https:\/\/api.w.org\/{rel}","templated":true}]}}