{"id":4440,"date":"2020-04-12T10:39:20","date_gmt":"2020-04-12T13:39:20","guid":{"rendered":"https:\/\/juniortakamoto.com.br\/?p=4440"},"modified":"2020-04-12T10:39:20","modified_gmt":"2020-04-12T13:39:20","slug":"oab-e-um-braco-do-pt-um-sindicato","status":"publish","type":"post","link":"https:\/\/www.p31noticias.com.br\/?p=4440","title":{"rendered":"A OAB \u00e9 um bra\u00e7o do PT: Como um sindicato (V\u00cdDEO)"},"content":{"rendered":"<p>OAB &#8211; O advogado Henrique Quintanilha encabe\u00e7ou um grupo de caus\u00eddicos, que protocolou um pedido de estado de defesa, com o objetivo de enfrentar o caos orquestrado com o intuito de destruir o presidente Jair Bolsonaro e afundar o Brasil.<\/p>\n<p>Nesse momento de crise, vemos governadores oportunistas e prefeitos alienados, aproveitando-se da pandemia do v\u00edrus chin\u00eas para enfraquecer o governo federal, com apoio dos presidentes da C\u00e2mara e do Senado e com o sil\u00eancio sepulcral da Ordem dos Advogados do Brasil.<\/p>\n<p>Henrique Quintanilha detona a atual gest\u00e3o da OAB. Segundo Quintanilha, a OAB, cujo presidente atual \u00e9 Felipe Santa Cruz, n\u00e3o ouve os advogados, nem tampouco presta conta do dinheiro que recebe: por ano, mais de 1 bilh\u00e3o de reais.<\/p>\n<p>&#8220;J\u00e1 se pediu a presta\u00e7\u00e3o de conta da OAB pelo Tribunal de Contas da Uni\u00e3o. Rosa Weber deu uma liminar a favor da OAB, dizendo que n\u00e3o \u00e9 para prestar conta ao Tribunal de Contas da Uni\u00e3o. Esse processo est\u00e1 parado l\u00e1. O \u00faltimo or\u00e7amento que a gente tem conhecimento, a OAB teve um 1 bilh\u00e3o e 300 milh\u00f5es arrecadados em um ano no Brasil inteiro. E por que esse valor \u00e9 t\u00e3o grande? Por que temos quase 1 milh\u00e3o e 200 mil advogados no Brasil, se abriu faculdade de tudo que \u00e9 jeito, e a OAB recebe esses advogados, passam no exame da OAB, cada advogado vale para eles uma anuidade, e a anuidade varia, \u00e9 em m\u00e9dia RS 1 mil por ano &#8211; em m\u00e9dia, mais alta do que do Conselho Federal de Medicina!&#8217;<\/p>\n<p>Quem \u00e9 Felipe Santa Cruz, o atual presidente da OAB: Felipe Santa Cruz, \u00edntimo da organiza\u00e7\u00e3o criminosa do Lula e comparsa do terrorista Cesare Battisti<\/p>\n<p>Vale lembrar que Felipe Santa Cruz, presidente da OAB, ofendeu em 2019 a advogada Flavia Ferronato nas redes sociais, chamando-a de &#8216;puta&#8217;. Ele n\u00e3o foi punido. Tamb\u00e9m em 2019, Santa Cruz atacou o ministro S\u00e9rgio Moro, dizendo que ele era &#8220;chefe de quadrilha&#8221;.<\/p>\n<p>O Minist\u00e9rio P\u00fablico Federal apresentou den\u00fancia contra o presidente da OAB, pedindo o afastamento dele do cargo, mas, como se v\u00ea, nada aconteceu.<br \/>\nSobrou tamb\u00e9m para os eleitores de Bolsonaro.<\/p>\n<p>Santa Cruz disse que eles t\u00eam &#8220;desvio de car\u00e1ter&#8221; e est\u00e1 sendo processado por cal\u00fania e difama\u00e7\u00e3o. Ele admitiu que era militante e que n\u00e3o ia se retratar.<\/p>\n<p>N\u00e3o \u00e9 dif\u00edcil entender a milit\u00e2ncia. Ele \u00e9 filho de Fernando Augusto de Santa Cruz Oliveira, que fazia parte da A\u00e7\u00e3o Popular Marxista-Leninista (APML).<\/p>\n<div class=\"youtube-embed\" data-video_id=\"FkxmxVwUKS8\"><iframe loading=\"lazy\" title=\"\u201cA OAB \u00e9 um bra\u00e7o do PT e da esquerda\u201d, revela advogado que protocolou pedido de estado de defesa\" width=\"696\" height=\"392\" src=\"https:\/\/www.youtube.com\/embed\/FkxmxVwUKS8?feature=oembed&#038;enablejsapi=1\" frameborder=\"0\" allow=\"accelerometer; autoplay; encrypted-media; gyroscope; picture-in-picture\" allowfullscreen><\/iframe><\/div>\n<p>&nbsp;<\/p>\n<p>&nbsp;<\/p>\n","protected":false},"excerpt":{"rendered":"<p>OAB &#8211; O advogado Henrique Quintanilha encabe\u00e7ou um grupo de caus\u00eddicos, que protocolou um pedido de estado de defesa, com o objetivo de enfrentar o caos orquestrado com o intuito de destruir o presidente Jair Bolsonaro e afundar o Brasil. Nesse momento de crise, vemos governadores oportunistas e prefeitos alienados, aproveitando-se da pandemia do v\u00edrus [&hellip;]<\/p>\n","protected":false},"author":18,"featured_media":4441,"comment_status":"open","ping_status":"open","sticky":false,"template":"","format":"video","meta":{"footnotes":""},"categories":[57],"tags":[467,429,430,132,468,469,74,470,462,437,433],"class_list":{"0":"post-4440","1":"post","2":"type-post","3":"status-publish","4":"format-video","5":"has-post-thumbnail","7":"category-politica","8":"tag-advogados","9":"tag-coronavirus","10":"tag-covid-19","11":"tag-felipe-santa-cruz","12":"tag-henrique-quintanilha","13":"tag-movimento-advogados-do-brasil","14":"tag-oab","15":"tag-ordem-dos-advogados","16":"tag-pandemia","17":"tag-quarentena","18":"tag-virus-chines","19":"post_format-post-format-video"},"yoast_head":"<!-- This site is optimized with the Yoast SEO Premium plugin v24.5 (Yoast SEO v27.5) - https:\/\/yoast.com\/product\/yoast-seo-premium-wordpress\/ -->\n<title>A OAB \u00e9 um bra\u00e7o do PT: Como um sindicato (V\u00cdDEO) - P31<\/title>\n<meta name=\"description\" content=\"OAB - O advogado Henrique Quintanilha encabe\u00e7ou um grupo de caus\u00eddicos, que protocolou um pedido de estado de defesa, com o\" \/>\n<meta name=\"robots\" content=\"index, follow, max-snippet:-1, max-image-preview:large, max-video-preview:-1\" \/>\n<link rel=\"canonical\" href=\"https:\/\/www.p31noticias.com.br\/?p=4440\" \/>\n<meta property=\"og:locale\" content=\"pt_BR\" \/>\n<meta property=\"og:type\" content=\"article\" \/>\n<meta property=\"og:title\" content=\"A OAB \u00e9 um bra\u00e7o do PT: Como um sindicato (V\u00cdDEO)\" \/>\n<meta property=\"og:description\" content=\"OAB - O advogado Henrique Quintanilha encabe\u00e7ou um grupo de caus\u00eddicos, que protocolou um pedido de estado de defesa, com o\" \/>\n<meta property=\"og:url\" content=\"https:\/\/www.p31noticias.com.br\/?p=4440\" \/>\n<meta property=\"og:site_name\" content=\"P31\" \/>\n<meta property=\"article:published_time\" content=\"2020-04-12T13:39:20+00:00\" \/>\n<meta property=\"og:image\" content=\"https:\/\/www.p31noticias.com.br\/wp-content\/uploads\/2020\/04\/brasil-cesare-battisti-20190213-002.jpg\" \/>\n\t<meta property=\"og:image:width\" content=\"1500\" \/>\n\t<meta property=\"og:image:height\" content=\"1000\" \/>\n\t<meta property=\"og:image:type\" content=\"image\/jpeg\" \/>\n<meta name=\"author\" content=\"Reda\u00e7\u00e3o JBN\" \/>\n<meta name=\"twitter:card\" content=\"summary_large_image\" \/>\n<meta name=\"twitter:label1\" content=\"Escrito por\" \/>\n\t<meta name=\"twitter:data1\" content=\"Reda\u00e7\u00e3o JBN\" \/>\n\t<meta name=\"twitter:label2\" content=\"Est. tempo de leitura\" \/>\n\t<meta name=\"twitter:data2\" content=\"2 minutos\" \/>\n<script type=\"application\/ld+json\" class=\"yoast-schema-graph\">{\"@context\":\"https:\\\/\\\/schema.org\",\"@graph\":[{\"@type\":\"Article\",\"@id\":\"https:\\\/\\\/www.p31noticias.com.br\\\/?p=4440#article\",\"isPartOf\":{\"@id\":\"https:\\\/\\\/www.p31noticias.com.br\\\/?p=4440\"},\"author\":{\"name\":\"Reda\u00e7\u00e3o JBN\",\"@id\":\"https:\\\/\\\/www.p31noticias.com.br\\\/#\\\/schema\\\/person\\\/77d6b186c710ac38937c6ec204fdd387\"},\"headline\":\"A OAB \u00e9 um bra\u00e7o do PT: Como um sindicato (V\u00cdDEO)\",\"datePublished\":\"2020-04-12T13:39:20+00:00\",\"mainEntityOfPage\":{\"@id\":\"https:\\\/\\\/www.p31noticias.com.br\\\/?p=4440\"},\"wordCount\":455,\"commentCount\":0,\"image\":{\"@id\":\"https:\\\/\\\/www.p31noticias.com.br\\\/?p=4440#primaryimage\"},\"thumbnailUrl\":\"https:\\\/\\\/www.p31noticias.com.br\\\/wp-content\\\/uploads\\\/2020\\\/04\\\/brasil-cesare-battisti-20190213-002.jpg\",\"keywords\":[\"advogados\",\"Coronav\u00edrus\",\"Covid-19\",\"felipe santa cruz\",\"Henrique Quintanilha\",\"Movimento Advogados do Brasil\",\"OAB\",\"ordem dos advogados\",\"pandemia\",\"quarentena\",\"v\u00edrus chin\u00eas\"],\"articleSection\":[\"Pol\u00edtica\"],\"inLanguage\":\"pt-BR\",\"potentialAction\":[{\"@type\":\"CommentAction\",\"name\":\"Comment\",\"target\":[\"https:\\\/\\\/www.p31noticias.com.br\\\/?p=4440#respond\"]}],\"copyrightYear\":\"2020\",\"copyrightHolder\":{\"@id\":\"https:\\\/\\\/www.p31noticias.com.br\\\/#organization\"}},{\"@type\":\"WebPage\",\"@id\":\"https:\\\/\\\/www.p31noticias.com.br\\\/?p=4440\",\"url\":\"https:\\\/\\\/www.p31noticias.com.br\\\/?p=4440\",\"name\":\"A OAB \u00e9 um bra\u00e7o do PT: Como um sindicato (V\u00cdDEO) - P31\",\"isPartOf\":{\"@id\":\"https:\\\/\\\/www.p31noticias.com.br\\\/#website\"},\"primaryImageOfPage\":{\"@id\":\"https:\\\/\\\/www.p31noticias.com.br\\\/?p=4440#primaryimage\"},\"image\":{\"@id\":\"https:\\\/\\\/www.p31noticias.com.br\\\/?p=4440#primaryimage\"},\"thumbnailUrl\":\"https:\\\/\\\/www.p31noticias.com.br\\\/wp-content\\\/uploads\\\/2020\\\/04\\\/brasil-cesare-battisti-20190213-002.jpg\",\"datePublished\":\"2020-04-12T13:39:20+00:00\",\"author\":{\"@id\":\"https:\\\/\\\/www.p31noticias.com.br\\\/#\\\/schema\\\/person\\\/77d6b186c710ac38937c6ec204fdd387\"},\"description\":\"OAB - O advogado Henrique Quintanilha encabe\u00e7ou um grupo de caus\u00eddicos, que protocolou um pedido de estado de defesa, com o\",\"breadcrumb\":{\"@id\":\"https:\\\/\\\/www.p31noticias.com.br\\\/?p=4440#breadcrumb\"},\"inLanguage\":\"pt-BR\",\"potentialAction\":[{\"@type\":\"ReadAction\",\"target\":[\"https:\\\/\\\/www.p31noticias.com.br\\\/?p=4440\"]}]},{\"@type\":\"ImageObject\",\"inLanguage\":\"pt-BR\",\"@id\":\"https:\\\/\\\/www.p31noticias.com.br\\\/?p=4440#primaryimage\",\"url\":\"https:\\\/\\\/www.p31noticias.com.br\\\/wp-content\\\/uploads\\\/2020\\\/04\\\/brasil-cesare-battisti-20190213-002.jpg\",\"contentUrl\":\"https:\\\/\\\/www.p31noticias.com.br\\\/wp-content\\\/uploads\\\/2020\\\/04\\\/brasil-cesare-battisti-20190213-002.jpg\",\"width\":1500,\"height\":1000,\"caption\":\"OAB\"},{\"@type\":\"BreadcrumbList\",\"@id\":\"https:\\\/\\\/www.p31noticias.com.br\\\/?p=4440#breadcrumb\",\"itemListElement\":[{\"@type\":\"ListItem\",\"position\":1,\"name\":\"In\u00edcio\",\"item\":\"https:\\\/\\\/www.p31noticias.com.br\\\/\"},{\"@type\":\"ListItem\",\"position\":2,\"name\":\"A OAB \u00e9 um bra\u00e7o do PT: Como um sindicato (V\u00cdDEO)\"}]},{\"@type\":\"WebSite\",\"@id\":\"https:\\\/\\\/www.p31noticias.com.br\\\/#website\",\"url\":\"https:\\\/\\\/www.p31noticias.com.br\\\/\",\"name\":\"P31\",\"description\":\"NOT\u00cdCIAS\",\"potentialAction\":[{\"@type\":\"SearchAction\",\"target\":{\"@type\":\"EntryPoint\",\"urlTemplate\":\"https:\\\/\\\/www.p31noticias.com.br\\\/?s={search_term_string}\"},\"query-input\":{\"@type\":\"PropertyValueSpecification\",\"valueRequired\":true,\"valueName\":\"search_term_string\"}}],\"inLanguage\":\"pt-BR\"},{\"@type\":\"Person\",\"@id\":\"https:\\\/\\\/www.p31noticias.com.br\\\/#\\\/schema\\\/person\\\/77d6b186c710ac38937c6ec204fdd387\",\"name\":\"Reda\u00e7\u00e3o JBN\",\"image\":{\"@type\":\"ImageObject\",\"inLanguage\":\"pt-BR\",\"@id\":\"https:\\\/\\\/secure.gravatar.com\\\/avatar\\\/10fcdb93211f98cce3d64c0795b0915a9a4a21dc0f279238995a3dbfafcad090?s=96&d=mm&r=g\",\"url\":\"https:\\\/\\\/secure.gravatar.com\\\/avatar\\\/10fcdb93211f98cce3d64c0795b0915a9a4a21dc0f279238995a3dbfafcad090?s=96&d=mm&r=g\",\"contentUrl\":\"https:\\\/\\\/secure.gravatar.com\\\/avatar\\\/10fcdb93211f98cce3d64c0795b0915a9a4a21dc0f279238995a3dbfafcad090?s=96&d=mm&r=g\",\"caption\":\"Reda\u00e7\u00e3o JBN\"},\"sameAs\":[\"https:\\\/\\\/p31noticias.com.br\"],\"url\":\"https:\\\/\\\/www.p31noticias.com.br\\\/?author=18\"}]}<\/script>\n<!-- \/ Yoast SEO Premium plugin. -->","yoast_head_json":{"title":"A OAB \u00e9 um bra\u00e7o do PT: Como um sindicato (V\u00cdDEO) - P31","description":"OAB - O advogado Henrique Quintanilha encabe\u00e7ou um grupo de caus\u00eddicos, que protocolou um pedido de estado de defesa, com o","robots":{"index":"index","follow":"follow","max-snippet":"max-snippet:-1","max-image-preview":"max-image-preview:large","max-video-preview":"max-video-preview:-1"},"canonical":"https:\/\/www.p31noticias.com.br\/?p=4440","og_locale":"pt_BR","og_type":"article","og_title":"A OAB \u00e9 um bra\u00e7o do PT: Como um sindicato (V\u00cdDEO)","og_description":"OAB - O advogado Henrique Quintanilha encabe\u00e7ou um grupo de caus\u00eddicos, que protocolou um pedido de estado de defesa, com o","og_url":"https:\/\/www.p31noticias.com.br\/?p=4440","og_site_name":"P31","article_published_time":"2020-04-12T13:39:20+00:00","og_image":[{"width":1500,"height":1000,"url":"https:\/\/www.p31noticias.com.br\/wp-content\/uploads\/2020\/04\/brasil-cesare-battisti-20190213-002.jpg","type":"image\/jpeg"}],"author":"Reda\u00e7\u00e3o JBN","twitter_card":"summary_large_image","twitter_misc":{"Escrito por":"Reda\u00e7\u00e3o JBN","Est. tempo de leitura":"2 minutos"},"schema":{"@context":"https:\/\/schema.org","@graph":[{"@type":"Article","@id":"https:\/\/www.p31noticias.com.br\/?p=4440#article","isPartOf":{"@id":"https:\/\/www.p31noticias.com.br\/?p=4440"},"author":{"name":"Reda\u00e7\u00e3o JBN","@id":"https:\/\/www.p31noticias.com.br\/#\/schema\/person\/77d6b186c710ac38937c6ec204fdd387"},"headline":"A OAB \u00e9 um bra\u00e7o do PT: Como um sindicato (V\u00cdDEO)","datePublished":"2020-04-12T13:39:20+00:00","mainEntityOfPage":{"@id":"https:\/\/www.p31noticias.com.br\/?p=4440"},"wordCount":455,"commentCount":0,"image":{"@id":"https:\/\/www.p31noticias.com.br\/?p=4440#primaryimage"},"thumbnailUrl":"https:\/\/www.p31noticias.com.br\/wp-content\/uploads\/2020\/04\/brasil-cesare-battisti-20190213-002.jpg","keywords":["advogados","Coronav\u00edrus","Covid-19","felipe santa cruz","Henrique Quintanilha","Movimento Advogados do Brasil","OAB","ordem dos advogados","pandemia","quarentena","v\u00edrus chin\u00eas"],"articleSection":["Pol\u00edtica"],"inLanguage":"pt-BR","potentialAction":[{"@type":"CommentAction","name":"Comment","target":["https:\/\/www.p31noticias.com.br\/?p=4440#respond"]}],"copyrightYear":"2020","copyrightHolder":{"@id":"https:\/\/www.p31noticias.com.br\/#organization"}},{"@type":"WebPage","@id":"https:\/\/www.p31noticias.com.br\/?p=4440","url":"https:\/\/www.p31noticias.com.br\/?p=4440","name":"A OAB \u00e9 um bra\u00e7o do PT: Como um sindicato (V\u00cdDEO) - P31","isPartOf":{"@id":"https:\/\/www.p31noticias.com.br\/#website"},"primaryImageOfPage":{"@id":"https:\/\/www.p31noticias.com.br\/?p=4440#primaryimage"},"image":{"@id":"https:\/\/www.p31noticias.com.br\/?p=4440#primaryimage"},"thumbnailUrl":"https:\/\/www.p31noticias.com.br\/wp-content\/uploads\/2020\/04\/brasil-cesare-battisti-20190213-002.jpg","datePublished":"2020-04-12T13:39:20+00:00","author":{"@id":"https:\/\/www.p31noticias.com.br\/#\/schema\/person\/77d6b186c710ac38937c6ec204fdd387"},"description":"OAB - O advogado Henrique Quintanilha encabe\u00e7ou um grupo de caus\u00eddicos, que protocolou um pedido de estado de defesa, com o","breadcrumb":{"@id":"https:\/\/www.p31noticias.com.br\/?p=4440#breadcrumb"},"inLanguage":"pt-BR","potentialAction":[{"@type":"ReadAction","target":["https:\/\/www.p31noticias.com.br\/?p=4440"]}]},{"@type":"ImageObject","inLanguage":"pt-BR","@id":"https:\/\/www.p31noticias.com.br\/?p=4440#primaryimage","url":"https:\/\/www.p31noticias.com.br\/wp-content\/uploads\/2020\/04\/brasil-cesare-battisti-20190213-002.jpg","contentUrl":"https:\/\/www.p31noticias.com.br\/wp-content\/uploads\/2020\/04\/brasil-cesare-battisti-20190213-002.jpg","width":1500,"height":1000,"caption":"OAB"},{"@type":"BreadcrumbList","@id":"https:\/\/www.p31noticias.com.br\/?p=4440#breadcrumb","itemListElement":[{"@type":"ListItem","position":1,"name":"In\u00edcio","item":"https:\/\/www.p31noticias.com.br\/"},{"@type":"ListItem","position":2,"name":"A OAB \u00e9 um bra\u00e7o do PT: Como um sindicato (V\u00cdDEO)"}]},{"@type":"WebSite","@id":"https:\/\/www.p31noticias.com.br\/#website","url":"https:\/\/www.p31noticias.com.br\/","name":"P31","description":"NOT\u00cdCIAS","potentialAction":[{"@type":"SearchAction","target":{"@type":"EntryPoint","urlTemplate":"https:\/\/www.p31noticias.com.br\/?s={search_term_string}"},"query-input":{"@type":"PropertyValueSpecification","valueRequired":true,"valueName":"search_term_string"}}],"inLanguage":"pt-BR"},{"@type":"Person","@id":"https:\/\/www.p31noticias.com.br\/#\/schema\/person\/77d6b186c710ac38937c6ec204fdd387","name":"Reda\u00e7\u00e3o JBN","image":{"@type":"ImageObject","inLanguage":"pt-BR","@id":"https:\/\/secure.gravatar.com\/avatar\/10fcdb93211f98cce3d64c0795b0915a9a4a21dc0f279238995a3dbfafcad090?s=96&d=mm&r=g","url":"https:\/\/secure.gravatar.com\/avatar\/10fcdb93211f98cce3d64c0795b0915a9a4a21dc0f279238995a3dbfafcad090?s=96&d=mm&r=g","contentUrl":"https:\/\/secure.gravatar.com\/avatar\/10fcdb93211f98cce3d64c0795b0915a9a4a21dc0f279238995a3dbfafcad090?s=96&d=mm&r=g","caption":"Reda\u00e7\u00e3o JBN"},"sameAs":["https:\/\/p31noticias.com.br"],"url":"https:\/\/www.p31noticias.com.br\/?author=18"}]}},"amp_enabled":true,"_links":{"self":[{"href":"https:\/\/www.p31noticias.com.br\/index.php?rest_route=\/wp\/v2\/posts\/4440","targetHints":{"allow":["GET"]}}],"collection":[{"href":"https:\/\/www.p31noticias.com.br\/index.php?rest_route=\/wp\/v2\/posts"}],"about":[{"href":"https:\/\/www.p31noticias.com.br\/index.php?rest_route=\/wp\/v2\/types\/post"}],"author":[{"embeddable":true,"href":"https:\/\/www.p31noticias.com.br\/index.php?rest_route=\/wp\/v2\/users\/18"}],"replies":[{"embeddable":true,"href":"https:\/\/www.p31noticias.com.br\/index.php?rest_route=%2Fwp%2Fv2%2Fcomments&post=4440"}],"version-history":[{"count":0,"href":"https:\/\/www.p31noticias.com.br\/index.php?rest_route=\/wp\/v2\/posts\/4440\/revisions"}],"wp:featuredmedia":[{"embeddable":true,"href":"https:\/\/www.p31noticias.com.br\/index.php?rest_route=\/wp\/v2\/media\/4441"}],"wp:attachment":[{"href":"https:\/\/www.p31noticias.com.br\/index.php?rest_route=%2Fwp%2Fv2%2Fmedia&parent=4440"}],"wp:term":[{"taxonomy":"category","embeddable":true,"href":"https:\/\/www.p31noticias.com.br\/index.php?rest_route=%2Fwp%2Fv2%2Fcategories&post=4440"},{"taxonomy":"post_tag","embeddable":true,"href":"https:\/\/www.p31noticias.com.br\/index.php?rest_route=%2Fwp%2Fv2%2Ftags&post=4440"}],"curies":[{"name":"wp","href":"https:\/\/api.w.org\/{rel}","templated":true}]}}