{"id":4437,"date":"2020-04-11T11:53:42","date_gmt":"2020-04-11T14:53:42","guid":{"rendered":"https:\/\/juniortakamoto.com.br\/?p=4437"},"modified":"2020-04-11T11:53:42","modified_gmt":"2020-04-11T14:53:42","slug":"a-esquerda-se-rende-a-cloroquina-bolsonarotemrazao","status":"publish","type":"post","link":"https:\/\/www.p31noticias.com.br\/?p=4437","title":{"rendered":"A ESQUERDA se rende \u00e0 Cloroquina &#8211; #BolsonaroTemRaz\u00e3o"},"content":{"rendered":"<h3 class=\"post__title\">Governo petista da Bahia se rende e autoriza uso de cloroquina no tratamento do Covid-19<\/h3>\n<p>A esquerda gradativamente vai cedendo \u00e0 cloroquina, defendida pelo presidente Jair Bolsonaro, para tratamento de infectados com o coronav\u00edrus.<\/p>\n<p>H\u00e1 50 dias, Bolsonaro aponta a cloroquina como o melhor caminho para a cura.<\/p>\n<p>A Bahia, governada pelo petista Rui Costa, acaba de anunciar a sua rendi\u00e7\u00e3o quanto ao uso da cloroquina para o tratamento de infectados no estado.<\/p>\n<p>A delibera\u00e7\u00e3o ocorreu durante reuni\u00e3o da comiss\u00e3o cient\u00edfica criada pela Secretaria da Sa\u00fade (Sesab). Al\u00e9m da cloroquina, a Sesab anunciou o uso de outro medicamento, a azitromicina.<\/p>\n<p>&#8220;Temos 50 mil comprimidos de hidroxicloroquina estocados em nossas farm\u00e1cias e j\u00e1 adquirimos mais 1 milh\u00e3o de comprimidos, que estamos aguardando a entrega&#8221;, disse o secret\u00e1rio estadual de sa\u00fade, F\u00e1bio Vilas-Boas.<\/p>\n<p>Al\u00e9m dele, outros governadores de esquerda viabilizaram a compra da medica\u00e7\u00e3o para o tratamento de pessoas infectadas com o coronav\u00edrus, entre os quais o do Piau\u00ed, Wellington Dias (PT) e o de S\u00e3o Paulo, Jo\u00e3o Doria (PSDB).<\/p>\n<h3>Governador do Piau\u00ed compra hidroxicloroquina para tratamento do coronav\u00edrus. F\u00e1tima Bezerra vai copiar como sempre.<\/h3>\n<p>O Governador do Piau\u00ed,\u00a0Wellington Dias (PT), anunciou na quarta-feira (08) a compra de medicamentos \u00e0 base de\u00a0cloroquina\u00a0e\u00a0hidroxicloroquina\u00a0e\u00a0azitromicina, que ser\u00e3o usados no tratamento de pacientes com o novo coronav\u00edrus. A decis\u00e3o aconteceu depois de uma reuni\u00e3o com Comit\u00ea de Organiza\u00e7\u00e3o Emergencial (COE), entidade que d\u00e1 orienta\u00e7\u00f5es sobre os procedimentos a serem adotados no Piau\u00ed.<\/p>\n<p>A iniciativa est\u00e1 relacionada \u00e0 elabora\u00e7\u00e3o de um protocolo em conjunto com os estados do Par\u00e1 e Cear\u00e1 que visa \u00e0 utiliza\u00e7\u00e3o controlada destas subst\u00e2ncias para o tratamento de doentes infectados com o Coronav\u00edrus Sars-CoV-2.<\/p>\n<p>A tamb\u00e9m petista e governadora do Rio Grande do Norte\u00a0F\u00e1tima Bezerra acompanhar\u00e1 a decis\u00e3o do governador do Piaui que ela gosta de\u00a0COPIAR? \u00c9\u00a0somente\u00a0uma\u00a0pergunta.<\/p>\n<p><strong>PS<\/strong>: A sugest\u00e3o do uso do medicamento foi do Presidente\u00a0<strong>Jair Bolsonaro<\/strong>. Os petistas contr\u00e1rios j\u00e1 est\u00e3o abrindo.<\/p>\n<div id=\"rso\" data-async-context=\"query:governador%20do%20ceara\">\n<div class=\"g\">\n<h2 class=\"bNg8Rb\"><span style=\"font-size: 22px;\">Camilo Santana (PT) &#8211; Governador do Cear\u00e1 tamb\u00e9m entra no rol<\/span><\/h2>\n<p>Somente aguarda o novo protocolo da Secretaria de Sa\u00fade para formaliza\u00e7\u00e3o do uso da droga em conjunto com a azitromicina e o zinco (se dispon\u00edvel) no combate ao coronav\u00edrus.<\/p>\n<\/div>\n<\/div>\n","protected":false},"excerpt":{"rendered":"<p>Governo petista da Bahia se rende e autoriza uso de cloroquina no tratamento do Covid-19 A esquerda gradativamente vai cedendo \u00e0 cloroquina, defendida pelo presidente Jair Bolsonaro, para tratamento de infectados com o coronav\u00edrus. H\u00e1 50 dias, Bolsonaro aponta a cloroquina como o melhor caminho para a cura. A Bahia, governada pelo petista Rui Costa, [&hellip;]<\/p>\n","protected":false},"author":18,"featured_media":4438,"comment_status":"open","ping_status":"open","sticky":false,"template":"","format":"standard","meta":{"footnotes":""},"categories":[57],"tags":[459,463,444,429,430,464,447,191,298,465,466],"class_list":{"0":"post-4437","1":"post","2":"type-post","3":"status-publish","4":"format-standard","5":"has-post-thumbnail","7":"category-politica","8":"tag-bolsonarotemrazao","9":"tag-camilo-santana-pt","10":"tag-cloroquina","11":"tag-coronavirus","12":"tag-covid-19","13":"tag-fatima-bezerra","14":"tag-hidroxicloroquina","15":"tag-jair-bolsonaro","16":"tag-joao-doria","17":"tag-rui-costa","18":"tag-wellington-dias-pt"},"yoast_head":"<!-- This site is optimized with the Yoast SEO Premium plugin v24.5 (Yoast SEO v27.5) - https:\/\/yoast.com\/product\/yoast-seo-premium-wordpress\/ -->\n<title>A ESQUERDA se rende \u00e0 Cloroquina - #BolsonaroTemRaz\u00e3o - P31<\/title>\n<meta name=\"description\" content=\"A esquerda gradativamente vai cedendo \u00e0 cloroquina, defendida pelo presidente Jair Bolsonaro, para tratamento de infectados com o coronav\u00edrus.\" \/>\n<meta name=\"robots\" content=\"index, follow, max-snippet:-1, max-image-preview:large, max-video-preview:-1\" \/>\n<link rel=\"canonical\" href=\"https:\/\/www.p31noticias.com.br\/?p=4437\" \/>\n<meta property=\"og:locale\" content=\"pt_BR\" \/>\n<meta property=\"og:type\" content=\"article\" \/>\n<meta property=\"og:title\" content=\"A ESQUERDA se rende \u00e0 Cloroquina - #BolsonaroTemRaz\u00e3o\" \/>\n<meta property=\"og:description\" content=\"A esquerda gradativamente vai cedendo \u00e0 cloroquina, defendida pelo presidente Jair Bolsonaro, para tratamento de infectados com o coronav\u00edrus.\" \/>\n<meta property=\"og:url\" content=\"https:\/\/www.p31noticias.com.br\/?p=4437\" \/>\n<meta property=\"og:site_name\" content=\"P31\" \/>\n<meta property=\"article:published_time\" content=\"2020-04-11T14:53:42+00:00\" \/>\n<meta property=\"og:image\" content=\"https:\/\/www.p31noticias.com.br\/wp-content\/uploads\/2020\/04\/forum-governadores.jpg\" \/>\n\t<meta property=\"og:image:width\" content=\"800\" \/>\n\t<meta property=\"og:image:height\" content=\"404\" \/>\n\t<meta property=\"og:image:type\" content=\"image\/jpeg\" \/>\n<meta name=\"author\" content=\"Reda\u00e7\u00e3o JBN\" \/>\n<meta name=\"twitter:card\" content=\"summary_large_image\" \/>\n<meta name=\"twitter:label1\" content=\"Escrito por\" \/>\n\t<meta name=\"twitter:data1\" content=\"Reda\u00e7\u00e3o JBN\" \/>\n\t<meta name=\"twitter:label2\" content=\"Est. tempo de leitura\" \/>\n\t<meta name=\"twitter:data2\" content=\"2 minutos\" \/>\n<script type=\"application\/ld+json\" class=\"yoast-schema-graph\">{\"@context\":\"https:\\\/\\\/schema.org\",\"@graph\":[{\"@type\":\"Article\",\"@id\":\"https:\\\/\\\/www.p31noticias.com.br\\\/?p=4437#article\",\"isPartOf\":{\"@id\":\"https:\\\/\\\/www.p31noticias.com.br\\\/?p=4437\"},\"author\":{\"name\":\"Reda\u00e7\u00e3o JBN\",\"@id\":\"https:\\\/\\\/www.p31noticias.com.br\\\/#\\\/schema\\\/person\\\/77d6b186c710ac38937c6ec204fdd387\"},\"headline\":\"A ESQUERDA se rende \u00e0 Cloroquina &#8211; #BolsonaroTemRaz\u00e3o\",\"datePublished\":\"2020-04-11T14:53:42+00:00\",\"mainEntityOfPage\":{\"@id\":\"https:\\\/\\\/www.p31noticias.com.br\\\/?p=4437\"},\"wordCount\":403,\"commentCount\":0,\"image\":{\"@id\":\"https:\\\/\\\/www.p31noticias.com.br\\\/?p=4437#primaryimage\"},\"thumbnailUrl\":\"https:\\\/\\\/www.p31noticias.com.br\\\/wp-content\\\/uploads\\\/2020\\\/04\\\/forum-governadores.jpg\",\"keywords\":[\"#BolsonaroTemRaz\u00e3o\",\"Camilo Santana (PT)\",\"cloroquina\",\"Coronav\u00edrus\",\"Covid-19\",\"F\u00e1tima Bezerra\",\"hidroxicloroquina\",\"Jair Bolsonaro\",\"Jo\u00e3o Doria\",\"Rui Costa\",\"Wellington Dias (PT)\"],\"articleSection\":[\"Pol\u00edtica\"],\"inLanguage\":\"pt-BR\",\"potentialAction\":[{\"@type\":\"CommentAction\",\"name\":\"Comment\",\"target\":[\"https:\\\/\\\/www.p31noticias.com.br\\\/?p=4437#respond\"]}],\"copyrightYear\":\"2020\",\"copyrightHolder\":{\"@id\":\"https:\\\/\\\/www.p31noticias.com.br\\\/#organization\"}},{\"@type\":\"WebPage\",\"@id\":\"https:\\\/\\\/www.p31noticias.com.br\\\/?p=4437\",\"url\":\"https:\\\/\\\/www.p31noticias.com.br\\\/?p=4437\",\"name\":\"A ESQUERDA se rende \u00e0 Cloroquina - #BolsonaroTemRaz\u00e3o - P31\",\"isPartOf\":{\"@id\":\"https:\\\/\\\/www.p31noticias.com.br\\\/#website\"},\"primaryImageOfPage\":{\"@id\":\"https:\\\/\\\/www.p31noticias.com.br\\\/?p=4437#primaryimage\"},\"image\":{\"@id\":\"https:\\\/\\\/www.p31noticias.com.br\\\/?p=4437#primaryimage\"},\"thumbnailUrl\":\"https:\\\/\\\/www.p31noticias.com.br\\\/wp-content\\\/uploads\\\/2020\\\/04\\\/forum-governadores.jpg\",\"datePublished\":\"2020-04-11T14:53:42+00:00\",\"author\":{\"@id\":\"https:\\\/\\\/www.p31noticias.com.br\\\/#\\\/schema\\\/person\\\/77d6b186c710ac38937c6ec204fdd387\"},\"description\":\"A esquerda gradativamente vai cedendo \u00e0 cloroquina, defendida pelo presidente Jair Bolsonaro, para tratamento de infectados com o coronav\u00edrus.\",\"breadcrumb\":{\"@id\":\"https:\\\/\\\/www.p31noticias.com.br\\\/?p=4437#breadcrumb\"},\"inLanguage\":\"pt-BR\",\"potentialAction\":[{\"@type\":\"ReadAction\",\"target\":[\"https:\\\/\\\/www.p31noticias.com.br\\\/?p=4437\"]}]},{\"@type\":\"ImageObject\",\"inLanguage\":\"pt-BR\",\"@id\":\"https:\\\/\\\/www.p31noticias.com.br\\\/?p=4437#primaryimage\",\"url\":\"https:\\\/\\\/www.p31noticias.com.br\\\/wp-content\\\/uploads\\\/2020\\\/04\\\/forum-governadores.jpg\",\"contentUrl\":\"https:\\\/\\\/www.p31noticias.com.br\\\/wp-content\\\/uploads\\\/2020\\\/04\\\/forum-governadores.jpg\",\"width\":800,\"height\":404,\"caption\":\"Cloroquina\"},{\"@type\":\"BreadcrumbList\",\"@id\":\"https:\\\/\\\/www.p31noticias.com.br\\\/?p=4437#breadcrumb\",\"itemListElement\":[{\"@type\":\"ListItem\",\"position\":1,\"name\":\"In\u00edcio\",\"item\":\"https:\\\/\\\/www.p31noticias.com.br\\\/\"},{\"@type\":\"ListItem\",\"position\":2,\"name\":\"A ESQUERDA se rende \u00e0 Cloroquina &#8211; #BolsonaroTemRaz\u00e3o\"}]},{\"@type\":\"WebSite\",\"@id\":\"https:\\\/\\\/www.p31noticias.com.br\\\/#website\",\"url\":\"https:\\\/\\\/www.p31noticias.com.br\\\/\",\"name\":\"P31\",\"description\":\"NOT\u00cdCIAS\",\"potentialAction\":[{\"@type\":\"SearchAction\",\"target\":{\"@type\":\"EntryPoint\",\"urlTemplate\":\"https:\\\/\\\/www.p31noticias.com.br\\\/?s={search_term_string}\"},\"query-input\":{\"@type\":\"PropertyValueSpecification\",\"valueRequired\":true,\"valueName\":\"search_term_string\"}}],\"inLanguage\":\"pt-BR\"},{\"@type\":\"Person\",\"@id\":\"https:\\\/\\\/www.p31noticias.com.br\\\/#\\\/schema\\\/person\\\/77d6b186c710ac38937c6ec204fdd387\",\"name\":\"Reda\u00e7\u00e3o JBN\",\"image\":{\"@type\":\"ImageObject\",\"inLanguage\":\"pt-BR\",\"@id\":\"https:\\\/\\\/secure.gravatar.com\\\/avatar\\\/10fcdb93211f98cce3d64c0795b0915a9a4a21dc0f279238995a3dbfafcad090?s=96&d=mm&r=g\",\"url\":\"https:\\\/\\\/secure.gravatar.com\\\/avatar\\\/10fcdb93211f98cce3d64c0795b0915a9a4a21dc0f279238995a3dbfafcad090?s=96&d=mm&r=g\",\"contentUrl\":\"https:\\\/\\\/secure.gravatar.com\\\/avatar\\\/10fcdb93211f98cce3d64c0795b0915a9a4a21dc0f279238995a3dbfafcad090?s=96&d=mm&r=g\",\"caption\":\"Reda\u00e7\u00e3o JBN\"},\"sameAs\":[\"https:\\\/\\\/p31noticias.com.br\"],\"url\":\"https:\\\/\\\/www.p31noticias.com.br\\\/?author=18\"}]}<\/script>\n<!-- \/ Yoast SEO Premium plugin. -->","yoast_head_json":{"title":"A ESQUERDA se rende \u00e0 Cloroquina - #BolsonaroTemRaz\u00e3o - P31","description":"A esquerda gradativamente vai cedendo \u00e0 cloroquina, defendida pelo presidente Jair Bolsonaro, para tratamento de infectados com o coronav\u00edrus.","robots":{"index":"index","follow":"follow","max-snippet":"max-snippet:-1","max-image-preview":"max-image-preview:large","max-video-preview":"max-video-preview:-1"},"canonical":"https:\/\/www.p31noticias.com.br\/?p=4437","og_locale":"pt_BR","og_type":"article","og_title":"A ESQUERDA se rende \u00e0 Cloroquina - #BolsonaroTemRaz\u00e3o","og_description":"A esquerda gradativamente vai cedendo \u00e0 cloroquina, defendida pelo presidente Jair Bolsonaro, para tratamento de infectados com o coronav\u00edrus.","og_url":"https:\/\/www.p31noticias.com.br\/?p=4437","og_site_name":"P31","article_published_time":"2020-04-11T14:53:42+00:00","og_image":[{"width":800,"height":404,"url":"https:\/\/www.p31noticias.com.br\/wp-content\/uploads\/2020\/04\/forum-governadores.jpg","type":"image\/jpeg"}],"author":"Reda\u00e7\u00e3o JBN","twitter_card":"summary_large_image","twitter_misc":{"Escrito por":"Reda\u00e7\u00e3o JBN","Est. tempo de leitura":"2 minutos"},"schema":{"@context":"https:\/\/schema.org","@graph":[{"@type":"Article","@id":"https:\/\/www.p31noticias.com.br\/?p=4437#article","isPartOf":{"@id":"https:\/\/www.p31noticias.com.br\/?p=4437"},"author":{"name":"Reda\u00e7\u00e3o JBN","@id":"https:\/\/www.p31noticias.com.br\/#\/schema\/person\/77d6b186c710ac38937c6ec204fdd387"},"headline":"A ESQUERDA se rende \u00e0 Cloroquina &#8211; #BolsonaroTemRaz\u00e3o","datePublished":"2020-04-11T14:53:42+00:00","mainEntityOfPage":{"@id":"https:\/\/www.p31noticias.com.br\/?p=4437"},"wordCount":403,"commentCount":0,"image":{"@id":"https:\/\/www.p31noticias.com.br\/?p=4437#primaryimage"},"thumbnailUrl":"https:\/\/www.p31noticias.com.br\/wp-content\/uploads\/2020\/04\/forum-governadores.jpg","keywords":["#BolsonaroTemRaz\u00e3o","Camilo Santana (PT)","cloroquina","Coronav\u00edrus","Covid-19","F\u00e1tima Bezerra","hidroxicloroquina","Jair Bolsonaro","Jo\u00e3o Doria","Rui Costa","Wellington Dias (PT)"],"articleSection":["Pol\u00edtica"],"inLanguage":"pt-BR","potentialAction":[{"@type":"CommentAction","name":"Comment","target":["https:\/\/www.p31noticias.com.br\/?p=4437#respond"]}],"copyrightYear":"2020","copyrightHolder":{"@id":"https:\/\/www.p31noticias.com.br\/#organization"}},{"@type":"WebPage","@id":"https:\/\/www.p31noticias.com.br\/?p=4437","url":"https:\/\/www.p31noticias.com.br\/?p=4437","name":"A ESQUERDA se rende \u00e0 Cloroquina - #BolsonaroTemRaz\u00e3o - P31","isPartOf":{"@id":"https:\/\/www.p31noticias.com.br\/#website"},"primaryImageOfPage":{"@id":"https:\/\/www.p31noticias.com.br\/?p=4437#primaryimage"},"image":{"@id":"https:\/\/www.p31noticias.com.br\/?p=4437#primaryimage"},"thumbnailUrl":"https:\/\/www.p31noticias.com.br\/wp-content\/uploads\/2020\/04\/forum-governadores.jpg","datePublished":"2020-04-11T14:53:42+00:00","author":{"@id":"https:\/\/www.p31noticias.com.br\/#\/schema\/person\/77d6b186c710ac38937c6ec204fdd387"},"description":"A esquerda gradativamente vai cedendo \u00e0 cloroquina, defendida pelo presidente Jair Bolsonaro, para tratamento de infectados com o coronav\u00edrus.","breadcrumb":{"@id":"https:\/\/www.p31noticias.com.br\/?p=4437#breadcrumb"},"inLanguage":"pt-BR","potentialAction":[{"@type":"ReadAction","target":["https:\/\/www.p31noticias.com.br\/?p=4437"]}]},{"@type":"ImageObject","inLanguage":"pt-BR","@id":"https:\/\/www.p31noticias.com.br\/?p=4437#primaryimage","url":"https:\/\/www.p31noticias.com.br\/wp-content\/uploads\/2020\/04\/forum-governadores.jpg","contentUrl":"https:\/\/www.p31noticias.com.br\/wp-content\/uploads\/2020\/04\/forum-governadores.jpg","width":800,"height":404,"caption":"Cloroquina"},{"@type":"BreadcrumbList","@id":"https:\/\/www.p31noticias.com.br\/?p=4437#breadcrumb","itemListElement":[{"@type":"ListItem","position":1,"name":"In\u00edcio","item":"https:\/\/www.p31noticias.com.br\/"},{"@type":"ListItem","position":2,"name":"A ESQUERDA se rende \u00e0 Cloroquina &#8211; #BolsonaroTemRaz\u00e3o"}]},{"@type":"WebSite","@id":"https:\/\/www.p31noticias.com.br\/#website","url":"https:\/\/www.p31noticias.com.br\/","name":"P31","description":"NOT\u00cdCIAS","potentialAction":[{"@type":"SearchAction","target":{"@type":"EntryPoint","urlTemplate":"https:\/\/www.p31noticias.com.br\/?s={search_term_string}"},"query-input":{"@type":"PropertyValueSpecification","valueRequired":true,"valueName":"search_term_string"}}],"inLanguage":"pt-BR"},{"@type":"Person","@id":"https:\/\/www.p31noticias.com.br\/#\/schema\/person\/77d6b186c710ac38937c6ec204fdd387","name":"Reda\u00e7\u00e3o JBN","image":{"@type":"ImageObject","inLanguage":"pt-BR","@id":"https:\/\/secure.gravatar.com\/avatar\/10fcdb93211f98cce3d64c0795b0915a9a4a21dc0f279238995a3dbfafcad090?s=96&d=mm&r=g","url":"https:\/\/secure.gravatar.com\/avatar\/10fcdb93211f98cce3d64c0795b0915a9a4a21dc0f279238995a3dbfafcad090?s=96&d=mm&r=g","contentUrl":"https:\/\/secure.gravatar.com\/avatar\/10fcdb93211f98cce3d64c0795b0915a9a4a21dc0f279238995a3dbfafcad090?s=96&d=mm&r=g","caption":"Reda\u00e7\u00e3o JBN"},"sameAs":["https:\/\/p31noticias.com.br"],"url":"https:\/\/www.p31noticias.com.br\/?author=18"}]}},"amp_enabled":true,"_links":{"self":[{"href":"https:\/\/www.p31noticias.com.br\/index.php?rest_route=\/wp\/v2\/posts\/4437","targetHints":{"allow":["GET"]}}],"collection":[{"href":"https:\/\/www.p31noticias.com.br\/index.php?rest_route=\/wp\/v2\/posts"}],"about":[{"href":"https:\/\/www.p31noticias.com.br\/index.php?rest_route=\/wp\/v2\/types\/post"}],"author":[{"embeddable":true,"href":"https:\/\/www.p31noticias.com.br\/index.php?rest_route=\/wp\/v2\/users\/18"}],"replies":[{"embeddable":true,"href":"https:\/\/www.p31noticias.com.br\/index.php?rest_route=%2Fwp%2Fv2%2Fcomments&post=4437"}],"version-history":[{"count":0,"href":"https:\/\/www.p31noticias.com.br\/index.php?rest_route=\/wp\/v2\/posts\/4437\/revisions"}],"wp:featuredmedia":[{"embeddable":true,"href":"https:\/\/www.p31noticias.com.br\/index.php?rest_route=\/wp\/v2\/media\/4438"}],"wp:attachment":[{"href":"https:\/\/www.p31noticias.com.br\/index.php?rest_route=%2Fwp%2Fv2%2Fmedia&parent=4437"}],"wp:term":[{"taxonomy":"category","embeddable":true,"href":"https:\/\/www.p31noticias.com.br\/index.php?rest_route=%2Fwp%2Fv2%2Fcategories&post=4437"},{"taxonomy":"post_tag","embeddable":true,"href":"https:\/\/www.p31noticias.com.br\/index.php?rest_route=%2Fwp%2Fv2%2Ftags&post=4437"}],"curies":[{"name":"wp","href":"https:\/\/api.w.org\/{rel}","templated":true}]}}