{"id":43385,"date":"2024-03-11T06:35:40","date_gmt":"2024-03-11T09:35:40","guid":{"rendered":"https:\/\/p31noticias.com.br\/brasil-e-denunciado-na-onu-por-caso-de-tortura-em-prisao-feminina-de-minas-gerais\/"},"modified":"2024-03-11T06:35:40","modified_gmt":"2024-03-11T09:35:40","slug":"brasil-e-denunciado-na-onu-por-caso-de-tortura-em-prisao-feminina-de-minas-gerais","status":"publish","type":"post","link":"https:\/\/www.p31noticias.com.br\/?p=43385","title":{"rendered":"Brasil \u00e9 denunciado na ONU por caso de tortura em pris\u00e3o feminina de Minas Gerais"},"content":{"rendered":"<p>Soraia Livramento, 32 anos, \u00e9 uma mulher negra de baixa renda nascida em Contagem, na Regi\u00e3o Metropolitana de Belo Horizonte (RMBH). Convivendo h\u00e1 anos com a esquizofrenia e o abuso de drogas, ela vivia nas ruas, onde se envolveu numa briga para defender o ex-namorado, esfaqueando o agressor. Foi presa por homic\u00eddio em janeiro de [\u2026]<\/p>\n<p>O post <a href=\"https:\/\/www.delioandrade.com.br\/brasil-e-denunciado-na-onu-por-caso-de-tortura-em-prisao-feminina-de-minas-gerais\/\">Brasil \u00e9 denunciado na ONU por caso de tortura em pris\u00e3o feminina de Minas Gerais<\/a> apareceu primeiro em <a href=\"https:\/\/www.delioandrade.com.br\/\">Blog do D\u00c9LIO ANDRADE<\/a>.<\/p>\n","protected":false},"excerpt":{"rendered":"<p>Soraia Livramento, 32 anos, \u00e9 uma mulher negra de baixa renda nascida em Contagem, na Regi\u00e3o Metropolitana de Belo Horizonte (RMBH). Convivendo h\u00e1 anos com a esquizofrenia e o abuso de drogas, ela vivia nas ruas, onde se envolveu numa briga para defender o ex-namorado, esfaqueando o agressor. Foi presa por homic\u00eddio em janeiro de [&hellip;]<\/p>\n","protected":false},"author":0,"featured_media":43386,"comment_status":"open","ping_status":"open","sticky":false,"template":"","format":"standard","meta":{"footnotes":""},"categories":[21],"tags":[],"class_list":{"0":"post-43385","1":"post","2":"type-post","3":"status-publish","4":"format-standard","5":"has-post-thumbnail","7":"category-brasilia"},"yoast_head":"<!-- This site is optimized with the Yoast SEO Premium plugin v24.5 (Yoast SEO v27.5) - https:\/\/yoast.com\/product\/yoast-seo-premium-wordpress\/ -->\n<title>Brasil \u00e9 denunciado na ONU por caso de tortura em pris\u00e3o feminina de Minas Gerais - P31<\/title>\n<meta name=\"robots\" content=\"index, follow, max-snippet:-1, max-image-preview:large, max-video-preview:-1\" \/>\n<link rel=\"canonical\" href=\"https:\/\/www.p31noticias.com.br\/?p=43385\" \/>\n<meta property=\"og:locale\" content=\"pt_BR\" \/>\n<meta property=\"og:type\" content=\"article\" \/>\n<meta property=\"og:title\" content=\"Brasil \u00e9 denunciado na ONU por caso de tortura em pris\u00e3o feminina de Minas Gerais\" \/>\n<meta property=\"og:description\" content=\"Soraia Livramento, 32 anos, \u00e9 uma mulher negra de baixa renda nascida em Contagem, na Regi\u00e3o Metropolitana de Belo Horizonte (RMBH). Convivendo h\u00e1 anos com a esquizofrenia e o abuso de drogas, ela vivia nas ruas, onde se envolveu numa briga para defender o ex-namorado, esfaqueando o agressor. Foi presa por homic\u00eddio em janeiro de [&hellip;]\" \/>\n<meta property=\"og:url\" content=\"https:\/\/www.p31noticias.com.br\/?p=43385\" \/>\n<meta property=\"og:site_name\" content=\"P31\" \/>\n<meta property=\"article:published_time\" content=\"2024-03-11T09:35:40+00:00\" \/>\n<meta property=\"og:image\" content=\"https:\/\/www.p31noticias.com.br\/wp-content\/uploads\/2024\/03\/Capa_Brasil-e-denunciado-na-ONU-por-caso-de-tortura-em-prisao-feminina-de-Minas-Gerais-1-k4cjra-150x150-GGKJPV.jpeg\" \/>\n\t<meta property=\"og:image:width\" content=\"150\" \/>\n\t<meta property=\"og:image:height\" content=\"150\" \/>\n\t<meta property=\"og:image:type\" content=\"image\/jpeg\" \/>\n<meta name=\"twitter:card\" content=\"summary_large_image\" \/>\n<script type=\"application\/ld+json\" class=\"yoast-schema-graph\">{\"@context\":\"https:\\\/\\\/schema.org\",\"@graph\":[{\"@type\":\"Article\",\"@id\":\"https:\\\/\\\/www.p31noticias.com.br\\\/?p=43385#article\",\"isPartOf\":{\"@id\":\"https:\\\/\\\/www.p31noticias.com.br\\\/?p=43385\"},\"author\":{\"name\":\"\",\"@id\":\"\"},\"headline\":\"Brasil \u00e9 denunciado na ONU por caso de tortura em pris\u00e3o feminina de Minas Gerais\",\"datePublished\":\"2024-03-11T09:35:40+00:00\",\"mainEntityOfPage\":{\"@id\":\"https:\\\/\\\/www.p31noticias.com.br\\\/?p=43385\"},\"wordCount\":95,\"commentCount\":0,\"image\":{\"@id\":\"https:\\\/\\\/www.p31noticias.com.br\\\/?p=43385#primaryimage\"},\"thumbnailUrl\":\"https:\\\/\\\/www.p31noticias.com.br\\\/wp-content\\\/uploads\\\/2024\\\/03\\\/Capa_Brasil-e-denunciado-na-ONU-por-caso-de-tortura-em-prisao-feminina-de-Minas-Gerais-1-k4cjra-150x150-GGKJPV.jpeg\",\"articleSection\":[\"Bras\u00edlia\"],\"inLanguage\":\"pt-BR\",\"potentialAction\":[{\"@type\":\"CommentAction\",\"name\":\"Comment\",\"target\":[\"https:\\\/\\\/www.p31noticias.com.br\\\/?p=43385#respond\"]}],\"copyrightYear\":\"2024\",\"copyrightHolder\":{\"@id\":\"https:\\\/\\\/www.p31noticias.com.br\\\/#organization\"}},{\"@type\":\"WebPage\",\"@id\":\"https:\\\/\\\/www.p31noticias.com.br\\\/?p=43385\",\"url\":\"https:\\\/\\\/www.p31noticias.com.br\\\/?p=43385\",\"name\":\"Brasil \u00e9 denunciado na ONU por caso de tortura em pris\u00e3o feminina de Minas Gerais - P31\",\"isPartOf\":{\"@id\":\"https:\\\/\\\/www.p31noticias.com.br\\\/#website\"},\"primaryImageOfPage\":{\"@id\":\"https:\\\/\\\/www.p31noticias.com.br\\\/?p=43385#primaryimage\"},\"image\":{\"@id\":\"https:\\\/\\\/www.p31noticias.com.br\\\/?p=43385#primaryimage\"},\"thumbnailUrl\":\"https:\\\/\\\/www.p31noticias.com.br\\\/wp-content\\\/uploads\\\/2024\\\/03\\\/Capa_Brasil-e-denunciado-na-ONU-por-caso-de-tortura-em-prisao-feminina-de-Minas-Gerais-1-k4cjra-150x150-GGKJPV.jpeg\",\"datePublished\":\"2024-03-11T09:35:40+00:00\",\"author\":{\"@id\":\"\"},\"breadcrumb\":{\"@id\":\"https:\\\/\\\/www.p31noticias.com.br\\\/?p=43385#breadcrumb\"},\"inLanguage\":\"pt-BR\",\"potentialAction\":[{\"@type\":\"ReadAction\",\"target\":[\"https:\\\/\\\/www.p31noticias.com.br\\\/?p=43385\"]}]},{\"@type\":\"ImageObject\",\"inLanguage\":\"pt-BR\",\"@id\":\"https:\\\/\\\/www.p31noticias.com.br\\\/?p=43385#primaryimage\",\"url\":\"https:\\\/\\\/www.p31noticias.com.br\\\/wp-content\\\/uploads\\\/2024\\\/03\\\/Capa_Brasil-e-denunciado-na-ONU-por-caso-de-tortura-em-prisao-feminina-de-Minas-Gerais-1-k4cjra-150x150-GGKJPV.jpeg\",\"contentUrl\":\"https:\\\/\\\/www.p31noticias.com.br\\\/wp-content\\\/uploads\\\/2024\\\/03\\\/Capa_Brasil-e-denunciado-na-ONU-por-caso-de-tortura-em-prisao-feminina-de-Minas-Gerais-1-k4cjra-150x150-GGKJPV.jpeg\",\"width\":150,\"height\":150},{\"@type\":\"BreadcrumbList\",\"@id\":\"https:\\\/\\\/www.p31noticias.com.br\\\/?p=43385#breadcrumb\",\"itemListElement\":[{\"@type\":\"ListItem\",\"position\":1,\"name\":\"In\u00edcio\",\"item\":\"https:\\\/\\\/www.p31noticias.com.br\\\/\"},{\"@type\":\"ListItem\",\"position\":2,\"name\":\"Brasil \u00e9 denunciado na ONU por caso de tortura em pris\u00e3o feminina de Minas Gerais\"}]},{\"@type\":\"WebSite\",\"@id\":\"https:\\\/\\\/www.p31noticias.com.br\\\/#website\",\"url\":\"https:\\\/\\\/www.p31noticias.com.br\\\/\",\"name\":\"P31\",\"description\":\"NOT\u00cdCIAS\",\"potentialAction\":[{\"@type\":\"SearchAction\",\"target\":{\"@type\":\"EntryPoint\",\"urlTemplate\":\"https:\\\/\\\/www.p31noticias.com.br\\\/?s={search_term_string}\"},\"query-input\":{\"@type\":\"PropertyValueSpecification\",\"valueRequired\":true,\"valueName\":\"search_term_string\"}}],\"inLanguage\":\"pt-BR\"}]}<\/script>\n<!-- \/ Yoast SEO Premium plugin. -->","yoast_head_json":{"title":"Brasil \u00e9 denunciado na ONU por caso de tortura em pris\u00e3o feminina de Minas Gerais - P31","robots":{"index":"index","follow":"follow","max-snippet":"max-snippet:-1","max-image-preview":"max-image-preview:large","max-video-preview":"max-video-preview:-1"},"canonical":"https:\/\/www.p31noticias.com.br\/?p=43385","og_locale":"pt_BR","og_type":"article","og_title":"Brasil \u00e9 denunciado na ONU por caso de tortura em pris\u00e3o feminina de Minas Gerais","og_description":"Soraia Livramento, 32 anos, \u00e9 uma mulher negra de baixa renda nascida em Contagem, na Regi\u00e3o Metropolitana de Belo Horizonte (RMBH). Convivendo h\u00e1 anos com a esquizofrenia e o abuso de drogas, ela vivia nas ruas, onde se envolveu numa briga para defender o ex-namorado, esfaqueando o agressor. Foi presa por homic\u00eddio em janeiro de [&hellip;]","og_url":"https:\/\/www.p31noticias.com.br\/?p=43385","og_site_name":"P31","article_published_time":"2024-03-11T09:35:40+00:00","og_image":[{"width":150,"height":150,"url":"https:\/\/www.p31noticias.com.br\/wp-content\/uploads\/2024\/03\/Capa_Brasil-e-denunciado-na-ONU-por-caso-de-tortura-em-prisao-feminina-de-Minas-Gerais-1-k4cjra-150x150-GGKJPV.jpeg","type":"image\/jpeg"}],"twitter_card":"summary_large_image","schema":{"@context":"https:\/\/schema.org","@graph":[{"@type":"Article","@id":"https:\/\/www.p31noticias.com.br\/?p=43385#article","isPartOf":{"@id":"https:\/\/www.p31noticias.com.br\/?p=43385"},"author":{"name":"","@id":""},"headline":"Brasil \u00e9 denunciado na ONU por caso de tortura em pris\u00e3o feminina de Minas Gerais","datePublished":"2024-03-11T09:35:40+00:00","mainEntityOfPage":{"@id":"https:\/\/www.p31noticias.com.br\/?p=43385"},"wordCount":95,"commentCount":0,"image":{"@id":"https:\/\/www.p31noticias.com.br\/?p=43385#primaryimage"},"thumbnailUrl":"https:\/\/www.p31noticias.com.br\/wp-content\/uploads\/2024\/03\/Capa_Brasil-e-denunciado-na-ONU-por-caso-de-tortura-em-prisao-feminina-de-Minas-Gerais-1-k4cjra-150x150-GGKJPV.jpeg","articleSection":["Bras\u00edlia"],"inLanguage":"pt-BR","potentialAction":[{"@type":"CommentAction","name":"Comment","target":["https:\/\/www.p31noticias.com.br\/?p=43385#respond"]}],"copyrightYear":"2024","copyrightHolder":{"@id":"https:\/\/www.p31noticias.com.br\/#organization"}},{"@type":"WebPage","@id":"https:\/\/www.p31noticias.com.br\/?p=43385","url":"https:\/\/www.p31noticias.com.br\/?p=43385","name":"Brasil \u00e9 denunciado na ONU por caso de tortura em pris\u00e3o feminina de Minas Gerais - P31","isPartOf":{"@id":"https:\/\/www.p31noticias.com.br\/#website"},"primaryImageOfPage":{"@id":"https:\/\/www.p31noticias.com.br\/?p=43385#primaryimage"},"image":{"@id":"https:\/\/www.p31noticias.com.br\/?p=43385#primaryimage"},"thumbnailUrl":"https:\/\/www.p31noticias.com.br\/wp-content\/uploads\/2024\/03\/Capa_Brasil-e-denunciado-na-ONU-por-caso-de-tortura-em-prisao-feminina-de-Minas-Gerais-1-k4cjra-150x150-GGKJPV.jpeg","datePublished":"2024-03-11T09:35:40+00:00","author":{"@id":""},"breadcrumb":{"@id":"https:\/\/www.p31noticias.com.br\/?p=43385#breadcrumb"},"inLanguage":"pt-BR","potentialAction":[{"@type":"ReadAction","target":["https:\/\/www.p31noticias.com.br\/?p=43385"]}]},{"@type":"ImageObject","inLanguage":"pt-BR","@id":"https:\/\/www.p31noticias.com.br\/?p=43385#primaryimage","url":"https:\/\/www.p31noticias.com.br\/wp-content\/uploads\/2024\/03\/Capa_Brasil-e-denunciado-na-ONU-por-caso-de-tortura-em-prisao-feminina-de-Minas-Gerais-1-k4cjra-150x150-GGKJPV.jpeg","contentUrl":"https:\/\/www.p31noticias.com.br\/wp-content\/uploads\/2024\/03\/Capa_Brasil-e-denunciado-na-ONU-por-caso-de-tortura-em-prisao-feminina-de-Minas-Gerais-1-k4cjra-150x150-GGKJPV.jpeg","width":150,"height":150},{"@type":"BreadcrumbList","@id":"https:\/\/www.p31noticias.com.br\/?p=43385#breadcrumb","itemListElement":[{"@type":"ListItem","position":1,"name":"In\u00edcio","item":"https:\/\/www.p31noticias.com.br\/"},{"@type":"ListItem","position":2,"name":"Brasil \u00e9 denunciado na ONU por caso de tortura em pris\u00e3o feminina de Minas Gerais"}]},{"@type":"WebSite","@id":"https:\/\/www.p31noticias.com.br\/#website","url":"https:\/\/www.p31noticias.com.br\/","name":"P31","description":"NOT\u00cdCIAS","potentialAction":[{"@type":"SearchAction","target":{"@type":"EntryPoint","urlTemplate":"https:\/\/www.p31noticias.com.br\/?s={search_term_string}"},"query-input":{"@type":"PropertyValueSpecification","valueRequired":true,"valueName":"search_term_string"}}],"inLanguage":"pt-BR"}]}},"amp_enabled":true,"_links":{"self":[{"href":"https:\/\/www.p31noticias.com.br\/index.php?rest_route=\/wp\/v2\/posts\/43385","targetHints":{"allow":["GET"]}}],"collection":[{"href":"https:\/\/www.p31noticias.com.br\/index.php?rest_route=\/wp\/v2\/posts"}],"about":[{"href":"https:\/\/www.p31noticias.com.br\/index.php?rest_route=\/wp\/v2\/types\/post"}],"replies":[{"embeddable":true,"href":"https:\/\/www.p31noticias.com.br\/index.php?rest_route=%2Fwp%2Fv2%2Fcomments&post=43385"}],"version-history":[{"count":0,"href":"https:\/\/www.p31noticias.com.br\/index.php?rest_route=\/wp\/v2\/posts\/43385\/revisions"}],"wp:featuredmedia":[{"embeddable":true,"href":"https:\/\/www.p31noticias.com.br\/index.php?rest_route=\/wp\/v2\/media\/43386"}],"wp:attachment":[{"href":"https:\/\/www.p31noticias.com.br\/index.php?rest_route=%2Fwp%2Fv2%2Fmedia&parent=43385"}],"wp:term":[{"taxonomy":"category","embeddable":true,"href":"https:\/\/www.p31noticias.com.br\/index.php?rest_route=%2Fwp%2Fv2%2Fcategories&post=43385"},{"taxonomy":"post_tag","embeddable":true,"href":"https:\/\/www.p31noticias.com.br\/index.php?rest_route=%2Fwp%2Fv2%2Ftags&post=43385"}],"curies":[{"name":"wp","href":"https:\/\/api.w.org\/{rel}","templated":true}]}}