{"id":43363,"date":"2024-03-10T19:30:43","date_gmt":"2024-03-10T22:30:43","guid":{"rendered":"https:\/\/p31noticias.com.br\/briga-entre-vizinhos-termina-com-jovem-esfaqueado-no-braco-e-na-cabeca\/"},"modified":"2024-03-10T19:30:43","modified_gmt":"2024-03-10T22:30:43","slug":"briga-entre-vizinhos-termina-com-jovem-esfaqueado-no-braco-e-na-cabeca","status":"publish","type":"post","link":"https:\/\/www.p31noticias.com.br\/?p=43363","title":{"rendered":"Briga entre vizinhos termina com jovem esfaqueado no bra\u00e7o e na cabe\u00e7a"},"content":{"rendered":"<p>Uma confus\u00e3o generalizada entre vizinhos acabou com uma pessoa esfaqueada na cabe\u00e7a (foto em destaque), na madrugada deste domingo (10\/3), em Santa Maria (DF). O caso, investigado pela 33\u00aa Delegacia de Pol\u00edcia, na mesma regi\u00e3o, ficou registrado como tentativa de homic\u00eddio. Testemunhas detalharam que a briga entre os moradores come\u00e7ou na sexta-feira (8\/3), quando um [\u2026]<\/p>\n<p>O post <a href=\"https:\/\/www.delioandrade.com.br\/briga-entre-vizinhos-termina-com-jovem-esfaqueado-no-braco-e-na-cabeca\/\">Briga entre vizinhos termina com jovem esfaqueado no bra\u00e7o e na cabe\u00e7a<\/a> apareceu primeiro em <a href=\"https:\/\/www.delioandrade.com.br\/\">Blog do D\u00c9LIO ANDRADE<\/a>.<\/p>\n","protected":false},"excerpt":{"rendered":"<p>Uma confus\u00e3o generalizada entre vizinhos acabou com uma pessoa esfaqueada na cabe\u00e7a (foto em destaque), na madrugada deste domingo (10\/3), em Santa Maria (DF). O caso, investigado pela 33\u00aa Delegacia de Pol\u00edcia, na mesma regi\u00e3o, ficou registrado como tentativa de homic\u00eddio. Testemunhas detalharam que a briga entre os moradores come\u00e7ou na sexta-feira (8\/3), quando um [&hellip;]<\/p>\n","protected":false},"author":0,"featured_media":0,"comment_status":"open","ping_status":"open","sticky":false,"template":"","format":"standard","meta":{"footnotes":""},"categories":[21],"tags":[],"class_list":{"0":"post-43363","1":"post","2":"type-post","3":"status-publish","4":"format-standard","6":"category-brasilia"},"yoast_head":"<!-- This site is optimized with the Yoast SEO Premium plugin v24.5 (Yoast SEO v27.5) - https:\/\/yoast.com\/product\/yoast-seo-premium-wordpress\/ -->\n<title>Briga entre vizinhos termina com jovem esfaqueado no bra\u00e7o e na cabe\u00e7a - P31<\/title>\n<meta name=\"robots\" content=\"index, follow, max-snippet:-1, max-image-preview:large, max-video-preview:-1\" \/>\n<link rel=\"canonical\" href=\"https:\/\/www.p31noticias.com.br\/?p=43363\" \/>\n<meta property=\"og:locale\" content=\"pt_BR\" \/>\n<meta property=\"og:type\" content=\"article\" \/>\n<meta property=\"og:title\" content=\"Briga entre vizinhos termina com jovem esfaqueado no bra\u00e7o e na cabe\u00e7a\" \/>\n<meta property=\"og:description\" content=\"Uma confus\u00e3o generalizada entre vizinhos acabou com uma pessoa esfaqueada na cabe\u00e7a (foto em destaque), na madrugada deste domingo (10\/3), em Santa Maria (DF). O caso, investigado pela 33\u00aa Delegacia de Pol\u00edcia, na mesma regi\u00e3o, ficou registrado como tentativa de homic\u00eddio. Testemunhas detalharam que a briga entre os moradores come\u00e7ou na sexta-feira (8\/3), quando um [&hellip;]\" \/>\n<meta property=\"og:url\" content=\"https:\/\/www.p31noticias.com.br\/?p=43363\" \/>\n<meta property=\"og:site_name\" content=\"P31\" \/>\n<meta property=\"article:published_time\" content=\"2024-03-10T22:30:43+00:00\" \/>\n<meta name=\"twitter:card\" content=\"summary_large_image\" \/>\n<script type=\"application\/ld+json\" class=\"yoast-schema-graph\">{\"@context\":\"https:\\\/\\\/schema.org\",\"@graph\":[{\"@type\":\"Article\",\"@id\":\"https:\\\/\\\/www.p31noticias.com.br\\\/?p=43363#article\",\"isPartOf\":{\"@id\":\"https:\\\/\\\/www.p31noticias.com.br\\\/?p=43363\"},\"author\":{\"name\":\"\",\"@id\":\"\"},\"headline\":\"Briga entre vizinhos termina com jovem esfaqueado no bra\u00e7o e na cabe\u00e7a\",\"datePublished\":\"2024-03-10T22:30:43+00:00\",\"mainEntityOfPage\":{\"@id\":\"https:\\\/\\\/www.p31noticias.com.br\\\/?p=43363\"},\"wordCount\":96,\"commentCount\":0,\"articleSection\":[\"Bras\u00edlia\"],\"inLanguage\":\"pt-BR\",\"potentialAction\":[{\"@type\":\"CommentAction\",\"name\":\"Comment\",\"target\":[\"https:\\\/\\\/www.p31noticias.com.br\\\/?p=43363#respond\"]}],\"copyrightYear\":\"2024\",\"copyrightHolder\":{\"@id\":\"https:\\\/\\\/www.p31noticias.com.br\\\/#organization\"}},{\"@type\":\"WebPage\",\"@id\":\"https:\\\/\\\/www.p31noticias.com.br\\\/?p=43363\",\"url\":\"https:\\\/\\\/www.p31noticias.com.br\\\/?p=43363\",\"name\":\"Briga entre vizinhos termina com jovem esfaqueado no bra\u00e7o e na cabe\u00e7a - P31\",\"isPartOf\":{\"@id\":\"https:\\\/\\\/www.p31noticias.com.br\\\/#website\"},\"datePublished\":\"2024-03-10T22:30:43+00:00\",\"author\":{\"@id\":\"\"},\"breadcrumb\":{\"@id\":\"https:\\\/\\\/www.p31noticias.com.br\\\/?p=43363#breadcrumb\"},\"inLanguage\":\"pt-BR\",\"potentialAction\":[{\"@type\":\"ReadAction\",\"target\":[\"https:\\\/\\\/www.p31noticias.com.br\\\/?p=43363\"]}]},{\"@type\":\"BreadcrumbList\",\"@id\":\"https:\\\/\\\/www.p31noticias.com.br\\\/?p=43363#breadcrumb\",\"itemListElement\":[{\"@type\":\"ListItem\",\"position\":1,\"name\":\"In\u00edcio\",\"item\":\"https:\\\/\\\/www.p31noticias.com.br\\\/\"},{\"@type\":\"ListItem\",\"position\":2,\"name\":\"Briga entre vizinhos termina com jovem esfaqueado no bra\u00e7o e na cabe\u00e7a\"}]},{\"@type\":\"WebSite\",\"@id\":\"https:\\\/\\\/www.p31noticias.com.br\\\/#website\",\"url\":\"https:\\\/\\\/www.p31noticias.com.br\\\/\",\"name\":\"P31\",\"description\":\"NOT\u00cdCIAS\",\"potentialAction\":[{\"@type\":\"SearchAction\",\"target\":{\"@type\":\"EntryPoint\",\"urlTemplate\":\"https:\\\/\\\/www.p31noticias.com.br\\\/?s={search_term_string}\"},\"query-input\":{\"@type\":\"PropertyValueSpecification\",\"valueRequired\":true,\"valueName\":\"search_term_string\"}}],\"inLanguage\":\"pt-BR\"}]}<\/script>\n<!-- \/ Yoast SEO Premium plugin. -->","yoast_head_json":{"title":"Briga entre vizinhos termina com jovem esfaqueado no bra\u00e7o e na cabe\u00e7a - P31","robots":{"index":"index","follow":"follow","max-snippet":"max-snippet:-1","max-image-preview":"max-image-preview:large","max-video-preview":"max-video-preview:-1"},"canonical":"https:\/\/www.p31noticias.com.br\/?p=43363","og_locale":"pt_BR","og_type":"article","og_title":"Briga entre vizinhos termina com jovem esfaqueado no bra\u00e7o e na cabe\u00e7a","og_description":"Uma confus\u00e3o generalizada entre vizinhos acabou com uma pessoa esfaqueada na cabe\u00e7a (foto em destaque), na madrugada deste domingo (10\/3), em Santa Maria (DF). O caso, investigado pela 33\u00aa Delegacia de Pol\u00edcia, na mesma regi\u00e3o, ficou registrado como tentativa de homic\u00eddio. Testemunhas detalharam que a briga entre os moradores come\u00e7ou na sexta-feira (8\/3), quando um [&hellip;]","og_url":"https:\/\/www.p31noticias.com.br\/?p=43363","og_site_name":"P31","article_published_time":"2024-03-10T22:30:43+00:00","twitter_card":"summary_large_image","schema":{"@context":"https:\/\/schema.org","@graph":[{"@type":"Article","@id":"https:\/\/www.p31noticias.com.br\/?p=43363#article","isPartOf":{"@id":"https:\/\/www.p31noticias.com.br\/?p=43363"},"author":{"name":"","@id":""},"headline":"Briga entre vizinhos termina com jovem esfaqueado no bra\u00e7o e na cabe\u00e7a","datePublished":"2024-03-10T22:30:43+00:00","mainEntityOfPage":{"@id":"https:\/\/www.p31noticias.com.br\/?p=43363"},"wordCount":96,"commentCount":0,"articleSection":["Bras\u00edlia"],"inLanguage":"pt-BR","potentialAction":[{"@type":"CommentAction","name":"Comment","target":["https:\/\/www.p31noticias.com.br\/?p=43363#respond"]}],"copyrightYear":"2024","copyrightHolder":{"@id":"https:\/\/www.p31noticias.com.br\/#organization"}},{"@type":"WebPage","@id":"https:\/\/www.p31noticias.com.br\/?p=43363","url":"https:\/\/www.p31noticias.com.br\/?p=43363","name":"Briga entre vizinhos termina com jovem esfaqueado no bra\u00e7o e na cabe\u00e7a - P31","isPartOf":{"@id":"https:\/\/www.p31noticias.com.br\/#website"},"datePublished":"2024-03-10T22:30:43+00:00","author":{"@id":""},"breadcrumb":{"@id":"https:\/\/www.p31noticias.com.br\/?p=43363#breadcrumb"},"inLanguage":"pt-BR","potentialAction":[{"@type":"ReadAction","target":["https:\/\/www.p31noticias.com.br\/?p=43363"]}]},{"@type":"BreadcrumbList","@id":"https:\/\/www.p31noticias.com.br\/?p=43363#breadcrumb","itemListElement":[{"@type":"ListItem","position":1,"name":"In\u00edcio","item":"https:\/\/www.p31noticias.com.br\/"},{"@type":"ListItem","position":2,"name":"Briga entre vizinhos termina com jovem esfaqueado no bra\u00e7o e na cabe\u00e7a"}]},{"@type":"WebSite","@id":"https:\/\/www.p31noticias.com.br\/#website","url":"https:\/\/www.p31noticias.com.br\/","name":"P31","description":"NOT\u00cdCIAS","potentialAction":[{"@type":"SearchAction","target":{"@type":"EntryPoint","urlTemplate":"https:\/\/www.p31noticias.com.br\/?s={search_term_string}"},"query-input":{"@type":"PropertyValueSpecification","valueRequired":true,"valueName":"search_term_string"}}],"inLanguage":"pt-BR"}]}},"amp_enabled":true,"_links":{"self":[{"href":"https:\/\/www.p31noticias.com.br\/index.php?rest_route=\/wp\/v2\/posts\/43363","targetHints":{"allow":["GET"]}}],"collection":[{"href":"https:\/\/www.p31noticias.com.br\/index.php?rest_route=\/wp\/v2\/posts"}],"about":[{"href":"https:\/\/www.p31noticias.com.br\/index.php?rest_route=\/wp\/v2\/types\/post"}],"replies":[{"embeddable":true,"href":"https:\/\/www.p31noticias.com.br\/index.php?rest_route=%2Fwp%2Fv2%2Fcomments&post=43363"}],"version-history":[{"count":0,"href":"https:\/\/www.p31noticias.com.br\/index.php?rest_route=\/wp\/v2\/posts\/43363\/revisions"}],"wp:attachment":[{"href":"https:\/\/www.p31noticias.com.br\/index.php?rest_route=%2Fwp%2Fv2%2Fmedia&parent=43363"}],"wp:term":[{"taxonomy":"category","embeddable":true,"href":"https:\/\/www.p31noticias.com.br\/index.php?rest_route=%2Fwp%2Fv2%2Fcategories&post=43363"},{"taxonomy":"post_tag","embeddable":true,"href":"https:\/\/www.p31noticias.com.br\/index.php?rest_route=%2Fwp%2Fv2%2Ftags&post=43363"}],"curies":[{"name":"wp","href":"https:\/\/api.w.org\/{rel}","templated":true}]}}