{"id":42707,"date":"2024-03-04T23:20:17","date_gmt":"2024-03-05T02:20:17","guid":{"rendered":"https:\/\/p31noticias.com.br\/?p=42707"},"modified":"2024-03-04T23:20:17","modified_gmt":"2024-03-05T02:20:17","slug":"orplana-participa-de-evento-datagro-sobre-a-abertura-da-safra-da-cana","status":"publish","type":"post","link":"https:\/\/www.p31noticias.com.br\/?p=42707","title":{"rendered":"ORPLANA participa de evento DATAGRO sobre a abertura da safra da cana"},"content":{"rendered":"<p style=\"text-align: justify;\"><strong><i>CEO da organiza\u00e7\u00e3o, Jos\u00e9 Guilherme Nogueira, mediar\u00e1 painel sobre a safra no Brasil e no mundo<\/i><\/strong><\/p>\n<p style=\"text-align: justify;\">A ORPLANA \u2013 Organiza\u00e7\u00e3o das Associa\u00e7\u00f5es de Produtores de Cana-de-A\u00e7\u00facar do Brasil participa, nos dias 6 e 7 de mar\u00e7o, do 8\u00ba SANTANDER DATAGRO Abertura de Safra Cana, A\u00e7\u00facar e Etanol 2024\/25. O evento ser\u00e1 realizado no Taiwan Centro de Eventos, em Ribeir\u00e3o Preto\/SP, e reunir\u00e1 empres\u00e1rios, executivos de usinas, fornecedores, produtores de cana e lideran\u00e7as pol\u00edticas.<\/p>\n<p style=\"text-align: justify;\">A confer\u00eancia marca o in\u00edcio do planejamento do setor sucroenerg\u00e9tico brasileiro com a abertura da safra anual de cana-de-a\u00e7\u00facar e o CEO da ORPLANA, Jos\u00e9 Guilherme Nogueira, far\u00e1 a media\u00e7\u00e3o do primeiro painel que abordar\u00e1 justamente como ser\u00e1 esse cen\u00e1rio no Brasil e no mundo.<\/p>\n<p style=\"text-align: justify;\">Nogueira ser\u00e1 o moderador do painel no dia 6 de mar\u00e7o, das 11h \u00e0s 12h, tendo o presidente da DATAGRO, Pl\u00ednio Nastari, como palestrante e o diretor de Intelig\u00eancia Setorial da UNICA (Uni\u00e3o da Ind\u00fastria de Cana-de-A\u00e7\u00facar), Luciano Rodrigues, como convidado.<\/p>\n<p style=\"text-align: justify;\">\u201cVamos falar e debater sobre a safra dos produtores de cana-de-a\u00e7\u00facar e mostrar quais os principais desafios desse ano. Certamente, falaremos sobre \u00e1rea (crescimento ou diminui\u00e7\u00e3o) como tamb\u00e9m sobre a produtividade\u201d, afirma o CEO da ORPLANA. \u201cEm rela\u00e7\u00e3o ao clima, nas regi\u00f5es temos tido muitas diverg\u00eancias. \u00c1reas com chuvas acima da m\u00e9dia e outras com seca, o que impacta na produtividade e mesmo na colheita. Nossa posi\u00e7\u00e3o, hoje, \u00e9 um volume menor do que no ano passado\u201d, conclui Nogueira, sobre as discuss\u00f5es do painel.<\/p>\n<p style=\"text-align: justify;\">PN<\/p>\n","protected":false},"excerpt":{"rendered":"<p>CEO da organiza\u00e7\u00e3o, Jos\u00e9 Guilherme Nogueira, mediar\u00e1 painel sobre a safra no Brasil e no mundo A ORPLANA \u2013 Organiza\u00e7\u00e3o das Associa\u00e7\u00f5es de Produtores de Cana-de-A\u00e7\u00facar do Brasil participa, nos dias 6 e 7 de mar\u00e7o, do 8\u00ba SANTANDER DATAGRO Abertura de Safra Cana, A\u00e7\u00facar e Etanol 2024\/25. O evento ser\u00e1 realizado no Taiwan Centro [&hellip;]<\/p>\n","protected":false},"author":2,"featured_media":42708,"comment_status":"open","ping_status":"open","sticky":false,"template":"","format":"standard","meta":{"footnotes":""},"categories":[68],"tags":[],"class_list":{"0":"post-42707","1":"post","2":"type-post","3":"status-publish","4":"format-standard","5":"has-post-thumbnail","7":"category-brasil"},"yoast_head":"<!-- This site is optimized with the Yoast SEO Premium plugin v24.5 (Yoast SEO v27.5) - https:\/\/yoast.com\/product\/yoast-seo-premium-wordpress\/ -->\n<title>ORPLANA participa de evento DATAGRO sobre a abertura da safra da cana - P31<\/title>\n<meta name=\"robots\" content=\"index, follow, max-snippet:-1, max-image-preview:large, max-video-preview:-1\" \/>\n<link rel=\"canonical\" href=\"https:\/\/www.p31noticias.com.br\/?p=42707\" \/>\n<meta property=\"og:locale\" content=\"pt_BR\" \/>\n<meta property=\"og:type\" content=\"article\" \/>\n<meta property=\"og:title\" content=\"ORPLANA participa de evento DATAGRO sobre a abertura da safra da cana\" \/>\n<meta property=\"og:description\" content=\"CEO da organiza\u00e7\u00e3o, Jos\u00e9 Guilherme Nogueira, mediar\u00e1 painel sobre a safra no Brasil e no mundo A ORPLANA \u2013 Organiza\u00e7\u00e3o das Associa\u00e7\u00f5es de Produtores de Cana-de-A\u00e7\u00facar do Brasil participa, nos dias 6 e 7 de mar\u00e7o, do 8\u00ba SANTANDER DATAGRO Abertura de Safra Cana, A\u00e7\u00facar e Etanol 2024\/25. O evento ser\u00e1 realizado no Taiwan Centro [&hellip;]\" \/>\n<meta property=\"og:url\" content=\"https:\/\/www.p31noticias.com.br\/?p=42707\" \/>\n<meta property=\"og:site_name\" content=\"P31\" \/>\n<meta property=\"article:published_time\" content=\"2024-03-05T02:20:17+00:00\" \/>\n<meta property=\"og:image\" content=\"https:\/\/www.p31noticias.com.br\/wp-content\/uploads\/2024\/03\/nogueiraOrplana-1CIUGHIKHUIK.jpg\" \/>\n\t<meta property=\"og:image:width\" content=\"800\" \/>\n\t<meta property=\"og:image:height\" content=\"533\" \/>\n\t<meta property=\"og:image:type\" content=\"image\/jpeg\" \/>\n<meta name=\"author\" content=\"Gon\u00e7alves Junior\" \/>\n<meta name=\"twitter:card\" content=\"summary_large_image\" \/>\n<meta name=\"twitter:label1\" content=\"Escrito por\" \/>\n\t<meta name=\"twitter:data1\" content=\"Gon\u00e7alves Junior\" \/>\n\t<meta name=\"twitter:label2\" content=\"Est. tempo de leitura\" \/>\n\t<meta name=\"twitter:data2\" content=\"1 minuto\" \/>\n<script type=\"application\/ld+json\" class=\"yoast-schema-graph\">{\"@context\":\"https:\\\/\\\/schema.org\",\"@graph\":[{\"@type\":\"Article\",\"@id\":\"https:\\\/\\\/www.p31noticias.com.br\\\/?p=42707#article\",\"isPartOf\":{\"@id\":\"https:\\\/\\\/www.p31noticias.com.br\\\/?p=42707\"},\"author\":{\"name\":\"Gon\u00e7alves Junior\",\"@id\":\"https:\\\/\\\/www.p31noticias.com.br\\\/#\\\/schema\\\/person\\\/95f2ece30e3b4132065b915150cd0f94\"},\"headline\":\"ORPLANA participa de evento DATAGRO sobre a abertura da safra da cana\",\"datePublished\":\"2024-03-05T02:20:17+00:00\",\"mainEntityOfPage\":{\"@id\":\"https:\\\/\\\/www.p31noticias.com.br\\\/?p=42707\"},\"wordCount\":281,\"commentCount\":0,\"image\":{\"@id\":\"https:\\\/\\\/www.p31noticias.com.br\\\/?p=42707#primaryimage\"},\"thumbnailUrl\":\"https:\\\/\\\/www.p31noticias.com.br\\\/wp-content\\\/uploads\\\/2024\\\/03\\\/nogueiraOrplana-1CIUGHIKHUIK.jpg\",\"articleSection\":[\"Brasil\"],\"inLanguage\":\"pt-BR\",\"potentialAction\":[{\"@type\":\"CommentAction\",\"name\":\"Comment\",\"target\":[\"https:\\\/\\\/www.p31noticias.com.br\\\/?p=42707#respond\"]}],\"copyrightYear\":\"2024\",\"copyrightHolder\":{\"@id\":\"https:\\\/\\\/www.p31noticias.com.br\\\/#organization\"}},{\"@type\":\"WebPage\",\"@id\":\"https:\\\/\\\/www.p31noticias.com.br\\\/?p=42707\",\"url\":\"https:\\\/\\\/www.p31noticias.com.br\\\/?p=42707\",\"name\":\"ORPLANA participa de evento DATAGRO sobre a abertura da safra da cana - P31\",\"isPartOf\":{\"@id\":\"https:\\\/\\\/www.p31noticias.com.br\\\/#website\"},\"primaryImageOfPage\":{\"@id\":\"https:\\\/\\\/www.p31noticias.com.br\\\/?p=42707#primaryimage\"},\"image\":{\"@id\":\"https:\\\/\\\/www.p31noticias.com.br\\\/?p=42707#primaryimage\"},\"thumbnailUrl\":\"https:\\\/\\\/www.p31noticias.com.br\\\/wp-content\\\/uploads\\\/2024\\\/03\\\/nogueiraOrplana-1CIUGHIKHUIK.jpg\",\"datePublished\":\"2024-03-05T02:20:17+00:00\",\"author\":{\"@id\":\"https:\\\/\\\/www.p31noticias.com.br\\\/#\\\/schema\\\/person\\\/95f2ece30e3b4132065b915150cd0f94\"},\"breadcrumb\":{\"@id\":\"https:\\\/\\\/www.p31noticias.com.br\\\/?p=42707#breadcrumb\"},\"inLanguage\":\"pt-BR\",\"potentialAction\":[{\"@type\":\"ReadAction\",\"target\":[\"https:\\\/\\\/www.p31noticias.com.br\\\/?p=42707\"]}]},{\"@type\":\"ImageObject\",\"inLanguage\":\"pt-BR\",\"@id\":\"https:\\\/\\\/www.p31noticias.com.br\\\/?p=42707#primaryimage\",\"url\":\"https:\\\/\\\/www.p31noticias.com.br\\\/wp-content\\\/uploads\\\/2024\\\/03\\\/nogueiraOrplana-1CIUGHIKHUIK.jpg\",\"contentUrl\":\"https:\\\/\\\/www.p31noticias.com.br\\\/wp-content\\\/uploads\\\/2024\\\/03\\\/nogueiraOrplana-1CIUGHIKHUIK.jpg\",\"width\":800,\"height\":533},{\"@type\":\"BreadcrumbList\",\"@id\":\"https:\\\/\\\/www.p31noticias.com.br\\\/?p=42707#breadcrumb\",\"itemListElement\":[{\"@type\":\"ListItem\",\"position\":1,\"name\":\"In\u00edcio\",\"item\":\"https:\\\/\\\/www.p31noticias.com.br\\\/\"},{\"@type\":\"ListItem\",\"position\":2,\"name\":\"ORPLANA participa de evento DATAGRO sobre a abertura da safra da cana\"}]},{\"@type\":\"WebSite\",\"@id\":\"https:\\\/\\\/www.p31noticias.com.br\\\/#website\",\"url\":\"https:\\\/\\\/www.p31noticias.com.br\\\/\",\"name\":\"P31\",\"description\":\"NOT\u00cdCIAS\",\"potentialAction\":[{\"@type\":\"SearchAction\",\"target\":{\"@type\":\"EntryPoint\",\"urlTemplate\":\"https:\\\/\\\/www.p31noticias.com.br\\\/?s={search_term_string}\"},\"query-input\":{\"@type\":\"PropertyValueSpecification\",\"valueRequired\":true,\"valueName\":\"search_term_string\"}}],\"inLanguage\":\"pt-BR\"},{\"@type\":\"Person\",\"@id\":\"https:\\\/\\\/www.p31noticias.com.br\\\/#\\\/schema\\\/person\\\/95f2ece30e3b4132065b915150cd0f94\",\"name\":\"Gon\u00e7alves Junior\",\"image\":{\"@type\":\"ImageObject\",\"inLanguage\":\"pt-BR\",\"@id\":\"https:\\\/\\\/secure.gravatar.com\\\/avatar\\\/6711f350116a89762687a48d66f723c799e5438a5b7578508d4294cd7a5d0800?s=96&d=mm&r=g\",\"url\":\"https:\\\/\\\/secure.gravatar.com\\\/avatar\\\/6711f350116a89762687a48d66f723c799e5438a5b7578508d4294cd7a5d0800?s=96&d=mm&r=g\",\"contentUrl\":\"https:\\\/\\\/secure.gravatar.com\\\/avatar\\\/6711f350116a89762687a48d66f723c799e5438a5b7578508d4294cd7a5d0800?s=96&d=mm&r=g\",\"caption\":\"Gon\u00e7alves Junior\"},\"url\":\"https:\\\/\\\/www.p31noticias.com.br\\\/?author=2\"}]}<\/script>\n<!-- \/ Yoast SEO Premium plugin. -->","yoast_head_json":{"title":"ORPLANA participa de evento DATAGRO sobre a abertura da safra da cana - P31","robots":{"index":"index","follow":"follow","max-snippet":"max-snippet:-1","max-image-preview":"max-image-preview:large","max-video-preview":"max-video-preview:-1"},"canonical":"https:\/\/www.p31noticias.com.br\/?p=42707","og_locale":"pt_BR","og_type":"article","og_title":"ORPLANA participa de evento DATAGRO sobre a abertura da safra da cana","og_description":"CEO da organiza\u00e7\u00e3o, Jos\u00e9 Guilherme Nogueira, mediar\u00e1 painel sobre a safra no Brasil e no mundo A ORPLANA \u2013 Organiza\u00e7\u00e3o das Associa\u00e7\u00f5es de Produtores de Cana-de-A\u00e7\u00facar do Brasil participa, nos dias 6 e 7 de mar\u00e7o, do 8\u00ba SANTANDER DATAGRO Abertura de Safra Cana, A\u00e7\u00facar e Etanol 2024\/25. O evento ser\u00e1 realizado no Taiwan Centro [&hellip;]","og_url":"https:\/\/www.p31noticias.com.br\/?p=42707","og_site_name":"P31","article_published_time":"2024-03-05T02:20:17+00:00","og_image":[{"width":800,"height":533,"url":"https:\/\/www.p31noticias.com.br\/wp-content\/uploads\/2024\/03\/nogueiraOrplana-1CIUGHIKHUIK.jpg","type":"image\/jpeg"}],"author":"Gon\u00e7alves Junior","twitter_card":"summary_large_image","twitter_misc":{"Escrito por":"Gon\u00e7alves Junior","Est. tempo de leitura":"1 minuto"},"schema":{"@context":"https:\/\/schema.org","@graph":[{"@type":"Article","@id":"https:\/\/www.p31noticias.com.br\/?p=42707#article","isPartOf":{"@id":"https:\/\/www.p31noticias.com.br\/?p=42707"},"author":{"name":"Gon\u00e7alves Junior","@id":"https:\/\/www.p31noticias.com.br\/#\/schema\/person\/95f2ece30e3b4132065b915150cd0f94"},"headline":"ORPLANA participa de evento DATAGRO sobre a abertura da safra da cana","datePublished":"2024-03-05T02:20:17+00:00","mainEntityOfPage":{"@id":"https:\/\/www.p31noticias.com.br\/?p=42707"},"wordCount":281,"commentCount":0,"image":{"@id":"https:\/\/www.p31noticias.com.br\/?p=42707#primaryimage"},"thumbnailUrl":"https:\/\/www.p31noticias.com.br\/wp-content\/uploads\/2024\/03\/nogueiraOrplana-1CIUGHIKHUIK.jpg","articleSection":["Brasil"],"inLanguage":"pt-BR","potentialAction":[{"@type":"CommentAction","name":"Comment","target":["https:\/\/www.p31noticias.com.br\/?p=42707#respond"]}],"copyrightYear":"2024","copyrightHolder":{"@id":"https:\/\/www.p31noticias.com.br\/#organization"}},{"@type":"WebPage","@id":"https:\/\/www.p31noticias.com.br\/?p=42707","url":"https:\/\/www.p31noticias.com.br\/?p=42707","name":"ORPLANA participa de evento DATAGRO sobre a abertura da safra da cana - P31","isPartOf":{"@id":"https:\/\/www.p31noticias.com.br\/#website"},"primaryImageOfPage":{"@id":"https:\/\/www.p31noticias.com.br\/?p=42707#primaryimage"},"image":{"@id":"https:\/\/www.p31noticias.com.br\/?p=42707#primaryimage"},"thumbnailUrl":"https:\/\/www.p31noticias.com.br\/wp-content\/uploads\/2024\/03\/nogueiraOrplana-1CIUGHIKHUIK.jpg","datePublished":"2024-03-05T02:20:17+00:00","author":{"@id":"https:\/\/www.p31noticias.com.br\/#\/schema\/person\/95f2ece30e3b4132065b915150cd0f94"},"breadcrumb":{"@id":"https:\/\/www.p31noticias.com.br\/?p=42707#breadcrumb"},"inLanguage":"pt-BR","potentialAction":[{"@type":"ReadAction","target":["https:\/\/www.p31noticias.com.br\/?p=42707"]}]},{"@type":"ImageObject","inLanguage":"pt-BR","@id":"https:\/\/www.p31noticias.com.br\/?p=42707#primaryimage","url":"https:\/\/www.p31noticias.com.br\/wp-content\/uploads\/2024\/03\/nogueiraOrplana-1CIUGHIKHUIK.jpg","contentUrl":"https:\/\/www.p31noticias.com.br\/wp-content\/uploads\/2024\/03\/nogueiraOrplana-1CIUGHIKHUIK.jpg","width":800,"height":533},{"@type":"BreadcrumbList","@id":"https:\/\/www.p31noticias.com.br\/?p=42707#breadcrumb","itemListElement":[{"@type":"ListItem","position":1,"name":"In\u00edcio","item":"https:\/\/www.p31noticias.com.br\/"},{"@type":"ListItem","position":2,"name":"ORPLANA participa de evento DATAGRO sobre a abertura da safra da cana"}]},{"@type":"WebSite","@id":"https:\/\/www.p31noticias.com.br\/#website","url":"https:\/\/www.p31noticias.com.br\/","name":"P31","description":"NOT\u00cdCIAS","potentialAction":[{"@type":"SearchAction","target":{"@type":"EntryPoint","urlTemplate":"https:\/\/www.p31noticias.com.br\/?s={search_term_string}"},"query-input":{"@type":"PropertyValueSpecification","valueRequired":true,"valueName":"search_term_string"}}],"inLanguage":"pt-BR"},{"@type":"Person","@id":"https:\/\/www.p31noticias.com.br\/#\/schema\/person\/95f2ece30e3b4132065b915150cd0f94","name":"Gon\u00e7alves Junior","image":{"@type":"ImageObject","inLanguage":"pt-BR","@id":"https:\/\/secure.gravatar.com\/avatar\/6711f350116a89762687a48d66f723c799e5438a5b7578508d4294cd7a5d0800?s=96&d=mm&r=g","url":"https:\/\/secure.gravatar.com\/avatar\/6711f350116a89762687a48d66f723c799e5438a5b7578508d4294cd7a5d0800?s=96&d=mm&r=g","contentUrl":"https:\/\/secure.gravatar.com\/avatar\/6711f350116a89762687a48d66f723c799e5438a5b7578508d4294cd7a5d0800?s=96&d=mm&r=g","caption":"Gon\u00e7alves Junior"},"url":"https:\/\/www.p31noticias.com.br\/?author=2"}]}},"amp_enabled":true,"_links":{"self":[{"href":"https:\/\/www.p31noticias.com.br\/index.php?rest_route=\/wp\/v2\/posts\/42707","targetHints":{"allow":["GET"]}}],"collection":[{"href":"https:\/\/www.p31noticias.com.br\/index.php?rest_route=\/wp\/v2\/posts"}],"about":[{"href":"https:\/\/www.p31noticias.com.br\/index.php?rest_route=\/wp\/v2\/types\/post"}],"author":[{"embeddable":true,"href":"https:\/\/www.p31noticias.com.br\/index.php?rest_route=\/wp\/v2\/users\/2"}],"replies":[{"embeddable":true,"href":"https:\/\/www.p31noticias.com.br\/index.php?rest_route=%2Fwp%2Fv2%2Fcomments&post=42707"}],"version-history":[{"count":1,"href":"https:\/\/www.p31noticias.com.br\/index.php?rest_route=\/wp\/v2\/posts\/42707\/revisions"}],"predecessor-version":[{"id":42709,"href":"https:\/\/www.p31noticias.com.br\/index.php?rest_route=\/wp\/v2\/posts\/42707\/revisions\/42709"}],"wp:featuredmedia":[{"embeddable":true,"href":"https:\/\/www.p31noticias.com.br\/index.php?rest_route=\/wp\/v2\/media\/42708"}],"wp:attachment":[{"href":"https:\/\/www.p31noticias.com.br\/index.php?rest_route=%2Fwp%2Fv2%2Fmedia&parent=42707"}],"wp:term":[{"taxonomy":"category","embeddable":true,"href":"https:\/\/www.p31noticias.com.br\/index.php?rest_route=%2Fwp%2Fv2%2Fcategories&post=42707"},{"taxonomy":"post_tag","embeddable":true,"href":"https:\/\/www.p31noticias.com.br\/index.php?rest_route=%2Fwp%2Fv2%2Ftags&post=42707"}],"curies":[{"name":"wp","href":"https:\/\/api.w.org\/{rel}","templated":true}]}}