{"id":42146,"date":"2024-02-28T09:35:36","date_gmt":"2024-02-28T12:35:36","guid":{"rendered":"https:\/\/p31noticias.com.br\/mil-grau-lider-do-comando-vermelho-e-preso-em-casa-de-luxo\/"},"modified":"2024-02-28T09:35:36","modified_gmt":"2024-02-28T12:35:36","slug":"mil-grau-lider-do-comando-vermelho-e-preso-em-casa-de-luxo","status":"publish","type":"post","link":"https:\/\/www.p31noticias.com.br\/?p=42146","title":{"rendered":"\u201cMil grau\u201d, l\u00edder do Comando Vermelho, \u00e9 preso em casa de luxo"},"content":{"rendered":"<p>Apontado como l\u00edder do Comando Vermelho (CV) em Feira de Santana (BA), Herverson Almeida Torres, conhecido como \u201cMil Grau\u201d (foto abaixo), foi preso em uma casa de luxo em Natal, no Rio Grande do Norte, nessa ter\u00e7a-feira (27). A pris\u00e3o ocorreu no \u00e2mbito da Opera\u00e7\u00e3o Magma, deflagrada pelas For\u00e7as Integradas de Combate ao Crime Organizado [\u2026]<\/p>\n<p>O post <a href=\"https:\/\/www.delioandrade.com.br\/mil-grau-lider-do-comando-vermelho-e-preso-em-casa-de-luxo\/\">\u201cMil grau\u201d, l\u00edder do Comando Vermelho, \u00e9 preso em casa de luxo<\/a> apareceu primeiro em <a href=\"https:\/\/www.delioandrade.com.br\/\">Blog do D\u00c9LIO ANDRADE<\/a>.<\/p>\n","protected":false},"excerpt":{"rendered":"<p>Apontado como l\u00edder do Comando Vermelho (CV) em Feira de Santana (BA), Herverson Almeida Torres, conhecido como \u201cMil Grau\u201d (foto abaixo), foi preso em uma casa de luxo em Natal, no Rio Grande do Norte, nessa ter\u00e7a-feira (27). A pris\u00e3o ocorreu no \u00e2mbito da Opera\u00e7\u00e3o Magma, deflagrada pelas For\u00e7as Integradas de Combate ao Crime Organizado [&hellip;]<\/p>\n","protected":false},"author":0,"featured_media":42147,"comment_status":"open","ping_status":"open","sticky":false,"template":"","format":"standard","meta":{"footnotes":""},"categories":[21],"tags":[],"class_list":{"0":"post-42146","1":"post","2":"type-post","3":"status-publish","4":"format-standard","5":"has-post-thumbnail","7":"category-brasilia"},"yoast_head":"<!-- This site is optimized with the Yoast SEO Premium plugin v24.5 (Yoast SEO v27.5) - https:\/\/yoast.com\/product\/yoast-seo-premium-wordpress\/ -->\n<title>\u201cMil grau\u201d, l\u00edder do Comando Vermelho, \u00e9 preso em casa de luxo - P31<\/title>\n<meta name=\"robots\" content=\"index, follow, max-snippet:-1, max-image-preview:large, max-video-preview:-1\" \/>\n<link rel=\"canonical\" href=\"https:\/\/www.p31noticias.com.br\/?p=42146\" \/>\n<meta property=\"og:locale\" content=\"pt_BR\" \/>\n<meta property=\"og:type\" content=\"article\" \/>\n<meta property=\"og:title\" content=\"\u201cMil grau\u201d, l\u00edder do Comando Vermelho, \u00e9 preso em casa de luxo\" \/>\n<meta property=\"og:description\" content=\"Apontado como l\u00edder do Comando Vermelho (CV) em Feira de Santana (BA), Herverson Almeida Torres, conhecido como \u201cMil Grau\u201d (foto abaixo), foi preso em uma casa de luxo em Natal, no Rio Grande do Norte, nessa ter\u00e7a-feira (27). A pris\u00e3o ocorreu no \u00e2mbito da Opera\u00e7\u00e3o Magma, deflagrada pelas For\u00e7as Integradas de Combate ao Crime Organizado [&hellip;]\" \/>\n<meta property=\"og:url\" content=\"https:\/\/www.p31noticias.com.br\/?p=42146\" \/>\n<meta property=\"og:site_name\" content=\"P31\" \/>\n<meta property=\"article:published_time\" content=\"2024-02-28T12:35:36+00:00\" \/>\n<meta property=\"og:image\" content=\"https:\/\/www.p31noticias.com.br\/wp-content\/uploads\/2024\/02\/mil-grau-k1PKSS-150x150-1W2k0x.jpeg\" \/>\n\t<meta property=\"og:image:width\" content=\"150\" \/>\n\t<meta property=\"og:image:height\" content=\"150\" \/>\n\t<meta property=\"og:image:type\" content=\"image\/jpeg\" \/>\n<meta name=\"twitter:card\" content=\"summary_large_image\" \/>\n<script type=\"application\/ld+json\" class=\"yoast-schema-graph\">{\"@context\":\"https:\\\/\\\/schema.org\",\"@graph\":[{\"@type\":\"Article\",\"@id\":\"https:\\\/\\\/www.p31noticias.com.br\\\/?p=42146#article\",\"isPartOf\":{\"@id\":\"https:\\\/\\\/www.p31noticias.com.br\\\/?p=42146\"},\"author\":{\"name\":\"\",\"@id\":\"\"},\"headline\":\"\u201cMil grau\u201d, l\u00edder do Comando Vermelho, \u00e9 preso em casa de luxo\",\"datePublished\":\"2024-02-28T12:35:36+00:00\",\"mainEntityOfPage\":{\"@id\":\"https:\\\/\\\/www.p31noticias.com.br\\\/?p=42146\"},\"wordCount\":93,\"commentCount\":0,\"image\":{\"@id\":\"https:\\\/\\\/www.p31noticias.com.br\\\/?p=42146#primaryimage\"},\"thumbnailUrl\":\"https:\\\/\\\/www.p31noticias.com.br\\\/wp-content\\\/uploads\\\/2024\\\/02\\\/mil-grau-k1PKSS-150x150-1W2k0x.jpeg\",\"articleSection\":[\"Bras\u00edlia\"],\"inLanguage\":\"pt-BR\",\"potentialAction\":[{\"@type\":\"CommentAction\",\"name\":\"Comment\",\"target\":[\"https:\\\/\\\/www.p31noticias.com.br\\\/?p=42146#respond\"]}],\"copyrightYear\":\"2024\",\"copyrightHolder\":{\"@id\":\"https:\\\/\\\/www.p31noticias.com.br\\\/#organization\"}},{\"@type\":\"WebPage\",\"@id\":\"https:\\\/\\\/www.p31noticias.com.br\\\/?p=42146\",\"url\":\"https:\\\/\\\/www.p31noticias.com.br\\\/?p=42146\",\"name\":\"\u201cMil grau\u201d, l\u00edder do Comando Vermelho, \u00e9 preso em casa de luxo - P31\",\"isPartOf\":{\"@id\":\"https:\\\/\\\/www.p31noticias.com.br\\\/#website\"},\"primaryImageOfPage\":{\"@id\":\"https:\\\/\\\/www.p31noticias.com.br\\\/?p=42146#primaryimage\"},\"image\":{\"@id\":\"https:\\\/\\\/www.p31noticias.com.br\\\/?p=42146#primaryimage\"},\"thumbnailUrl\":\"https:\\\/\\\/www.p31noticias.com.br\\\/wp-content\\\/uploads\\\/2024\\\/02\\\/mil-grau-k1PKSS-150x150-1W2k0x.jpeg\",\"datePublished\":\"2024-02-28T12:35:36+00:00\",\"author\":{\"@id\":\"\"},\"breadcrumb\":{\"@id\":\"https:\\\/\\\/www.p31noticias.com.br\\\/?p=42146#breadcrumb\"},\"inLanguage\":\"pt-BR\",\"potentialAction\":[{\"@type\":\"ReadAction\",\"target\":[\"https:\\\/\\\/www.p31noticias.com.br\\\/?p=42146\"]}]},{\"@type\":\"ImageObject\",\"inLanguage\":\"pt-BR\",\"@id\":\"https:\\\/\\\/www.p31noticias.com.br\\\/?p=42146#primaryimage\",\"url\":\"https:\\\/\\\/www.p31noticias.com.br\\\/wp-content\\\/uploads\\\/2024\\\/02\\\/mil-grau-k1PKSS-150x150-1W2k0x.jpeg\",\"contentUrl\":\"https:\\\/\\\/www.p31noticias.com.br\\\/wp-content\\\/uploads\\\/2024\\\/02\\\/mil-grau-k1PKSS-150x150-1W2k0x.jpeg\",\"width\":150,\"height\":150},{\"@type\":\"BreadcrumbList\",\"@id\":\"https:\\\/\\\/www.p31noticias.com.br\\\/?p=42146#breadcrumb\",\"itemListElement\":[{\"@type\":\"ListItem\",\"position\":1,\"name\":\"In\u00edcio\",\"item\":\"https:\\\/\\\/www.p31noticias.com.br\\\/\"},{\"@type\":\"ListItem\",\"position\":2,\"name\":\"\u201cMil grau\u201d, l\u00edder do Comando Vermelho, \u00e9 preso em casa de luxo\"}]},{\"@type\":\"WebSite\",\"@id\":\"https:\\\/\\\/www.p31noticias.com.br\\\/#website\",\"url\":\"https:\\\/\\\/www.p31noticias.com.br\\\/\",\"name\":\"P31\",\"description\":\"NOT\u00cdCIAS\",\"potentialAction\":[{\"@type\":\"SearchAction\",\"target\":{\"@type\":\"EntryPoint\",\"urlTemplate\":\"https:\\\/\\\/www.p31noticias.com.br\\\/?s={search_term_string}\"},\"query-input\":{\"@type\":\"PropertyValueSpecification\",\"valueRequired\":true,\"valueName\":\"search_term_string\"}}],\"inLanguage\":\"pt-BR\"}]}<\/script>\n<!-- \/ Yoast SEO Premium plugin. -->","yoast_head_json":{"title":"\u201cMil grau\u201d, l\u00edder do Comando Vermelho, \u00e9 preso em casa de luxo - P31","robots":{"index":"index","follow":"follow","max-snippet":"max-snippet:-1","max-image-preview":"max-image-preview:large","max-video-preview":"max-video-preview:-1"},"canonical":"https:\/\/www.p31noticias.com.br\/?p=42146","og_locale":"pt_BR","og_type":"article","og_title":"\u201cMil grau\u201d, l\u00edder do Comando Vermelho, \u00e9 preso em casa de luxo","og_description":"Apontado como l\u00edder do Comando Vermelho (CV) em Feira de Santana (BA), Herverson Almeida Torres, conhecido como \u201cMil Grau\u201d (foto abaixo), foi preso em uma casa de luxo em Natal, no Rio Grande do Norte, nessa ter\u00e7a-feira (27). A pris\u00e3o ocorreu no \u00e2mbito da Opera\u00e7\u00e3o Magma, deflagrada pelas For\u00e7as Integradas de Combate ao Crime Organizado [&hellip;]","og_url":"https:\/\/www.p31noticias.com.br\/?p=42146","og_site_name":"P31","article_published_time":"2024-02-28T12:35:36+00:00","og_image":[{"width":150,"height":150,"url":"https:\/\/www.p31noticias.com.br\/wp-content\/uploads\/2024\/02\/mil-grau-k1PKSS-150x150-1W2k0x.jpeg","type":"image\/jpeg"}],"twitter_card":"summary_large_image","schema":{"@context":"https:\/\/schema.org","@graph":[{"@type":"Article","@id":"https:\/\/www.p31noticias.com.br\/?p=42146#article","isPartOf":{"@id":"https:\/\/www.p31noticias.com.br\/?p=42146"},"author":{"name":"","@id":""},"headline":"\u201cMil grau\u201d, l\u00edder do Comando Vermelho, \u00e9 preso em casa de luxo","datePublished":"2024-02-28T12:35:36+00:00","mainEntityOfPage":{"@id":"https:\/\/www.p31noticias.com.br\/?p=42146"},"wordCount":93,"commentCount":0,"image":{"@id":"https:\/\/www.p31noticias.com.br\/?p=42146#primaryimage"},"thumbnailUrl":"https:\/\/www.p31noticias.com.br\/wp-content\/uploads\/2024\/02\/mil-grau-k1PKSS-150x150-1W2k0x.jpeg","articleSection":["Bras\u00edlia"],"inLanguage":"pt-BR","potentialAction":[{"@type":"CommentAction","name":"Comment","target":["https:\/\/www.p31noticias.com.br\/?p=42146#respond"]}],"copyrightYear":"2024","copyrightHolder":{"@id":"https:\/\/www.p31noticias.com.br\/#organization"}},{"@type":"WebPage","@id":"https:\/\/www.p31noticias.com.br\/?p=42146","url":"https:\/\/www.p31noticias.com.br\/?p=42146","name":"\u201cMil grau\u201d, l\u00edder do Comando Vermelho, \u00e9 preso em casa de luxo - P31","isPartOf":{"@id":"https:\/\/www.p31noticias.com.br\/#website"},"primaryImageOfPage":{"@id":"https:\/\/www.p31noticias.com.br\/?p=42146#primaryimage"},"image":{"@id":"https:\/\/www.p31noticias.com.br\/?p=42146#primaryimage"},"thumbnailUrl":"https:\/\/www.p31noticias.com.br\/wp-content\/uploads\/2024\/02\/mil-grau-k1PKSS-150x150-1W2k0x.jpeg","datePublished":"2024-02-28T12:35:36+00:00","author":{"@id":""},"breadcrumb":{"@id":"https:\/\/www.p31noticias.com.br\/?p=42146#breadcrumb"},"inLanguage":"pt-BR","potentialAction":[{"@type":"ReadAction","target":["https:\/\/www.p31noticias.com.br\/?p=42146"]}]},{"@type":"ImageObject","inLanguage":"pt-BR","@id":"https:\/\/www.p31noticias.com.br\/?p=42146#primaryimage","url":"https:\/\/www.p31noticias.com.br\/wp-content\/uploads\/2024\/02\/mil-grau-k1PKSS-150x150-1W2k0x.jpeg","contentUrl":"https:\/\/www.p31noticias.com.br\/wp-content\/uploads\/2024\/02\/mil-grau-k1PKSS-150x150-1W2k0x.jpeg","width":150,"height":150},{"@type":"BreadcrumbList","@id":"https:\/\/www.p31noticias.com.br\/?p=42146#breadcrumb","itemListElement":[{"@type":"ListItem","position":1,"name":"In\u00edcio","item":"https:\/\/www.p31noticias.com.br\/"},{"@type":"ListItem","position":2,"name":"\u201cMil grau\u201d, l\u00edder do Comando Vermelho, \u00e9 preso em casa de luxo"}]},{"@type":"WebSite","@id":"https:\/\/www.p31noticias.com.br\/#website","url":"https:\/\/www.p31noticias.com.br\/","name":"P31","description":"NOT\u00cdCIAS","potentialAction":[{"@type":"SearchAction","target":{"@type":"EntryPoint","urlTemplate":"https:\/\/www.p31noticias.com.br\/?s={search_term_string}"},"query-input":{"@type":"PropertyValueSpecification","valueRequired":true,"valueName":"search_term_string"}}],"inLanguage":"pt-BR"}]}},"amp_enabled":true,"_links":{"self":[{"href":"https:\/\/www.p31noticias.com.br\/index.php?rest_route=\/wp\/v2\/posts\/42146","targetHints":{"allow":["GET"]}}],"collection":[{"href":"https:\/\/www.p31noticias.com.br\/index.php?rest_route=\/wp\/v2\/posts"}],"about":[{"href":"https:\/\/www.p31noticias.com.br\/index.php?rest_route=\/wp\/v2\/types\/post"}],"replies":[{"embeddable":true,"href":"https:\/\/www.p31noticias.com.br\/index.php?rest_route=%2Fwp%2Fv2%2Fcomments&post=42146"}],"version-history":[{"count":0,"href":"https:\/\/www.p31noticias.com.br\/index.php?rest_route=\/wp\/v2\/posts\/42146\/revisions"}],"wp:featuredmedia":[{"embeddable":true,"href":"https:\/\/www.p31noticias.com.br\/index.php?rest_route=\/wp\/v2\/media\/42147"}],"wp:attachment":[{"href":"https:\/\/www.p31noticias.com.br\/index.php?rest_route=%2Fwp%2Fv2%2Fmedia&parent=42146"}],"wp:term":[{"taxonomy":"category","embeddable":true,"href":"https:\/\/www.p31noticias.com.br\/index.php?rest_route=%2Fwp%2Fv2%2Fcategories&post=42146"},{"taxonomy":"post_tag","embeddable":true,"href":"https:\/\/www.p31noticias.com.br\/index.php?rest_route=%2Fwp%2Fv2%2Ftags&post=42146"}],"curies":[{"name":"wp","href":"https:\/\/api.w.org\/{rel}","templated":true}]}}