{"id":42138,"date":"2024-02-28T04:29:42","date_gmt":"2024-02-28T07:29:42","guid":{"rendered":"https:\/\/p31noticias.com.br\/barragens-de-hidreletricas-estao-marcadas-por-falhas-de-seguranca\/"},"modified":"2024-02-28T04:29:42","modified_gmt":"2024-02-28T07:29:42","slug":"barragens-de-hidreletricas-estao-marcadas-por-falhas-de-seguranca","status":"publish","type":"post","link":"https:\/\/www.p31noticias.com.br\/?p=42138","title":{"rendered":"Barragens de hidrel\u00e9tricas est\u00e3o marcadas por falhas de seguran\u00e7a"},"content":{"rendered":"<p>Cinco anos ap\u00f3s o desastre de Brumadinho pelo rompimento de uma barragem de min\u00e9rio da Vale, levantamento mostra que pelo menos 53 reservat\u00f3rios de \u00e1gua do setor el\u00e9trico brasileiro apresentam algum tipo de falha em seus planos e estruturas de seguran\u00e7a. A Ag\u00eancia P\u00fablica teve acesso a um relat\u00f3rio conclu\u00eddo neste m\u00eas pela Ag\u00eancia Nacional [\u2026]<\/p>\n<p>O post <a href=\"https:\/\/www.delioandrade.com.br\/barragens-de-hidreletricas-estao-marcadas-por-falhas-de-seguranca\/\">Barragens de hidrel\u00e9tricas est\u00e3o marcadas por falhas de seguran\u00e7a<\/a> apareceu primeiro em <a href=\"https:\/\/www.delioandrade.com.br\/\">Blog do D\u00c9LIO ANDRADE<\/a>.<\/p>\n","protected":false},"excerpt":{"rendered":"<p>Cinco anos ap\u00f3s o desastre de Brumadinho pelo rompimento de uma barragem de min\u00e9rio da Vale, levantamento mostra que pelo menos 53 reservat\u00f3rios de \u00e1gua do setor el\u00e9trico brasileiro apresentam algum tipo de falha em seus planos e estruturas de seguran\u00e7a. A Ag\u00eancia P\u00fablica teve acesso a um relat\u00f3rio conclu\u00eddo neste m\u00eas pela Ag\u00eancia Nacional [&hellip;]<\/p>\n","protected":false},"author":0,"featured_media":42139,"comment_status":"open","ping_status":"open","sticky":false,"template":"","format":"standard","meta":{"footnotes":""},"categories":[21],"tags":[],"class_list":{"0":"post-42138","1":"post","2":"type-post","3":"status-publish","4":"format-standard","5":"has-post-thumbnail","7":"category-brasilia"},"yoast_head":"<!-- This site is optimized with the Yoast SEO Premium plugin v24.5 (Yoast SEO v27.5) - https:\/\/yoast.com\/product\/yoast-seo-premium-wordpress\/ -->\n<title>Barragens de hidrel\u00e9tricas est\u00e3o marcadas por falhas de seguran\u00e7a - P31<\/title>\n<meta name=\"robots\" content=\"index, follow, max-snippet:-1, max-image-preview:large, max-video-preview:-1\" \/>\n<link rel=\"canonical\" href=\"https:\/\/www.p31noticias.com.br\/?p=42138\" \/>\n<meta property=\"og:locale\" content=\"pt_BR\" \/>\n<meta property=\"og:type\" content=\"article\" \/>\n<meta property=\"og:title\" content=\"Barragens de hidrel\u00e9tricas est\u00e3o marcadas por falhas de seguran\u00e7a\" \/>\n<meta property=\"og:description\" content=\"Cinco anos ap\u00f3s o desastre de Brumadinho pelo rompimento de uma barragem de min\u00e9rio da Vale, levantamento mostra que pelo menos 53 reservat\u00f3rios de \u00e1gua do setor el\u00e9trico brasileiro apresentam algum tipo de falha em seus planos e estruturas de seguran\u00e7a. A Ag\u00eancia P\u00fablica teve acesso a um relat\u00f3rio conclu\u00eddo neste m\u00eas pela Ag\u00eancia Nacional [&hellip;]\" \/>\n<meta property=\"og:url\" content=\"https:\/\/www.p31noticias.com.br\/?p=42138\" \/>\n<meta property=\"og:site_name\" content=\"P31\" \/>\n<meta property=\"article:published_time\" content=\"2024-02-28T07:29:42+00:00\" \/>\n<meta property=\"og:image\" content=\"https:\/\/www.p31noticias.com.br\/wp-content\/uploads\/2024\/02\/Capa_Barragens-de-hidreletricas-estao-marcadas-por-falhas-de-seguranca-1-cQl7cl-150x150-cvKtoN.jpeg\" \/>\n\t<meta property=\"og:image:width\" content=\"150\" \/>\n\t<meta property=\"og:image:height\" content=\"150\" \/>\n\t<meta property=\"og:image:type\" content=\"image\/jpeg\" \/>\n<meta name=\"twitter:card\" content=\"summary_large_image\" \/>\n<script type=\"application\/ld+json\" class=\"yoast-schema-graph\">{\"@context\":\"https:\\\/\\\/schema.org\",\"@graph\":[{\"@type\":\"Article\",\"@id\":\"https:\\\/\\\/www.p31noticias.com.br\\\/?p=42138#article\",\"isPartOf\":{\"@id\":\"https:\\\/\\\/www.p31noticias.com.br\\\/?p=42138\"},\"author\":{\"name\":\"\",\"@id\":\"\"},\"headline\":\"Barragens de hidrel\u00e9tricas est\u00e3o marcadas por falhas de seguran\u00e7a\",\"datePublished\":\"2024-02-28T07:29:42+00:00\",\"mainEntityOfPage\":{\"@id\":\"https:\\\/\\\/www.p31noticias.com.br\\\/?p=42138\"},\"wordCount\":99,\"commentCount\":0,\"image\":{\"@id\":\"https:\\\/\\\/www.p31noticias.com.br\\\/?p=42138#primaryimage\"},\"thumbnailUrl\":\"https:\\\/\\\/www.p31noticias.com.br\\\/wp-content\\\/uploads\\\/2024\\\/02\\\/Capa_Barragens-de-hidreletricas-estao-marcadas-por-falhas-de-seguranca-1-cQl7cl-150x150-cvKtoN.jpeg\",\"articleSection\":[\"Bras\u00edlia\"],\"inLanguage\":\"pt-BR\",\"potentialAction\":[{\"@type\":\"CommentAction\",\"name\":\"Comment\",\"target\":[\"https:\\\/\\\/www.p31noticias.com.br\\\/?p=42138#respond\"]}],\"copyrightYear\":\"2024\",\"copyrightHolder\":{\"@id\":\"https:\\\/\\\/www.p31noticias.com.br\\\/#organization\"}},{\"@type\":\"WebPage\",\"@id\":\"https:\\\/\\\/www.p31noticias.com.br\\\/?p=42138\",\"url\":\"https:\\\/\\\/www.p31noticias.com.br\\\/?p=42138\",\"name\":\"Barragens de hidrel\u00e9tricas est\u00e3o marcadas por falhas de seguran\u00e7a - P31\",\"isPartOf\":{\"@id\":\"https:\\\/\\\/www.p31noticias.com.br\\\/#website\"},\"primaryImageOfPage\":{\"@id\":\"https:\\\/\\\/www.p31noticias.com.br\\\/?p=42138#primaryimage\"},\"image\":{\"@id\":\"https:\\\/\\\/www.p31noticias.com.br\\\/?p=42138#primaryimage\"},\"thumbnailUrl\":\"https:\\\/\\\/www.p31noticias.com.br\\\/wp-content\\\/uploads\\\/2024\\\/02\\\/Capa_Barragens-de-hidreletricas-estao-marcadas-por-falhas-de-seguranca-1-cQl7cl-150x150-cvKtoN.jpeg\",\"datePublished\":\"2024-02-28T07:29:42+00:00\",\"author\":{\"@id\":\"\"},\"breadcrumb\":{\"@id\":\"https:\\\/\\\/www.p31noticias.com.br\\\/?p=42138#breadcrumb\"},\"inLanguage\":\"pt-BR\",\"potentialAction\":[{\"@type\":\"ReadAction\",\"target\":[\"https:\\\/\\\/www.p31noticias.com.br\\\/?p=42138\"]}]},{\"@type\":\"ImageObject\",\"inLanguage\":\"pt-BR\",\"@id\":\"https:\\\/\\\/www.p31noticias.com.br\\\/?p=42138#primaryimage\",\"url\":\"https:\\\/\\\/www.p31noticias.com.br\\\/wp-content\\\/uploads\\\/2024\\\/02\\\/Capa_Barragens-de-hidreletricas-estao-marcadas-por-falhas-de-seguranca-1-cQl7cl-150x150-cvKtoN.jpeg\",\"contentUrl\":\"https:\\\/\\\/www.p31noticias.com.br\\\/wp-content\\\/uploads\\\/2024\\\/02\\\/Capa_Barragens-de-hidreletricas-estao-marcadas-por-falhas-de-seguranca-1-cQl7cl-150x150-cvKtoN.jpeg\",\"width\":150,\"height\":150},{\"@type\":\"BreadcrumbList\",\"@id\":\"https:\\\/\\\/www.p31noticias.com.br\\\/?p=42138#breadcrumb\",\"itemListElement\":[{\"@type\":\"ListItem\",\"position\":1,\"name\":\"In\u00edcio\",\"item\":\"https:\\\/\\\/www.p31noticias.com.br\\\/\"},{\"@type\":\"ListItem\",\"position\":2,\"name\":\"Barragens de hidrel\u00e9tricas est\u00e3o marcadas por falhas de seguran\u00e7a\"}]},{\"@type\":\"WebSite\",\"@id\":\"https:\\\/\\\/www.p31noticias.com.br\\\/#website\",\"url\":\"https:\\\/\\\/www.p31noticias.com.br\\\/\",\"name\":\"P31\",\"description\":\"NOT\u00cdCIAS\",\"potentialAction\":[{\"@type\":\"SearchAction\",\"target\":{\"@type\":\"EntryPoint\",\"urlTemplate\":\"https:\\\/\\\/www.p31noticias.com.br\\\/?s={search_term_string}\"},\"query-input\":{\"@type\":\"PropertyValueSpecification\",\"valueRequired\":true,\"valueName\":\"search_term_string\"}}],\"inLanguage\":\"pt-BR\"}]}<\/script>\n<!-- \/ Yoast SEO Premium plugin. -->","yoast_head_json":{"title":"Barragens de hidrel\u00e9tricas est\u00e3o marcadas por falhas de seguran\u00e7a - P31","robots":{"index":"index","follow":"follow","max-snippet":"max-snippet:-1","max-image-preview":"max-image-preview:large","max-video-preview":"max-video-preview:-1"},"canonical":"https:\/\/www.p31noticias.com.br\/?p=42138","og_locale":"pt_BR","og_type":"article","og_title":"Barragens de hidrel\u00e9tricas est\u00e3o marcadas por falhas de seguran\u00e7a","og_description":"Cinco anos ap\u00f3s o desastre de Brumadinho pelo rompimento de uma barragem de min\u00e9rio da Vale, levantamento mostra que pelo menos 53 reservat\u00f3rios de \u00e1gua do setor el\u00e9trico brasileiro apresentam algum tipo de falha em seus planos e estruturas de seguran\u00e7a. A Ag\u00eancia P\u00fablica teve acesso a um relat\u00f3rio conclu\u00eddo neste m\u00eas pela Ag\u00eancia Nacional [&hellip;]","og_url":"https:\/\/www.p31noticias.com.br\/?p=42138","og_site_name":"P31","article_published_time":"2024-02-28T07:29:42+00:00","og_image":[{"width":150,"height":150,"url":"https:\/\/www.p31noticias.com.br\/wp-content\/uploads\/2024\/02\/Capa_Barragens-de-hidreletricas-estao-marcadas-por-falhas-de-seguranca-1-cQl7cl-150x150-cvKtoN.jpeg","type":"image\/jpeg"}],"twitter_card":"summary_large_image","schema":{"@context":"https:\/\/schema.org","@graph":[{"@type":"Article","@id":"https:\/\/www.p31noticias.com.br\/?p=42138#article","isPartOf":{"@id":"https:\/\/www.p31noticias.com.br\/?p=42138"},"author":{"name":"","@id":""},"headline":"Barragens de hidrel\u00e9tricas est\u00e3o marcadas por falhas de seguran\u00e7a","datePublished":"2024-02-28T07:29:42+00:00","mainEntityOfPage":{"@id":"https:\/\/www.p31noticias.com.br\/?p=42138"},"wordCount":99,"commentCount":0,"image":{"@id":"https:\/\/www.p31noticias.com.br\/?p=42138#primaryimage"},"thumbnailUrl":"https:\/\/www.p31noticias.com.br\/wp-content\/uploads\/2024\/02\/Capa_Barragens-de-hidreletricas-estao-marcadas-por-falhas-de-seguranca-1-cQl7cl-150x150-cvKtoN.jpeg","articleSection":["Bras\u00edlia"],"inLanguage":"pt-BR","potentialAction":[{"@type":"CommentAction","name":"Comment","target":["https:\/\/www.p31noticias.com.br\/?p=42138#respond"]}],"copyrightYear":"2024","copyrightHolder":{"@id":"https:\/\/www.p31noticias.com.br\/#organization"}},{"@type":"WebPage","@id":"https:\/\/www.p31noticias.com.br\/?p=42138","url":"https:\/\/www.p31noticias.com.br\/?p=42138","name":"Barragens de hidrel\u00e9tricas est\u00e3o marcadas por falhas de seguran\u00e7a - P31","isPartOf":{"@id":"https:\/\/www.p31noticias.com.br\/#website"},"primaryImageOfPage":{"@id":"https:\/\/www.p31noticias.com.br\/?p=42138#primaryimage"},"image":{"@id":"https:\/\/www.p31noticias.com.br\/?p=42138#primaryimage"},"thumbnailUrl":"https:\/\/www.p31noticias.com.br\/wp-content\/uploads\/2024\/02\/Capa_Barragens-de-hidreletricas-estao-marcadas-por-falhas-de-seguranca-1-cQl7cl-150x150-cvKtoN.jpeg","datePublished":"2024-02-28T07:29:42+00:00","author":{"@id":""},"breadcrumb":{"@id":"https:\/\/www.p31noticias.com.br\/?p=42138#breadcrumb"},"inLanguage":"pt-BR","potentialAction":[{"@type":"ReadAction","target":["https:\/\/www.p31noticias.com.br\/?p=42138"]}]},{"@type":"ImageObject","inLanguage":"pt-BR","@id":"https:\/\/www.p31noticias.com.br\/?p=42138#primaryimage","url":"https:\/\/www.p31noticias.com.br\/wp-content\/uploads\/2024\/02\/Capa_Barragens-de-hidreletricas-estao-marcadas-por-falhas-de-seguranca-1-cQl7cl-150x150-cvKtoN.jpeg","contentUrl":"https:\/\/www.p31noticias.com.br\/wp-content\/uploads\/2024\/02\/Capa_Barragens-de-hidreletricas-estao-marcadas-por-falhas-de-seguranca-1-cQl7cl-150x150-cvKtoN.jpeg","width":150,"height":150},{"@type":"BreadcrumbList","@id":"https:\/\/www.p31noticias.com.br\/?p=42138#breadcrumb","itemListElement":[{"@type":"ListItem","position":1,"name":"In\u00edcio","item":"https:\/\/www.p31noticias.com.br\/"},{"@type":"ListItem","position":2,"name":"Barragens de hidrel\u00e9tricas est\u00e3o marcadas por falhas de seguran\u00e7a"}]},{"@type":"WebSite","@id":"https:\/\/www.p31noticias.com.br\/#website","url":"https:\/\/www.p31noticias.com.br\/","name":"P31","description":"NOT\u00cdCIAS","potentialAction":[{"@type":"SearchAction","target":{"@type":"EntryPoint","urlTemplate":"https:\/\/www.p31noticias.com.br\/?s={search_term_string}"},"query-input":{"@type":"PropertyValueSpecification","valueRequired":true,"valueName":"search_term_string"}}],"inLanguage":"pt-BR"}]}},"amp_enabled":true,"_links":{"self":[{"href":"https:\/\/www.p31noticias.com.br\/index.php?rest_route=\/wp\/v2\/posts\/42138","targetHints":{"allow":["GET"]}}],"collection":[{"href":"https:\/\/www.p31noticias.com.br\/index.php?rest_route=\/wp\/v2\/posts"}],"about":[{"href":"https:\/\/www.p31noticias.com.br\/index.php?rest_route=\/wp\/v2\/types\/post"}],"replies":[{"embeddable":true,"href":"https:\/\/www.p31noticias.com.br\/index.php?rest_route=%2Fwp%2Fv2%2Fcomments&post=42138"}],"version-history":[{"count":0,"href":"https:\/\/www.p31noticias.com.br\/index.php?rest_route=\/wp\/v2\/posts\/42138\/revisions"}],"wp:featuredmedia":[{"embeddable":true,"href":"https:\/\/www.p31noticias.com.br\/index.php?rest_route=\/wp\/v2\/media\/42139"}],"wp:attachment":[{"href":"https:\/\/www.p31noticias.com.br\/index.php?rest_route=%2Fwp%2Fv2%2Fmedia&parent=42138"}],"wp:term":[{"taxonomy":"category","embeddable":true,"href":"https:\/\/www.p31noticias.com.br\/index.php?rest_route=%2Fwp%2Fv2%2Fcategories&post=42138"},{"taxonomy":"post_tag","embeddable":true,"href":"https:\/\/www.p31noticias.com.br\/index.php?rest_route=%2Fwp%2Fv2%2Ftags&post=42138"}],"curies":[{"name":"wp","href":"https:\/\/api.w.org\/{rel}","templated":true}]}}