{"id":42130,"date":"2024-02-28T03:29:42","date_gmt":"2024-02-28T06:29:42","guid":{"rendered":"https:\/\/p31noticias.com.br\/quase-30-das-mortes-por-dengue-no-pais-foram-registradas-no-df\/"},"modified":"2024-02-28T03:29:42","modified_gmt":"2024-02-28T06:29:42","slug":"quase-30-das-mortes-por-dengue-no-pais-foram-registradas-no-df","status":"publish","type":"post","link":"https:\/\/www.p31noticias.com.br\/?p=42130","title":{"rendered":"Quase 30% das mortes por dengue no pa\u00eds foram registradas no DF"},"content":{"rendered":"<p>At\u00e9 27 de fevereiro, o Brasil registrou 195 mortes causadas pela dengue. Desses \u00f3bitos, 55 foram notificados no Distrito Federal \u2014 valor equivalente a 28,2% do total. Os dados s\u00e3o do Minist\u00e9rio da Sa\u00fade. De acordo com o minist\u00e9rio, o DF tamb\u00e9m \u00e9 a Unidade da Federa\u00e7\u00e3o com a maior quantidade de mortes confirmadas pela [\u2026]<\/p>\n<p>O post <a href=\"https:\/\/www.delioandrade.com.br\/quase-30-das-mortes-por-dengue-no-pais-foram-registradas-no-df\/\">Quase 30% das mortes por dengue no pa\u00eds foram registradas no DF<\/a> apareceu primeiro em <a href=\"https:\/\/www.delioandrade.com.br\/\">Blog do D\u00c9LIO ANDRADE<\/a>.<\/p>\n","protected":false},"excerpt":{"rendered":"<p>At\u00e9 27 de fevereiro, o Brasil registrou 195 mortes causadas pela dengue. Desses \u00f3bitos, 55 foram notificados no Distrito Federal \u2014 valor equivalente a 28,2% do total. Os dados s\u00e3o do Minist\u00e9rio da Sa\u00fade. De acordo com o minist\u00e9rio, o DF tamb\u00e9m \u00e9 a Unidade da Federa\u00e7\u00e3o com a maior quantidade de mortes confirmadas pela [&hellip;]<\/p>\n","protected":false},"author":0,"featured_media":42131,"comment_status":"open","ping_status":"open","sticky":false,"template":"","format":"standard","meta":{"footnotes":""},"categories":[21],"tags":[],"class_list":{"0":"post-42130","1":"post","2":"type-post","3":"status-publish","4":"format-standard","5":"has-post-thumbnail","7":"category-brasilia"},"yoast_head":"<!-- This site is optimized with the Yoast SEO Premium plugin v24.5 (Yoast SEO v27.5) - https:\/\/yoast.com\/product\/yoast-seo-premium-wordpress\/ -->\n<title>Quase 30% das mortes por dengue no pa\u00eds foram registradas no DF - P31<\/title>\n<meta name=\"robots\" content=\"index, follow, max-snippet:-1, max-image-preview:large, max-video-preview:-1\" \/>\n<link rel=\"canonical\" href=\"https:\/\/www.p31noticias.com.br\/?p=42130\" \/>\n<meta property=\"og:locale\" content=\"pt_BR\" \/>\n<meta property=\"og:type\" content=\"article\" \/>\n<meta property=\"og:title\" content=\"Quase 30% das mortes por dengue no pa\u00eds foram registradas no DF\" \/>\n<meta property=\"og:description\" content=\"At\u00e9 27 de fevereiro, o Brasil registrou 195 mortes causadas pela dengue. Desses \u00f3bitos, 55 foram notificados no Distrito Federal \u2014 valor equivalente a 28,2% do total. Os dados s\u00e3o do Minist\u00e9rio da Sa\u00fade. De acordo com o minist\u00e9rio, o DF tamb\u00e9m \u00e9 a Unidade da Federa\u00e7\u00e3o com a maior quantidade de mortes confirmadas pela [&hellip;]\" \/>\n<meta property=\"og:url\" content=\"https:\/\/www.p31noticias.com.br\/?p=42130\" \/>\n<meta property=\"og:site_name\" content=\"P31\" \/>\n<meta property=\"article:published_time\" content=\"2024-02-28T06:29:42+00:00\" \/>\n<meta property=\"og:image\" content=\"https:\/\/www.p31noticias.com.br\/wp-content\/uploads\/2024\/02\/3-Cards_Galeria_de_Fotos-4-21-1024x683-Snngwq-150x150-88LQPV.jpeg\" \/>\n\t<meta property=\"og:image:width\" content=\"150\" \/>\n\t<meta property=\"og:image:height\" content=\"150\" \/>\n\t<meta property=\"og:image:type\" content=\"image\/jpeg\" \/>\n<meta name=\"twitter:card\" content=\"summary_large_image\" \/>\n<script type=\"application\/ld+json\" class=\"yoast-schema-graph\">{\"@context\":\"https:\\\/\\\/schema.org\",\"@graph\":[{\"@type\":\"Article\",\"@id\":\"https:\\\/\\\/www.p31noticias.com.br\\\/?p=42130#article\",\"isPartOf\":{\"@id\":\"https:\\\/\\\/www.p31noticias.com.br\\\/?p=42130\"},\"author\":{\"name\":\"\",\"@id\":\"\"},\"headline\":\"Quase 30% das mortes por dengue no pa\u00eds foram registradas no DF\",\"datePublished\":\"2024-02-28T06:29:42+00:00\",\"mainEntityOfPage\":{\"@id\":\"https:\\\/\\\/www.p31noticias.com.br\\\/?p=42130\"},\"wordCount\":89,\"commentCount\":0,\"image\":{\"@id\":\"https:\\\/\\\/www.p31noticias.com.br\\\/?p=42130#primaryimage\"},\"thumbnailUrl\":\"https:\\\/\\\/www.p31noticias.com.br\\\/wp-content\\\/uploads\\\/2024\\\/02\\\/3-Cards_Galeria_de_Fotos-4-21-1024x683-Snngwq-150x150-88LQPV.jpeg\",\"articleSection\":[\"Bras\u00edlia\"],\"inLanguage\":\"pt-BR\",\"potentialAction\":[{\"@type\":\"CommentAction\",\"name\":\"Comment\",\"target\":[\"https:\\\/\\\/www.p31noticias.com.br\\\/?p=42130#respond\"]}],\"copyrightYear\":\"2024\",\"copyrightHolder\":{\"@id\":\"https:\\\/\\\/www.p31noticias.com.br\\\/#organization\"}},{\"@type\":\"WebPage\",\"@id\":\"https:\\\/\\\/www.p31noticias.com.br\\\/?p=42130\",\"url\":\"https:\\\/\\\/www.p31noticias.com.br\\\/?p=42130\",\"name\":\"Quase 30% das mortes por dengue no pa\u00eds foram registradas no DF - P31\",\"isPartOf\":{\"@id\":\"https:\\\/\\\/www.p31noticias.com.br\\\/#website\"},\"primaryImageOfPage\":{\"@id\":\"https:\\\/\\\/www.p31noticias.com.br\\\/?p=42130#primaryimage\"},\"image\":{\"@id\":\"https:\\\/\\\/www.p31noticias.com.br\\\/?p=42130#primaryimage\"},\"thumbnailUrl\":\"https:\\\/\\\/www.p31noticias.com.br\\\/wp-content\\\/uploads\\\/2024\\\/02\\\/3-Cards_Galeria_de_Fotos-4-21-1024x683-Snngwq-150x150-88LQPV.jpeg\",\"datePublished\":\"2024-02-28T06:29:42+00:00\",\"author\":{\"@id\":\"\"},\"breadcrumb\":{\"@id\":\"https:\\\/\\\/www.p31noticias.com.br\\\/?p=42130#breadcrumb\"},\"inLanguage\":\"pt-BR\",\"potentialAction\":[{\"@type\":\"ReadAction\",\"target\":[\"https:\\\/\\\/www.p31noticias.com.br\\\/?p=42130\"]}]},{\"@type\":\"ImageObject\",\"inLanguage\":\"pt-BR\",\"@id\":\"https:\\\/\\\/www.p31noticias.com.br\\\/?p=42130#primaryimage\",\"url\":\"https:\\\/\\\/www.p31noticias.com.br\\\/wp-content\\\/uploads\\\/2024\\\/02\\\/3-Cards_Galeria_de_Fotos-4-21-1024x683-Snngwq-150x150-88LQPV.jpeg\",\"contentUrl\":\"https:\\\/\\\/www.p31noticias.com.br\\\/wp-content\\\/uploads\\\/2024\\\/02\\\/3-Cards_Galeria_de_Fotos-4-21-1024x683-Snngwq-150x150-88LQPV.jpeg\",\"width\":150,\"height\":150},{\"@type\":\"BreadcrumbList\",\"@id\":\"https:\\\/\\\/www.p31noticias.com.br\\\/?p=42130#breadcrumb\",\"itemListElement\":[{\"@type\":\"ListItem\",\"position\":1,\"name\":\"In\u00edcio\",\"item\":\"https:\\\/\\\/www.p31noticias.com.br\\\/\"},{\"@type\":\"ListItem\",\"position\":2,\"name\":\"Quase 30% das mortes por dengue no pa\u00eds foram registradas no DF\"}]},{\"@type\":\"WebSite\",\"@id\":\"https:\\\/\\\/www.p31noticias.com.br\\\/#website\",\"url\":\"https:\\\/\\\/www.p31noticias.com.br\\\/\",\"name\":\"P31\",\"description\":\"NOT\u00cdCIAS\",\"potentialAction\":[{\"@type\":\"SearchAction\",\"target\":{\"@type\":\"EntryPoint\",\"urlTemplate\":\"https:\\\/\\\/www.p31noticias.com.br\\\/?s={search_term_string}\"},\"query-input\":{\"@type\":\"PropertyValueSpecification\",\"valueRequired\":true,\"valueName\":\"search_term_string\"}}],\"inLanguage\":\"pt-BR\"}]}<\/script>\n<!-- \/ Yoast SEO Premium plugin. -->","yoast_head_json":{"title":"Quase 30% das mortes por dengue no pa\u00eds foram registradas no DF - P31","robots":{"index":"index","follow":"follow","max-snippet":"max-snippet:-1","max-image-preview":"max-image-preview:large","max-video-preview":"max-video-preview:-1"},"canonical":"https:\/\/www.p31noticias.com.br\/?p=42130","og_locale":"pt_BR","og_type":"article","og_title":"Quase 30% das mortes por dengue no pa\u00eds foram registradas no DF","og_description":"At\u00e9 27 de fevereiro, o Brasil registrou 195 mortes causadas pela dengue. Desses \u00f3bitos, 55 foram notificados no Distrito Federal \u2014 valor equivalente a 28,2% do total. Os dados s\u00e3o do Minist\u00e9rio da Sa\u00fade. De acordo com o minist\u00e9rio, o DF tamb\u00e9m \u00e9 a Unidade da Federa\u00e7\u00e3o com a maior quantidade de mortes confirmadas pela [&hellip;]","og_url":"https:\/\/www.p31noticias.com.br\/?p=42130","og_site_name":"P31","article_published_time":"2024-02-28T06:29:42+00:00","og_image":[{"width":150,"height":150,"url":"https:\/\/www.p31noticias.com.br\/wp-content\/uploads\/2024\/02\/3-Cards_Galeria_de_Fotos-4-21-1024x683-Snngwq-150x150-88LQPV.jpeg","type":"image\/jpeg"}],"twitter_card":"summary_large_image","schema":{"@context":"https:\/\/schema.org","@graph":[{"@type":"Article","@id":"https:\/\/www.p31noticias.com.br\/?p=42130#article","isPartOf":{"@id":"https:\/\/www.p31noticias.com.br\/?p=42130"},"author":{"name":"","@id":""},"headline":"Quase 30% das mortes por dengue no pa\u00eds foram registradas no DF","datePublished":"2024-02-28T06:29:42+00:00","mainEntityOfPage":{"@id":"https:\/\/www.p31noticias.com.br\/?p=42130"},"wordCount":89,"commentCount":0,"image":{"@id":"https:\/\/www.p31noticias.com.br\/?p=42130#primaryimage"},"thumbnailUrl":"https:\/\/www.p31noticias.com.br\/wp-content\/uploads\/2024\/02\/3-Cards_Galeria_de_Fotos-4-21-1024x683-Snngwq-150x150-88LQPV.jpeg","articleSection":["Bras\u00edlia"],"inLanguage":"pt-BR","potentialAction":[{"@type":"CommentAction","name":"Comment","target":["https:\/\/www.p31noticias.com.br\/?p=42130#respond"]}],"copyrightYear":"2024","copyrightHolder":{"@id":"https:\/\/www.p31noticias.com.br\/#organization"}},{"@type":"WebPage","@id":"https:\/\/www.p31noticias.com.br\/?p=42130","url":"https:\/\/www.p31noticias.com.br\/?p=42130","name":"Quase 30% das mortes por dengue no pa\u00eds foram registradas no DF - P31","isPartOf":{"@id":"https:\/\/www.p31noticias.com.br\/#website"},"primaryImageOfPage":{"@id":"https:\/\/www.p31noticias.com.br\/?p=42130#primaryimage"},"image":{"@id":"https:\/\/www.p31noticias.com.br\/?p=42130#primaryimage"},"thumbnailUrl":"https:\/\/www.p31noticias.com.br\/wp-content\/uploads\/2024\/02\/3-Cards_Galeria_de_Fotos-4-21-1024x683-Snngwq-150x150-88LQPV.jpeg","datePublished":"2024-02-28T06:29:42+00:00","author":{"@id":""},"breadcrumb":{"@id":"https:\/\/www.p31noticias.com.br\/?p=42130#breadcrumb"},"inLanguage":"pt-BR","potentialAction":[{"@type":"ReadAction","target":["https:\/\/www.p31noticias.com.br\/?p=42130"]}]},{"@type":"ImageObject","inLanguage":"pt-BR","@id":"https:\/\/www.p31noticias.com.br\/?p=42130#primaryimage","url":"https:\/\/www.p31noticias.com.br\/wp-content\/uploads\/2024\/02\/3-Cards_Galeria_de_Fotos-4-21-1024x683-Snngwq-150x150-88LQPV.jpeg","contentUrl":"https:\/\/www.p31noticias.com.br\/wp-content\/uploads\/2024\/02\/3-Cards_Galeria_de_Fotos-4-21-1024x683-Snngwq-150x150-88LQPV.jpeg","width":150,"height":150},{"@type":"BreadcrumbList","@id":"https:\/\/www.p31noticias.com.br\/?p=42130#breadcrumb","itemListElement":[{"@type":"ListItem","position":1,"name":"In\u00edcio","item":"https:\/\/www.p31noticias.com.br\/"},{"@type":"ListItem","position":2,"name":"Quase 30% das mortes por dengue no pa\u00eds foram registradas no DF"}]},{"@type":"WebSite","@id":"https:\/\/www.p31noticias.com.br\/#website","url":"https:\/\/www.p31noticias.com.br\/","name":"P31","description":"NOT\u00cdCIAS","potentialAction":[{"@type":"SearchAction","target":{"@type":"EntryPoint","urlTemplate":"https:\/\/www.p31noticias.com.br\/?s={search_term_string}"},"query-input":{"@type":"PropertyValueSpecification","valueRequired":true,"valueName":"search_term_string"}}],"inLanguage":"pt-BR"}]}},"amp_enabled":true,"_links":{"self":[{"href":"https:\/\/www.p31noticias.com.br\/index.php?rest_route=\/wp\/v2\/posts\/42130","targetHints":{"allow":["GET"]}}],"collection":[{"href":"https:\/\/www.p31noticias.com.br\/index.php?rest_route=\/wp\/v2\/posts"}],"about":[{"href":"https:\/\/www.p31noticias.com.br\/index.php?rest_route=\/wp\/v2\/types\/post"}],"replies":[{"embeddable":true,"href":"https:\/\/www.p31noticias.com.br\/index.php?rest_route=%2Fwp%2Fv2%2Fcomments&post=42130"}],"version-history":[{"count":0,"href":"https:\/\/www.p31noticias.com.br\/index.php?rest_route=\/wp\/v2\/posts\/42130\/revisions"}],"wp:featuredmedia":[{"embeddable":true,"href":"https:\/\/www.p31noticias.com.br\/index.php?rest_route=\/wp\/v2\/media\/42131"}],"wp:attachment":[{"href":"https:\/\/www.p31noticias.com.br\/index.php?rest_route=%2Fwp%2Fv2%2Fmedia&parent=42130"}],"wp:term":[{"taxonomy":"category","embeddable":true,"href":"https:\/\/www.p31noticias.com.br\/index.php?rest_route=%2Fwp%2Fv2%2Fcategories&post=42130"},{"taxonomy":"post_tag","embeddable":true,"href":"https:\/\/www.p31noticias.com.br\/index.php?rest_route=%2Fwp%2Fv2%2Ftags&post=42130"}],"curies":[{"name":"wp","href":"https:\/\/api.w.org\/{rel}","templated":true}]}}