{"id":42075,"date":"2024-02-27T18:29:44","date_gmt":"2024-02-27T21:29:44","guid":{"rendered":"https:\/\/p31noticias.com.br\/reforma-transforma-campo-de-terra-de-planaltina-em-gramado-sintetico\/"},"modified":"2024-02-27T18:29:44","modified_gmt":"2024-02-27T21:29:44","slug":"reforma-transforma-campo-de-terra-de-planaltina-em-gramado-sintetico","status":"publish","type":"post","link":"https:\/\/www.p31noticias.com.br\/?p=42075","title":{"rendered":"Reforma transforma campo de terra de Planaltina em gramado sint\u00e9tico"},"content":{"rendered":"<p>A comunidade do N\u00facleo Rural da Taquara, em Planaltina, vai ganhar o primeiro campo de grama sint\u00e9tica da regi\u00e3o. Logo na entrada do bairro, o que antes era um campinho de barro promete se tornar mais uma op\u00e7\u00e3o de lazer e desporto para a regi\u00e3o. Para a constru\u00e7\u00e3o do espa\u00e7o, o Governo do Distrito Federal [\u2026]<\/p>\n<p>O post <a href=\"https:\/\/www.delioandrade.com.br\/reforma-transforma-campo-de-terra-de-planaltina-em-gramado-sintetico\/\">Reforma transforma campo de terra de Planaltina em gramado sint\u00e9tico<\/a> apareceu primeiro em <a href=\"https:\/\/www.delioandrade.com.br\/\">Blog do D\u00c9LIO ANDRADE<\/a>.<\/p>\n","protected":false},"excerpt":{"rendered":"<p>A comunidade do N\u00facleo Rural da Taquara, em Planaltina, vai ganhar o primeiro campo de grama sint\u00e9tica da regi\u00e3o. Logo na entrada do bairro, o que antes era um campinho de barro promete se tornar mais uma op\u00e7\u00e3o de lazer e desporto para a regi\u00e3o. Para a constru\u00e7\u00e3o do espa\u00e7o, o Governo do Distrito Federal [&hellip;]<\/p>\n","protected":false},"author":0,"featured_media":42076,"comment_status":"open","ping_status":"open","sticky":false,"template":"","format":"standard","meta":{"footnotes":""},"categories":[21],"tags":[],"class_list":{"0":"post-42075","1":"post","2":"type-post","3":"status-publish","4":"format-standard","5":"has-post-thumbnail","7":"category-brasilia"},"yoast_head":"<!-- This site is optimized with the Yoast SEO Premium plugin v24.5 (Yoast SEO v27.5) - https:\/\/yoast.com\/product\/yoast-seo-premium-wordpress\/ -->\n<title>Reforma transforma campo de terra de Planaltina em gramado sint\u00e9tico - P31<\/title>\n<meta name=\"robots\" content=\"index, follow, max-snippet:-1, max-image-preview:large, max-video-preview:-1\" \/>\n<link rel=\"canonical\" href=\"https:\/\/www.p31noticias.com.br\/?p=42075\" \/>\n<meta property=\"og:locale\" content=\"pt_BR\" \/>\n<meta property=\"og:type\" content=\"article\" \/>\n<meta property=\"og:title\" content=\"Reforma transforma campo de terra de Planaltina em gramado sint\u00e9tico\" \/>\n<meta property=\"og:description\" content=\"A comunidade do N\u00facleo Rural da Taquara, em Planaltina, vai ganhar o primeiro campo de grama sint\u00e9tica da regi\u00e3o. Logo na entrada do bairro, o que antes era um campinho de barro promete se tornar mais uma op\u00e7\u00e3o de lazer e desporto para a regi\u00e3o. Para a constru\u00e7\u00e3o do espa\u00e7o, o Governo do Distrito Federal [&hellip;]\" \/>\n<meta property=\"og:url\" content=\"https:\/\/www.p31noticias.com.br\/?p=42075\" \/>\n<meta property=\"og:site_name\" content=\"P31\" \/>\n<meta property=\"article:published_time\" content=\"2024-02-27T21:29:44+00:00\" \/>\n<meta property=\"og:image\" content=\"https:\/\/www.p31noticias.com.br\/wp-content\/uploads\/2024\/02\/CAPA-JRO_8791-Url2pU-150x150-6ydEUB.jpeg\" \/>\n\t<meta property=\"og:image:width\" content=\"150\" \/>\n\t<meta property=\"og:image:height\" content=\"150\" \/>\n\t<meta property=\"og:image:type\" content=\"image\/jpeg\" \/>\n<meta name=\"twitter:card\" content=\"summary_large_image\" \/>\n<script type=\"application\/ld+json\" class=\"yoast-schema-graph\">{\"@context\":\"https:\\\/\\\/schema.org\",\"@graph\":[{\"@type\":\"Article\",\"@id\":\"https:\\\/\\\/www.p31noticias.com.br\\\/?p=42075#article\",\"isPartOf\":{\"@id\":\"https:\\\/\\\/www.p31noticias.com.br\\\/?p=42075\"},\"author\":{\"name\":\"\",\"@id\":\"\"},\"headline\":\"Reforma transforma campo de terra de Planaltina em gramado sint\u00e9tico\",\"datePublished\":\"2024-02-27T21:29:44+00:00\",\"mainEntityOfPage\":{\"@id\":\"https:\\\/\\\/www.p31noticias.com.br\\\/?p=42075\"},\"wordCount\":94,\"commentCount\":0,\"image\":{\"@id\":\"https:\\\/\\\/www.p31noticias.com.br\\\/?p=42075#primaryimage\"},\"thumbnailUrl\":\"https:\\\/\\\/www.p31noticias.com.br\\\/wp-content\\\/uploads\\\/2024\\\/02\\\/CAPA-JRO_8791-Url2pU-150x150-6ydEUB.jpeg\",\"articleSection\":[\"Bras\u00edlia\"],\"inLanguage\":\"pt-BR\",\"potentialAction\":[{\"@type\":\"CommentAction\",\"name\":\"Comment\",\"target\":[\"https:\\\/\\\/www.p31noticias.com.br\\\/?p=42075#respond\"]}],\"copyrightYear\":\"2024\",\"copyrightHolder\":{\"@id\":\"https:\\\/\\\/www.p31noticias.com.br\\\/#organization\"}},{\"@type\":\"WebPage\",\"@id\":\"https:\\\/\\\/www.p31noticias.com.br\\\/?p=42075\",\"url\":\"https:\\\/\\\/www.p31noticias.com.br\\\/?p=42075\",\"name\":\"Reforma transforma campo de terra de Planaltina em gramado sint\u00e9tico - P31\",\"isPartOf\":{\"@id\":\"https:\\\/\\\/www.p31noticias.com.br\\\/#website\"},\"primaryImageOfPage\":{\"@id\":\"https:\\\/\\\/www.p31noticias.com.br\\\/?p=42075#primaryimage\"},\"image\":{\"@id\":\"https:\\\/\\\/www.p31noticias.com.br\\\/?p=42075#primaryimage\"},\"thumbnailUrl\":\"https:\\\/\\\/www.p31noticias.com.br\\\/wp-content\\\/uploads\\\/2024\\\/02\\\/CAPA-JRO_8791-Url2pU-150x150-6ydEUB.jpeg\",\"datePublished\":\"2024-02-27T21:29:44+00:00\",\"author\":{\"@id\":\"\"},\"breadcrumb\":{\"@id\":\"https:\\\/\\\/www.p31noticias.com.br\\\/?p=42075#breadcrumb\"},\"inLanguage\":\"pt-BR\",\"potentialAction\":[{\"@type\":\"ReadAction\",\"target\":[\"https:\\\/\\\/www.p31noticias.com.br\\\/?p=42075\"]}]},{\"@type\":\"ImageObject\",\"inLanguage\":\"pt-BR\",\"@id\":\"https:\\\/\\\/www.p31noticias.com.br\\\/?p=42075#primaryimage\",\"url\":\"https:\\\/\\\/www.p31noticias.com.br\\\/wp-content\\\/uploads\\\/2024\\\/02\\\/CAPA-JRO_8791-Url2pU-150x150-6ydEUB.jpeg\",\"contentUrl\":\"https:\\\/\\\/www.p31noticias.com.br\\\/wp-content\\\/uploads\\\/2024\\\/02\\\/CAPA-JRO_8791-Url2pU-150x150-6ydEUB.jpeg\",\"width\":150,\"height\":150},{\"@type\":\"BreadcrumbList\",\"@id\":\"https:\\\/\\\/www.p31noticias.com.br\\\/?p=42075#breadcrumb\",\"itemListElement\":[{\"@type\":\"ListItem\",\"position\":1,\"name\":\"In\u00edcio\",\"item\":\"https:\\\/\\\/www.p31noticias.com.br\\\/\"},{\"@type\":\"ListItem\",\"position\":2,\"name\":\"Reforma transforma campo de terra de Planaltina em gramado sint\u00e9tico\"}]},{\"@type\":\"WebSite\",\"@id\":\"https:\\\/\\\/www.p31noticias.com.br\\\/#website\",\"url\":\"https:\\\/\\\/www.p31noticias.com.br\\\/\",\"name\":\"P31\",\"description\":\"NOT\u00cdCIAS\",\"potentialAction\":[{\"@type\":\"SearchAction\",\"target\":{\"@type\":\"EntryPoint\",\"urlTemplate\":\"https:\\\/\\\/www.p31noticias.com.br\\\/?s={search_term_string}\"},\"query-input\":{\"@type\":\"PropertyValueSpecification\",\"valueRequired\":true,\"valueName\":\"search_term_string\"}}],\"inLanguage\":\"pt-BR\"}]}<\/script>\n<!-- \/ Yoast SEO Premium plugin. -->","yoast_head_json":{"title":"Reforma transforma campo de terra de Planaltina em gramado sint\u00e9tico - P31","robots":{"index":"index","follow":"follow","max-snippet":"max-snippet:-1","max-image-preview":"max-image-preview:large","max-video-preview":"max-video-preview:-1"},"canonical":"https:\/\/www.p31noticias.com.br\/?p=42075","og_locale":"pt_BR","og_type":"article","og_title":"Reforma transforma campo de terra de Planaltina em gramado sint\u00e9tico","og_description":"A comunidade do N\u00facleo Rural da Taquara, em Planaltina, vai ganhar o primeiro campo de grama sint\u00e9tica da regi\u00e3o. Logo na entrada do bairro, o que antes era um campinho de barro promete se tornar mais uma op\u00e7\u00e3o de lazer e desporto para a regi\u00e3o. Para a constru\u00e7\u00e3o do espa\u00e7o, o Governo do Distrito Federal [&hellip;]","og_url":"https:\/\/www.p31noticias.com.br\/?p=42075","og_site_name":"P31","article_published_time":"2024-02-27T21:29:44+00:00","og_image":[{"width":150,"height":150,"url":"https:\/\/www.p31noticias.com.br\/wp-content\/uploads\/2024\/02\/CAPA-JRO_8791-Url2pU-150x150-6ydEUB.jpeg","type":"image\/jpeg"}],"twitter_card":"summary_large_image","schema":{"@context":"https:\/\/schema.org","@graph":[{"@type":"Article","@id":"https:\/\/www.p31noticias.com.br\/?p=42075#article","isPartOf":{"@id":"https:\/\/www.p31noticias.com.br\/?p=42075"},"author":{"name":"","@id":""},"headline":"Reforma transforma campo de terra de Planaltina em gramado sint\u00e9tico","datePublished":"2024-02-27T21:29:44+00:00","mainEntityOfPage":{"@id":"https:\/\/www.p31noticias.com.br\/?p=42075"},"wordCount":94,"commentCount":0,"image":{"@id":"https:\/\/www.p31noticias.com.br\/?p=42075#primaryimage"},"thumbnailUrl":"https:\/\/www.p31noticias.com.br\/wp-content\/uploads\/2024\/02\/CAPA-JRO_8791-Url2pU-150x150-6ydEUB.jpeg","articleSection":["Bras\u00edlia"],"inLanguage":"pt-BR","potentialAction":[{"@type":"CommentAction","name":"Comment","target":["https:\/\/www.p31noticias.com.br\/?p=42075#respond"]}],"copyrightYear":"2024","copyrightHolder":{"@id":"https:\/\/www.p31noticias.com.br\/#organization"}},{"@type":"WebPage","@id":"https:\/\/www.p31noticias.com.br\/?p=42075","url":"https:\/\/www.p31noticias.com.br\/?p=42075","name":"Reforma transforma campo de terra de Planaltina em gramado sint\u00e9tico - P31","isPartOf":{"@id":"https:\/\/www.p31noticias.com.br\/#website"},"primaryImageOfPage":{"@id":"https:\/\/www.p31noticias.com.br\/?p=42075#primaryimage"},"image":{"@id":"https:\/\/www.p31noticias.com.br\/?p=42075#primaryimage"},"thumbnailUrl":"https:\/\/www.p31noticias.com.br\/wp-content\/uploads\/2024\/02\/CAPA-JRO_8791-Url2pU-150x150-6ydEUB.jpeg","datePublished":"2024-02-27T21:29:44+00:00","author":{"@id":""},"breadcrumb":{"@id":"https:\/\/www.p31noticias.com.br\/?p=42075#breadcrumb"},"inLanguage":"pt-BR","potentialAction":[{"@type":"ReadAction","target":["https:\/\/www.p31noticias.com.br\/?p=42075"]}]},{"@type":"ImageObject","inLanguage":"pt-BR","@id":"https:\/\/www.p31noticias.com.br\/?p=42075#primaryimage","url":"https:\/\/www.p31noticias.com.br\/wp-content\/uploads\/2024\/02\/CAPA-JRO_8791-Url2pU-150x150-6ydEUB.jpeg","contentUrl":"https:\/\/www.p31noticias.com.br\/wp-content\/uploads\/2024\/02\/CAPA-JRO_8791-Url2pU-150x150-6ydEUB.jpeg","width":150,"height":150},{"@type":"BreadcrumbList","@id":"https:\/\/www.p31noticias.com.br\/?p=42075#breadcrumb","itemListElement":[{"@type":"ListItem","position":1,"name":"In\u00edcio","item":"https:\/\/www.p31noticias.com.br\/"},{"@type":"ListItem","position":2,"name":"Reforma transforma campo de terra de Planaltina em gramado sint\u00e9tico"}]},{"@type":"WebSite","@id":"https:\/\/www.p31noticias.com.br\/#website","url":"https:\/\/www.p31noticias.com.br\/","name":"P31","description":"NOT\u00cdCIAS","potentialAction":[{"@type":"SearchAction","target":{"@type":"EntryPoint","urlTemplate":"https:\/\/www.p31noticias.com.br\/?s={search_term_string}"},"query-input":{"@type":"PropertyValueSpecification","valueRequired":true,"valueName":"search_term_string"}}],"inLanguage":"pt-BR"}]}},"amp_enabled":true,"_links":{"self":[{"href":"https:\/\/www.p31noticias.com.br\/index.php?rest_route=\/wp\/v2\/posts\/42075","targetHints":{"allow":["GET"]}}],"collection":[{"href":"https:\/\/www.p31noticias.com.br\/index.php?rest_route=\/wp\/v2\/posts"}],"about":[{"href":"https:\/\/www.p31noticias.com.br\/index.php?rest_route=\/wp\/v2\/types\/post"}],"replies":[{"embeddable":true,"href":"https:\/\/www.p31noticias.com.br\/index.php?rest_route=%2Fwp%2Fv2%2Fcomments&post=42075"}],"version-history":[{"count":0,"href":"https:\/\/www.p31noticias.com.br\/index.php?rest_route=\/wp\/v2\/posts\/42075\/revisions"}],"wp:featuredmedia":[{"embeddable":true,"href":"https:\/\/www.p31noticias.com.br\/index.php?rest_route=\/wp\/v2\/media\/42076"}],"wp:attachment":[{"href":"https:\/\/www.p31noticias.com.br\/index.php?rest_route=%2Fwp%2Fv2%2Fmedia&parent=42075"}],"wp:term":[{"taxonomy":"category","embeddable":true,"href":"https:\/\/www.p31noticias.com.br\/index.php?rest_route=%2Fwp%2Fv2%2Fcategories&post=42075"},{"taxonomy":"post_tag","embeddable":true,"href":"https:\/\/www.p31noticias.com.br\/index.php?rest_route=%2Fwp%2Fv2%2Ftags&post=42075"}],"curies":[{"name":"wp","href":"https:\/\/api.w.org\/{rel}","templated":true}]}}