{"id":42067,"date":"2024-02-27T18:29:41","date_gmt":"2024-02-27T21:29:41","guid":{"rendered":"https:\/\/p31noticias.com.br\/mais-500-contemplados-para-cadastro-reserva-do-renovadf\/"},"modified":"2024-02-27T18:29:41","modified_gmt":"2024-02-27T21:29:41","slug":"mais-500-contemplados-para-cadastro-reserva-do-renovadf","status":"publish","type":"post","link":"https:\/\/www.p31noticias.com.br\/?p=42067","title":{"rendered":"Mais 500 contemplados para cadastro reserva do RenovaDF"},"content":{"rendered":"<p>O Governo do Distrito Federal (GDF), por interm\u00e9dio da Secretaria de Desenvolvimento Econ\u00f4mico, Trabalho e Renda (Sedet-DF), anunciou nesta ter\u00e7a-feira (27), em seu site, uma lista contendo 500 nomes de candidatos contemplados em cadastro reserva para as vagas do curso de qualifica\u00e7\u00e3o profissional RenovaDF, primeiro ciclo de 2024. Os selecionados devem comparecer a uma das [\u2026]<\/p>\n<p>O post <a href=\"https:\/\/www.delioandrade.com.br\/mais-500-contemplados-para-cadastro-reserva-do-renovadf\/\">Mais 500 contemplados para cadastro reserva do RenovaDF<\/a> apareceu primeiro em <a href=\"https:\/\/www.delioandrade.com.br\/\">Blog do D\u00c9LIO ANDRADE<\/a>.<\/p>\n","protected":false},"excerpt":{"rendered":"<p>O Governo do Distrito Federal (GDF), por interm\u00e9dio da Secretaria de Desenvolvimento Econ\u00f4mico, Trabalho e Renda (Sedet-DF), anunciou nesta ter\u00e7a-feira (27), em seu site, uma lista contendo 500 nomes de candidatos contemplados em cadastro reserva para as vagas do curso de qualifica\u00e7\u00e3o profissional RenovaDF, primeiro ciclo de 2024. Os selecionados devem comparecer a uma das [&hellip;]<\/p>\n","protected":false},"author":0,"featured_media":42068,"comment_status":"open","ping_status":"open","sticky":false,"template":"","format":"standard","meta":{"footnotes":""},"categories":[21],"tags":[],"class_list":{"0":"post-42067","1":"post","2":"type-post","3":"status-publish","4":"format-standard","5":"has-post-thumbnail","7":"category-brasilia"},"yoast_head":"<!-- This site is optimized with the Yoast SEO Premium plugin v24.5 (Yoast SEO v27.5) - https:\/\/yoast.com\/product\/yoast-seo-premium-wordpress\/ -->\n<title>Mais 500 contemplados para cadastro reserva do RenovaDF - P31<\/title>\n<meta name=\"robots\" content=\"index, follow, max-snippet:-1, max-image-preview:large, max-video-preview:-1\" \/>\n<link rel=\"canonical\" href=\"https:\/\/www.p31noticias.com.br\/?p=42067\" \/>\n<meta property=\"og:locale\" content=\"pt_BR\" \/>\n<meta property=\"og:type\" content=\"article\" \/>\n<meta property=\"og:title\" content=\"Mais 500 contemplados para cadastro reserva do RenovaDF\" \/>\n<meta property=\"og:description\" content=\"O Governo do Distrito Federal (GDF), por interm\u00e9dio da Secretaria de Desenvolvimento Econ\u00f4mico, Trabalho e Renda (Sedet-DF), anunciou nesta ter\u00e7a-feira (27), em seu site, uma lista contendo 500 nomes de candidatos contemplados em cadastro reserva para as vagas do curso de qualifica\u00e7\u00e3o profissional RenovaDF, primeiro ciclo de 2024. Os selecionados devem comparecer a uma das [&hellip;]\" \/>\n<meta property=\"og:url\" content=\"https:\/\/www.p31noticias.com.br\/?p=42067\" \/>\n<meta property=\"og:site_name\" content=\"P31\" \/>\n<meta property=\"article:published_time\" content=\"2024-02-27T21:29:41+00:00\" \/>\n<meta property=\"og:image\" content=\"https:\/\/www.p31noticias.com.br\/wp-content\/uploads\/2024\/02\/29.4.-RenovaDF.-Foto-Joel-Rodrigues-Agencia-Brasilia2-B7Gw7Q-150x150-gwzkXw.jpeg\" \/>\n\t<meta property=\"og:image:width\" content=\"150\" \/>\n\t<meta property=\"og:image:height\" content=\"150\" \/>\n\t<meta property=\"og:image:type\" content=\"image\/jpeg\" \/>\n<meta name=\"twitter:card\" content=\"summary_large_image\" \/>\n<script type=\"application\/ld+json\" class=\"yoast-schema-graph\">{\"@context\":\"https:\\\/\\\/schema.org\",\"@graph\":[{\"@type\":\"Article\",\"@id\":\"https:\\\/\\\/www.p31noticias.com.br\\\/?p=42067#article\",\"isPartOf\":{\"@id\":\"https:\\\/\\\/www.p31noticias.com.br\\\/?p=42067\"},\"author\":{\"name\":\"\",\"@id\":\"\"},\"headline\":\"Mais 500 contemplados para cadastro reserva do RenovaDF\",\"datePublished\":\"2024-02-27T21:29:41+00:00\",\"mainEntityOfPage\":{\"@id\":\"https:\\\/\\\/www.p31noticias.com.br\\\/?p=42067\"},\"wordCount\":80,\"commentCount\":0,\"image\":{\"@id\":\"https:\\\/\\\/www.p31noticias.com.br\\\/?p=42067#primaryimage\"},\"thumbnailUrl\":\"https:\\\/\\\/www.p31noticias.com.br\\\/wp-content\\\/uploads\\\/2024\\\/02\\\/29.4.-RenovaDF.-Foto-Joel-Rodrigues-Agencia-Brasilia2-B7Gw7Q-150x150-gwzkXw.jpeg\",\"articleSection\":[\"Bras\u00edlia\"],\"inLanguage\":\"pt-BR\",\"potentialAction\":[{\"@type\":\"CommentAction\",\"name\":\"Comment\",\"target\":[\"https:\\\/\\\/www.p31noticias.com.br\\\/?p=42067#respond\"]}],\"copyrightYear\":\"2024\",\"copyrightHolder\":{\"@id\":\"https:\\\/\\\/www.p31noticias.com.br\\\/#organization\"}},{\"@type\":\"WebPage\",\"@id\":\"https:\\\/\\\/www.p31noticias.com.br\\\/?p=42067\",\"url\":\"https:\\\/\\\/www.p31noticias.com.br\\\/?p=42067\",\"name\":\"Mais 500 contemplados para cadastro reserva do RenovaDF - P31\",\"isPartOf\":{\"@id\":\"https:\\\/\\\/www.p31noticias.com.br\\\/#website\"},\"primaryImageOfPage\":{\"@id\":\"https:\\\/\\\/www.p31noticias.com.br\\\/?p=42067#primaryimage\"},\"image\":{\"@id\":\"https:\\\/\\\/www.p31noticias.com.br\\\/?p=42067#primaryimage\"},\"thumbnailUrl\":\"https:\\\/\\\/www.p31noticias.com.br\\\/wp-content\\\/uploads\\\/2024\\\/02\\\/29.4.-RenovaDF.-Foto-Joel-Rodrigues-Agencia-Brasilia2-B7Gw7Q-150x150-gwzkXw.jpeg\",\"datePublished\":\"2024-02-27T21:29:41+00:00\",\"author\":{\"@id\":\"\"},\"breadcrumb\":{\"@id\":\"https:\\\/\\\/www.p31noticias.com.br\\\/?p=42067#breadcrumb\"},\"inLanguage\":\"pt-BR\",\"potentialAction\":[{\"@type\":\"ReadAction\",\"target\":[\"https:\\\/\\\/www.p31noticias.com.br\\\/?p=42067\"]}]},{\"@type\":\"ImageObject\",\"inLanguage\":\"pt-BR\",\"@id\":\"https:\\\/\\\/www.p31noticias.com.br\\\/?p=42067#primaryimage\",\"url\":\"https:\\\/\\\/www.p31noticias.com.br\\\/wp-content\\\/uploads\\\/2024\\\/02\\\/29.4.-RenovaDF.-Foto-Joel-Rodrigues-Agencia-Brasilia2-B7Gw7Q-150x150-gwzkXw.jpeg\",\"contentUrl\":\"https:\\\/\\\/www.p31noticias.com.br\\\/wp-content\\\/uploads\\\/2024\\\/02\\\/29.4.-RenovaDF.-Foto-Joel-Rodrigues-Agencia-Brasilia2-B7Gw7Q-150x150-gwzkXw.jpeg\",\"width\":150,\"height\":150},{\"@type\":\"BreadcrumbList\",\"@id\":\"https:\\\/\\\/www.p31noticias.com.br\\\/?p=42067#breadcrumb\",\"itemListElement\":[{\"@type\":\"ListItem\",\"position\":1,\"name\":\"In\u00edcio\",\"item\":\"https:\\\/\\\/www.p31noticias.com.br\\\/\"},{\"@type\":\"ListItem\",\"position\":2,\"name\":\"Mais 500 contemplados para cadastro reserva do RenovaDF\"}]},{\"@type\":\"WebSite\",\"@id\":\"https:\\\/\\\/www.p31noticias.com.br\\\/#website\",\"url\":\"https:\\\/\\\/www.p31noticias.com.br\\\/\",\"name\":\"P31\",\"description\":\"NOT\u00cdCIAS\",\"potentialAction\":[{\"@type\":\"SearchAction\",\"target\":{\"@type\":\"EntryPoint\",\"urlTemplate\":\"https:\\\/\\\/www.p31noticias.com.br\\\/?s={search_term_string}\"},\"query-input\":{\"@type\":\"PropertyValueSpecification\",\"valueRequired\":true,\"valueName\":\"search_term_string\"}}],\"inLanguage\":\"pt-BR\"}]}<\/script>\n<!-- \/ Yoast SEO Premium plugin. -->","yoast_head_json":{"title":"Mais 500 contemplados para cadastro reserva do RenovaDF - P31","robots":{"index":"index","follow":"follow","max-snippet":"max-snippet:-1","max-image-preview":"max-image-preview:large","max-video-preview":"max-video-preview:-1"},"canonical":"https:\/\/www.p31noticias.com.br\/?p=42067","og_locale":"pt_BR","og_type":"article","og_title":"Mais 500 contemplados para cadastro reserva do RenovaDF","og_description":"O Governo do Distrito Federal (GDF), por interm\u00e9dio da Secretaria de Desenvolvimento Econ\u00f4mico, Trabalho e Renda (Sedet-DF), anunciou nesta ter\u00e7a-feira (27), em seu site, uma lista contendo 500 nomes de candidatos contemplados em cadastro reserva para as vagas do curso de qualifica\u00e7\u00e3o profissional RenovaDF, primeiro ciclo de 2024. Os selecionados devem comparecer a uma das [&hellip;]","og_url":"https:\/\/www.p31noticias.com.br\/?p=42067","og_site_name":"P31","article_published_time":"2024-02-27T21:29:41+00:00","og_image":[{"width":150,"height":150,"url":"https:\/\/www.p31noticias.com.br\/wp-content\/uploads\/2024\/02\/29.4.-RenovaDF.-Foto-Joel-Rodrigues-Agencia-Brasilia2-B7Gw7Q-150x150-gwzkXw.jpeg","type":"image\/jpeg"}],"twitter_card":"summary_large_image","schema":{"@context":"https:\/\/schema.org","@graph":[{"@type":"Article","@id":"https:\/\/www.p31noticias.com.br\/?p=42067#article","isPartOf":{"@id":"https:\/\/www.p31noticias.com.br\/?p=42067"},"author":{"name":"","@id":""},"headline":"Mais 500 contemplados para cadastro reserva do RenovaDF","datePublished":"2024-02-27T21:29:41+00:00","mainEntityOfPage":{"@id":"https:\/\/www.p31noticias.com.br\/?p=42067"},"wordCount":80,"commentCount":0,"image":{"@id":"https:\/\/www.p31noticias.com.br\/?p=42067#primaryimage"},"thumbnailUrl":"https:\/\/www.p31noticias.com.br\/wp-content\/uploads\/2024\/02\/29.4.-RenovaDF.-Foto-Joel-Rodrigues-Agencia-Brasilia2-B7Gw7Q-150x150-gwzkXw.jpeg","articleSection":["Bras\u00edlia"],"inLanguage":"pt-BR","potentialAction":[{"@type":"CommentAction","name":"Comment","target":["https:\/\/www.p31noticias.com.br\/?p=42067#respond"]}],"copyrightYear":"2024","copyrightHolder":{"@id":"https:\/\/www.p31noticias.com.br\/#organization"}},{"@type":"WebPage","@id":"https:\/\/www.p31noticias.com.br\/?p=42067","url":"https:\/\/www.p31noticias.com.br\/?p=42067","name":"Mais 500 contemplados para cadastro reserva do RenovaDF - P31","isPartOf":{"@id":"https:\/\/www.p31noticias.com.br\/#website"},"primaryImageOfPage":{"@id":"https:\/\/www.p31noticias.com.br\/?p=42067#primaryimage"},"image":{"@id":"https:\/\/www.p31noticias.com.br\/?p=42067#primaryimage"},"thumbnailUrl":"https:\/\/www.p31noticias.com.br\/wp-content\/uploads\/2024\/02\/29.4.-RenovaDF.-Foto-Joel-Rodrigues-Agencia-Brasilia2-B7Gw7Q-150x150-gwzkXw.jpeg","datePublished":"2024-02-27T21:29:41+00:00","author":{"@id":""},"breadcrumb":{"@id":"https:\/\/www.p31noticias.com.br\/?p=42067#breadcrumb"},"inLanguage":"pt-BR","potentialAction":[{"@type":"ReadAction","target":["https:\/\/www.p31noticias.com.br\/?p=42067"]}]},{"@type":"ImageObject","inLanguage":"pt-BR","@id":"https:\/\/www.p31noticias.com.br\/?p=42067#primaryimage","url":"https:\/\/www.p31noticias.com.br\/wp-content\/uploads\/2024\/02\/29.4.-RenovaDF.-Foto-Joel-Rodrigues-Agencia-Brasilia2-B7Gw7Q-150x150-gwzkXw.jpeg","contentUrl":"https:\/\/www.p31noticias.com.br\/wp-content\/uploads\/2024\/02\/29.4.-RenovaDF.-Foto-Joel-Rodrigues-Agencia-Brasilia2-B7Gw7Q-150x150-gwzkXw.jpeg","width":150,"height":150},{"@type":"BreadcrumbList","@id":"https:\/\/www.p31noticias.com.br\/?p=42067#breadcrumb","itemListElement":[{"@type":"ListItem","position":1,"name":"In\u00edcio","item":"https:\/\/www.p31noticias.com.br\/"},{"@type":"ListItem","position":2,"name":"Mais 500 contemplados para cadastro reserva do RenovaDF"}]},{"@type":"WebSite","@id":"https:\/\/www.p31noticias.com.br\/#website","url":"https:\/\/www.p31noticias.com.br\/","name":"P31","description":"NOT\u00cdCIAS","potentialAction":[{"@type":"SearchAction","target":{"@type":"EntryPoint","urlTemplate":"https:\/\/www.p31noticias.com.br\/?s={search_term_string}"},"query-input":{"@type":"PropertyValueSpecification","valueRequired":true,"valueName":"search_term_string"}}],"inLanguage":"pt-BR"}]}},"amp_enabled":true,"_links":{"self":[{"href":"https:\/\/www.p31noticias.com.br\/index.php?rest_route=\/wp\/v2\/posts\/42067","targetHints":{"allow":["GET"]}}],"collection":[{"href":"https:\/\/www.p31noticias.com.br\/index.php?rest_route=\/wp\/v2\/posts"}],"about":[{"href":"https:\/\/www.p31noticias.com.br\/index.php?rest_route=\/wp\/v2\/types\/post"}],"replies":[{"embeddable":true,"href":"https:\/\/www.p31noticias.com.br\/index.php?rest_route=%2Fwp%2Fv2%2Fcomments&post=42067"}],"version-history":[{"count":0,"href":"https:\/\/www.p31noticias.com.br\/index.php?rest_route=\/wp\/v2\/posts\/42067\/revisions"}],"wp:featuredmedia":[{"embeddable":true,"href":"https:\/\/www.p31noticias.com.br\/index.php?rest_route=\/wp\/v2\/media\/42068"}],"wp:attachment":[{"href":"https:\/\/www.p31noticias.com.br\/index.php?rest_route=%2Fwp%2Fv2%2Fmedia&parent=42067"}],"wp:term":[{"taxonomy":"category","embeddable":true,"href":"https:\/\/www.p31noticias.com.br\/index.php?rest_route=%2Fwp%2Fv2%2Fcategories&post=42067"},{"taxonomy":"post_tag","embeddable":true,"href":"https:\/\/www.p31noticias.com.br\/index.php?rest_route=%2Fwp%2Fv2%2Ftags&post=42067"}],"curies":[{"name":"wp","href":"https:\/\/api.w.org\/{rel}","templated":true}]}}