{"id":41976,"date":"2024-02-26T23:32:22","date_gmt":"2024-02-27T02:32:22","guid":{"rendered":"https:\/\/p31noticias.com.br\/lula-queremos-garantir-funcao-social-para-imoveis-ociosos-do-governo\/"},"modified":"2024-02-26T23:32:22","modified_gmt":"2024-02-27T02:32:22","slug":"lula-queremos-garantir-funcao-social-para-imoveis-ociosos-do-governo","status":"publish","type":"post","link":"https:\/\/www.p31noticias.com.br\/?p=41976","title":{"rendered":"Lula: queremos garantir fun\u00e7\u00e3o social para im\u00f3veis ociosos do governo"},"content":{"rendered":"<p>\u00a0 O objetivo do programa Im\u00f3vel da Gente \u00e9 beneficiar a popula\u00e7\u00e3o com a entrega estrat\u00e9gica de im\u00f3veis para pol\u00edticas p\u00fablicas priorit\u00e1rias \u00a0 O presidente Lula e a ministra Esther Dweck durante o lan\u00e7amento do programa Im\u00f3vel da Gente, nesta segunda-feira, 26 de fevereiro, no Pal\u00e1cio do Planalto \u2013 Foto: Ricardo Stuckert\/PR \u00a0 \u201cEsse programa [\u2026]<\/p>\n<p>O post <a href=\"https:\/\/www.delioandrade.com.br\/lula-queremos-garantir-funcao-social-para-imoveis-ociosos-do-governo\/\">Lula: queremos garantir fun\u00e7\u00e3o social para im\u00f3veis ociosos do governo<\/a> apareceu primeiro em <a href=\"https:\/\/www.delioandrade.com.br\/\">Blog do D\u00c9LIO ANDRADE<\/a>.<\/p>\n","protected":false},"excerpt":{"rendered":"<p>\u00a0 O objetivo do programa Im\u00f3vel da Gente \u00e9 beneficiar a popula\u00e7\u00e3o com a entrega estrat\u00e9gica de im\u00f3veis para pol\u00edticas p\u00fablicas priorit\u00e1rias \u00a0 O presidente Lula e a ministra Esther Dweck durante o lan\u00e7amento do programa Im\u00f3vel da Gente, nesta segunda-feira, 26 de fevereiro, no Pal\u00e1cio do Planalto \u2013 Foto: Ricardo Stuckert\/PR \u00a0 \u201cEsse programa [&hellip;]<\/p>\n","protected":false},"author":0,"featured_media":41977,"comment_status":"open","ping_status":"open","sticky":false,"template":"","format":"standard","meta":{"footnotes":""},"categories":[21],"tags":[],"class_list":{"0":"post-41976","1":"post","2":"type-post","3":"status-publish","4":"format-standard","5":"has-post-thumbnail","7":"category-brasilia"},"yoast_head":"<!-- This site is optimized with the Yoast SEO Premium plugin v24.5 (Yoast SEO v27.5) - https:\/\/yoast.com\/product\/yoast-seo-premium-wordpress\/ -->\n<title>Lula: queremos garantir fun\u00e7\u00e3o social para im\u00f3veis ociosos do governo - P31<\/title>\n<meta name=\"robots\" content=\"index, follow, max-snippet:-1, max-image-preview:large, max-video-preview:-1\" \/>\n<link rel=\"canonical\" href=\"https:\/\/www.p31noticias.com.br\/?p=41976\" \/>\n<meta property=\"og:locale\" content=\"pt_BR\" \/>\n<meta property=\"og:type\" content=\"article\" \/>\n<meta property=\"og:title\" content=\"Lula: queremos garantir fun\u00e7\u00e3o social para im\u00f3veis ociosos do governo\" \/>\n<meta property=\"og:description\" content=\"\u00a0 O objetivo do programa Im\u00f3vel da Gente \u00e9 beneficiar a popula\u00e7\u00e3o com a entrega estrat\u00e9gica de im\u00f3veis para pol\u00edticas p\u00fablicas priorit\u00e1rias \u00a0 O presidente Lula e a ministra Esther Dweck durante o lan\u00e7amento do programa Im\u00f3vel da Gente, nesta segunda-feira, 26 de fevereiro, no Pal\u00e1cio do Planalto \u2013 Foto: Ricardo Stuckert\/PR \u00a0 \u201cEsse programa [&hellip;]\" \/>\n<meta property=\"og:url\" content=\"https:\/\/www.p31noticias.com.br\/?p=41976\" \/>\n<meta property=\"og:site_name\" content=\"P31\" \/>\n<meta property=\"article:published_time\" content=\"2024-02-27T02:32:22+00:00\" \/>\n<meta property=\"og:image\" content=\"https:\/\/www.p31noticias.com.br\/wp-content\/uploads\/2024\/02\/imoveisLula-150x150-Zsrjty-AP2BEn.jpeg\" \/>\n\t<meta property=\"og:image:width\" content=\"150\" \/>\n\t<meta property=\"og:image:height\" content=\"150\" \/>\n\t<meta property=\"og:image:type\" content=\"image\/jpeg\" \/>\n<meta name=\"twitter:card\" content=\"summary_large_image\" \/>\n<script type=\"application\/ld+json\" class=\"yoast-schema-graph\">{\"@context\":\"https:\\\/\\\/schema.org\",\"@graph\":[{\"@type\":\"Article\",\"@id\":\"https:\\\/\\\/www.p31noticias.com.br\\\/?p=41976#article\",\"isPartOf\":{\"@id\":\"https:\\\/\\\/www.p31noticias.com.br\\\/?p=41976\"},\"author\":{\"name\":\"\",\"@id\":\"\"},\"headline\":\"Lula: queremos garantir fun\u00e7\u00e3o social para im\u00f3veis ociosos do governo\",\"datePublished\":\"2024-02-27T02:32:22+00:00\",\"mainEntityOfPage\":{\"@id\":\"https:\\\/\\\/www.p31noticias.com.br\\\/?p=41976\"},\"wordCount\":94,\"commentCount\":0,\"image\":{\"@id\":\"https:\\\/\\\/www.p31noticias.com.br\\\/?p=41976#primaryimage\"},\"thumbnailUrl\":\"https:\\\/\\\/www.p31noticias.com.br\\\/wp-content\\\/uploads\\\/2024\\\/02\\\/imoveisLula-150x150-Zsrjty-AP2BEn.jpeg\",\"articleSection\":[\"Bras\u00edlia\"],\"inLanguage\":\"pt-BR\",\"potentialAction\":[{\"@type\":\"CommentAction\",\"name\":\"Comment\",\"target\":[\"https:\\\/\\\/www.p31noticias.com.br\\\/?p=41976#respond\"]}],\"copyrightYear\":\"2024\",\"copyrightHolder\":{\"@id\":\"https:\\\/\\\/www.p31noticias.com.br\\\/#organization\"}},{\"@type\":\"WebPage\",\"@id\":\"https:\\\/\\\/www.p31noticias.com.br\\\/?p=41976\",\"url\":\"https:\\\/\\\/www.p31noticias.com.br\\\/?p=41976\",\"name\":\"Lula: queremos garantir fun\u00e7\u00e3o social para im\u00f3veis ociosos do governo - P31\",\"isPartOf\":{\"@id\":\"https:\\\/\\\/www.p31noticias.com.br\\\/#website\"},\"primaryImageOfPage\":{\"@id\":\"https:\\\/\\\/www.p31noticias.com.br\\\/?p=41976#primaryimage\"},\"image\":{\"@id\":\"https:\\\/\\\/www.p31noticias.com.br\\\/?p=41976#primaryimage\"},\"thumbnailUrl\":\"https:\\\/\\\/www.p31noticias.com.br\\\/wp-content\\\/uploads\\\/2024\\\/02\\\/imoveisLula-150x150-Zsrjty-AP2BEn.jpeg\",\"datePublished\":\"2024-02-27T02:32:22+00:00\",\"author\":{\"@id\":\"\"},\"breadcrumb\":{\"@id\":\"https:\\\/\\\/www.p31noticias.com.br\\\/?p=41976#breadcrumb\"},\"inLanguage\":\"pt-BR\",\"potentialAction\":[{\"@type\":\"ReadAction\",\"target\":[\"https:\\\/\\\/www.p31noticias.com.br\\\/?p=41976\"]}]},{\"@type\":\"ImageObject\",\"inLanguage\":\"pt-BR\",\"@id\":\"https:\\\/\\\/www.p31noticias.com.br\\\/?p=41976#primaryimage\",\"url\":\"https:\\\/\\\/www.p31noticias.com.br\\\/wp-content\\\/uploads\\\/2024\\\/02\\\/imoveisLula-150x150-Zsrjty-AP2BEn.jpeg\",\"contentUrl\":\"https:\\\/\\\/www.p31noticias.com.br\\\/wp-content\\\/uploads\\\/2024\\\/02\\\/imoveisLula-150x150-Zsrjty-AP2BEn.jpeg\",\"width\":150,\"height\":150},{\"@type\":\"BreadcrumbList\",\"@id\":\"https:\\\/\\\/www.p31noticias.com.br\\\/?p=41976#breadcrumb\",\"itemListElement\":[{\"@type\":\"ListItem\",\"position\":1,\"name\":\"In\u00edcio\",\"item\":\"https:\\\/\\\/www.p31noticias.com.br\\\/\"},{\"@type\":\"ListItem\",\"position\":2,\"name\":\"Lula: queremos garantir fun\u00e7\u00e3o social para im\u00f3veis ociosos do governo\"}]},{\"@type\":\"WebSite\",\"@id\":\"https:\\\/\\\/www.p31noticias.com.br\\\/#website\",\"url\":\"https:\\\/\\\/www.p31noticias.com.br\\\/\",\"name\":\"P31\",\"description\":\"NOT\u00cdCIAS\",\"potentialAction\":[{\"@type\":\"SearchAction\",\"target\":{\"@type\":\"EntryPoint\",\"urlTemplate\":\"https:\\\/\\\/www.p31noticias.com.br\\\/?s={search_term_string}\"},\"query-input\":{\"@type\":\"PropertyValueSpecification\",\"valueRequired\":true,\"valueName\":\"search_term_string\"}}],\"inLanguage\":\"pt-BR\"}]}<\/script>\n<!-- \/ Yoast SEO Premium plugin. -->","yoast_head_json":{"title":"Lula: queremos garantir fun\u00e7\u00e3o social para im\u00f3veis ociosos do governo - P31","robots":{"index":"index","follow":"follow","max-snippet":"max-snippet:-1","max-image-preview":"max-image-preview:large","max-video-preview":"max-video-preview:-1"},"canonical":"https:\/\/www.p31noticias.com.br\/?p=41976","og_locale":"pt_BR","og_type":"article","og_title":"Lula: queremos garantir fun\u00e7\u00e3o social para im\u00f3veis ociosos do governo","og_description":"\u00a0 O objetivo do programa Im\u00f3vel da Gente \u00e9 beneficiar a popula\u00e7\u00e3o com a entrega estrat\u00e9gica de im\u00f3veis para pol\u00edticas p\u00fablicas priorit\u00e1rias \u00a0 O presidente Lula e a ministra Esther Dweck durante o lan\u00e7amento do programa Im\u00f3vel da Gente, nesta segunda-feira, 26 de fevereiro, no Pal\u00e1cio do Planalto \u2013 Foto: Ricardo Stuckert\/PR \u00a0 \u201cEsse programa [&hellip;]","og_url":"https:\/\/www.p31noticias.com.br\/?p=41976","og_site_name":"P31","article_published_time":"2024-02-27T02:32:22+00:00","og_image":[{"width":150,"height":150,"url":"https:\/\/www.p31noticias.com.br\/wp-content\/uploads\/2024\/02\/imoveisLula-150x150-Zsrjty-AP2BEn.jpeg","type":"image\/jpeg"}],"twitter_card":"summary_large_image","schema":{"@context":"https:\/\/schema.org","@graph":[{"@type":"Article","@id":"https:\/\/www.p31noticias.com.br\/?p=41976#article","isPartOf":{"@id":"https:\/\/www.p31noticias.com.br\/?p=41976"},"author":{"name":"","@id":""},"headline":"Lula: queremos garantir fun\u00e7\u00e3o social para im\u00f3veis ociosos do governo","datePublished":"2024-02-27T02:32:22+00:00","mainEntityOfPage":{"@id":"https:\/\/www.p31noticias.com.br\/?p=41976"},"wordCount":94,"commentCount":0,"image":{"@id":"https:\/\/www.p31noticias.com.br\/?p=41976#primaryimage"},"thumbnailUrl":"https:\/\/www.p31noticias.com.br\/wp-content\/uploads\/2024\/02\/imoveisLula-150x150-Zsrjty-AP2BEn.jpeg","articleSection":["Bras\u00edlia"],"inLanguage":"pt-BR","potentialAction":[{"@type":"CommentAction","name":"Comment","target":["https:\/\/www.p31noticias.com.br\/?p=41976#respond"]}],"copyrightYear":"2024","copyrightHolder":{"@id":"https:\/\/www.p31noticias.com.br\/#organization"}},{"@type":"WebPage","@id":"https:\/\/www.p31noticias.com.br\/?p=41976","url":"https:\/\/www.p31noticias.com.br\/?p=41976","name":"Lula: queremos garantir fun\u00e7\u00e3o social para im\u00f3veis ociosos do governo - P31","isPartOf":{"@id":"https:\/\/www.p31noticias.com.br\/#website"},"primaryImageOfPage":{"@id":"https:\/\/www.p31noticias.com.br\/?p=41976#primaryimage"},"image":{"@id":"https:\/\/www.p31noticias.com.br\/?p=41976#primaryimage"},"thumbnailUrl":"https:\/\/www.p31noticias.com.br\/wp-content\/uploads\/2024\/02\/imoveisLula-150x150-Zsrjty-AP2BEn.jpeg","datePublished":"2024-02-27T02:32:22+00:00","author":{"@id":""},"breadcrumb":{"@id":"https:\/\/www.p31noticias.com.br\/?p=41976#breadcrumb"},"inLanguage":"pt-BR","potentialAction":[{"@type":"ReadAction","target":["https:\/\/www.p31noticias.com.br\/?p=41976"]}]},{"@type":"ImageObject","inLanguage":"pt-BR","@id":"https:\/\/www.p31noticias.com.br\/?p=41976#primaryimage","url":"https:\/\/www.p31noticias.com.br\/wp-content\/uploads\/2024\/02\/imoveisLula-150x150-Zsrjty-AP2BEn.jpeg","contentUrl":"https:\/\/www.p31noticias.com.br\/wp-content\/uploads\/2024\/02\/imoveisLula-150x150-Zsrjty-AP2BEn.jpeg","width":150,"height":150},{"@type":"BreadcrumbList","@id":"https:\/\/www.p31noticias.com.br\/?p=41976#breadcrumb","itemListElement":[{"@type":"ListItem","position":1,"name":"In\u00edcio","item":"https:\/\/www.p31noticias.com.br\/"},{"@type":"ListItem","position":2,"name":"Lula: queremos garantir fun\u00e7\u00e3o social para im\u00f3veis ociosos do governo"}]},{"@type":"WebSite","@id":"https:\/\/www.p31noticias.com.br\/#website","url":"https:\/\/www.p31noticias.com.br\/","name":"P31","description":"NOT\u00cdCIAS","potentialAction":[{"@type":"SearchAction","target":{"@type":"EntryPoint","urlTemplate":"https:\/\/www.p31noticias.com.br\/?s={search_term_string}"},"query-input":{"@type":"PropertyValueSpecification","valueRequired":true,"valueName":"search_term_string"}}],"inLanguage":"pt-BR"}]}},"amp_enabled":true,"_links":{"self":[{"href":"https:\/\/www.p31noticias.com.br\/index.php?rest_route=\/wp\/v2\/posts\/41976","targetHints":{"allow":["GET"]}}],"collection":[{"href":"https:\/\/www.p31noticias.com.br\/index.php?rest_route=\/wp\/v2\/posts"}],"about":[{"href":"https:\/\/www.p31noticias.com.br\/index.php?rest_route=\/wp\/v2\/types\/post"}],"replies":[{"embeddable":true,"href":"https:\/\/www.p31noticias.com.br\/index.php?rest_route=%2Fwp%2Fv2%2Fcomments&post=41976"}],"version-history":[{"count":0,"href":"https:\/\/www.p31noticias.com.br\/index.php?rest_route=\/wp\/v2\/posts\/41976\/revisions"}],"wp:featuredmedia":[{"embeddable":true,"href":"https:\/\/www.p31noticias.com.br\/index.php?rest_route=\/wp\/v2\/media\/41977"}],"wp:attachment":[{"href":"https:\/\/www.p31noticias.com.br\/index.php?rest_route=%2Fwp%2Fv2%2Fmedia&parent=41976"}],"wp:term":[{"taxonomy":"category","embeddable":true,"href":"https:\/\/www.p31noticias.com.br\/index.php?rest_route=%2Fwp%2Fv2%2Fcategories&post=41976"},{"taxonomy":"post_tag","embeddable":true,"href":"https:\/\/www.p31noticias.com.br\/index.php?rest_route=%2Fwp%2Fv2%2Ftags&post=41976"}],"curies":[{"name":"wp","href":"https:\/\/api.w.org\/{rel}","templated":true}]}}