{"id":41964,"date":"2024-02-26T21:43:58","date_gmt":"2024-02-27T00:43:58","guid":{"rendered":"https:\/\/p31noticias.com.br\/?p=41964"},"modified":"2024-02-26T21:45:42","modified_gmt":"2024-02-27T00:45:42","slug":"pediatra-palestra-sobre-cuidados-com-a-transmissao-de-doencas-entre-criancas-nesta-quarta-feira-28-de-fevereiro","status":"publish","type":"post","link":"https:\/\/www.p31noticias.com.br\/?p=41964","title":{"rendered":"Pediatra palestra sobre cuidados com a transmiss\u00e3o de doen\u00e7as entre crian\u00e7as nesta quarta-feira, 28 de fevereiro"},"content":{"rendered":"<p dir=\"ltr\" style=\"text-align: justify;\"><em><strong>O encontro \u00e9 aberto ao p\u00fablico e gratuito. Ele acontece no Col\u00e9gio Everest Bras\u00edlia<\/strong><\/em><\/p>\n<p dir=\"ltr\" style=\"text-align: justify;\">As f\u00e9rias escolares acabaram, agora com a volta \u00e0s aulas vem tamb\u00e9m a preocupa\u00e7\u00e3o dos pais com a transmiss\u00e3o de doen\u00e7as entre os pequenos. Afinal, nariz escorrendo e febre s\u00e3o sintomas comuns da rotina estudantil. Para evitar esse tipo de problema e conscientizar as fam\u00edlias, o Col\u00e9gio Everest Bras\u00edlia est\u00e1 promovendo palestras. A primeira, aconteceu no \u00faltimo dia 23 e a segunda, ser\u00e1 nesta quarta-feira, 28 de fevereiro. Ela \u00e9 aberta ao p\u00fablico e gratuita. Mas, para participar, \u00e9 necess\u00e1rio se inscrever no\u00a0<a href=\"https:\/\/www.sympla.com.br\/evento\/edificar-a-familia-kinder\/2344392\" target=\"_blank\" rel=\"noopener\" data-saferedirecturl=\"https:\/\/www.google.com\/url?q=https:\/\/www.sympla.com.br\/evento\/edificar-a-familia-kinder\/2344392&amp;source=gmail&amp;ust=1709075022567000&amp;usg=AOvVaw1CJTsRSe0AkptOnIIX61Zi\">Sympla<\/a>.<\/p>\n<p dir=\"ltr\" style=\"text-align: justify;\">Com o tema \u201cA Escola e a Crian\u00e7a: Cuidados B\u00e1sicos e a Transmiss\u00e3o das Primeiras Doen\u00e7as\u201d, os encontros s\u00e3o abertos \u00e0 fam\u00edlias com filhos de at\u00e9 5 anos. Eles s\u00e3o conduzidos pela pediatra Isabella Brant. Na quarta-feira, a palestra ser\u00e1 no audit\u00f3rio do Everest Kinder, que fica no SHIS, QI 19, ch\u00e1cara 18, no Lago Sul, a partir das 8h30.<\/p>\n<p dir=\"ltr\" style=\"text-align: justify;\">\u201cEsta \u00e9 a nossa primeira a\u00e7\u00e3o no projeto Edificar as Fam\u00edlias, pensamos com muito carinho e para melhor conforto dos pais e comunidade prepararemos as palestras em dois dias, \u00e0s 8h30\u201d, adiciona\u00a0 Tainah N\u00f3brega, diretora de admiss\u00e3o, comunica\u00e7\u00e3o e marketing, do Col\u00e9gio Everest.<\/p>\n<p dir=\"ltr\" style=\"text-align: justify;\">Servi\u00e7o:<\/p>\n<p dir=\"ltr\" style=\"text-align: justify;\">Palestras \u201cA Escola e a Crian\u00e7a: Cuidados B\u00e1sicos e a Transmiss\u00e3o das Primeiras Doen\u00e7as\u201d<\/p>\n<p dir=\"ltr\" style=\"text-align: justify;\">Quando: 28 de fevereiro \u00e0s 8h30<\/p>\n<p dir=\"ltr\" style=\"text-align: justify;\">Onde: Everest Kinder \u2013 SHIS, QI 19, ch\u00e1cara 18 \u2013 Lago Sul<\/p>\n<p dir=\"ltr\" style=\"text-align: justify;\">Ingressos e informa\u00e7\u00f5es:\u00a0<a href=\"https:\/\/www.sympla.com.br\/evento\/edificar-a-familia-kinder\/2344392\" target=\"_blank\" rel=\"noopener\" data-saferedirecturl=\"https:\/\/www.google.com\/url?q=https:\/\/www.sympla.com.br\/evento\/edificar-a-familia-kinder\/2344392&amp;source=gmail&amp;ust=1709075022567000&amp;usg=AOvVaw1CJTsRSe0AkptOnIIX61Zi\">Sympla<\/a><\/p>\n","protected":false},"excerpt":{"rendered":"<p>O encontro \u00e9 aberto ao p\u00fablico e gratuito. Ele acontece no Col\u00e9gio Everest Bras\u00edlia As f\u00e9rias escolares acabaram, agora com a volta \u00e0s aulas vem tamb\u00e9m a preocupa\u00e7\u00e3o dos pais com a transmiss\u00e3o de doen\u00e7as entre os pequenos. Afinal, nariz escorrendo e febre s\u00e3o sintomas comuns da rotina estudantil. Para evitar esse tipo de problema [&hellip;]<\/p>\n","protected":false},"author":2,"featured_media":41966,"comment_status":"open","ping_status":"open","sticky":false,"template":"","format":"standard","meta":{"footnotes":""},"categories":[68,124],"tags":[],"class_list":{"0":"post-41964","1":"post","2":"type-post","3":"status-publish","4":"format-standard","5":"has-post-thumbnail","7":"category-brasil","8":"category-saude"},"yoast_head":"<!-- This site is optimized with the Yoast SEO Premium plugin v24.5 (Yoast SEO v27.5) - https:\/\/yoast.com\/product\/yoast-seo-premium-wordpress\/ -->\n<title>Pediatra palestra sobre cuidados com a transmiss\u00e3o de doen\u00e7as entre crian\u00e7as nesta quarta-feira, 28 de fevereiro - P31<\/title>\n<meta name=\"robots\" content=\"index, follow, max-snippet:-1, max-image-preview:large, max-video-preview:-1\" \/>\n<link rel=\"canonical\" href=\"https:\/\/www.p31noticias.com.br\/?p=41964\" \/>\n<meta property=\"og:locale\" content=\"pt_BR\" \/>\n<meta property=\"og:type\" content=\"article\" \/>\n<meta property=\"og:title\" content=\"Pediatra palestra sobre cuidados com a transmiss\u00e3o de doen\u00e7as entre crian\u00e7as nesta quarta-feira, 28 de fevereiro\" \/>\n<meta property=\"og:description\" content=\"O encontro \u00e9 aberto ao p\u00fablico e gratuito. Ele acontece no Col\u00e9gio Everest Bras\u00edlia As f\u00e9rias escolares acabaram, agora com a volta \u00e0s aulas vem tamb\u00e9m a preocupa\u00e7\u00e3o dos pais com a transmiss\u00e3o de doen\u00e7as entre os pequenos. Afinal, nariz escorrendo e febre s\u00e3o sintomas comuns da rotina estudantil. Para evitar esse tipo de problema [&hellip;]\" \/>\n<meta property=\"og:url\" content=\"https:\/\/www.p31noticias.com.br\/?p=41964\" \/>\n<meta property=\"og:site_name\" content=\"P31\" \/>\n<meta property=\"article:published_time\" content=\"2024-02-27T00:43:58+00:00\" \/>\n<meta property=\"article:modified_time\" content=\"2024-02-27T00:45:42+00:00\" \/>\n<meta property=\"og:image\" content=\"https:\/\/www.p31noticias.com.br\/wp-content\/uploads\/2024\/02\/saude-infantil-freepik2-696x465-1.jpg\" \/>\n\t<meta property=\"og:image:width\" content=\"696\" \/>\n\t<meta property=\"og:image:height\" content=\"465\" \/>\n\t<meta property=\"og:image:type\" content=\"image\/jpeg\" \/>\n<meta name=\"author\" content=\"Gon\u00e7alves Junior\" \/>\n<meta name=\"twitter:card\" content=\"summary_large_image\" \/>\n<meta name=\"twitter:label1\" content=\"Escrito por\" \/>\n\t<meta name=\"twitter:data1\" content=\"Gon\u00e7alves Junior\" \/>\n\t<meta name=\"twitter:label2\" content=\"Est. tempo de leitura\" \/>\n\t<meta name=\"twitter:data2\" content=\"1 minuto\" \/>\n<script type=\"application\/ld+json\" class=\"yoast-schema-graph\">{\"@context\":\"https:\\\/\\\/schema.org\",\"@graph\":[{\"@type\":\"Article\",\"@id\":\"https:\\\/\\\/www.p31noticias.com.br\\\/?p=41964#article\",\"isPartOf\":{\"@id\":\"https:\\\/\\\/www.p31noticias.com.br\\\/?p=41964\"},\"author\":{\"name\":\"Gon\u00e7alves Junior\",\"@id\":\"https:\\\/\\\/www.p31noticias.com.br\\\/#\\\/schema\\\/person\\\/95f2ece30e3b4132065b915150cd0f94\"},\"headline\":\"Pediatra palestra sobre cuidados com a transmiss\u00e3o de doen\u00e7as entre crian\u00e7as nesta quarta-feira, 28 de fevereiro\",\"datePublished\":\"2024-02-27T00:43:58+00:00\",\"dateModified\":\"2024-02-27T00:45:42+00:00\",\"mainEntityOfPage\":{\"@id\":\"https:\\\/\\\/www.p31noticias.com.br\\\/?p=41964\"},\"wordCount\":277,\"commentCount\":0,\"image\":{\"@id\":\"https:\\\/\\\/www.p31noticias.com.br\\\/?p=41964#primaryimage\"},\"thumbnailUrl\":\"https:\\\/\\\/www.p31noticias.com.br\\\/wp-content\\\/uploads\\\/2024\\\/02\\\/saude-infantil-freepik2-696x465-1.jpg\",\"articleSection\":[\"Brasil\",\"Sa\u00fade\"],\"inLanguage\":\"pt-BR\",\"potentialAction\":[{\"@type\":\"CommentAction\",\"name\":\"Comment\",\"target\":[\"https:\\\/\\\/www.p31noticias.com.br\\\/?p=41964#respond\"]}],\"copyrightYear\":\"2024\",\"copyrightHolder\":{\"@id\":\"https:\\\/\\\/www.p31noticias.com.br\\\/#organization\"}},{\"@type\":\"WebPage\",\"@id\":\"https:\\\/\\\/www.p31noticias.com.br\\\/?p=41964\",\"url\":\"https:\\\/\\\/www.p31noticias.com.br\\\/?p=41964\",\"name\":\"Pediatra palestra sobre cuidados com a transmiss\u00e3o de doen\u00e7as entre crian\u00e7as nesta quarta-feira, 28 de fevereiro - P31\",\"isPartOf\":{\"@id\":\"https:\\\/\\\/www.p31noticias.com.br\\\/#website\"},\"primaryImageOfPage\":{\"@id\":\"https:\\\/\\\/www.p31noticias.com.br\\\/?p=41964#primaryimage\"},\"image\":{\"@id\":\"https:\\\/\\\/www.p31noticias.com.br\\\/?p=41964#primaryimage\"},\"thumbnailUrl\":\"https:\\\/\\\/www.p31noticias.com.br\\\/wp-content\\\/uploads\\\/2024\\\/02\\\/saude-infantil-freepik2-696x465-1.jpg\",\"datePublished\":\"2024-02-27T00:43:58+00:00\",\"dateModified\":\"2024-02-27T00:45:42+00:00\",\"author\":{\"@id\":\"https:\\\/\\\/www.p31noticias.com.br\\\/#\\\/schema\\\/person\\\/95f2ece30e3b4132065b915150cd0f94\"},\"breadcrumb\":{\"@id\":\"https:\\\/\\\/www.p31noticias.com.br\\\/?p=41964#breadcrumb\"},\"inLanguage\":\"pt-BR\",\"potentialAction\":[{\"@type\":\"ReadAction\",\"target\":[\"https:\\\/\\\/www.p31noticias.com.br\\\/?p=41964\"]}]},{\"@type\":\"ImageObject\",\"inLanguage\":\"pt-BR\",\"@id\":\"https:\\\/\\\/www.p31noticias.com.br\\\/?p=41964#primaryimage\",\"url\":\"https:\\\/\\\/www.p31noticias.com.br\\\/wp-content\\\/uploads\\\/2024\\\/02\\\/saude-infantil-freepik2-696x465-1.jpg\",\"contentUrl\":\"https:\\\/\\\/www.p31noticias.com.br\\\/wp-content\\\/uploads\\\/2024\\\/02\\\/saude-infantil-freepik2-696x465-1.jpg\",\"width\":696,\"height\":465},{\"@type\":\"BreadcrumbList\",\"@id\":\"https:\\\/\\\/www.p31noticias.com.br\\\/?p=41964#breadcrumb\",\"itemListElement\":[{\"@type\":\"ListItem\",\"position\":1,\"name\":\"In\u00edcio\",\"item\":\"https:\\\/\\\/www.p31noticias.com.br\\\/\"},{\"@type\":\"ListItem\",\"position\":2,\"name\":\"Pediatra palestra sobre cuidados com a transmiss\u00e3o de doen\u00e7as entre crian\u00e7as nesta quarta-feira, 28 de fevereiro\"}]},{\"@type\":\"WebSite\",\"@id\":\"https:\\\/\\\/www.p31noticias.com.br\\\/#website\",\"url\":\"https:\\\/\\\/www.p31noticias.com.br\\\/\",\"name\":\"P31\",\"description\":\"NOT\u00cdCIAS\",\"potentialAction\":[{\"@type\":\"SearchAction\",\"target\":{\"@type\":\"EntryPoint\",\"urlTemplate\":\"https:\\\/\\\/www.p31noticias.com.br\\\/?s={search_term_string}\"},\"query-input\":{\"@type\":\"PropertyValueSpecification\",\"valueRequired\":true,\"valueName\":\"search_term_string\"}}],\"inLanguage\":\"pt-BR\"},{\"@type\":\"Person\",\"@id\":\"https:\\\/\\\/www.p31noticias.com.br\\\/#\\\/schema\\\/person\\\/95f2ece30e3b4132065b915150cd0f94\",\"name\":\"Gon\u00e7alves Junior\",\"image\":{\"@type\":\"ImageObject\",\"inLanguage\":\"pt-BR\",\"@id\":\"https:\\\/\\\/secure.gravatar.com\\\/avatar\\\/6711f350116a89762687a48d66f723c799e5438a5b7578508d4294cd7a5d0800?s=96&d=mm&r=g\",\"url\":\"https:\\\/\\\/secure.gravatar.com\\\/avatar\\\/6711f350116a89762687a48d66f723c799e5438a5b7578508d4294cd7a5d0800?s=96&d=mm&r=g\",\"contentUrl\":\"https:\\\/\\\/secure.gravatar.com\\\/avatar\\\/6711f350116a89762687a48d66f723c799e5438a5b7578508d4294cd7a5d0800?s=96&d=mm&r=g\",\"caption\":\"Gon\u00e7alves Junior\"},\"url\":\"https:\\\/\\\/www.p31noticias.com.br\\\/?author=2\"}]}<\/script>\n<!-- \/ Yoast SEO Premium plugin. -->","yoast_head_json":{"title":"Pediatra palestra sobre cuidados com a transmiss\u00e3o de doen\u00e7as entre crian\u00e7as nesta quarta-feira, 28 de fevereiro - P31","robots":{"index":"index","follow":"follow","max-snippet":"max-snippet:-1","max-image-preview":"max-image-preview:large","max-video-preview":"max-video-preview:-1"},"canonical":"https:\/\/www.p31noticias.com.br\/?p=41964","og_locale":"pt_BR","og_type":"article","og_title":"Pediatra palestra sobre cuidados com a transmiss\u00e3o de doen\u00e7as entre crian\u00e7as nesta quarta-feira, 28 de fevereiro","og_description":"O encontro \u00e9 aberto ao p\u00fablico e gratuito. Ele acontece no Col\u00e9gio Everest Bras\u00edlia As f\u00e9rias escolares acabaram, agora com a volta \u00e0s aulas vem tamb\u00e9m a preocupa\u00e7\u00e3o dos pais com a transmiss\u00e3o de doen\u00e7as entre os pequenos. Afinal, nariz escorrendo e febre s\u00e3o sintomas comuns da rotina estudantil. Para evitar esse tipo de problema [&hellip;]","og_url":"https:\/\/www.p31noticias.com.br\/?p=41964","og_site_name":"P31","article_published_time":"2024-02-27T00:43:58+00:00","article_modified_time":"2024-02-27T00:45:42+00:00","og_image":[{"width":696,"height":465,"url":"https:\/\/www.p31noticias.com.br\/wp-content\/uploads\/2024\/02\/saude-infantil-freepik2-696x465-1.jpg","type":"image\/jpeg"}],"author":"Gon\u00e7alves Junior","twitter_card":"summary_large_image","twitter_misc":{"Escrito por":"Gon\u00e7alves Junior","Est. tempo de leitura":"1 minuto"},"schema":{"@context":"https:\/\/schema.org","@graph":[{"@type":"Article","@id":"https:\/\/www.p31noticias.com.br\/?p=41964#article","isPartOf":{"@id":"https:\/\/www.p31noticias.com.br\/?p=41964"},"author":{"name":"Gon\u00e7alves Junior","@id":"https:\/\/www.p31noticias.com.br\/#\/schema\/person\/95f2ece30e3b4132065b915150cd0f94"},"headline":"Pediatra palestra sobre cuidados com a transmiss\u00e3o de doen\u00e7as entre crian\u00e7as nesta quarta-feira, 28 de fevereiro","datePublished":"2024-02-27T00:43:58+00:00","dateModified":"2024-02-27T00:45:42+00:00","mainEntityOfPage":{"@id":"https:\/\/www.p31noticias.com.br\/?p=41964"},"wordCount":277,"commentCount":0,"image":{"@id":"https:\/\/www.p31noticias.com.br\/?p=41964#primaryimage"},"thumbnailUrl":"https:\/\/www.p31noticias.com.br\/wp-content\/uploads\/2024\/02\/saude-infantil-freepik2-696x465-1.jpg","articleSection":["Brasil","Sa\u00fade"],"inLanguage":"pt-BR","potentialAction":[{"@type":"CommentAction","name":"Comment","target":["https:\/\/www.p31noticias.com.br\/?p=41964#respond"]}],"copyrightYear":"2024","copyrightHolder":{"@id":"https:\/\/www.p31noticias.com.br\/#organization"}},{"@type":"WebPage","@id":"https:\/\/www.p31noticias.com.br\/?p=41964","url":"https:\/\/www.p31noticias.com.br\/?p=41964","name":"Pediatra palestra sobre cuidados com a transmiss\u00e3o de doen\u00e7as entre crian\u00e7as nesta quarta-feira, 28 de fevereiro - P31","isPartOf":{"@id":"https:\/\/www.p31noticias.com.br\/#website"},"primaryImageOfPage":{"@id":"https:\/\/www.p31noticias.com.br\/?p=41964#primaryimage"},"image":{"@id":"https:\/\/www.p31noticias.com.br\/?p=41964#primaryimage"},"thumbnailUrl":"https:\/\/www.p31noticias.com.br\/wp-content\/uploads\/2024\/02\/saude-infantil-freepik2-696x465-1.jpg","datePublished":"2024-02-27T00:43:58+00:00","dateModified":"2024-02-27T00:45:42+00:00","author":{"@id":"https:\/\/www.p31noticias.com.br\/#\/schema\/person\/95f2ece30e3b4132065b915150cd0f94"},"breadcrumb":{"@id":"https:\/\/www.p31noticias.com.br\/?p=41964#breadcrumb"},"inLanguage":"pt-BR","potentialAction":[{"@type":"ReadAction","target":["https:\/\/www.p31noticias.com.br\/?p=41964"]}]},{"@type":"ImageObject","inLanguage":"pt-BR","@id":"https:\/\/www.p31noticias.com.br\/?p=41964#primaryimage","url":"https:\/\/www.p31noticias.com.br\/wp-content\/uploads\/2024\/02\/saude-infantil-freepik2-696x465-1.jpg","contentUrl":"https:\/\/www.p31noticias.com.br\/wp-content\/uploads\/2024\/02\/saude-infantil-freepik2-696x465-1.jpg","width":696,"height":465},{"@type":"BreadcrumbList","@id":"https:\/\/www.p31noticias.com.br\/?p=41964#breadcrumb","itemListElement":[{"@type":"ListItem","position":1,"name":"In\u00edcio","item":"https:\/\/www.p31noticias.com.br\/"},{"@type":"ListItem","position":2,"name":"Pediatra palestra sobre cuidados com a transmiss\u00e3o de doen\u00e7as entre crian\u00e7as nesta quarta-feira, 28 de fevereiro"}]},{"@type":"WebSite","@id":"https:\/\/www.p31noticias.com.br\/#website","url":"https:\/\/www.p31noticias.com.br\/","name":"P31","description":"NOT\u00cdCIAS","potentialAction":[{"@type":"SearchAction","target":{"@type":"EntryPoint","urlTemplate":"https:\/\/www.p31noticias.com.br\/?s={search_term_string}"},"query-input":{"@type":"PropertyValueSpecification","valueRequired":true,"valueName":"search_term_string"}}],"inLanguage":"pt-BR"},{"@type":"Person","@id":"https:\/\/www.p31noticias.com.br\/#\/schema\/person\/95f2ece30e3b4132065b915150cd0f94","name":"Gon\u00e7alves Junior","image":{"@type":"ImageObject","inLanguage":"pt-BR","@id":"https:\/\/secure.gravatar.com\/avatar\/6711f350116a89762687a48d66f723c799e5438a5b7578508d4294cd7a5d0800?s=96&d=mm&r=g","url":"https:\/\/secure.gravatar.com\/avatar\/6711f350116a89762687a48d66f723c799e5438a5b7578508d4294cd7a5d0800?s=96&d=mm&r=g","contentUrl":"https:\/\/secure.gravatar.com\/avatar\/6711f350116a89762687a48d66f723c799e5438a5b7578508d4294cd7a5d0800?s=96&d=mm&r=g","caption":"Gon\u00e7alves Junior"},"url":"https:\/\/www.p31noticias.com.br\/?author=2"}]}},"amp_enabled":true,"_links":{"self":[{"href":"https:\/\/www.p31noticias.com.br\/index.php?rest_route=\/wp\/v2\/posts\/41964","targetHints":{"allow":["GET"]}}],"collection":[{"href":"https:\/\/www.p31noticias.com.br\/index.php?rest_route=\/wp\/v2\/posts"}],"about":[{"href":"https:\/\/www.p31noticias.com.br\/index.php?rest_route=\/wp\/v2\/types\/post"}],"author":[{"embeddable":true,"href":"https:\/\/www.p31noticias.com.br\/index.php?rest_route=\/wp\/v2\/users\/2"}],"replies":[{"embeddable":true,"href":"https:\/\/www.p31noticias.com.br\/index.php?rest_route=%2Fwp%2Fv2%2Fcomments&post=41964"}],"version-history":[{"count":1,"href":"https:\/\/www.p31noticias.com.br\/index.php?rest_route=\/wp\/v2\/posts\/41964\/revisions"}],"predecessor-version":[{"id":41965,"href":"https:\/\/www.p31noticias.com.br\/index.php?rest_route=\/wp\/v2\/posts\/41964\/revisions\/41965"}],"wp:featuredmedia":[{"embeddable":true,"href":"https:\/\/www.p31noticias.com.br\/index.php?rest_route=\/wp\/v2\/media\/41966"}],"wp:attachment":[{"href":"https:\/\/www.p31noticias.com.br\/index.php?rest_route=%2Fwp%2Fv2%2Fmedia&parent=41964"}],"wp:term":[{"taxonomy":"category","embeddable":true,"href":"https:\/\/www.p31noticias.com.br\/index.php?rest_route=%2Fwp%2Fv2%2Fcategories&post=41964"},{"taxonomy":"post_tag","embeddable":true,"href":"https:\/\/www.p31noticias.com.br\/index.php?rest_route=%2Fwp%2Fv2%2Ftags&post=41964"}],"curies":[{"name":"wp","href":"https:\/\/api.w.org\/{rel}","templated":true}]}}