{"id":41926,"date":"2024-02-26T16:32:38","date_gmt":"2024-02-26T19:32:38","guid":{"rendered":"https:\/\/p31noticias.com.br\/renovadf-recupera-ginasio-e-quadra-de-esportes-no-recanto-das-emas\/"},"modified":"2024-02-26T16:32:38","modified_gmt":"2024-02-26T19:32:38","slug":"renovadf-recupera-ginasio-e-quadra-de-esportes-no-recanto-das-emas","status":"publish","type":"post","link":"https:\/\/www.p31noticias.com.br\/?p=41926","title":{"rendered":"RenovaDF recupera gin\u00e1sio e quadra de esportes no Recanto das Emas"},"content":{"rendered":"<p>\u200cBoa not\u00edcia para a popula\u00e7\u00e3o do Recanto das Emas: mais de 50 participantes do RenovaDF est\u00e3o atuando em melhorias nos espa\u00e7os p\u00fablicos da regi\u00e3o administrativa desde novembro. Duas quadras esportivas, nas quadras 802 e 110, j\u00e1 foram reformadas, e est\u00e1 em andamento a recupera\u00e7\u00e3o do gin\u00e1sio Tatuz\u00e3o, um dos espa\u00e7os mais utilizados da cidade. Trabalhos [\u2026]<\/p>\n<p>O post <a href=\"https:\/\/www.delioandrade.com.br\/renovadf-recupera-ginasio-e-quadra-de-esportes-no-recanto-das-emas\/\">RenovaDF recupera gin\u00e1sio e quadra de esportes no Recanto das Emas<\/a> apareceu primeiro em <a href=\"https:\/\/www.delioandrade.com.br\/\">Blog do D\u00c9LIO ANDRADE<\/a>.<\/p>\n","protected":false},"excerpt":{"rendered":"<p>\u200cBoa not\u00edcia para a popula\u00e7\u00e3o do Recanto das Emas: mais de 50 participantes do RenovaDF est\u00e3o atuando em melhorias nos espa\u00e7os p\u00fablicos da regi\u00e3o administrativa desde novembro. Duas quadras esportivas, nas quadras 802 e 110, j\u00e1 foram reformadas, e est\u00e1 em andamento a recupera\u00e7\u00e3o do gin\u00e1sio Tatuz\u00e3o, um dos espa\u00e7os mais utilizados da cidade. Trabalhos [&hellip;]<\/p>\n","protected":false},"author":0,"featured_media":41927,"comment_status":"open","ping_status":"open","sticky":false,"template":"","format":"standard","meta":{"footnotes":""},"categories":[21],"tags":[],"class_list":{"0":"post-41926","1":"post","2":"type-post","3":"status-publish","4":"format-standard","5":"has-post-thumbnail","7":"category-brasilia"},"yoast_head":"<!-- This site is optimized with the Yoast SEO Premium plugin v24.5 (Yoast SEO v27.5) - https:\/\/yoast.com\/product\/yoast-seo-premium-wordpress\/ -->\n<title>RenovaDF recupera gin\u00e1sio e quadra de esportes no Recanto das Emas - P31<\/title>\n<meta name=\"robots\" content=\"index, follow, max-snippet:-1, max-image-preview:large, max-video-preview:-1\" \/>\n<link rel=\"canonical\" href=\"https:\/\/www.p31noticias.com.br\/?p=41926\" \/>\n<meta property=\"og:locale\" content=\"pt_BR\" \/>\n<meta property=\"og:type\" content=\"article\" \/>\n<meta property=\"og:title\" content=\"RenovaDF recupera gin\u00e1sio e quadra de esportes no Recanto das Emas\" \/>\n<meta property=\"og:description\" content=\"\u200cBoa not\u00edcia para a popula\u00e7\u00e3o do Recanto das Emas: mais de 50 participantes do RenovaDF est\u00e3o atuando em melhorias nos espa\u00e7os p\u00fablicos da regi\u00e3o administrativa desde novembro. Duas quadras esportivas, nas quadras 802 e 110, j\u00e1 foram reformadas, e est\u00e1 em andamento a recupera\u00e7\u00e3o do gin\u00e1sio Tatuz\u00e3o, um dos espa\u00e7os mais utilizados da cidade. Trabalhos [&hellip;]\" \/>\n<meta property=\"og:url\" content=\"https:\/\/www.p31noticias.com.br\/?p=41926\" \/>\n<meta property=\"og:site_name\" content=\"P31\" \/>\n<meta property=\"article:published_time\" content=\"2024-02-26T19:32:38+00:00\" \/>\n<meta property=\"og:image\" content=\"https:\/\/www.p31noticias.com.br\/wp-content\/uploads\/2024\/02\/26.2.-Materia-RenovaDF.-Foto-Tony-Oliveira.-Agencia-Brasilia.-4-N2Am4Q-150x150-O1gdJn.jpeg\" \/>\n\t<meta property=\"og:image:width\" content=\"150\" \/>\n\t<meta property=\"og:image:height\" content=\"150\" \/>\n\t<meta property=\"og:image:type\" content=\"image\/jpeg\" \/>\n<meta name=\"twitter:card\" content=\"summary_large_image\" \/>\n<script type=\"application\/ld+json\" class=\"yoast-schema-graph\">{\"@context\":\"https:\\\/\\\/schema.org\",\"@graph\":[{\"@type\":\"Article\",\"@id\":\"https:\\\/\\\/www.p31noticias.com.br\\\/?p=41926#article\",\"isPartOf\":{\"@id\":\"https:\\\/\\\/www.p31noticias.com.br\\\/?p=41926\"},\"author\":{\"name\":\"\",\"@id\":\"\"},\"headline\":\"RenovaDF recupera gin\u00e1sio e quadra de esportes no Recanto das Emas\",\"datePublished\":\"2024-02-26T19:32:38+00:00\",\"mainEntityOfPage\":{\"@id\":\"https:\\\/\\\/www.p31noticias.com.br\\\/?p=41926\"},\"wordCount\":96,\"commentCount\":0,\"image\":{\"@id\":\"https:\\\/\\\/www.p31noticias.com.br\\\/?p=41926#primaryimage\"},\"thumbnailUrl\":\"https:\\\/\\\/www.p31noticias.com.br\\\/wp-content\\\/uploads\\\/2024\\\/02\\\/26.2.-Materia-RenovaDF.-Foto-Tony-Oliveira.-Agencia-Brasilia.-4-N2Am4Q-150x150-O1gdJn.jpeg\",\"articleSection\":[\"Bras\u00edlia\"],\"inLanguage\":\"pt-BR\",\"potentialAction\":[{\"@type\":\"CommentAction\",\"name\":\"Comment\",\"target\":[\"https:\\\/\\\/www.p31noticias.com.br\\\/?p=41926#respond\"]}],\"copyrightYear\":\"2024\",\"copyrightHolder\":{\"@id\":\"https:\\\/\\\/www.p31noticias.com.br\\\/#organization\"}},{\"@type\":\"WebPage\",\"@id\":\"https:\\\/\\\/www.p31noticias.com.br\\\/?p=41926\",\"url\":\"https:\\\/\\\/www.p31noticias.com.br\\\/?p=41926\",\"name\":\"RenovaDF recupera gin\u00e1sio e quadra de esportes no Recanto das Emas - P31\",\"isPartOf\":{\"@id\":\"https:\\\/\\\/www.p31noticias.com.br\\\/#website\"},\"primaryImageOfPage\":{\"@id\":\"https:\\\/\\\/www.p31noticias.com.br\\\/?p=41926#primaryimage\"},\"image\":{\"@id\":\"https:\\\/\\\/www.p31noticias.com.br\\\/?p=41926#primaryimage\"},\"thumbnailUrl\":\"https:\\\/\\\/www.p31noticias.com.br\\\/wp-content\\\/uploads\\\/2024\\\/02\\\/26.2.-Materia-RenovaDF.-Foto-Tony-Oliveira.-Agencia-Brasilia.-4-N2Am4Q-150x150-O1gdJn.jpeg\",\"datePublished\":\"2024-02-26T19:32:38+00:00\",\"author\":{\"@id\":\"\"},\"breadcrumb\":{\"@id\":\"https:\\\/\\\/www.p31noticias.com.br\\\/?p=41926#breadcrumb\"},\"inLanguage\":\"pt-BR\",\"potentialAction\":[{\"@type\":\"ReadAction\",\"target\":[\"https:\\\/\\\/www.p31noticias.com.br\\\/?p=41926\"]}]},{\"@type\":\"ImageObject\",\"inLanguage\":\"pt-BR\",\"@id\":\"https:\\\/\\\/www.p31noticias.com.br\\\/?p=41926#primaryimage\",\"url\":\"https:\\\/\\\/www.p31noticias.com.br\\\/wp-content\\\/uploads\\\/2024\\\/02\\\/26.2.-Materia-RenovaDF.-Foto-Tony-Oliveira.-Agencia-Brasilia.-4-N2Am4Q-150x150-O1gdJn.jpeg\",\"contentUrl\":\"https:\\\/\\\/www.p31noticias.com.br\\\/wp-content\\\/uploads\\\/2024\\\/02\\\/26.2.-Materia-RenovaDF.-Foto-Tony-Oliveira.-Agencia-Brasilia.-4-N2Am4Q-150x150-O1gdJn.jpeg\",\"width\":150,\"height\":150},{\"@type\":\"BreadcrumbList\",\"@id\":\"https:\\\/\\\/www.p31noticias.com.br\\\/?p=41926#breadcrumb\",\"itemListElement\":[{\"@type\":\"ListItem\",\"position\":1,\"name\":\"In\u00edcio\",\"item\":\"https:\\\/\\\/www.p31noticias.com.br\\\/\"},{\"@type\":\"ListItem\",\"position\":2,\"name\":\"RenovaDF recupera gin\u00e1sio e quadra de esportes no Recanto das Emas\"}]},{\"@type\":\"WebSite\",\"@id\":\"https:\\\/\\\/www.p31noticias.com.br\\\/#website\",\"url\":\"https:\\\/\\\/www.p31noticias.com.br\\\/\",\"name\":\"P31\",\"description\":\"NOT\u00cdCIAS\",\"potentialAction\":[{\"@type\":\"SearchAction\",\"target\":{\"@type\":\"EntryPoint\",\"urlTemplate\":\"https:\\\/\\\/www.p31noticias.com.br\\\/?s={search_term_string}\"},\"query-input\":{\"@type\":\"PropertyValueSpecification\",\"valueRequired\":true,\"valueName\":\"search_term_string\"}}],\"inLanguage\":\"pt-BR\"}]}<\/script>\n<!-- \/ Yoast SEO Premium plugin. -->","yoast_head_json":{"title":"RenovaDF recupera gin\u00e1sio e quadra de esportes no Recanto das Emas - P31","robots":{"index":"index","follow":"follow","max-snippet":"max-snippet:-1","max-image-preview":"max-image-preview:large","max-video-preview":"max-video-preview:-1"},"canonical":"https:\/\/www.p31noticias.com.br\/?p=41926","og_locale":"pt_BR","og_type":"article","og_title":"RenovaDF recupera gin\u00e1sio e quadra de esportes no Recanto das Emas","og_description":"\u200cBoa not\u00edcia para a popula\u00e7\u00e3o do Recanto das Emas: mais de 50 participantes do RenovaDF est\u00e3o atuando em melhorias nos espa\u00e7os p\u00fablicos da regi\u00e3o administrativa desde novembro. Duas quadras esportivas, nas quadras 802 e 110, j\u00e1 foram reformadas, e est\u00e1 em andamento a recupera\u00e7\u00e3o do gin\u00e1sio Tatuz\u00e3o, um dos espa\u00e7os mais utilizados da cidade. Trabalhos [&hellip;]","og_url":"https:\/\/www.p31noticias.com.br\/?p=41926","og_site_name":"P31","article_published_time":"2024-02-26T19:32:38+00:00","og_image":[{"width":150,"height":150,"url":"https:\/\/www.p31noticias.com.br\/wp-content\/uploads\/2024\/02\/26.2.-Materia-RenovaDF.-Foto-Tony-Oliveira.-Agencia-Brasilia.-4-N2Am4Q-150x150-O1gdJn.jpeg","type":"image\/jpeg"}],"twitter_card":"summary_large_image","schema":{"@context":"https:\/\/schema.org","@graph":[{"@type":"Article","@id":"https:\/\/www.p31noticias.com.br\/?p=41926#article","isPartOf":{"@id":"https:\/\/www.p31noticias.com.br\/?p=41926"},"author":{"name":"","@id":""},"headline":"RenovaDF recupera gin\u00e1sio e quadra de esportes no Recanto das Emas","datePublished":"2024-02-26T19:32:38+00:00","mainEntityOfPage":{"@id":"https:\/\/www.p31noticias.com.br\/?p=41926"},"wordCount":96,"commentCount":0,"image":{"@id":"https:\/\/www.p31noticias.com.br\/?p=41926#primaryimage"},"thumbnailUrl":"https:\/\/www.p31noticias.com.br\/wp-content\/uploads\/2024\/02\/26.2.-Materia-RenovaDF.-Foto-Tony-Oliveira.-Agencia-Brasilia.-4-N2Am4Q-150x150-O1gdJn.jpeg","articleSection":["Bras\u00edlia"],"inLanguage":"pt-BR","potentialAction":[{"@type":"CommentAction","name":"Comment","target":["https:\/\/www.p31noticias.com.br\/?p=41926#respond"]}],"copyrightYear":"2024","copyrightHolder":{"@id":"https:\/\/www.p31noticias.com.br\/#organization"}},{"@type":"WebPage","@id":"https:\/\/www.p31noticias.com.br\/?p=41926","url":"https:\/\/www.p31noticias.com.br\/?p=41926","name":"RenovaDF recupera gin\u00e1sio e quadra de esportes no Recanto das Emas - P31","isPartOf":{"@id":"https:\/\/www.p31noticias.com.br\/#website"},"primaryImageOfPage":{"@id":"https:\/\/www.p31noticias.com.br\/?p=41926#primaryimage"},"image":{"@id":"https:\/\/www.p31noticias.com.br\/?p=41926#primaryimage"},"thumbnailUrl":"https:\/\/www.p31noticias.com.br\/wp-content\/uploads\/2024\/02\/26.2.-Materia-RenovaDF.-Foto-Tony-Oliveira.-Agencia-Brasilia.-4-N2Am4Q-150x150-O1gdJn.jpeg","datePublished":"2024-02-26T19:32:38+00:00","author":{"@id":""},"breadcrumb":{"@id":"https:\/\/www.p31noticias.com.br\/?p=41926#breadcrumb"},"inLanguage":"pt-BR","potentialAction":[{"@type":"ReadAction","target":["https:\/\/www.p31noticias.com.br\/?p=41926"]}]},{"@type":"ImageObject","inLanguage":"pt-BR","@id":"https:\/\/www.p31noticias.com.br\/?p=41926#primaryimage","url":"https:\/\/www.p31noticias.com.br\/wp-content\/uploads\/2024\/02\/26.2.-Materia-RenovaDF.-Foto-Tony-Oliveira.-Agencia-Brasilia.-4-N2Am4Q-150x150-O1gdJn.jpeg","contentUrl":"https:\/\/www.p31noticias.com.br\/wp-content\/uploads\/2024\/02\/26.2.-Materia-RenovaDF.-Foto-Tony-Oliveira.-Agencia-Brasilia.-4-N2Am4Q-150x150-O1gdJn.jpeg","width":150,"height":150},{"@type":"BreadcrumbList","@id":"https:\/\/www.p31noticias.com.br\/?p=41926#breadcrumb","itemListElement":[{"@type":"ListItem","position":1,"name":"In\u00edcio","item":"https:\/\/www.p31noticias.com.br\/"},{"@type":"ListItem","position":2,"name":"RenovaDF recupera gin\u00e1sio e quadra de esportes no Recanto das Emas"}]},{"@type":"WebSite","@id":"https:\/\/www.p31noticias.com.br\/#website","url":"https:\/\/www.p31noticias.com.br\/","name":"P31","description":"NOT\u00cdCIAS","potentialAction":[{"@type":"SearchAction","target":{"@type":"EntryPoint","urlTemplate":"https:\/\/www.p31noticias.com.br\/?s={search_term_string}"},"query-input":{"@type":"PropertyValueSpecification","valueRequired":true,"valueName":"search_term_string"}}],"inLanguage":"pt-BR"}]}},"amp_enabled":true,"_links":{"self":[{"href":"https:\/\/www.p31noticias.com.br\/index.php?rest_route=\/wp\/v2\/posts\/41926","targetHints":{"allow":["GET"]}}],"collection":[{"href":"https:\/\/www.p31noticias.com.br\/index.php?rest_route=\/wp\/v2\/posts"}],"about":[{"href":"https:\/\/www.p31noticias.com.br\/index.php?rest_route=\/wp\/v2\/types\/post"}],"replies":[{"embeddable":true,"href":"https:\/\/www.p31noticias.com.br\/index.php?rest_route=%2Fwp%2Fv2%2Fcomments&post=41926"}],"version-history":[{"count":0,"href":"https:\/\/www.p31noticias.com.br\/index.php?rest_route=\/wp\/v2\/posts\/41926\/revisions"}],"wp:featuredmedia":[{"embeddable":true,"href":"https:\/\/www.p31noticias.com.br\/index.php?rest_route=\/wp\/v2\/media\/41927"}],"wp:attachment":[{"href":"https:\/\/www.p31noticias.com.br\/index.php?rest_route=%2Fwp%2Fv2%2Fmedia&parent=41926"}],"wp:term":[{"taxonomy":"category","embeddable":true,"href":"https:\/\/www.p31noticias.com.br\/index.php?rest_route=%2Fwp%2Fv2%2Fcategories&post=41926"},{"taxonomy":"post_tag","embeddable":true,"href":"https:\/\/www.p31noticias.com.br\/index.php?rest_route=%2Fwp%2Fv2%2Ftags&post=41926"}],"curies":[{"name":"wp","href":"https:\/\/api.w.org\/{rel}","templated":true}]}}