{"id":41319,"date":"2024-02-20T12:31:05","date_gmt":"2024-02-20T15:31:05","guid":{"rendered":"https:\/\/p31noticias.com.br\/biblioteca-reforca-acervo-com-mais-96-titulos-na-area-de-saude\/"},"modified":"2024-02-20T12:31:05","modified_gmt":"2024-02-20T15:31:05","slug":"biblioteca-reforca-acervo-com-mais-96-titulos-na-area-de-saude","status":"publish","type":"post","link":"https:\/\/www.p31noticias.com.br\/?p=41319","title":{"rendered":"Biblioteca refor\u00e7a acervo com mais 96 t\u00edtulos na \u00e1rea de sa\u00fade"},"content":{"rendered":"<p>A Biblioteca Central da Funda\u00e7\u00e3o de Ensino e Pesquisa em Ci\u00eancias da Sa\u00fade (Fepecs) est\u00e1 com o acervo renovado para o in\u00edcio do ano letivo de 2024. A aquisi\u00e7\u00e3o de 214 exemplares impressos conta com 96 t\u00edtulos na \u00e1rea da sa\u00fade e foi feita a partir de sugest\u00f5es de docentes, estudantes e dos pr\u00f3prios servidores [\u2026]<\/p>\n<p>O post <a href=\"https:\/\/www.delioandrade.com.br\/biblioteca-reforca-acervo-com-mais-96-titulos-na-area-de-saude\/\">Biblioteca refor\u00e7a acervo com mais 96 t\u00edtulos na \u00e1rea de sa\u00fade<\/a> apareceu primeiro em <a href=\"https:\/\/www.delioandrade.com.br\/\">Blog do D\u00c9LIO ANDRADE<\/a>.<\/p>\n","protected":false},"excerpt":{"rendered":"<p>A Biblioteca Central da Funda\u00e7\u00e3o de Ensino e Pesquisa em Ci\u00eancias da Sa\u00fade (Fepecs) est\u00e1 com o acervo renovado para o in\u00edcio do ano letivo de 2024. A aquisi\u00e7\u00e3o de 214 exemplares impressos conta com 96 t\u00edtulos na \u00e1rea da sa\u00fade e foi feita a partir de sugest\u00f5es de docentes, estudantes e dos pr\u00f3prios servidores [&hellip;]<\/p>\n","protected":false},"author":0,"featured_media":41320,"comment_status":"open","ping_status":"open","sticky":false,"template":"","format":"standard","meta":{"footnotes":""},"categories":[21],"tags":[],"class_list":{"0":"post-41319","1":"post","2":"type-post","3":"status-publish","4":"format-standard","5":"has-post-thumbnail","7":"category-brasilia"},"yoast_head":"<!-- This site is optimized with the Yoast SEO Premium plugin v24.5 (Yoast SEO v27.5) - https:\/\/yoast.com\/product\/yoast-seo-premium-wordpress\/ -->\n<title>Biblioteca refor\u00e7a acervo com mais 96 t\u00edtulos na \u00e1rea de sa\u00fade - P31<\/title>\n<meta name=\"robots\" content=\"index, follow, max-snippet:-1, max-image-preview:large, max-video-preview:-1\" \/>\n<link rel=\"canonical\" href=\"https:\/\/www.p31noticias.com.br\/?p=41319\" \/>\n<meta property=\"og:locale\" content=\"pt_BR\" \/>\n<meta property=\"og:type\" content=\"article\" \/>\n<meta property=\"og:title\" content=\"Biblioteca refor\u00e7a acervo com mais 96 t\u00edtulos na \u00e1rea de sa\u00fade\" \/>\n<meta property=\"og:description\" content=\"A Biblioteca Central da Funda\u00e7\u00e3o de Ensino e Pesquisa em Ci\u00eancias da Sa\u00fade (Fepecs) est\u00e1 com o acervo renovado para o in\u00edcio do ano letivo de 2024. A aquisi\u00e7\u00e3o de 214 exemplares impressos conta com 96 t\u00edtulos na \u00e1rea da sa\u00fade e foi feita a partir de sugest\u00f5es de docentes, estudantes e dos pr\u00f3prios servidores [&hellip;]\" \/>\n<meta property=\"og:url\" content=\"https:\/\/www.p31noticias.com.br\/?p=41319\" \/>\n<meta property=\"og:site_name\" content=\"P31\" \/>\n<meta property=\"article:published_time\" content=\"2024-02-20T15:31:05+00:00\" \/>\n<meta property=\"og:image\" content=\"https:\/\/www.p31noticias.com.br\/wp-content\/uploads\/2024\/02\/WhatsApp-Image-2024-02-20-at-09.43.49-1-0RzakN-150x150-bg6V7t.jpeg\" \/>\n\t<meta property=\"og:image:width\" content=\"150\" \/>\n\t<meta property=\"og:image:height\" content=\"150\" \/>\n\t<meta property=\"og:image:type\" content=\"image\/jpeg\" \/>\n<meta name=\"twitter:card\" content=\"summary_large_image\" \/>\n<script type=\"application\/ld+json\" class=\"yoast-schema-graph\">{\"@context\":\"https:\\\/\\\/schema.org\",\"@graph\":[{\"@type\":\"Article\",\"@id\":\"https:\\\/\\\/www.p31noticias.com.br\\\/?p=41319#article\",\"isPartOf\":{\"@id\":\"https:\\\/\\\/www.p31noticias.com.br\\\/?p=41319\"},\"author\":{\"name\":\"\",\"@id\":\"\"},\"headline\":\"Biblioteca refor\u00e7a acervo com mais 96 t\u00edtulos na \u00e1rea de sa\u00fade\",\"datePublished\":\"2024-02-20T15:31:05+00:00\",\"mainEntityOfPage\":{\"@id\":\"https:\\\/\\\/www.p31noticias.com.br\\\/?p=41319\"},\"wordCount\":97,\"commentCount\":0,\"image\":{\"@id\":\"https:\\\/\\\/www.p31noticias.com.br\\\/?p=41319#primaryimage\"},\"thumbnailUrl\":\"https:\\\/\\\/www.p31noticias.com.br\\\/wp-content\\\/uploads\\\/2024\\\/02\\\/WhatsApp-Image-2024-02-20-at-09.43.49-1-0RzakN-150x150-bg6V7t.jpeg\",\"articleSection\":[\"Bras\u00edlia\"],\"inLanguage\":\"pt-BR\",\"potentialAction\":[{\"@type\":\"CommentAction\",\"name\":\"Comment\",\"target\":[\"https:\\\/\\\/www.p31noticias.com.br\\\/?p=41319#respond\"]}],\"copyrightYear\":\"2024\",\"copyrightHolder\":{\"@id\":\"https:\\\/\\\/www.p31noticias.com.br\\\/#organization\"}},{\"@type\":\"WebPage\",\"@id\":\"https:\\\/\\\/www.p31noticias.com.br\\\/?p=41319\",\"url\":\"https:\\\/\\\/www.p31noticias.com.br\\\/?p=41319\",\"name\":\"Biblioteca refor\u00e7a acervo com mais 96 t\u00edtulos na \u00e1rea de sa\u00fade - P31\",\"isPartOf\":{\"@id\":\"https:\\\/\\\/www.p31noticias.com.br\\\/#website\"},\"primaryImageOfPage\":{\"@id\":\"https:\\\/\\\/www.p31noticias.com.br\\\/?p=41319#primaryimage\"},\"image\":{\"@id\":\"https:\\\/\\\/www.p31noticias.com.br\\\/?p=41319#primaryimage\"},\"thumbnailUrl\":\"https:\\\/\\\/www.p31noticias.com.br\\\/wp-content\\\/uploads\\\/2024\\\/02\\\/WhatsApp-Image-2024-02-20-at-09.43.49-1-0RzakN-150x150-bg6V7t.jpeg\",\"datePublished\":\"2024-02-20T15:31:05+00:00\",\"author\":{\"@id\":\"\"},\"breadcrumb\":{\"@id\":\"https:\\\/\\\/www.p31noticias.com.br\\\/?p=41319#breadcrumb\"},\"inLanguage\":\"pt-BR\",\"potentialAction\":[{\"@type\":\"ReadAction\",\"target\":[\"https:\\\/\\\/www.p31noticias.com.br\\\/?p=41319\"]}]},{\"@type\":\"ImageObject\",\"inLanguage\":\"pt-BR\",\"@id\":\"https:\\\/\\\/www.p31noticias.com.br\\\/?p=41319#primaryimage\",\"url\":\"https:\\\/\\\/www.p31noticias.com.br\\\/wp-content\\\/uploads\\\/2024\\\/02\\\/WhatsApp-Image-2024-02-20-at-09.43.49-1-0RzakN-150x150-bg6V7t.jpeg\",\"contentUrl\":\"https:\\\/\\\/www.p31noticias.com.br\\\/wp-content\\\/uploads\\\/2024\\\/02\\\/WhatsApp-Image-2024-02-20-at-09.43.49-1-0RzakN-150x150-bg6V7t.jpeg\",\"width\":150,\"height\":150},{\"@type\":\"BreadcrumbList\",\"@id\":\"https:\\\/\\\/www.p31noticias.com.br\\\/?p=41319#breadcrumb\",\"itemListElement\":[{\"@type\":\"ListItem\",\"position\":1,\"name\":\"In\u00edcio\",\"item\":\"https:\\\/\\\/www.p31noticias.com.br\\\/\"},{\"@type\":\"ListItem\",\"position\":2,\"name\":\"Biblioteca refor\u00e7a acervo com mais 96 t\u00edtulos na \u00e1rea de sa\u00fade\"}]},{\"@type\":\"WebSite\",\"@id\":\"https:\\\/\\\/www.p31noticias.com.br\\\/#website\",\"url\":\"https:\\\/\\\/www.p31noticias.com.br\\\/\",\"name\":\"P31\",\"description\":\"NOT\u00cdCIAS\",\"potentialAction\":[{\"@type\":\"SearchAction\",\"target\":{\"@type\":\"EntryPoint\",\"urlTemplate\":\"https:\\\/\\\/www.p31noticias.com.br\\\/?s={search_term_string}\"},\"query-input\":{\"@type\":\"PropertyValueSpecification\",\"valueRequired\":true,\"valueName\":\"search_term_string\"}}],\"inLanguage\":\"pt-BR\"}]}<\/script>\n<!-- \/ Yoast SEO Premium plugin. -->","yoast_head_json":{"title":"Biblioteca refor\u00e7a acervo com mais 96 t\u00edtulos na \u00e1rea de sa\u00fade - P31","robots":{"index":"index","follow":"follow","max-snippet":"max-snippet:-1","max-image-preview":"max-image-preview:large","max-video-preview":"max-video-preview:-1"},"canonical":"https:\/\/www.p31noticias.com.br\/?p=41319","og_locale":"pt_BR","og_type":"article","og_title":"Biblioteca refor\u00e7a acervo com mais 96 t\u00edtulos na \u00e1rea de sa\u00fade","og_description":"A Biblioteca Central da Funda\u00e7\u00e3o de Ensino e Pesquisa em Ci\u00eancias da Sa\u00fade (Fepecs) est\u00e1 com o acervo renovado para o in\u00edcio do ano letivo de 2024. A aquisi\u00e7\u00e3o de 214 exemplares impressos conta com 96 t\u00edtulos na \u00e1rea da sa\u00fade e foi feita a partir de sugest\u00f5es de docentes, estudantes e dos pr\u00f3prios servidores [&hellip;]","og_url":"https:\/\/www.p31noticias.com.br\/?p=41319","og_site_name":"P31","article_published_time":"2024-02-20T15:31:05+00:00","og_image":[{"width":150,"height":150,"url":"https:\/\/www.p31noticias.com.br\/wp-content\/uploads\/2024\/02\/WhatsApp-Image-2024-02-20-at-09.43.49-1-0RzakN-150x150-bg6V7t.jpeg","type":"image\/jpeg"}],"twitter_card":"summary_large_image","schema":{"@context":"https:\/\/schema.org","@graph":[{"@type":"Article","@id":"https:\/\/www.p31noticias.com.br\/?p=41319#article","isPartOf":{"@id":"https:\/\/www.p31noticias.com.br\/?p=41319"},"author":{"name":"","@id":""},"headline":"Biblioteca refor\u00e7a acervo com mais 96 t\u00edtulos na \u00e1rea de sa\u00fade","datePublished":"2024-02-20T15:31:05+00:00","mainEntityOfPage":{"@id":"https:\/\/www.p31noticias.com.br\/?p=41319"},"wordCount":97,"commentCount":0,"image":{"@id":"https:\/\/www.p31noticias.com.br\/?p=41319#primaryimage"},"thumbnailUrl":"https:\/\/www.p31noticias.com.br\/wp-content\/uploads\/2024\/02\/WhatsApp-Image-2024-02-20-at-09.43.49-1-0RzakN-150x150-bg6V7t.jpeg","articleSection":["Bras\u00edlia"],"inLanguage":"pt-BR","potentialAction":[{"@type":"CommentAction","name":"Comment","target":["https:\/\/www.p31noticias.com.br\/?p=41319#respond"]}],"copyrightYear":"2024","copyrightHolder":{"@id":"https:\/\/www.p31noticias.com.br\/#organization"}},{"@type":"WebPage","@id":"https:\/\/www.p31noticias.com.br\/?p=41319","url":"https:\/\/www.p31noticias.com.br\/?p=41319","name":"Biblioteca refor\u00e7a acervo com mais 96 t\u00edtulos na \u00e1rea de sa\u00fade - P31","isPartOf":{"@id":"https:\/\/www.p31noticias.com.br\/#website"},"primaryImageOfPage":{"@id":"https:\/\/www.p31noticias.com.br\/?p=41319#primaryimage"},"image":{"@id":"https:\/\/www.p31noticias.com.br\/?p=41319#primaryimage"},"thumbnailUrl":"https:\/\/www.p31noticias.com.br\/wp-content\/uploads\/2024\/02\/WhatsApp-Image-2024-02-20-at-09.43.49-1-0RzakN-150x150-bg6V7t.jpeg","datePublished":"2024-02-20T15:31:05+00:00","author":{"@id":""},"breadcrumb":{"@id":"https:\/\/www.p31noticias.com.br\/?p=41319#breadcrumb"},"inLanguage":"pt-BR","potentialAction":[{"@type":"ReadAction","target":["https:\/\/www.p31noticias.com.br\/?p=41319"]}]},{"@type":"ImageObject","inLanguage":"pt-BR","@id":"https:\/\/www.p31noticias.com.br\/?p=41319#primaryimage","url":"https:\/\/www.p31noticias.com.br\/wp-content\/uploads\/2024\/02\/WhatsApp-Image-2024-02-20-at-09.43.49-1-0RzakN-150x150-bg6V7t.jpeg","contentUrl":"https:\/\/www.p31noticias.com.br\/wp-content\/uploads\/2024\/02\/WhatsApp-Image-2024-02-20-at-09.43.49-1-0RzakN-150x150-bg6V7t.jpeg","width":150,"height":150},{"@type":"BreadcrumbList","@id":"https:\/\/www.p31noticias.com.br\/?p=41319#breadcrumb","itemListElement":[{"@type":"ListItem","position":1,"name":"In\u00edcio","item":"https:\/\/www.p31noticias.com.br\/"},{"@type":"ListItem","position":2,"name":"Biblioteca refor\u00e7a acervo com mais 96 t\u00edtulos na \u00e1rea de sa\u00fade"}]},{"@type":"WebSite","@id":"https:\/\/www.p31noticias.com.br\/#website","url":"https:\/\/www.p31noticias.com.br\/","name":"P31","description":"NOT\u00cdCIAS","potentialAction":[{"@type":"SearchAction","target":{"@type":"EntryPoint","urlTemplate":"https:\/\/www.p31noticias.com.br\/?s={search_term_string}"},"query-input":{"@type":"PropertyValueSpecification","valueRequired":true,"valueName":"search_term_string"}}],"inLanguage":"pt-BR"}]}},"amp_enabled":true,"_links":{"self":[{"href":"https:\/\/www.p31noticias.com.br\/index.php?rest_route=\/wp\/v2\/posts\/41319","targetHints":{"allow":["GET"]}}],"collection":[{"href":"https:\/\/www.p31noticias.com.br\/index.php?rest_route=\/wp\/v2\/posts"}],"about":[{"href":"https:\/\/www.p31noticias.com.br\/index.php?rest_route=\/wp\/v2\/types\/post"}],"replies":[{"embeddable":true,"href":"https:\/\/www.p31noticias.com.br\/index.php?rest_route=%2Fwp%2Fv2%2Fcomments&post=41319"}],"version-history":[{"count":0,"href":"https:\/\/www.p31noticias.com.br\/index.php?rest_route=\/wp\/v2\/posts\/41319\/revisions"}],"wp:featuredmedia":[{"embeddable":true,"href":"https:\/\/www.p31noticias.com.br\/index.php?rest_route=\/wp\/v2\/media\/41320"}],"wp:attachment":[{"href":"https:\/\/www.p31noticias.com.br\/index.php?rest_route=%2Fwp%2Fv2%2Fmedia&parent=41319"}],"wp:term":[{"taxonomy":"category","embeddable":true,"href":"https:\/\/www.p31noticias.com.br\/index.php?rest_route=%2Fwp%2Fv2%2Fcategories&post=41319"},{"taxonomy":"post_tag","embeddable":true,"href":"https:\/\/www.p31noticias.com.br\/index.php?rest_route=%2Fwp%2Fv2%2Ftags&post=41319"}],"curies":[{"name":"wp","href":"https:\/\/api.w.org\/{rel}","templated":true}]}}