{"id":41305,"date":"2024-02-20T09:31:30","date_gmt":"2024-02-20T12:31:30","guid":{"rendered":"https:\/\/p31noticias.com.br\/df-secretario-transporte-e-mobilidade-flavio-murilo-pede-exoneracao\/"},"modified":"2024-02-20T09:31:30","modified_gmt":"2024-02-20T12:31:30","slug":"df-secretario-transporte-e-mobilidade-flavio-murilo-pede-exoneracao","status":"publish","type":"post","link":"https:\/\/www.p31noticias.com.br\/?p=41305","title":{"rendered":"DF: secret\u00e1rio Transporte e Mobilidade Fl\u00e1vio Murilo pede exonera\u00e7\u00e3o"},"content":{"rendered":"<p>O secret\u00e1rio de Transporte e Mobilidade do Distrito Federal Fl\u00e1vio Murilo Gon\u00e7alves Prates (foto em destaque) pediu exonera\u00e7\u00e3o da fun\u00e7\u00e3o. A confirma\u00e7\u00e3o da sa\u00edda dele da pasta consta na edi\u00e7\u00e3o desta ter\u00e7a-feira (20\/2) do Di\u00e1rio Oficial (DODF). Fl\u00e1vio Murilo ser\u00e1 substitu\u00eddo por Zeno Jos\u00e9 Andrade Gon\u00e7alves, ent\u00e3o chefe de gabinete da Secretaria de Transporte e [\u2026]<\/p>\n<p>O post <a href=\"https:\/\/www.delioandrade.com.br\/df-secretario-transporte-e-mobilidade-flavio-murilo-pede-exoneracao\/\">DF: secret\u00e1rio Transporte e Mobilidade Fl\u00e1vio Murilo pede exonera\u00e7\u00e3o<\/a> apareceu primeiro em <a href=\"https:\/\/www.delioandrade.com.br\/\">Blog do D\u00c9LIO ANDRADE<\/a>.<\/p>\n","protected":false},"excerpt":{"rendered":"<p>O secret\u00e1rio de Transporte e Mobilidade do Distrito Federal Fl\u00e1vio Murilo Gon\u00e7alves Prates (foto em destaque) pediu exonera\u00e7\u00e3o da fun\u00e7\u00e3o. A confirma\u00e7\u00e3o da sa\u00edda dele da pasta consta na edi\u00e7\u00e3o desta ter\u00e7a-feira (20\/2) do Di\u00e1rio Oficial (DODF). Fl\u00e1vio Murilo ser\u00e1 substitu\u00eddo por Zeno Jos\u00e9 Andrade Gon\u00e7alves, ent\u00e3o chefe de gabinete da Secretaria de Transporte e [&hellip;]<\/p>\n","protected":false},"author":0,"featured_media":0,"comment_status":"open","ping_status":"open","sticky":false,"template":"","format":"standard","meta":{"footnotes":""},"categories":[21],"tags":[],"class_list":{"0":"post-41305","1":"post","2":"type-post","3":"status-publish","4":"format-standard","6":"category-brasilia"},"yoast_head":"<!-- This site is optimized with the Yoast SEO Premium plugin v24.5 (Yoast SEO v27.4) - https:\/\/yoast.com\/product\/yoast-seo-premium-wordpress\/ -->\n<title>DF: secret\u00e1rio Transporte e Mobilidade Fl\u00e1vio Murilo pede exonera\u00e7\u00e3o - P31<\/title>\n<meta name=\"robots\" content=\"index, follow, max-snippet:-1, max-image-preview:large, max-video-preview:-1\" \/>\n<link rel=\"canonical\" href=\"https:\/\/www.p31noticias.com.br\/?p=41305\" \/>\n<meta property=\"og:locale\" content=\"pt_BR\" \/>\n<meta property=\"og:type\" content=\"article\" \/>\n<meta property=\"og:title\" content=\"DF: secret\u00e1rio Transporte e Mobilidade Fl\u00e1vio Murilo pede exonera\u00e7\u00e3o\" \/>\n<meta property=\"og:description\" content=\"O secret\u00e1rio de Transporte e Mobilidade do Distrito Federal Fl\u00e1vio Murilo Gon\u00e7alves Prates (foto em destaque) pediu exonera\u00e7\u00e3o da fun\u00e7\u00e3o. A confirma\u00e7\u00e3o da sa\u00edda dele da pasta consta na edi\u00e7\u00e3o desta ter\u00e7a-feira (20\/2) do Di\u00e1rio Oficial (DODF). Fl\u00e1vio Murilo ser\u00e1 substitu\u00eddo por Zeno Jos\u00e9 Andrade Gon\u00e7alves, ent\u00e3o chefe de gabinete da Secretaria de Transporte e [&hellip;]\" \/>\n<meta property=\"og:url\" content=\"https:\/\/www.p31noticias.com.br\/?p=41305\" \/>\n<meta property=\"og:site_name\" content=\"P31\" \/>\n<meta property=\"article:published_time\" content=\"2024-02-20T12:31:30+00:00\" \/>\n<meta name=\"twitter:card\" content=\"summary_large_image\" \/>\n<script type=\"application\/ld+json\" class=\"yoast-schema-graph\">{\"@context\":\"https:\\\/\\\/schema.org\",\"@graph\":[{\"@type\":\"Article\",\"@id\":\"https:\\\/\\\/www.p31noticias.com.br\\\/?p=41305#article\",\"isPartOf\":{\"@id\":\"https:\\\/\\\/www.p31noticias.com.br\\\/?p=41305\"},\"author\":{\"name\":\"\",\"@id\":\"\"},\"headline\":\"DF: secret\u00e1rio Transporte e Mobilidade Fl\u00e1vio Murilo pede exonera\u00e7\u00e3o\",\"datePublished\":\"2024-02-20T12:31:30+00:00\",\"mainEntityOfPage\":{\"@id\":\"https:\\\/\\\/www.p31noticias.com.br\\\/?p=41305\"},\"wordCount\":102,\"commentCount\":0,\"articleSection\":[\"Bras\u00edlia\"],\"inLanguage\":\"pt-BR\",\"potentialAction\":[{\"@type\":\"CommentAction\",\"name\":\"Comment\",\"target\":[\"https:\\\/\\\/www.p31noticias.com.br\\\/?p=41305#respond\"]}],\"copyrightYear\":\"2024\",\"copyrightHolder\":{\"@id\":\"https:\\\/\\\/www.p31noticias.com.br\\\/#organization\"}},{\"@type\":\"WebPage\",\"@id\":\"https:\\\/\\\/www.p31noticias.com.br\\\/?p=41305\",\"url\":\"https:\\\/\\\/www.p31noticias.com.br\\\/?p=41305\",\"name\":\"DF: secret\u00e1rio Transporte e Mobilidade Fl\u00e1vio Murilo pede exonera\u00e7\u00e3o - P31\",\"isPartOf\":{\"@id\":\"https:\\\/\\\/www.p31noticias.com.br\\\/#website\"},\"datePublished\":\"2024-02-20T12:31:30+00:00\",\"author\":{\"@id\":\"\"},\"breadcrumb\":{\"@id\":\"https:\\\/\\\/www.p31noticias.com.br\\\/?p=41305#breadcrumb\"},\"inLanguage\":\"pt-BR\",\"potentialAction\":[{\"@type\":\"ReadAction\",\"target\":[\"https:\\\/\\\/www.p31noticias.com.br\\\/?p=41305\"]}]},{\"@type\":\"BreadcrumbList\",\"@id\":\"https:\\\/\\\/www.p31noticias.com.br\\\/?p=41305#breadcrumb\",\"itemListElement\":[{\"@type\":\"ListItem\",\"position\":1,\"name\":\"In\u00edcio\",\"item\":\"https:\\\/\\\/www.p31noticias.com.br\\\/\"},{\"@type\":\"ListItem\",\"position\":2,\"name\":\"DF: secret\u00e1rio Transporte e Mobilidade Fl\u00e1vio Murilo pede exonera\u00e7\u00e3o\"}]},{\"@type\":\"WebSite\",\"@id\":\"https:\\\/\\\/www.p31noticias.com.br\\\/#website\",\"url\":\"https:\\\/\\\/www.p31noticias.com.br\\\/\",\"name\":\"P31\",\"description\":\"NOT\u00cdCIAS\",\"potentialAction\":[{\"@type\":\"SearchAction\",\"target\":{\"@type\":\"EntryPoint\",\"urlTemplate\":\"https:\\\/\\\/www.p31noticias.com.br\\\/?s={search_term_string}\"},\"query-input\":{\"@type\":\"PropertyValueSpecification\",\"valueRequired\":true,\"valueName\":\"search_term_string\"}}],\"inLanguage\":\"pt-BR\"}]}<\/script>\n<!-- \/ Yoast SEO Premium plugin. -->","yoast_head_json":{"title":"DF: secret\u00e1rio Transporte e Mobilidade Fl\u00e1vio Murilo pede exonera\u00e7\u00e3o - P31","robots":{"index":"index","follow":"follow","max-snippet":"max-snippet:-1","max-image-preview":"max-image-preview:large","max-video-preview":"max-video-preview:-1"},"canonical":"https:\/\/www.p31noticias.com.br\/?p=41305","og_locale":"pt_BR","og_type":"article","og_title":"DF: secret\u00e1rio Transporte e Mobilidade Fl\u00e1vio Murilo pede exonera\u00e7\u00e3o","og_description":"O secret\u00e1rio de Transporte e Mobilidade do Distrito Federal Fl\u00e1vio Murilo Gon\u00e7alves Prates (foto em destaque) pediu exonera\u00e7\u00e3o da fun\u00e7\u00e3o. A confirma\u00e7\u00e3o da sa\u00edda dele da pasta consta na edi\u00e7\u00e3o desta ter\u00e7a-feira (20\/2) do Di\u00e1rio Oficial (DODF). Fl\u00e1vio Murilo ser\u00e1 substitu\u00eddo por Zeno Jos\u00e9 Andrade Gon\u00e7alves, ent\u00e3o chefe de gabinete da Secretaria de Transporte e [&hellip;]","og_url":"https:\/\/www.p31noticias.com.br\/?p=41305","og_site_name":"P31","article_published_time":"2024-02-20T12:31:30+00:00","twitter_card":"summary_large_image","schema":{"@context":"https:\/\/schema.org","@graph":[{"@type":"Article","@id":"https:\/\/www.p31noticias.com.br\/?p=41305#article","isPartOf":{"@id":"https:\/\/www.p31noticias.com.br\/?p=41305"},"author":{"name":"","@id":""},"headline":"DF: secret\u00e1rio Transporte e Mobilidade Fl\u00e1vio Murilo pede exonera\u00e7\u00e3o","datePublished":"2024-02-20T12:31:30+00:00","mainEntityOfPage":{"@id":"https:\/\/www.p31noticias.com.br\/?p=41305"},"wordCount":102,"commentCount":0,"articleSection":["Bras\u00edlia"],"inLanguage":"pt-BR","potentialAction":[{"@type":"CommentAction","name":"Comment","target":["https:\/\/www.p31noticias.com.br\/?p=41305#respond"]}],"copyrightYear":"2024","copyrightHolder":{"@id":"https:\/\/www.p31noticias.com.br\/#organization"}},{"@type":"WebPage","@id":"https:\/\/www.p31noticias.com.br\/?p=41305","url":"https:\/\/www.p31noticias.com.br\/?p=41305","name":"DF: secret\u00e1rio Transporte e Mobilidade Fl\u00e1vio Murilo pede exonera\u00e7\u00e3o - P31","isPartOf":{"@id":"https:\/\/www.p31noticias.com.br\/#website"},"datePublished":"2024-02-20T12:31:30+00:00","author":{"@id":""},"breadcrumb":{"@id":"https:\/\/www.p31noticias.com.br\/?p=41305#breadcrumb"},"inLanguage":"pt-BR","potentialAction":[{"@type":"ReadAction","target":["https:\/\/www.p31noticias.com.br\/?p=41305"]}]},{"@type":"BreadcrumbList","@id":"https:\/\/www.p31noticias.com.br\/?p=41305#breadcrumb","itemListElement":[{"@type":"ListItem","position":1,"name":"In\u00edcio","item":"https:\/\/www.p31noticias.com.br\/"},{"@type":"ListItem","position":2,"name":"DF: secret\u00e1rio Transporte e Mobilidade Fl\u00e1vio Murilo pede exonera\u00e7\u00e3o"}]},{"@type":"WebSite","@id":"https:\/\/www.p31noticias.com.br\/#website","url":"https:\/\/www.p31noticias.com.br\/","name":"P31","description":"NOT\u00cdCIAS","potentialAction":[{"@type":"SearchAction","target":{"@type":"EntryPoint","urlTemplate":"https:\/\/www.p31noticias.com.br\/?s={search_term_string}"},"query-input":{"@type":"PropertyValueSpecification","valueRequired":true,"valueName":"search_term_string"}}],"inLanguage":"pt-BR"}]}},"amp_enabled":true,"_links":{"self":[{"href":"https:\/\/www.p31noticias.com.br\/index.php?rest_route=\/wp\/v2\/posts\/41305","targetHints":{"allow":["GET"]}}],"collection":[{"href":"https:\/\/www.p31noticias.com.br\/index.php?rest_route=\/wp\/v2\/posts"}],"about":[{"href":"https:\/\/www.p31noticias.com.br\/index.php?rest_route=\/wp\/v2\/types\/post"}],"replies":[{"embeddable":true,"href":"https:\/\/www.p31noticias.com.br\/index.php?rest_route=%2Fwp%2Fv2%2Fcomments&post=41305"}],"version-history":[{"count":0,"href":"https:\/\/www.p31noticias.com.br\/index.php?rest_route=\/wp\/v2\/posts\/41305\/revisions"}],"wp:attachment":[{"href":"https:\/\/www.p31noticias.com.br\/index.php?rest_route=%2Fwp%2Fv2%2Fmedia&parent=41305"}],"wp:term":[{"taxonomy":"category","embeddable":true,"href":"https:\/\/www.p31noticias.com.br\/index.php?rest_route=%2Fwp%2Fv2%2Fcategories&post=41305"},{"taxonomy":"post_tag","embeddable":true,"href":"https:\/\/www.p31noticias.com.br\/index.php?rest_route=%2Fwp%2Fv2%2Ftags&post=41305"}],"curies":[{"name":"wp","href":"https:\/\/api.w.org\/{rel}","templated":true}]}}