{"id":41270,"date":"2024-02-20T05:38:28","date_gmt":"2024-02-20T08:38:28","guid":{"rendered":"https:\/\/p31noticias.com.br\/?p=41270"},"modified":"2024-02-20T05:38:28","modified_gmt":"2024-02-20T08:38:28","slug":"abilio-diniz-morre-aos-87-anos-em-sao-paulo","status":"publish","type":"post","link":"https:\/\/www.p31noticias.com.br\/?p=41270","title":{"rendered":"Abilio Diniz morre aos 87 anos em S\u00e3o Paulo"},"content":{"rendered":"<h2 class=\"content-head__subtitle\" style=\"text-align: justify;\"><em><strong>A causa da morte do empres\u00e1rio foi insufici\u00eancia respirat\u00f3ria em fun\u00e7\u00e3o de uma pneumonite. Ele estava internado em um hospital da capital paulista<\/strong><\/em><\/h2>\n<div class=\"glb-grid\" style=\"text-align: justify;\"><main class=\"mc-body theme\"><\/p>\n<div class=\"mc-article-body\">\n<article>\n<div id=\"chunk-dii65\">\n<div class=\"mc-column content-text active-extra-styles \" data-block-type=\"unstyled\" data-block-weight=\"24\" data-block-id=\"2\">\n<p class=\" content-text__container \" data-track-category=\"Link no Texto\" data-track-links=\"\">O empres\u00e1rio Ab\u00edlio Diniz morreu neste domingo (18), aos 87 anos, em S\u00e3o Paulo, v\u00edtima de insufici\u00eancia respirat\u00f3ria em fun\u00e7\u00e3o de uma pneumonite.<\/p>\n<\/div>\n<\/div>\n<div class=\"wall protected-content\">\n<div id=\"chunk-7n8eg\">\n<div class=\"mc-column content-text active-extra-styles \" data-block-type=\"unstyled\" data-block-weight=\"21\" data-block-id=\"4\">\n<p class=\" content-text__container \" data-track-category=\"Link no Texto\" data-track-links=\"\">Ao lado do pai, ele construiu o grupo P\u00e3o de A\u00e7\u00facar e comandou uma das maiores companhias de alimento do mundo.<\/p>\n<\/div>\n<\/div>\n<div id=\"chunk-4u6fv\">\n<div class=\"mc-column content-text active-extra-styles \" data-block-type=\"unstyled\" data-block-weight=\"24\" data-block-id=\"5\">\n<p class=\" content-text__container \" data-track-category=\"Link no Texto\" data-track-links=\"\">Ele ficou internado por um m\u00eas no hospital Albert Einstein, na Zona Sul da capital paulista. Ele deixa cinco filhos, esposa, netos e bisnetos.<\/p>\n<\/div>\n<\/div>\n<div id=\"chunk-e4oj8\">\n<div class=\"mc-column content-text active-extra-styles \" data-block-type=\"unstyled\" data-block-weight=\"29\" data-block-id=\"6\">\n<p class=\" content-text__container \" data-track-category=\"Link no Texto\" data-track-links=\"\"><span class=\"highlight highlighted\">O vel\u00f3rio ser\u00e1 aberto ao p\u00fablico nesta segunda-feira (19), das 11 horas \u00e0s 15 horas, no Sal\u00e3o Nobre do Est\u00e1dio do Morumbi, informou a fam\u00edlia Diniz em nota.<\/span><\/p>\n<\/div>\n<\/div>\n<div id=\"chunk-71jm2\">\n<div class=\"mc-column content-text active-extra-styles \" data-block-type=\"unstyled\" data-block-weight=\"7\" data-block-id=\"7\">\n<p class=\" content-text__container \" data-track-category=\"Link no Texto\" data-track-links=\"\"><span class=\"highlight highlighted\">O enterro ser\u00e1 reservado apenas aos familiares.<\/span><\/p>\n<\/div>\n<\/div>\n<div id=\"chunk-b2b3g\">\n<div class=\"content-ads content-ads--reveal\" data-block-type=\"ads\" data-block-id=\"8\">\n<div id=\"banner_materia2\" class=\"tag-manager-publicidade-container mc-has-reveal mc-has-ad-lazyload tag-manager-publicidade-banner_materia2 tag-manager-publicidade-container--carregado tag-manager-publicidade-container--visivel\" data-id=\"banner_materia2\" data-google-query-id=\"CKmh_Ia-uYQDFQu5lQIdaC0JRA\">\n<div id=\"google_ads_iframe_\/95377733\/tvg_G1\/Sua_Regiao&gt;Sudeste&gt;Sao_Paulo_3__container__\" style=\"box-sizing: inherit; margin: auto; padding: 0px; border: 0pt none; font: inherit; vertical-align: baseline; max-width: 100%; text-align: center; width: 970px; height: 250px;\"><img decoding=\"async\" class=\"i-amphtml-fill-content i-amphtml-replaced-content\" src=\"https:\/\/s2-g1.glbimg.com\/jKMJBmEBCBjcDm0QFB97G5Hsfnw=\/0x0:1700x1065\/984x0\/smart\/filters:strip_icc()\/s.glbimg.com\/jo\/g1\/f\/original\/2013\/05\/27\/fup20130527349.jpg\" sizes=\"(max-width: 1366px) 648px, 100vw\" srcset=\"https:\/\/s2-g1.glbimg.com\/vdIxPuzhYy6stMDRkLyAESNfTvw=\/0x0:1700x1065\/1000x0\/smart\/filters:strip_icc()\/s.glbimg.com\/jo\/g1\/f\/original\/2013\/05\/27\/fup20130527349.jpg 1000w, https:\/\/s2-g1.glbimg.com\/jKMJBmEBCBjcDm0QFB97G5Hsfnw=\/0x0:1700x1065\/984x0\/smart\/filters:strip_icc()\/s.glbimg.com\/jo\/g1\/f\/original\/2013\/05\/27\/fup20130527349.jpg 984w, https:\/\/s2-g1.glbimg.com\/we-oRyJm4NPngIXTVNxNQAcj8jo=\/0x0:1700x1065\/640x0\/smart\/filters:strip_icc()\/s.glbimg.com\/jo\/g1\/f\/original\/2013\/05\/27\/fup20130527349.jpg 640w, https:\/\/s2-g1.glbimg.com\/1obZMmsVnASVfFXfiON8TGq2GC4=\/0x0:1700x1065\/600x0\/smart\/filters:strip_icc()\/s.glbimg.com\/jo\/g1\/f\/original\/2013\/05\/27\/fup20130527349.jpg 600w\" alt=\"O empres\u00e1rio Ab\u00edlio Diniz \u2014 Foto: Gabriela Bil\u00f3\/Futura Press\/Estad\u00e3o Conte\u00fado\" \/><\/div>\n<\/div>\n<\/div>\n<\/div>\n<div id=\"chunk-73sb1\">\n<div class=\"row medium-uncollapsed content-media content-photo\" data-block-type=\"backstage-photo\" data-block-id=\"9\">\n<div class=\" mc-column  content-media__container\">\n<p class=\"content-media__description  \">O empres\u00e1rio Ab\u00edlio Diniz \u2014 Foto: Gabriela Bil\u00f3\/Futura Press\/Estad\u00e3o Conte\u00fado<\/p>\n<\/div>\n<\/div>\n<\/div>\n<div id=\"chunk-eta0o\">\n<div class=\"mc-column content-text active-extra-styles \" data-block-type=\"unstyled\" data-block-weight=\"38\" data-block-id=\"10\">\n<p class=\" content-text__container \" data-track-category=\"Link no Texto\" data-track-links=\"\">Filho de Valentim e Floripes, Abilio Diniz nasceu no bairro do Para\u00edso, na Zona Sul de S\u00e3o Paulo, em dezembro de 1936. Primeiro de seis filhos de uma fam\u00edlia de origem portuguesa, viveu nos fundos de uma mercearia.<\/p>\n<\/div>\n<\/div>\n<div id=\"chunk-c71sd\">\n<div class=\"mc-column content-text active-extra-styles \" data-block-type=\"unstyled\" data-block-weight=\"2\" data-block-id=\"11\"><\/div>\n<\/div>\n<div id=\"chunk-fbi5c\">\n<div class=\"mc-column content-text active-extra-styles \" data-block-type=\"unstyled\" data-block-weight=\"45\" data-block-id=\"13\">\n<p class=\" content-text__container \" data-track-category=\"Link no Texto\" data-track-links=\"\">Em 1948, ainda menino, ajudou o pai na abertura de uma doceria, chamada P\u00e3o de A\u00e7\u00facar. Era o in\u00edcio da constru\u00e7\u00e3o de um imp\u00e9rio em homenagem ao cart\u00e3o-postal do Rio de Janeiro, primeira imagem que o pai avistou ao chegar ao Brasil de navio.<\/p>\n<\/div>\n<\/div>\n<div id=\"chunk-2jkqh\">\n<div class=\"mc-column content-text active-extra-styles \" data-block-type=\"unstyled\" data-block-weight=\"48\" data-block-id=\"14\">\n<p class=\" content-text__container \" data-track-category=\"Link no Texto\" data-track-links=\"\">Formado em administra\u00e7\u00e3o de empresas pela Funda\u00e7\u00e3o Get\u00falio Vargas (FGV), Diniz pensou em se especializar nos Estados Unidos, mas o convite do pai falou mais alto, e em 1959, abriram a primeira loja do P\u00e3o de A\u00e7\u00facar, na Avenida Brigadeiro Lu\u00eds Ant\u00f4nio, no cora\u00e7\u00e3o de S\u00e3o Paulo.<\/p>\n<\/div>\n<\/div>\n<div id=\"chunk-1mhjr\">\n<div class=\"content-ads content-ads--reveal\" data-block-type=\"ads\" data-block-id=\"15\">\n<div id=\"banner_materia__78c931a2-7feb-4fb1-a5e0-0e375b365447\" class=\"tag-manager-publicidade-container mc-has-reveal mc-has-ad-lazyload tag-manager-publicidade-banner_materia__78c931a2-7feb-4fb1-a5e0-0e375b365447 tag-manager-publicidade-container--carregado tag-manager-publicidade-container--visivel\" data-id=\"banner_materia__78c931a2-7feb-4fb1-a5e0-0e375b365447\" data-google-query-id=\"CJr1ioe-uYQDFeqMlQIdoyAD5g\">\n<div id=\"google_ads_iframe_\/95377733\/tvg_G1\/Sua_Regiao&gt;Sudeste&gt;Sao_Paulo_4__container__\" style=\"box-sizing: inherit; margin: auto; padding: 0px; border: 0pt none; font: inherit; vertical-align: baseline; max-width: 100%; text-align: center; width: 970px; height: 250px;\"><img decoding=\"async\" class=\"i-amphtml-fill-content i-amphtml-replaced-content\" src=\"https:\/\/s2-g1.glbimg.com\/d4-zxs0SEBmI9h3W5tJB3C7kaho=\/0x0:3500x2281\/984x0\/smart\/filters:strip_icc()\/i.s3.glbimg.com\/v1\/AUTH_59edd422c0c84a879bd37670ae4f538a\/internal_photos\/bs\/2018\/c\/J\/qAHIKxT2OGp1qbYUOQwg\/2018-02-26t201359z-2031659587-rc17b028e140-rtrmadp-3-brf-management-diniz.jpg\" sizes=\"(max-width: 1366px) 648px, 100vw\" srcset=\"https:\/\/s2-g1.glbimg.com\/PD2C9R3J9sPeo3WS0g9QMvIC7Zc=\/0x0:3500x2281\/1000x0\/smart\/filters:strip_icc()\/i.s3.glbimg.com\/v1\/AUTH_59edd422c0c84a879bd37670ae4f538a\/internal_photos\/bs\/2018\/c\/J\/qAHIKxT2OGp1qbYUOQwg\/2018-02-26t201359z-2031659587-rc17b028e140-rtrmadp-3-brf-management-diniz.jpg 1000w, https:\/\/s2-g1.glbimg.com\/d4-zxs0SEBmI9h3W5tJB3C7kaho=\/0x0:3500x2281\/984x0\/smart\/filters:strip_icc()\/i.s3.glbimg.com\/v1\/AUTH_59edd422c0c84a879bd37670ae4f538a\/internal_photos\/bs\/2018\/c\/J\/qAHIKxT2OGp1qbYUOQwg\/2018-02-26t201359z-2031659587-rc17b028e140-rtrmadp-3-brf-management-diniz.jpg 984w, https:\/\/s2-g1.glbimg.com\/LAIhUYq27x1xG0bt5cyu_UJvF4Q=\/0x0:3500x2281\/640x0\/smart\/filters:strip_icc()\/i.s3.glbimg.com\/v1\/AUTH_59edd422c0c84a879bd37670ae4f538a\/internal_photos\/bs\/2018\/c\/J\/qAHIKxT2OGp1qbYUOQwg\/2018-02-26t201359z-2031659587-rc17b028e140-rtrmadp-3-brf-management-diniz.jpg 640w, https:\/\/s2-g1.glbimg.com\/FCNAk2Rp-zaSDgqUdr09Je2xYn4=\/0x0:3500x2281\/600x0\/smart\/filters:strip_icc()\/i.s3.glbimg.com\/v1\/AUTH_59edd422c0c84a879bd37670ae4f538a\/internal_photos\/bs\/2018\/c\/J\/qAHIKxT2OGp1qbYUOQwg\/2018-02-26t201359z-2031659587-rc17b028e140-rtrmadp-3-brf-management-diniz.jpg 600w\" alt=\"Abilio Diniz em foto de 2018 \u2014 Foto: Reuters\/Paulo Whitaker\" \/><\/div>\n<\/div>\n<\/div>\n<\/div>\n<div id=\"chunk-8i3gs\">\n<div class=\"row medium-uncollapsed content-media content-photo\" data-block-type=\"backstage-photo\" data-block-id=\"16\">\n<div class=\" mc-column  content-media__container\">\n<p class=\"content-media__description  \">Abilio Diniz em foto de 2018 \u2014 Foto: Reuters\/Paulo Whitaker<\/p>\n<\/div>\n<\/div>\n<\/div>\n<div id=\"chunk-fdpa4\">\n<div class=\"mc-column content-text active-extra-styles \" data-block-type=\"unstyled\" data-block-weight=\"15\" data-block-id=\"17\">\n<p class=\" content-text__container \" data-track-category=\"Link no Texto\" data-track-links=\"\">No final dos anos 1960, j\u00e1 eram mais de 60 lojas em 17 cidades.<\/p>\n<\/div>\n<\/div>\n<div id=\"chunk-9lotv\">\n<div class=\"mc-column content-text active-extra-styles \" data-block-type=\"unstyled\" data-block-weight=\"27\" data-block-id=\"18\">\n<p class=\" content-text__container \" data-track-category=\"Link no Texto\" data-track-links=\"\">Em 1971, Diniz inaugurou o Jumbo, primeiro hipermercado do Brasil. Cinco anos depois, com empr\u00e9stimo do BNDES, comprou a Eletroradiobraz, e seguiu comprando, crescendo e inovando.<\/p>\n<\/div>\n<\/div>\n<div id=\"chunk-6v3b9\">\n<div class=\"mc-column content-text active-extra-styles \" data-block-type=\"unstyled\" data-block-weight=\"49\" data-block-id=\"19\">\n<p class=\" content-text__container \" data-track-category=\"Link no Texto\" data-track-links=\"\">Diniz tamb\u00e9m foi o primeiro a criar supermercado em shopping e a abrir suas lojas 24 horas. Foi um dos fundadores da associa\u00e7\u00e3o brasileira de supermercados e foi um dos pioneiros na cria\u00e7\u00e3o de programas de trainees do Brasil, uma maneira de recrutar e treinar talentos nos neg\u00f3cios.<\/p>\n<\/div>\n<\/div>\n<div id=\"chunk-opj8\">\n<div class=\"bs-video-block mc-column   content-media content-video\" data-block-type=\"backstage-video\" data-block-id=\"20\">\n<div class=\"content-media__container\">\n<div class=\"content-video__bigger-player-description-fixer\">\n<article class=\"content-video\" data-ts-view=\"1708417209753\">\n<section class=\"content-video__video-container\">\n<div class=\"content-video__video\">\n<div id=\"wp3-player-2\" class=\"clappr-player\" tabindex=\"9999\" data-player=\"\">\n<div class=\"media-control touch media-control-hide h720 w960\">\n<div class=\"media-control-panel\">\n<div class=\"media-control-panel__between\">Mas um dos maiores l\u00edderes empresariais do pa\u00eds tamb\u00e9m conheceu crises e esteve no centro de conflitos. Por dez anos foi membro do conselho monet\u00e1rio nacional.<\/div>\n<\/div>\n<\/div>\n<\/div>\n<\/div>\n<\/section>\n<\/article>\n<\/div>\n<\/div>\n<\/div>\n<\/div>\n<div id=\"chunk-460v5\">\n<div class=\"mc-column content-text active-extra-styles \" data-block-type=\"unstyled\" data-block-weight=\"27\" data-block-id=\"23\">\n<p class=\" content-text__container \" data-track-category=\"Link no Texto\" data-track-links=\"\">Em 1987, com o P\u00e3o de A\u00e7\u00facar e o pa\u00eds mergulhados em uma crise econ\u00f4mica, vendeu a sede imponente e voltou ao pr\u00e9dio onde tudo come\u00e7ou.<\/p>\n<\/div>\n<\/div>\n<div id=\"chunk-16iae\">\n<div class=\"row medium-uncollapsed content-media content-photo\" data-block-type=\"backstage-photo\" data-block-id=\"24\">\n<div class=\" mc-column  content-media__container\">\n<div class=\"content-media-container glb-skeleton-box\">\n<figure class=\"content-media-figure\"><img decoding=\"async\" class=\"i-amphtml-fill-content i-amphtml-replaced-content\" src=\"https:\/\/s2-g1.glbimg.com\/rkX0jpguFpF8eCcE1pPFnqkxLRQ=\/0x0:1369x814\/984x0\/smart\/filters:strip_icc()\/s.glbimg.com\/jo\/g1\/f\/original\/2016\/09\/14\/abilio5.jpg\" sizes=\"(max-width: 1366px) 648px, 100vw\" srcset=\"https:\/\/s2-g1.glbimg.com\/wpDdIXvafgeowEzrri_e0ZvE7ug=\/0x0:1369x814\/1000x0\/smart\/filters:strip_icc()\/s.glbimg.com\/jo\/g1\/f\/original\/2016\/09\/14\/abilio5.jpg 1000w, https:\/\/s2-g1.glbimg.com\/rkX0jpguFpF8eCcE1pPFnqkxLRQ=\/0x0:1369x814\/984x0\/smart\/filters:strip_icc()\/s.glbimg.com\/jo\/g1\/f\/original\/2016\/09\/14\/abilio5.jpg 984w, https:\/\/s2-g1.glbimg.com\/WFI4DkKGSMJEmw3u5SZbqlFkrLY=\/0x0:1369x814\/640x0\/smart\/filters:strip_icc()\/s.glbimg.com\/jo\/g1\/f\/original\/2016\/09\/14\/abilio5.jpg 640w, https:\/\/s2-g1.glbimg.com\/qbc2jfBRKWTtLn8HA6uHj76lH3g=\/0x0:1369x814\/600x0\/smart\/filters:strip_icc()\/s.glbimg.com\/jo\/g1\/f\/original\/2016\/09\/14\/abilio5.jpg 600w\" alt=\"Abilio Diniz em entrevista \u00e0 GloboNews em 2016 \u2014 Foto: GloboNews\" \/><\/figure>\n<\/div>\n<p class=\"content-media__description  \">\u00a0 \u00a0 \u00a0 \u00a0 \u00a0 \u00a0Abilio Diniz em entrevista \u00e0 GloboNews em 2016 \u2014 Foto: GloboNews<\/p>\n<\/div>\n<\/div>\n<\/div>\n<div id=\"chunk-cf0jc\">\n<div class=\"mc-column content-text active-extra-styles \" data-block-type=\"unstyled\" data-block-weight=\"43\" data-block-id=\"25\">\n<p class=\" content-text__container \" data-track-category=\"Link no Texto\" data-track-links=\"\">Em 1989, outro rev\u00e9s. Diniz foi sequestrado quando ia de carro para o trabalho e ficou uma semana nas m\u00e3os de sequestradores, nove estrangeiros e um brasileiro. A pol\u00edcia descobriu o cativeiro, mas a liberta\u00e7\u00e3o s\u00f3 ocorreu depois de uma longa negocia\u00e7\u00e3o.<\/p>\n<\/div>\n<\/div>\n<div id=\"chunk-e3ht2\">\n<div class=\"mc-column content-text active-extra-styles \" data-block-type=\"unstyled\" data-block-weight=\"52\" data-block-id=\"26\">\n<p class=\" content-text__container \" data-track-category=\"Link no Texto\" data-track-links=\"\">Em 1991, o P\u00e3o de A\u00e7\u00facar pagou as d\u00edvidas e deu lucro. Diniz se preparou para enfrentar gigantes do varejo internacional no Brasil. Em 1995, abriu o capital do P\u00e3o de A\u00e7\u00facar e, com dinheiro em caixa, voltou a comprar supermercados menores, at\u00e9 que encontrou um acionista internacional, o grupo franc\u00eas Casino.<\/p>\n<\/div>\n<\/div>\n<div id=\"chunk-5f41g\">\n<div class=\"mc-column content-text active-extra-styles \" data-block-type=\"unstyled\" data-block-weight=\"34\" data-block-id=\"28\">\n<p class=\" content-text__container \" data-track-category=\"Link no Texto\" data-track-links=\"\">Depois, decidiu profissionalizar a administra\u00e7\u00e3o do grupo e tirar os filhos da sucess\u00e3o. Entrou no ramo de eletroeletr\u00f4nicos pelo varejo e, depois de 54 anos, deixou o grupo P\u00e3o de A\u00e7\u00facar em 2013.<\/p>\n<\/div>\n<\/div>\n<div id=\"chunk-fhcue\">\n<div class=\"mc-column content-text active-extra-styles \" data-block-type=\"unstyled\" data-block-weight=\"33\" data-block-id=\"29\">\n<p class=\" content-text__container \" data-track-category=\"Link no Texto\" data-track-links=\"\">&#8220;\u00c9 um dia muito importante hoje para mim e para minha fam\u00edlia. \u00c9 o dia em que estou passando o controle do grupo P\u00e3o de A\u00e7\u00facar para o grupo Casino&#8221;, disse na ocasi\u00e3o.<\/p>\n<\/div>\n<\/div>\n<div id=\"chunk-c912g\">\n<div class=\"mc-column content-text active-extra-styles \" data-block-type=\"unstyled\" data-block-weight=\"25\" data-block-id=\"30\">\n<p class=\" content-text__container \" data-track-category=\"Link no Texto\" data-track-links=\"\">Depois, comandou a BRF &#8211; uma das maiores companhias de alimentos do mundo &#8211; e criou uma empresa de investimentos, que comprou a\u00e7\u00f5es do Carrefour.<\/p>\n<\/div>\n<\/div>\n<div id=\"chunk-817sl\">\n<div class=\"row medium-uncollapsed content-media content-photo\" data-block-type=\"backstage-photo\" data-block-id=\"31\">\n<div class=\" mc-column  content-media__container\">\n<div class=\"content-media-container glb-skeleton-box\">\n<figure class=\"content-media-figure\"><img decoding=\"async\" class=\"i-amphtml-fill-content i-amphtml-replaced-content\" src=\"https:\/\/s2-g1.glbimg.com\/_x1GizCuLBMaFuRP5JnLrbY40qs=\/0x0:2816x2112\/984x0\/smart\/filters:strip_icc()\/s.glbimg.com\/jo\/g1\/f\/original\/2013\/09\/06\/abilio.jpg\" sizes=\"(max-width: 1366px) 648px, 100vw\" srcset=\"https:\/\/s2-g1.glbimg.com\/yrmf3NhArEl5Mp_YsNxTPYymjCQ=\/0x0:2816x2112\/1000x0\/smart\/filters:strip_icc()\/s.glbimg.com\/jo\/g1\/f\/original\/2013\/09\/06\/abilio.jpg 1000w, https:\/\/s2-g1.glbimg.com\/_x1GizCuLBMaFuRP5JnLrbY40qs=\/0x0:2816x2112\/984x0\/smart\/filters:strip_icc()\/s.glbimg.com\/jo\/g1\/f\/original\/2013\/09\/06\/abilio.jpg 984w, https:\/\/s2-g1.glbimg.com\/SQtLAXnCfKpZXX9vq1ssushVT3I=\/0x0:2816x2112\/640x0\/smart\/filters:strip_icc()\/s.glbimg.com\/jo\/g1\/f\/original\/2013\/09\/06\/abilio.jpg 640w, https:\/\/s2-g1.glbimg.com\/rysW4YNFiR8b9t5zPQTCl0r6ajU=\/0x0:2816x2112\/600x0\/smart\/filters:strip_icc()\/s.glbimg.com\/jo\/g1\/f\/original\/2013\/09\/06\/abilio.jpg 600w\" alt=\"Abilio Diniz ao anunciar sua sa\u00edda do Grupo P\u00e3o de A\u00e7\u00facar, em 2013 \u2014 Foto: Simone Cunha\/G1\" \/><\/figure>\n<\/div>\n<p class=\"content-media__description  \">Abilio Diniz ao anunciar sua sa\u00edda do Grupo P\u00e3o de A\u00e7\u00facar, em 2013 \u2014 Foto: Simone Cunha\/G1<\/p>\n<\/div>\n<\/div>\n<\/div>\n<div id=\"chunk-36gac\">\n<div class=\"mc-column content-text active-extra-styles \" data-block-type=\"unstyled\" data-block-weight=\"41\" data-block-id=\"32\">\n<p class=\" content-text__container \" data-track-category=\"Link no Texto\" data-track-links=\"\">Sempre esportista, foi tricampe\u00e3o brasileiro de moton\u00e1utica, em 1970, e ganhou, com o irm\u00e3o Alcides, as milhas de Interlagos. Com isso, criou um portal sobre h\u00e1bitos saud\u00e1veis, que inspirou o livro &#8220;Caminhos e escolhas: o equil\u00edbrio para uma vida mais feliz&#8221;.<\/p>\n<\/div>\n<\/div>\n<div id=\"chunk-66kj3\">\n<div class=\"mc-column content-text active-extra-styles \" data-block-type=\"unstyled\" data-block-weight=\"27\" data-block-id=\"34\">\n<p class=\" content-text__container \" data-track-category=\"Link no Texto\" data-track-links=\"\">Casado com Auriluce, teve quatro filhos: Ana Maria, Jo\u00e3o Paulo, Pedro Paulo e Adriana. Depois, do casamento com Geyse Marchesi, teve mais dois: Rafaela e Miguel.<\/p>\n<\/div>\n<\/div>\n<div id=\"chunk-1177c\">\n<div class=\"mc-column content-text active-extra-styles \" data-block-type=\"unstyled\" data-block-weight=\"42\" data-block-id=\"35\">\n<p class=\" content-text__container \" data-track-category=\"Link no Texto\" data-track-links=\"\">Em 2022, perdeu o filho Jo\u00e3o Paulo, de 58 anos, v\u00edtima de um infarto, em Paraty, no Rio. Na ocasi\u00e3o, Diniz escreveu: &#8220;Toda vez que olho essa foto me emociono. Mais do que pai e filho, \u00e9ramos quase irm\u00e3os, dois grandes amigos.&#8221;<\/p>\n<\/div>\n<\/div>\n<div id=\"chunk-7i742\">\n<div class=\"row medium-uncollapsed content-media content-photo\" data-block-type=\"backstage-photo\" data-block-id=\"36\">\n<div class=\" mc-column  content-media__container\">\n<div class=\"content-media-container glb-skeleton-box\">\n<figure class=\"content-media-figure\"><img decoding=\"async\" class=\"i-amphtml-fill-content i-amphtml-replaced-content\" src=\"https:\/\/s2-g1.glbimg.com\/EExvOfDCIwvqEKeRxKnev4VFQMk=\/0x0:960x790\/984x0\/smart\/filters:strip_icc()\/i.s3.glbimg.com\/v1\/AUTH_59edd422c0c84a879bd37670ae4f538a\/internal_photos\/bs\/2022\/c\/k\/xEKWXSTQKkAJwSkA3QPw\/67933672-2226336854158913-5744278867296649216-n.jpg\" sizes=\"(max-width: 1366px) 648px, 100vw\" srcset=\"https:\/\/s2-g1.glbimg.com\/wEyxl5bbw3A-Gq3FbPtiO-4Tpo4=\/0x0:960x790\/1000x0\/smart\/filters:strip_icc()\/i.s3.glbimg.com\/v1\/AUTH_59edd422c0c84a879bd37670ae4f538a\/internal_photos\/bs\/2022\/c\/k\/xEKWXSTQKkAJwSkA3QPw\/67933672-2226336854158913-5744278867296649216-n.jpg 1000w, https:\/\/s2-g1.glbimg.com\/EExvOfDCIwvqEKeRxKnev4VFQMk=\/0x0:960x790\/984x0\/smart\/filters:strip_icc()\/i.s3.glbimg.com\/v1\/AUTH_59edd422c0c84a879bd37670ae4f538a\/internal_photos\/bs\/2022\/c\/k\/xEKWXSTQKkAJwSkA3QPw\/67933672-2226336854158913-5744278867296649216-n.jpg 984w, https:\/\/s2-g1.glbimg.com\/X5jfQaendOugD8iIQpsrUJQUD60=\/0x0:960x790\/640x0\/smart\/filters:strip_icc()\/i.s3.glbimg.com\/v1\/AUTH_59edd422c0c84a879bd37670ae4f538a\/internal_photos\/bs\/2022\/c\/k\/xEKWXSTQKkAJwSkA3QPw\/67933672-2226336854158913-5744278867296649216-n.jpg 640w, https:\/\/s2-g1.glbimg.com\/7PBKRj19KWyZwKWYG_CMy988su0=\/0x0:960x790\/600x0\/smart\/filters:strip_icc()\/i.s3.glbimg.com\/v1\/AUTH_59edd422c0c84a879bd37670ae4f538a\/internal_photos\/bs\/2022\/c\/k\/xEKWXSTQKkAJwSkA3QPw\/67933672-2226336854158913-5744278867296649216-n.jpg 600w\" alt=\"Jo\u00e3o Paulo e o pai, Abilio Diniz \u2014 Foto: Reprodu\u00e7\u00e3o: Facebook\/ Jo\u00e3o Paulo Diniz\" \/><\/figure>\n<\/div>\n<p class=\"content-media__description  \">\u00a0 \u00a0 \u00a0 \u00a0 Jo\u00e3o Paulo e o pai, Abilio Diniz \u2014 Foto: Reprodu\u00e7\u00e3o: Facebook\/ Jo\u00e3o Paulo Diniz<\/p>\n<\/div>\n<\/div>\n<\/div>\n<div id=\"chunk-1qgqm\">\n<div class=\"mc-column content-text active-extra-styles \" data-block-type=\"unstyled\" data-block-weight=\"34\" data-block-id=\"37\">\n<p class=\" content-text__container \" data-track-category=\"Link no Texto\" data-track-links=\"\">Adepto da disciplina do esporte e da ousadia nos neg\u00f3cios, Abilio Diniz se tornou um dos mais importantes empres\u00e1rios brasileiros e dizia enxergar um futuro de grandeza e lideran\u00e7a tamb\u00e9m para o pa\u00eds.<span style=\"font-family: inherit; font-size: inherit; font-style: inherit; font-variant-ligatures: inherit; font-variant-caps: inherit; font-weight: inherit; text-align: center;\">Esse pa\u00eds \u00e9 muito grande, muito forte e n\u00e3o tenho d\u00favida nenhuma que n\u00f3s vamos avan\u00e7ar&#8221;, disse em 2016<\/span><\/p>\n<\/div>\n<\/div>\n<div id=\"chunk-12d6r\">\n<div class=\"mc-column content-text active-extra-styles\" data-block-type=\"raw\" data-block-weight=\"3\" data-block-id=\"40\">\n<div class=\"content-intertitle\">\n<h2>Nota da fam\u00edlia<\/h2>\n<\/div>\n<p><em>&#8220;\u00c9 com extremo pesar que a fam\u00edlia Diniz informa o falecimento de Abilio Diniz aos 87 anos neste domingo, 18 de fevereiro de 2024, v\u00edtima de insufici\u00eancia respirat\u00f3ria em fun\u00e7\u00e3o de uma pneumonite.<\/em><\/p>\n<\/div>\n<\/div>\n<div data-track-category=\"multicontent\" data-track-action=\"ultimo chunk conteudo\" data-track-noninteraction=\"false\" data-track-scroll=\"view\">\n<div id=\"chunk-bjl67\">\n<div class=\"mc-column content-text active-extra-styles \" data-block-type=\"unstyled\" data-block-weight=\"32\" data-block-id=\"42\">\n<p class=\" content-text__container \" data-track-category=\"Link no Texto\" data-track-links=\"\"><em>O empres\u00e1rio deixa cinco filhos, esposa, netos e bisnetos, e ir\u00e1 ao encontro do seu filho Jo\u00e3o Paulo, falecido em 2022. Desde j\u00e1, a fam\u00edlia agradece a todas as mensagens de apoio\u00a0e\u00a0carinho.&#8221;<\/em><\/p>\n<\/div>\n<\/div>\n<\/div>\n<\/div>\n<\/article>\n<div id=\"banner_touch_point_subcontent\" class=\"tag-manager-publicidade-container tag-manager-publicidade-banner_touch_point_subcontent tag-manager-publicidade-container--carregado tag-manager-publicidade-container--visivel\" data-google-query-id=\"CKW0hIO-uYQDFQQ1NQod3JYJzQ\">\n<div id=\"google_ads_iframe_\/95377733\/touchPoint\/subcontent\/g1_0__container__\">Abilio Diniz: &#8216;Coloque na minha l\u00e1pide: estou aqui, mas eu vim contra a minha vontade&#8217;<\/div>\n<\/div>\n<div><\/div>\n<div><strong>G1<\/strong><\/div>\n<\/div>\n<p><\/main><\/p>\n<div class=\"mc-bottom\">\n<div class=\"feed theme-border-color-primary\">\n<div data-track-category=\"feed\" data-track-action=\"botao mais noticias\" data-track-noninteraction=\"false\" data-track-scroll=\"interacao | carregamento 000\">\n<div class=\"theme\">\n<div id=\"bstn-launcher\" class=\"fore-posts-setted fore-posts-3 bsl-has-fore-posts bsl-has-items bsl-no-headline-variation bstn-channel-desktop bstn-api-multi-content bstn-tenant-g1\" data-buildversion=\"12.9.2\" data-folderversion=\"latest\" data-namespace=\"dsframework\" data-jshash=\"202401c6ac0a7858da51c6653929558ba8a5b7\" data-csshash=\"20240186ff548332fbc1662024436a5c76fe84\">\n<div id=\"bstn-fd-launcher\">\n<div class=\"feed-root\">\n<div id=\"feed-placeholder\" class=\"feed-placeholder\">\n<div class=\"_evt\">\n<div class=\"bstn-fd bstn-fd-csr bstn-fd-recommended\">\n<div class=\"_evg\">\n<div class=\"_evt\">\n<div class=\"bastian-page\" data-index=\"1\">\n<div class=\"_evg\">\n<div class=\"_evt\">\n<div class=\"bastian-feed-item\" data-type=\"materia\" data-index=\"6\">\n<div id=\"c7250d01e0c91d7743be6e1487168365\" class=\"feed-post bstn-item-shape type-materia\">\n<div class=\"feed-post-body\">\n<div class=\"feed-post-body-resumo\"><\/div>\n<\/div>\n<\/div>\n<\/div>\n<\/div>\n<\/div>\n<\/div>\n<\/div>\n<\/div>\n<\/div>\n<\/div>\n<\/div>\n<\/div>\n<\/div>\n<\/div>\n<\/div>\n<\/div>\n<\/div>\n<\/div>\n<\/div>\n<div id=\"cookie-banner-lgpd\" class=\"cookie-banner-lgpd-visible cookie-banner-lgpd-animated\">\n<div class=\"cookie-banner-lgpd-container\">\n<div class=\"cookie-banner-lgpd_text-box\" style=\"text-align: justify;\"><\/div>\n<\/div>\n<\/div>\n","protected":false},"excerpt":{"rendered":"<p>A causa da morte do empres\u00e1rio foi insufici\u00eancia respirat\u00f3ria em fun\u00e7\u00e3o de uma pneumonite. Ele estava internado em um hospital da capital paulista O empres\u00e1rio Ab\u00edlio Diniz morreu neste domingo (18), aos 87 anos, em S\u00e3o Paulo, v\u00edtima de insufici\u00eancia respirat\u00f3ria em fun\u00e7\u00e3o de uma pneumonite. Ao lado do pai, ele construiu o grupo P\u00e3o [&hellip;]<\/p>\n","protected":false},"author":2,"featured_media":41279,"comment_status":"open","ping_status":"open","sticky":false,"template":"","format":"standard","meta":{"footnotes":""},"categories":[68],"tags":[],"class_list":{"0":"post-41270","1":"post","2":"type-post","3":"status-publish","4":"format-standard","5":"has-post-thumbnail","7":"category-brasil"},"yoast_head":"<!-- This site is optimized with the Yoast SEO Premium plugin v24.5 (Yoast SEO v27.4) - https:\/\/yoast.com\/product\/yoast-seo-premium-wordpress\/ -->\n<title>Abilio Diniz morre aos 87 anos em S\u00e3o Paulo - P31<\/title>\n<meta name=\"robots\" content=\"index, follow, max-snippet:-1, max-image-preview:large, max-video-preview:-1\" \/>\n<link rel=\"canonical\" href=\"https:\/\/www.p31noticias.com.br\/?p=41270\" \/>\n<meta property=\"og:locale\" content=\"pt_BR\" \/>\n<meta property=\"og:type\" content=\"article\" \/>\n<meta property=\"og:title\" content=\"Abilio Diniz morre aos 87 anos em S\u00e3o Paulo\" \/>\n<meta property=\"og:description\" content=\"A causa da morte do empres\u00e1rio foi insufici\u00eancia respirat\u00f3ria em fun\u00e7\u00e3o de uma pneumonite. Ele estava internado em um hospital da capital paulista O empres\u00e1rio Ab\u00edlio Diniz morreu neste domingo (18), aos 87 anos, em S\u00e3o Paulo, v\u00edtima de insufici\u00eancia respirat\u00f3ria em fun\u00e7\u00e3o de uma pneumonite. Ao lado do pai, ele construiu o grupo P\u00e3o [&hellip;]\" \/>\n<meta property=\"og:url\" content=\"https:\/\/www.p31noticias.com.br\/?p=41270\" \/>\n<meta property=\"og:site_name\" content=\"P31\" \/>\n<meta property=\"article:published_time\" content=\"2024-02-20T08:38:28+00:00\" \/>\n<meta property=\"og:image\" content=\"https:\/\/www.p31noticias.com.br\/wp-content\/uploads\/2024\/02\/imagesfdbfnsfgn.jpg\" \/>\n\t<meta property=\"og:image:width\" content=\"300\" \/>\n\t<meta property=\"og:image:height\" content=\"168\" \/>\n\t<meta property=\"og:image:type\" content=\"image\/jpeg\" \/>\n<meta name=\"author\" content=\"Gon\u00e7alves Junior\" \/>\n<meta name=\"twitter:card\" content=\"summary_large_image\" \/>\n<meta name=\"twitter:label1\" content=\"Escrito por\" \/>\n\t<meta name=\"twitter:data1\" content=\"Gon\u00e7alves Junior\" \/>\n\t<meta name=\"twitter:label2\" content=\"Est. tempo de leitura\" \/>\n\t<meta name=\"twitter:data2\" content=\"5 minutos\" \/>\n<script type=\"application\/ld+json\" class=\"yoast-schema-graph\">{\"@context\":\"https:\\\/\\\/schema.org\",\"@graph\":[{\"@type\":\"Article\",\"@id\":\"https:\\\/\\\/www.p31noticias.com.br\\\/?p=41270#article\",\"isPartOf\":{\"@id\":\"https:\\\/\\\/www.p31noticias.com.br\\\/?p=41270\"},\"author\":{\"name\":\"Gon\u00e7alves Junior\",\"@id\":\"https:\\\/\\\/www.p31noticias.com.br\\\/#\\\/schema\\\/person\\\/95f2ece30e3b4132065b915150cd0f94\"},\"headline\":\"Abilio Diniz morre aos 87 anos em S\u00e3o Paulo\",\"datePublished\":\"2024-02-20T08:38:28+00:00\",\"mainEntityOfPage\":{\"@id\":\"https:\\\/\\\/www.p31noticias.com.br\\\/?p=41270\"},\"wordCount\":976,\"commentCount\":0,\"image\":{\"@id\":\"https:\\\/\\\/www.p31noticias.com.br\\\/?p=41270#primaryimage\"},\"thumbnailUrl\":\"https:\\\/\\\/www.p31noticias.com.br\\\/wp-content\\\/uploads\\\/2024\\\/02\\\/imagesfdbfnsfgn.jpg\",\"articleSection\":[\"Brasil\"],\"inLanguage\":\"pt-BR\",\"potentialAction\":[{\"@type\":\"CommentAction\",\"name\":\"Comment\",\"target\":[\"https:\\\/\\\/www.p31noticias.com.br\\\/?p=41270#respond\"]}],\"copyrightYear\":\"2024\",\"copyrightHolder\":{\"@id\":\"https:\\\/\\\/www.p31noticias.com.br\\\/#organization\"}},{\"@type\":\"WebPage\",\"@id\":\"https:\\\/\\\/www.p31noticias.com.br\\\/?p=41270\",\"url\":\"https:\\\/\\\/www.p31noticias.com.br\\\/?p=41270\",\"name\":\"Abilio Diniz morre aos 87 anos em S\u00e3o Paulo - P31\",\"isPartOf\":{\"@id\":\"https:\\\/\\\/www.p31noticias.com.br\\\/#website\"},\"primaryImageOfPage\":{\"@id\":\"https:\\\/\\\/www.p31noticias.com.br\\\/?p=41270#primaryimage\"},\"image\":{\"@id\":\"https:\\\/\\\/www.p31noticias.com.br\\\/?p=41270#primaryimage\"},\"thumbnailUrl\":\"https:\\\/\\\/www.p31noticias.com.br\\\/wp-content\\\/uploads\\\/2024\\\/02\\\/imagesfdbfnsfgn.jpg\",\"datePublished\":\"2024-02-20T08:38:28+00:00\",\"author\":{\"@id\":\"https:\\\/\\\/www.p31noticias.com.br\\\/#\\\/schema\\\/person\\\/95f2ece30e3b4132065b915150cd0f94\"},\"breadcrumb\":{\"@id\":\"https:\\\/\\\/www.p31noticias.com.br\\\/?p=41270#breadcrumb\"},\"inLanguage\":\"pt-BR\",\"potentialAction\":[{\"@type\":\"ReadAction\",\"target\":[\"https:\\\/\\\/www.p31noticias.com.br\\\/?p=41270\"]}]},{\"@type\":\"ImageObject\",\"inLanguage\":\"pt-BR\",\"@id\":\"https:\\\/\\\/www.p31noticias.com.br\\\/?p=41270#primaryimage\",\"url\":\"https:\\\/\\\/www.p31noticias.com.br\\\/wp-content\\\/uploads\\\/2024\\\/02\\\/imagesfdbfnsfgn.jpg\",\"contentUrl\":\"https:\\\/\\\/www.p31noticias.com.br\\\/wp-content\\\/uploads\\\/2024\\\/02\\\/imagesfdbfnsfgn.jpg\",\"width\":300,\"height\":168},{\"@type\":\"BreadcrumbList\",\"@id\":\"https:\\\/\\\/www.p31noticias.com.br\\\/?p=41270#breadcrumb\",\"itemListElement\":[{\"@type\":\"ListItem\",\"position\":1,\"name\":\"In\u00edcio\",\"item\":\"https:\\\/\\\/www.p31noticias.com.br\\\/\"},{\"@type\":\"ListItem\",\"position\":2,\"name\":\"Abilio Diniz morre aos 87 anos em S\u00e3o Paulo\"}]},{\"@type\":\"WebSite\",\"@id\":\"https:\\\/\\\/www.p31noticias.com.br\\\/#website\",\"url\":\"https:\\\/\\\/www.p31noticias.com.br\\\/\",\"name\":\"P31\",\"description\":\"NOT\u00cdCIAS\",\"potentialAction\":[{\"@type\":\"SearchAction\",\"target\":{\"@type\":\"EntryPoint\",\"urlTemplate\":\"https:\\\/\\\/www.p31noticias.com.br\\\/?s={search_term_string}\"},\"query-input\":{\"@type\":\"PropertyValueSpecification\",\"valueRequired\":true,\"valueName\":\"search_term_string\"}}],\"inLanguage\":\"pt-BR\"},{\"@type\":\"Person\",\"@id\":\"https:\\\/\\\/www.p31noticias.com.br\\\/#\\\/schema\\\/person\\\/95f2ece30e3b4132065b915150cd0f94\",\"name\":\"Gon\u00e7alves Junior\",\"image\":{\"@type\":\"ImageObject\",\"inLanguage\":\"pt-BR\",\"@id\":\"https:\\\/\\\/secure.gravatar.com\\\/avatar\\\/6711f350116a89762687a48d66f723c799e5438a5b7578508d4294cd7a5d0800?s=96&d=mm&r=g\",\"url\":\"https:\\\/\\\/secure.gravatar.com\\\/avatar\\\/6711f350116a89762687a48d66f723c799e5438a5b7578508d4294cd7a5d0800?s=96&d=mm&r=g\",\"contentUrl\":\"https:\\\/\\\/secure.gravatar.com\\\/avatar\\\/6711f350116a89762687a48d66f723c799e5438a5b7578508d4294cd7a5d0800?s=96&d=mm&r=g\",\"caption\":\"Gon\u00e7alves Junior\"},\"url\":\"https:\\\/\\\/www.p31noticias.com.br\\\/?author=2\"}]}<\/script>\n<!-- \/ Yoast SEO Premium plugin. -->","yoast_head_json":{"title":"Abilio Diniz morre aos 87 anos em S\u00e3o Paulo - P31","robots":{"index":"index","follow":"follow","max-snippet":"max-snippet:-1","max-image-preview":"max-image-preview:large","max-video-preview":"max-video-preview:-1"},"canonical":"https:\/\/www.p31noticias.com.br\/?p=41270","og_locale":"pt_BR","og_type":"article","og_title":"Abilio Diniz morre aos 87 anos em S\u00e3o Paulo","og_description":"A causa da morte do empres\u00e1rio foi insufici\u00eancia respirat\u00f3ria em fun\u00e7\u00e3o de uma pneumonite. Ele estava internado em um hospital da capital paulista O empres\u00e1rio Ab\u00edlio Diniz morreu neste domingo (18), aos 87 anos, em S\u00e3o Paulo, v\u00edtima de insufici\u00eancia respirat\u00f3ria em fun\u00e7\u00e3o de uma pneumonite. Ao lado do pai, ele construiu o grupo P\u00e3o [&hellip;]","og_url":"https:\/\/www.p31noticias.com.br\/?p=41270","og_site_name":"P31","article_published_time":"2024-02-20T08:38:28+00:00","og_image":[{"width":300,"height":168,"url":"https:\/\/www.p31noticias.com.br\/wp-content\/uploads\/2024\/02\/imagesfdbfnsfgn.jpg","type":"image\/jpeg"}],"author":"Gon\u00e7alves Junior","twitter_card":"summary_large_image","twitter_misc":{"Escrito por":"Gon\u00e7alves Junior","Est. tempo de leitura":"5 minutos"},"schema":{"@context":"https:\/\/schema.org","@graph":[{"@type":"Article","@id":"https:\/\/www.p31noticias.com.br\/?p=41270#article","isPartOf":{"@id":"https:\/\/www.p31noticias.com.br\/?p=41270"},"author":{"name":"Gon\u00e7alves Junior","@id":"https:\/\/www.p31noticias.com.br\/#\/schema\/person\/95f2ece30e3b4132065b915150cd0f94"},"headline":"Abilio Diniz morre aos 87 anos em S\u00e3o Paulo","datePublished":"2024-02-20T08:38:28+00:00","mainEntityOfPage":{"@id":"https:\/\/www.p31noticias.com.br\/?p=41270"},"wordCount":976,"commentCount":0,"image":{"@id":"https:\/\/www.p31noticias.com.br\/?p=41270#primaryimage"},"thumbnailUrl":"https:\/\/www.p31noticias.com.br\/wp-content\/uploads\/2024\/02\/imagesfdbfnsfgn.jpg","articleSection":["Brasil"],"inLanguage":"pt-BR","potentialAction":[{"@type":"CommentAction","name":"Comment","target":["https:\/\/www.p31noticias.com.br\/?p=41270#respond"]}],"copyrightYear":"2024","copyrightHolder":{"@id":"https:\/\/www.p31noticias.com.br\/#organization"}},{"@type":"WebPage","@id":"https:\/\/www.p31noticias.com.br\/?p=41270","url":"https:\/\/www.p31noticias.com.br\/?p=41270","name":"Abilio Diniz morre aos 87 anos em S\u00e3o Paulo - P31","isPartOf":{"@id":"https:\/\/www.p31noticias.com.br\/#website"},"primaryImageOfPage":{"@id":"https:\/\/www.p31noticias.com.br\/?p=41270#primaryimage"},"image":{"@id":"https:\/\/www.p31noticias.com.br\/?p=41270#primaryimage"},"thumbnailUrl":"https:\/\/www.p31noticias.com.br\/wp-content\/uploads\/2024\/02\/imagesfdbfnsfgn.jpg","datePublished":"2024-02-20T08:38:28+00:00","author":{"@id":"https:\/\/www.p31noticias.com.br\/#\/schema\/person\/95f2ece30e3b4132065b915150cd0f94"},"breadcrumb":{"@id":"https:\/\/www.p31noticias.com.br\/?p=41270#breadcrumb"},"inLanguage":"pt-BR","potentialAction":[{"@type":"ReadAction","target":["https:\/\/www.p31noticias.com.br\/?p=41270"]}]},{"@type":"ImageObject","inLanguage":"pt-BR","@id":"https:\/\/www.p31noticias.com.br\/?p=41270#primaryimage","url":"https:\/\/www.p31noticias.com.br\/wp-content\/uploads\/2024\/02\/imagesfdbfnsfgn.jpg","contentUrl":"https:\/\/www.p31noticias.com.br\/wp-content\/uploads\/2024\/02\/imagesfdbfnsfgn.jpg","width":300,"height":168},{"@type":"BreadcrumbList","@id":"https:\/\/www.p31noticias.com.br\/?p=41270#breadcrumb","itemListElement":[{"@type":"ListItem","position":1,"name":"In\u00edcio","item":"https:\/\/www.p31noticias.com.br\/"},{"@type":"ListItem","position":2,"name":"Abilio Diniz morre aos 87 anos em S\u00e3o Paulo"}]},{"@type":"WebSite","@id":"https:\/\/www.p31noticias.com.br\/#website","url":"https:\/\/www.p31noticias.com.br\/","name":"P31","description":"NOT\u00cdCIAS","potentialAction":[{"@type":"SearchAction","target":{"@type":"EntryPoint","urlTemplate":"https:\/\/www.p31noticias.com.br\/?s={search_term_string}"},"query-input":{"@type":"PropertyValueSpecification","valueRequired":true,"valueName":"search_term_string"}}],"inLanguage":"pt-BR"},{"@type":"Person","@id":"https:\/\/www.p31noticias.com.br\/#\/schema\/person\/95f2ece30e3b4132065b915150cd0f94","name":"Gon\u00e7alves Junior","image":{"@type":"ImageObject","inLanguage":"pt-BR","@id":"https:\/\/secure.gravatar.com\/avatar\/6711f350116a89762687a48d66f723c799e5438a5b7578508d4294cd7a5d0800?s=96&d=mm&r=g","url":"https:\/\/secure.gravatar.com\/avatar\/6711f350116a89762687a48d66f723c799e5438a5b7578508d4294cd7a5d0800?s=96&d=mm&r=g","contentUrl":"https:\/\/secure.gravatar.com\/avatar\/6711f350116a89762687a48d66f723c799e5438a5b7578508d4294cd7a5d0800?s=96&d=mm&r=g","caption":"Gon\u00e7alves Junior"},"url":"https:\/\/www.p31noticias.com.br\/?author=2"}]}},"amp_enabled":true,"_links":{"self":[{"href":"https:\/\/www.p31noticias.com.br\/index.php?rest_route=\/wp\/v2\/posts\/41270","targetHints":{"allow":["GET"]}}],"collection":[{"href":"https:\/\/www.p31noticias.com.br\/index.php?rest_route=\/wp\/v2\/posts"}],"about":[{"href":"https:\/\/www.p31noticias.com.br\/index.php?rest_route=\/wp\/v2\/types\/post"}],"author":[{"embeddable":true,"href":"https:\/\/www.p31noticias.com.br\/index.php?rest_route=\/wp\/v2\/users\/2"}],"replies":[{"embeddable":true,"href":"https:\/\/www.p31noticias.com.br\/index.php?rest_route=%2Fwp%2Fv2%2Fcomments&post=41270"}],"version-history":[{"count":1,"href":"https:\/\/www.p31noticias.com.br\/index.php?rest_route=\/wp\/v2\/posts\/41270\/revisions"}],"predecessor-version":[{"id":41280,"href":"https:\/\/www.p31noticias.com.br\/index.php?rest_route=\/wp\/v2\/posts\/41270\/revisions\/41280"}],"wp:featuredmedia":[{"embeddable":true,"href":"https:\/\/www.p31noticias.com.br\/index.php?rest_route=\/wp\/v2\/media\/41279"}],"wp:attachment":[{"href":"https:\/\/www.p31noticias.com.br\/index.php?rest_route=%2Fwp%2Fv2%2Fmedia&parent=41270"}],"wp:term":[{"taxonomy":"category","embeddable":true,"href":"https:\/\/www.p31noticias.com.br\/index.php?rest_route=%2Fwp%2Fv2%2Fcategories&post=41270"},{"taxonomy":"post_tag","embeddable":true,"href":"https:\/\/www.p31noticias.com.br\/index.php?rest_route=%2Fwp%2Fv2%2Ftags&post=41270"}],"curies":[{"name":"wp","href":"https:\/\/api.w.org\/{rel}","templated":true}]}}