{"id":41056,"date":"2024-02-18T14:30:33","date_gmt":"2024-02-18T17:30:33","guid":{"rendered":"https:\/\/p31noticias.com.br\/saiba-a-reacao-de-marcola-chefao-do-pcc-ao-saber-de-fuga-em-mossoro\/"},"modified":"2024-02-18T14:30:33","modified_gmt":"2024-02-18T17:30:33","slug":"saiba-a-reacao-de-marcola-chefao-do-pcc-ao-saber-de-fuga-em-mossoro","status":"publish","type":"post","link":"https:\/\/www.p31noticias.com.br\/?p=41056","title":{"rendered":"Saiba a rea\u00e7\u00e3o de Marcola, chef\u00e3o do PCC, ao saber de fuga em Mossor\u00f3"},"content":{"rendered":"<p>Milion\u00e1ria, detentora de enorme poder b\u00e9lico e considerada a maior e mais temida fac\u00e7\u00e3o criminosa do pa\u00eds, o Primeiro Comando da Capital (PCC) sempre teve como um dos principais objetivos devolver a liberdade a Marcos Willians Herbas Camacho, o Marcola, l\u00edder m\u00e1ximo da organiza\u00e7\u00e3o. No entanto, os planos de fuga nunca vingaram, sempre frustrados pelas [\u2026]<\/p>\n<p>O post <a href=\"https:\/\/www.delioandrade.com.br\/saiba-a-reacao-de-marcola-chefao-do-pcc-ao-saber-de-fuga-em-mossoro\/\">Saiba a rea\u00e7\u00e3o de Marcola, chef\u00e3o do PCC, ao saber de fuga em Mossor\u00f3<\/a> apareceu primeiro em <a href=\"https:\/\/www.delioandrade.com.br\/\">Blog do D\u00c9LIO ANDRADE<\/a>.<\/p>\n","protected":false},"excerpt":{"rendered":"<p>Milion\u00e1ria, detentora de enorme poder b\u00e9lico e considerada a maior e mais temida fac\u00e7\u00e3o criminosa do pa\u00eds, o Primeiro Comando da Capital (PCC) sempre teve como um dos principais objetivos devolver a liberdade a Marcos Willians Herbas Camacho, o Marcola, l\u00edder m\u00e1ximo da organiza\u00e7\u00e3o. No entanto, os planos de fuga nunca vingaram, sempre frustrados pelas [&hellip;]<\/p>\n","protected":false},"author":0,"featured_media":40955,"comment_status":"open","ping_status":"open","sticky":false,"template":"","format":"standard","meta":{"footnotes":""},"categories":[21],"tags":[],"class_list":{"0":"post-41056","1":"post","2":"type-post","3":"status-publish","4":"format-standard","5":"has-post-thumbnail","7":"category-brasilia"},"yoast_head":"<!-- This site is optimized with the Yoast SEO Premium plugin v24.5 (Yoast SEO v27.4) - https:\/\/yoast.com\/product\/yoast-seo-premium-wordpress\/ -->\n<title>Saiba a rea\u00e7\u00e3o de Marcola, chef\u00e3o do PCC, ao saber de fuga em Mossor\u00f3 - P31<\/title>\n<meta name=\"robots\" content=\"index, follow, max-snippet:-1, max-image-preview:large, max-video-preview:-1\" \/>\n<link rel=\"canonical\" href=\"https:\/\/www.p31noticias.com.br\/?p=41056\" \/>\n<meta property=\"og:locale\" content=\"pt_BR\" \/>\n<meta property=\"og:type\" content=\"article\" \/>\n<meta property=\"og:title\" content=\"Saiba a rea\u00e7\u00e3o de Marcola, chef\u00e3o do PCC, ao saber de fuga em Mossor\u00f3\" \/>\n<meta property=\"og:description\" content=\"Milion\u00e1ria, detentora de enorme poder b\u00e9lico e considerada a maior e mais temida fac\u00e7\u00e3o criminosa do pa\u00eds, o Primeiro Comando da Capital (PCC) sempre teve como um dos principais objetivos devolver a liberdade a Marcos Willians Herbas Camacho, o Marcola, l\u00edder m\u00e1ximo da organiza\u00e7\u00e3o. No entanto, os planos de fuga nunca vingaram, sempre frustrados pelas [&hellip;]\" \/>\n<meta property=\"og:url\" content=\"https:\/\/www.p31noticias.com.br\/?p=41056\" \/>\n<meta property=\"og:site_name\" content=\"P31\" \/>\n<meta property=\"article:published_time\" content=\"2024-02-18T17:30:33+00:00\" \/>\n<meta property=\"og:image\" content=\"https:\/\/www.p31noticias.com.br\/wp-content\/uploads\/2024\/02\/camisa-8-1200x597-P6Pbns-150x150-Erp5Pu.jpeg\" \/>\n\t<meta property=\"og:image:width\" content=\"150\" \/>\n\t<meta property=\"og:image:height\" content=\"150\" \/>\n\t<meta property=\"og:image:type\" content=\"image\/jpeg\" \/>\n<meta name=\"twitter:card\" content=\"summary_large_image\" \/>\n<script type=\"application\/ld+json\" class=\"yoast-schema-graph\">{\"@context\":\"https:\\\/\\\/schema.org\",\"@graph\":[{\"@type\":\"Article\",\"@id\":\"https:\\\/\\\/www.p31noticias.com.br\\\/?p=41056#article\",\"isPartOf\":{\"@id\":\"https:\\\/\\\/www.p31noticias.com.br\\\/?p=41056\"},\"author\":{\"name\":\"\",\"@id\":\"\"},\"headline\":\"Saiba a rea\u00e7\u00e3o de Marcola, chef\u00e3o do PCC, ao saber de fuga em Mossor\u00f3\",\"datePublished\":\"2024-02-18T17:30:33+00:00\",\"mainEntityOfPage\":{\"@id\":\"https:\\\/\\\/www.p31noticias.com.br\\\/?p=41056\"},\"wordCount\":104,\"commentCount\":0,\"image\":{\"@id\":\"https:\\\/\\\/www.p31noticias.com.br\\\/?p=41056#primaryimage\"},\"thumbnailUrl\":\"https:\\\/\\\/www.p31noticias.com.br\\\/wp-content\\\/uploads\\\/2024\\\/02\\\/camisa-8-1200x597-P6Pbns-150x150-Erp5Pu.jpeg\",\"articleSection\":[\"Bras\u00edlia\"],\"inLanguage\":\"pt-BR\",\"potentialAction\":[{\"@type\":\"CommentAction\",\"name\":\"Comment\",\"target\":[\"https:\\\/\\\/www.p31noticias.com.br\\\/?p=41056#respond\"]}],\"copyrightYear\":\"2024\",\"copyrightHolder\":{\"@id\":\"https:\\\/\\\/www.p31noticias.com.br\\\/#organization\"}},{\"@type\":\"WebPage\",\"@id\":\"https:\\\/\\\/www.p31noticias.com.br\\\/?p=41056\",\"url\":\"https:\\\/\\\/www.p31noticias.com.br\\\/?p=41056\",\"name\":\"Saiba a rea\u00e7\u00e3o de Marcola, chef\u00e3o do PCC, ao saber de fuga em Mossor\u00f3 - P31\",\"isPartOf\":{\"@id\":\"https:\\\/\\\/www.p31noticias.com.br\\\/#website\"},\"primaryImageOfPage\":{\"@id\":\"https:\\\/\\\/www.p31noticias.com.br\\\/?p=41056#primaryimage\"},\"image\":{\"@id\":\"https:\\\/\\\/www.p31noticias.com.br\\\/?p=41056#primaryimage\"},\"thumbnailUrl\":\"https:\\\/\\\/www.p31noticias.com.br\\\/wp-content\\\/uploads\\\/2024\\\/02\\\/camisa-8-1200x597-P6Pbns-150x150-Erp5Pu.jpeg\",\"datePublished\":\"2024-02-18T17:30:33+00:00\",\"author\":{\"@id\":\"\"},\"breadcrumb\":{\"@id\":\"https:\\\/\\\/www.p31noticias.com.br\\\/?p=41056#breadcrumb\"},\"inLanguage\":\"pt-BR\",\"potentialAction\":[{\"@type\":\"ReadAction\",\"target\":[\"https:\\\/\\\/www.p31noticias.com.br\\\/?p=41056\"]}]},{\"@type\":\"ImageObject\",\"inLanguage\":\"pt-BR\",\"@id\":\"https:\\\/\\\/www.p31noticias.com.br\\\/?p=41056#primaryimage\",\"url\":\"https:\\\/\\\/www.p31noticias.com.br\\\/wp-content\\\/uploads\\\/2024\\\/02\\\/camisa-8-1200x597-P6Pbns-150x150-Erp5Pu.jpeg\",\"contentUrl\":\"https:\\\/\\\/www.p31noticias.com.br\\\/wp-content\\\/uploads\\\/2024\\\/02\\\/camisa-8-1200x597-P6Pbns-150x150-Erp5Pu.jpeg\",\"width\":150,\"height\":150},{\"@type\":\"BreadcrumbList\",\"@id\":\"https:\\\/\\\/www.p31noticias.com.br\\\/?p=41056#breadcrumb\",\"itemListElement\":[{\"@type\":\"ListItem\",\"position\":1,\"name\":\"In\u00edcio\",\"item\":\"https:\\\/\\\/www.p31noticias.com.br\\\/\"},{\"@type\":\"ListItem\",\"position\":2,\"name\":\"Saiba a rea\u00e7\u00e3o de Marcola, chef\u00e3o do PCC, ao saber de fuga em Mossor\u00f3\"}]},{\"@type\":\"WebSite\",\"@id\":\"https:\\\/\\\/www.p31noticias.com.br\\\/#website\",\"url\":\"https:\\\/\\\/www.p31noticias.com.br\\\/\",\"name\":\"P31\",\"description\":\"NOT\u00cdCIAS\",\"potentialAction\":[{\"@type\":\"SearchAction\",\"target\":{\"@type\":\"EntryPoint\",\"urlTemplate\":\"https:\\\/\\\/www.p31noticias.com.br\\\/?s={search_term_string}\"},\"query-input\":{\"@type\":\"PropertyValueSpecification\",\"valueRequired\":true,\"valueName\":\"search_term_string\"}}],\"inLanguage\":\"pt-BR\"}]}<\/script>\n<!-- \/ Yoast SEO Premium plugin. -->","yoast_head_json":{"title":"Saiba a rea\u00e7\u00e3o de Marcola, chef\u00e3o do PCC, ao saber de fuga em Mossor\u00f3 - P31","robots":{"index":"index","follow":"follow","max-snippet":"max-snippet:-1","max-image-preview":"max-image-preview:large","max-video-preview":"max-video-preview:-1"},"canonical":"https:\/\/www.p31noticias.com.br\/?p=41056","og_locale":"pt_BR","og_type":"article","og_title":"Saiba a rea\u00e7\u00e3o de Marcola, chef\u00e3o do PCC, ao saber de fuga em Mossor\u00f3","og_description":"Milion\u00e1ria, detentora de enorme poder b\u00e9lico e considerada a maior e mais temida fac\u00e7\u00e3o criminosa do pa\u00eds, o Primeiro Comando da Capital (PCC) sempre teve como um dos principais objetivos devolver a liberdade a Marcos Willians Herbas Camacho, o Marcola, l\u00edder m\u00e1ximo da organiza\u00e7\u00e3o. No entanto, os planos de fuga nunca vingaram, sempre frustrados pelas [&hellip;]","og_url":"https:\/\/www.p31noticias.com.br\/?p=41056","og_site_name":"P31","article_published_time":"2024-02-18T17:30:33+00:00","og_image":[{"width":150,"height":150,"url":"https:\/\/www.p31noticias.com.br\/wp-content\/uploads\/2024\/02\/camisa-8-1200x597-P6Pbns-150x150-Erp5Pu.jpeg","type":"image\/jpeg"}],"twitter_card":"summary_large_image","schema":{"@context":"https:\/\/schema.org","@graph":[{"@type":"Article","@id":"https:\/\/www.p31noticias.com.br\/?p=41056#article","isPartOf":{"@id":"https:\/\/www.p31noticias.com.br\/?p=41056"},"author":{"name":"","@id":""},"headline":"Saiba a rea\u00e7\u00e3o de Marcola, chef\u00e3o do PCC, ao saber de fuga em Mossor\u00f3","datePublished":"2024-02-18T17:30:33+00:00","mainEntityOfPage":{"@id":"https:\/\/www.p31noticias.com.br\/?p=41056"},"wordCount":104,"commentCount":0,"image":{"@id":"https:\/\/www.p31noticias.com.br\/?p=41056#primaryimage"},"thumbnailUrl":"https:\/\/www.p31noticias.com.br\/wp-content\/uploads\/2024\/02\/camisa-8-1200x597-P6Pbns-150x150-Erp5Pu.jpeg","articleSection":["Bras\u00edlia"],"inLanguage":"pt-BR","potentialAction":[{"@type":"CommentAction","name":"Comment","target":["https:\/\/www.p31noticias.com.br\/?p=41056#respond"]}],"copyrightYear":"2024","copyrightHolder":{"@id":"https:\/\/www.p31noticias.com.br\/#organization"}},{"@type":"WebPage","@id":"https:\/\/www.p31noticias.com.br\/?p=41056","url":"https:\/\/www.p31noticias.com.br\/?p=41056","name":"Saiba a rea\u00e7\u00e3o de Marcola, chef\u00e3o do PCC, ao saber de fuga em Mossor\u00f3 - P31","isPartOf":{"@id":"https:\/\/www.p31noticias.com.br\/#website"},"primaryImageOfPage":{"@id":"https:\/\/www.p31noticias.com.br\/?p=41056#primaryimage"},"image":{"@id":"https:\/\/www.p31noticias.com.br\/?p=41056#primaryimage"},"thumbnailUrl":"https:\/\/www.p31noticias.com.br\/wp-content\/uploads\/2024\/02\/camisa-8-1200x597-P6Pbns-150x150-Erp5Pu.jpeg","datePublished":"2024-02-18T17:30:33+00:00","author":{"@id":""},"breadcrumb":{"@id":"https:\/\/www.p31noticias.com.br\/?p=41056#breadcrumb"},"inLanguage":"pt-BR","potentialAction":[{"@type":"ReadAction","target":["https:\/\/www.p31noticias.com.br\/?p=41056"]}]},{"@type":"ImageObject","inLanguage":"pt-BR","@id":"https:\/\/www.p31noticias.com.br\/?p=41056#primaryimage","url":"https:\/\/www.p31noticias.com.br\/wp-content\/uploads\/2024\/02\/camisa-8-1200x597-P6Pbns-150x150-Erp5Pu.jpeg","contentUrl":"https:\/\/www.p31noticias.com.br\/wp-content\/uploads\/2024\/02\/camisa-8-1200x597-P6Pbns-150x150-Erp5Pu.jpeg","width":150,"height":150},{"@type":"BreadcrumbList","@id":"https:\/\/www.p31noticias.com.br\/?p=41056#breadcrumb","itemListElement":[{"@type":"ListItem","position":1,"name":"In\u00edcio","item":"https:\/\/www.p31noticias.com.br\/"},{"@type":"ListItem","position":2,"name":"Saiba a rea\u00e7\u00e3o de Marcola, chef\u00e3o do PCC, ao saber de fuga em Mossor\u00f3"}]},{"@type":"WebSite","@id":"https:\/\/www.p31noticias.com.br\/#website","url":"https:\/\/www.p31noticias.com.br\/","name":"P31","description":"NOT\u00cdCIAS","potentialAction":[{"@type":"SearchAction","target":{"@type":"EntryPoint","urlTemplate":"https:\/\/www.p31noticias.com.br\/?s={search_term_string}"},"query-input":{"@type":"PropertyValueSpecification","valueRequired":true,"valueName":"search_term_string"}}],"inLanguage":"pt-BR"}]}},"amp_enabled":true,"_links":{"self":[{"href":"https:\/\/www.p31noticias.com.br\/index.php?rest_route=\/wp\/v2\/posts\/41056","targetHints":{"allow":["GET"]}}],"collection":[{"href":"https:\/\/www.p31noticias.com.br\/index.php?rest_route=\/wp\/v2\/posts"}],"about":[{"href":"https:\/\/www.p31noticias.com.br\/index.php?rest_route=\/wp\/v2\/types\/post"}],"replies":[{"embeddable":true,"href":"https:\/\/www.p31noticias.com.br\/index.php?rest_route=%2Fwp%2Fv2%2Fcomments&post=41056"}],"version-history":[{"count":0,"href":"https:\/\/www.p31noticias.com.br\/index.php?rest_route=\/wp\/v2\/posts\/41056\/revisions"}],"wp:featuredmedia":[{"embeddable":true,"href":"https:\/\/www.p31noticias.com.br\/index.php?rest_route=\/wp\/v2\/media\/40955"}],"wp:attachment":[{"href":"https:\/\/www.p31noticias.com.br\/index.php?rest_route=%2Fwp%2Fv2%2Fmedia&parent=41056"}],"wp:term":[{"taxonomy":"category","embeddable":true,"href":"https:\/\/www.p31noticias.com.br\/index.php?rest_route=%2Fwp%2Fv2%2Fcategories&post=41056"},{"taxonomy":"post_tag","embeddable":true,"href":"https:\/\/www.p31noticias.com.br\/index.php?rest_route=%2Fwp%2Fv2%2Ftags&post=41056"}],"curies":[{"name":"wp","href":"https:\/\/api.w.org\/{rel}","templated":true}]}}