{"id":41036,"date":"2024-02-18T12:30:18","date_gmt":"2024-02-18T15:30:18","guid":{"rendered":"https:\/\/p31noticias.com.br\/terceira-faixa-da-df-250-leva-seguranca-para-a-populacao-de-planaltina\/"},"modified":"2024-02-18T12:30:18","modified_gmt":"2024-02-18T15:30:18","slug":"terceira-faixa-da-df-250-leva-seguranca-para-a-populacao-de-planaltina","status":"publish","type":"post","link":"https:\/\/www.p31noticias.com.br\/?p=41036","title":{"rendered":"Terceira faixa da DF-250 leva seguran\u00e7a para a popula\u00e7\u00e3o de Planaltina"},"content":{"rendered":"<p>Em breve, os moradores do N\u00facleo Rural do Rio Preto e Rajadinha, em Planaltina, ter\u00e3o mais seguran\u00e7a para circular pela DF-250. O Governo do Distrito Federal (GDF), por meio do Departamento de Estradas de Rodagem (DER-DF), iniciou a constru\u00e7\u00e3o de uma terceira faixa em um trecho da via para facilitar a circula\u00e7\u00e3o dos motoristas. Os [\u2026]<\/p>\n<p>O post <a href=\"https:\/\/www.delioandrade.com.br\/terceira-faixa-da-df-250-leva-seguranca-para-a-populacao-de-planaltina\/\">Terceira faixa da DF-250 leva seguran\u00e7a para a popula\u00e7\u00e3o de Planaltina<\/a> apareceu primeiro em <a href=\"https:\/\/www.delioandrade.com.br\/\">Blog do D\u00c9LIO ANDRADE<\/a>.<\/p>\n","protected":false},"excerpt":{"rendered":"<p>Em breve, os moradores do N\u00facleo Rural do Rio Preto e Rajadinha, em Planaltina, ter\u00e3o mais seguran\u00e7a para circular pela DF-250. O Governo do Distrito Federal (GDF), por meio do Departamento de Estradas de Rodagem (DER-DF), iniciou a constru\u00e7\u00e3o de uma terceira faixa em um trecho da via para facilitar a circula\u00e7\u00e3o dos motoristas. Os [&hellip;]<\/p>\n","protected":false},"author":0,"featured_media":0,"comment_status":"open","ping_status":"open","sticky":false,"template":"","format":"standard","meta":{"footnotes":""},"categories":[21],"tags":[],"class_list":{"0":"post-41036","1":"post","2":"type-post","3":"status-publish","4":"format-standard","6":"category-brasilia"},"yoast_head":"<!-- This site is optimized with the Yoast SEO Premium plugin v24.5 (Yoast SEO v27.4) - https:\/\/yoast.com\/product\/yoast-seo-premium-wordpress\/ -->\n<title>Terceira faixa da DF-250 leva seguran\u00e7a para a popula\u00e7\u00e3o de Planaltina - P31<\/title>\n<meta name=\"robots\" content=\"index, follow, max-snippet:-1, max-image-preview:large, max-video-preview:-1\" \/>\n<link rel=\"canonical\" href=\"https:\/\/www.p31noticias.com.br\/?p=41036\" \/>\n<meta property=\"og:locale\" content=\"pt_BR\" \/>\n<meta property=\"og:type\" content=\"article\" \/>\n<meta property=\"og:title\" content=\"Terceira faixa da DF-250 leva seguran\u00e7a para a popula\u00e7\u00e3o de Planaltina\" \/>\n<meta property=\"og:description\" content=\"Em breve, os moradores do N\u00facleo Rural do Rio Preto e Rajadinha, em Planaltina, ter\u00e3o mais seguran\u00e7a para circular pela DF-250. O Governo do Distrito Federal (GDF), por meio do Departamento de Estradas de Rodagem (DER-DF), iniciou a constru\u00e7\u00e3o de uma terceira faixa em um trecho da via para facilitar a circula\u00e7\u00e3o dos motoristas. Os [&hellip;]\" \/>\n<meta property=\"og:url\" content=\"https:\/\/www.p31noticias.com.br\/?p=41036\" \/>\n<meta property=\"og:site_name\" content=\"P31\" \/>\n<meta property=\"article:published_time\" content=\"2024-02-18T15:30:18+00:00\" \/>\n<meta name=\"twitter:card\" content=\"summary_large_image\" \/>\n<script type=\"application\/ld+json\" class=\"yoast-schema-graph\">{\"@context\":\"https:\\\/\\\/schema.org\",\"@graph\":[{\"@type\":\"Article\",\"@id\":\"https:\\\/\\\/www.p31noticias.com.br\\\/?p=41036#article\",\"isPartOf\":{\"@id\":\"https:\\\/\\\/www.p31noticias.com.br\\\/?p=41036\"},\"author\":{\"name\":\"\",\"@id\":\"\"},\"headline\":\"Terceira faixa da DF-250 leva seguran\u00e7a para a popula\u00e7\u00e3o de Planaltina\",\"datePublished\":\"2024-02-18T15:30:18+00:00\",\"mainEntityOfPage\":{\"@id\":\"https:\\\/\\\/www.p31noticias.com.br\\\/?p=41036\"},\"wordCount\":96,\"commentCount\":0,\"articleSection\":[\"Bras\u00edlia\"],\"inLanguage\":\"pt-BR\",\"potentialAction\":[{\"@type\":\"CommentAction\",\"name\":\"Comment\",\"target\":[\"https:\\\/\\\/www.p31noticias.com.br\\\/?p=41036#respond\"]}],\"copyrightYear\":\"2024\",\"copyrightHolder\":{\"@id\":\"https:\\\/\\\/www.p31noticias.com.br\\\/#organization\"}},{\"@type\":\"WebPage\",\"@id\":\"https:\\\/\\\/www.p31noticias.com.br\\\/?p=41036\",\"url\":\"https:\\\/\\\/www.p31noticias.com.br\\\/?p=41036\",\"name\":\"Terceira faixa da DF-250 leva seguran\u00e7a para a popula\u00e7\u00e3o de Planaltina - P31\",\"isPartOf\":{\"@id\":\"https:\\\/\\\/www.p31noticias.com.br\\\/#website\"},\"datePublished\":\"2024-02-18T15:30:18+00:00\",\"author\":{\"@id\":\"\"},\"breadcrumb\":{\"@id\":\"https:\\\/\\\/www.p31noticias.com.br\\\/?p=41036#breadcrumb\"},\"inLanguage\":\"pt-BR\",\"potentialAction\":[{\"@type\":\"ReadAction\",\"target\":[\"https:\\\/\\\/www.p31noticias.com.br\\\/?p=41036\"]}]},{\"@type\":\"BreadcrumbList\",\"@id\":\"https:\\\/\\\/www.p31noticias.com.br\\\/?p=41036#breadcrumb\",\"itemListElement\":[{\"@type\":\"ListItem\",\"position\":1,\"name\":\"In\u00edcio\",\"item\":\"https:\\\/\\\/www.p31noticias.com.br\\\/\"},{\"@type\":\"ListItem\",\"position\":2,\"name\":\"Terceira faixa da DF-250 leva seguran\u00e7a para a popula\u00e7\u00e3o de Planaltina\"}]},{\"@type\":\"WebSite\",\"@id\":\"https:\\\/\\\/www.p31noticias.com.br\\\/#website\",\"url\":\"https:\\\/\\\/www.p31noticias.com.br\\\/\",\"name\":\"P31\",\"description\":\"NOT\u00cdCIAS\",\"potentialAction\":[{\"@type\":\"SearchAction\",\"target\":{\"@type\":\"EntryPoint\",\"urlTemplate\":\"https:\\\/\\\/www.p31noticias.com.br\\\/?s={search_term_string}\"},\"query-input\":{\"@type\":\"PropertyValueSpecification\",\"valueRequired\":true,\"valueName\":\"search_term_string\"}}],\"inLanguage\":\"pt-BR\"}]}<\/script>\n<!-- \/ Yoast SEO Premium plugin. -->","yoast_head_json":{"title":"Terceira faixa da DF-250 leva seguran\u00e7a para a popula\u00e7\u00e3o de Planaltina - P31","robots":{"index":"index","follow":"follow","max-snippet":"max-snippet:-1","max-image-preview":"max-image-preview:large","max-video-preview":"max-video-preview:-1"},"canonical":"https:\/\/www.p31noticias.com.br\/?p=41036","og_locale":"pt_BR","og_type":"article","og_title":"Terceira faixa da DF-250 leva seguran\u00e7a para a popula\u00e7\u00e3o de Planaltina","og_description":"Em breve, os moradores do N\u00facleo Rural do Rio Preto e Rajadinha, em Planaltina, ter\u00e3o mais seguran\u00e7a para circular pela DF-250. O Governo do Distrito Federal (GDF), por meio do Departamento de Estradas de Rodagem (DER-DF), iniciou a constru\u00e7\u00e3o de uma terceira faixa em um trecho da via para facilitar a circula\u00e7\u00e3o dos motoristas. Os [&hellip;]","og_url":"https:\/\/www.p31noticias.com.br\/?p=41036","og_site_name":"P31","article_published_time":"2024-02-18T15:30:18+00:00","twitter_card":"summary_large_image","schema":{"@context":"https:\/\/schema.org","@graph":[{"@type":"Article","@id":"https:\/\/www.p31noticias.com.br\/?p=41036#article","isPartOf":{"@id":"https:\/\/www.p31noticias.com.br\/?p=41036"},"author":{"name":"","@id":""},"headline":"Terceira faixa da DF-250 leva seguran\u00e7a para a popula\u00e7\u00e3o de Planaltina","datePublished":"2024-02-18T15:30:18+00:00","mainEntityOfPage":{"@id":"https:\/\/www.p31noticias.com.br\/?p=41036"},"wordCount":96,"commentCount":0,"articleSection":["Bras\u00edlia"],"inLanguage":"pt-BR","potentialAction":[{"@type":"CommentAction","name":"Comment","target":["https:\/\/www.p31noticias.com.br\/?p=41036#respond"]}],"copyrightYear":"2024","copyrightHolder":{"@id":"https:\/\/www.p31noticias.com.br\/#organization"}},{"@type":"WebPage","@id":"https:\/\/www.p31noticias.com.br\/?p=41036","url":"https:\/\/www.p31noticias.com.br\/?p=41036","name":"Terceira faixa da DF-250 leva seguran\u00e7a para a popula\u00e7\u00e3o de Planaltina - P31","isPartOf":{"@id":"https:\/\/www.p31noticias.com.br\/#website"},"datePublished":"2024-02-18T15:30:18+00:00","author":{"@id":""},"breadcrumb":{"@id":"https:\/\/www.p31noticias.com.br\/?p=41036#breadcrumb"},"inLanguage":"pt-BR","potentialAction":[{"@type":"ReadAction","target":["https:\/\/www.p31noticias.com.br\/?p=41036"]}]},{"@type":"BreadcrumbList","@id":"https:\/\/www.p31noticias.com.br\/?p=41036#breadcrumb","itemListElement":[{"@type":"ListItem","position":1,"name":"In\u00edcio","item":"https:\/\/www.p31noticias.com.br\/"},{"@type":"ListItem","position":2,"name":"Terceira faixa da DF-250 leva seguran\u00e7a para a popula\u00e7\u00e3o de Planaltina"}]},{"@type":"WebSite","@id":"https:\/\/www.p31noticias.com.br\/#website","url":"https:\/\/www.p31noticias.com.br\/","name":"P31","description":"NOT\u00cdCIAS","potentialAction":[{"@type":"SearchAction","target":{"@type":"EntryPoint","urlTemplate":"https:\/\/www.p31noticias.com.br\/?s={search_term_string}"},"query-input":{"@type":"PropertyValueSpecification","valueRequired":true,"valueName":"search_term_string"}}],"inLanguage":"pt-BR"}]}},"amp_enabled":true,"_links":{"self":[{"href":"https:\/\/www.p31noticias.com.br\/index.php?rest_route=\/wp\/v2\/posts\/41036","targetHints":{"allow":["GET"]}}],"collection":[{"href":"https:\/\/www.p31noticias.com.br\/index.php?rest_route=\/wp\/v2\/posts"}],"about":[{"href":"https:\/\/www.p31noticias.com.br\/index.php?rest_route=\/wp\/v2\/types\/post"}],"replies":[{"embeddable":true,"href":"https:\/\/www.p31noticias.com.br\/index.php?rest_route=%2Fwp%2Fv2%2Fcomments&post=41036"}],"version-history":[{"count":0,"href":"https:\/\/www.p31noticias.com.br\/index.php?rest_route=\/wp\/v2\/posts\/41036\/revisions"}],"wp:attachment":[{"href":"https:\/\/www.p31noticias.com.br\/index.php?rest_route=%2Fwp%2Fv2%2Fmedia&parent=41036"}],"wp:term":[{"taxonomy":"category","embeddable":true,"href":"https:\/\/www.p31noticias.com.br\/index.php?rest_route=%2Fwp%2Fv2%2Fcategories&post=41036"},{"taxonomy":"post_tag","embeddable":true,"href":"https:\/\/www.p31noticias.com.br\/index.php?rest_route=%2Fwp%2Fv2%2Ftags&post=41036"}],"curies":[{"name":"wp","href":"https:\/\/api.w.org\/{rel}","templated":true}]}}