{"id":4077,"date":"2020-04-08T13:30:25","date_gmt":"2020-04-08T16:30:25","guid":{"rendered":"https:\/\/juniortakamoto.com.br\/?p=4077"},"modified":"2020-04-08T13:30:25","modified_gmt":"2020-04-08T16:30:25","slug":"midia-veneno-brasileira-vs-otima-midia-americana","status":"publish","type":"post","link":"https:\/\/www.p31noticias.com.br\/?p=4077","title":{"rendered":"M\u00eddia veneno brasileira vs \u00f3tima m\u00eddia americana"},"content":{"rendered":"<p>M\u00eddia brasileira tupiniquim &#8211; Tenho dois televisores aqui em casa, um na sala, grande, e outro na copa, menor.<br \/>\nNunca ficaram tanto tempo desligados !<\/p>\n<p>Faz oito dias que n\u00f3s \u2014 eu, a mulher e um filho de 35 anos \u2014 n\u00e3o vemos mais nada antes das 21 horas.<\/p>\n<p>Houve comemora\u00e7\u00f5es, nos dois primeiros dias do confinamento, entre a esquerda corrupta e a turma canalha do #elen\u00e3o pelo que disseram ter acontecido com a audi\u00eancia da Rede Globo \u2014 uma explos\u00e3o pelo fato de a maioria da popula\u00e7\u00e3o ter sido aprisionada em casa.<\/p>\n<p>Conversa pra boi dormir: as hist\u00f3rias do Covid-19 saturaram, encheram o saco, o assunto cansou.<\/p>\n<p>Eu mesmo vou sair no bra\u00e7o com quem puxar esse assunto comigo!<\/p>\n<p>Vera Magalh\u00e3es foi comemorar seu &#8220;record&#8221; de audi\u00eancia conquistado pelo programa na segunda-feira, 30-03, com a entrevista do bi\u00f3logo \u00c1tila Lamarino: &#8220;1,7 ponto de m\u00e9dia na faixa das 22h00 \u00e0s 23h40&#8221;, informou a mo\u00e7a com pretens\u00f5es de ser jornalista.<\/p>\n<p>Deu na verdade um tiro no p\u00e9: os contribuintes paulistas devem estar se perguntando se vale mesmo a pena investir $ 100 milh\u00f5es\/ano numa emissora cujo recorde de audi\u00eancia \u00e9 um n\u00famero rid\u00edculo?<\/p>\n<p>A \u00fanica informa\u00e7\u00e3o com cara e jeito de verdade que circulou nestes tempos sombrios foi dada pelo apresentador da Globo, Willian Bonner: o pared\u00e3o do BBB recebeu nesta ter\u00e7a-feira mais de um bilh\u00e3o de votos! (a que ponto chegamos)<\/p>\n<p>Sim querendo escapar do bombardeio da impiedosa e incompetente cobertura da Pandemia, o telespectador refugiou-se nessa porcaria de programa.<\/p>\n<p><strong>UMA COBERTURA DE VERDADE<\/strong><\/p>\n<p>Eu estava em Miami, Fl\u00f3rida, EUA, quando passou pela cidade o Furac\u00e3o Andrews, at\u00e9 hoje o mais devastador que atingiu a cidade (agosto de 1992)!<br \/>\nPosso dizer que eu mesmo fui salvo pelo jornalismo que se praticava por l\u00e1 nessa \u00e9poca: foi um bombardeio de cinco ou seis dias de informa\u00e7\u00e3o de alt\u00edssima qualidade.<\/p>\n<p>Todos os canais transmitiam informes sobre o furac\u00e3o e a mesma tarja, embaixo, no v\u00eddeo, atualizada em tempo real, dava tr\u00eas dados relevantes: exata localiza\u00e7\u00e3o, press\u00e3o atmosf\u00e9rica e velocidade dos ventos.<\/p>\n<p><strong>APRENDI TUDO<\/strong><\/p>\n<p>Diante da TV por algumas horas, aprendi quase tudo sobre furac\u00f5es e recebi orienta\u00e7\u00e3o completa para me prevenir, da escolha do quarto do hotel at\u00e9 evitar o uso de elevadores e os cuidados com janelas de vidro.<\/p>\n<p>Em resumo: as m\u00eddias souberam usar todas as tecnologias dispon\u00edveis (sat\u00e9lites, infogr\u00e1ficos, computadores) com um \u00fanico objetivo: proteger a sociedade dos riscos que chegavam com ventos que sopraram a mais de 260 km\/hora.<\/p>\n<p><strong>Olho para a cobertura do Covid-19 no Brasil e me envergonho de ser jornalista: N\u00e3o, a finalidade n\u00e3o \u00e9 informar e proteger a sociedade. <\/strong><\/p>\n<p><strong>A finalidade \u00e9 espalhar p\u00e2nico, terror e fazer pol\u00edtica rastaquera.<\/strong><\/p>\n<p>Nem preciso dar exemplos: quem est\u00e1 de quarentena como eu sabe muito bem do que falo e, se for jornalista de verdade, estar\u00e1 t\u00e3o envergonhado quanto!<\/p>\n<p>\u201cN\u00e3o quero saber a opini\u00e3o do jornalista, s\u00f3 quero saber da not\u00edcia. A opini\u00e3o \u00e9 minha!\u201d<\/p>\n","protected":false},"excerpt":{"rendered":"<p>M\u00eddia brasileira tupiniquim &#8211; Tenho dois televisores aqui em casa, um na sala, grande, e outro na copa, menor. Nunca ficaram tanto tempo desligados ! Faz oito dias que n\u00f3s \u2014 eu, a mulher e um filho de 35 anos \u2014 n\u00e3o vemos mais nada antes das 21 horas. Houve comemora\u00e7\u00f5es, nos dois primeiros dias [&hellip;]<\/p>\n","protected":false},"author":18,"featured_media":4079,"comment_status":"open","ping_status":"open","sticky":false,"template":"","format":"standard","meta":{"footnotes":""},"categories":[57],"tags":[451,429,430,114,452,453,454,455,456,292,457,458],"class_list":{"0":"post-4077","1":"post","2":"type-post","3":"status-publish","4":"format-standard","5":"has-post-thumbnail","7":"category-politica","8":"tag-band-news","9":"tag-coronavirus","10":"tag-covid-19","11":"tag-fake-news","12":"tag-jornal-nacional","13":"tag-jornalismo","14":"tag-jornalista","15":"tag-midia-brasileira","16":"tag-opiniao-do-jornalista","17":"tag-pavao-misterioso","18":"tag-rede-globo","19":"tag-vera-magalhaes"},"yoast_head":"<!-- This site is optimized with the Yoast SEO Premium plugin v24.5 (Yoast SEO v27.5) - https:\/\/yoast.com\/product\/yoast-seo-premium-wordpress\/ -->\n<title>M\u00eddia veneno brasileira vs \u00f3tima m\u00eddia americana - P31<\/title>\n<meta name=\"description\" content=\"M\u00eddia brasileira tupiniquim - Tenho dois televisores aqui em casa, um na sala, grande, e outro na copa, menor. Nunca ficaram tanto tempo desligados !\" \/>\n<meta name=\"robots\" content=\"index, follow, max-snippet:-1, max-image-preview:large, max-video-preview:-1\" \/>\n<link rel=\"canonical\" href=\"https:\/\/www.p31noticias.com.br\/?p=4077\" \/>\n<meta property=\"og:locale\" content=\"pt_BR\" \/>\n<meta property=\"og:type\" content=\"article\" \/>\n<meta property=\"og:title\" content=\"M\u00eddia veneno brasileira vs \u00f3tima m\u00eddia americana\" \/>\n<meta property=\"og:description\" content=\"M\u00eddia brasileira tupiniquim - Tenho dois televisores aqui em casa, um na sala, grande, e outro na copa, menor. Nunca ficaram tanto tempo desligados !\" \/>\n<meta property=\"og:url\" content=\"https:\/\/www.p31noticias.com.br\/?p=4077\" \/>\n<meta property=\"og:site_name\" content=\"P31\" \/>\n<meta property=\"article:published_time\" content=\"2020-04-08T16:30:25+00:00\" \/>\n<meta property=\"og:image\" content=\"https:\/\/www.p31noticias.com.br\/wp-content\/uploads\/2020\/04\/c96314a4-fcc5-4d7d-b951-c25bbe4db715.jpg\" \/>\n\t<meta property=\"og:image:width\" content=\"1280\" \/>\n\t<meta property=\"og:image:height\" content=\"640\" \/>\n\t<meta property=\"og:image:type\" content=\"image\/jpeg\" \/>\n<meta name=\"author\" content=\"Reda\u00e7\u00e3o JBN\" \/>\n<meta name=\"twitter:card\" content=\"summary_large_image\" \/>\n<meta name=\"twitter:label1\" content=\"Escrito por\" \/>\n\t<meta name=\"twitter:data1\" content=\"Reda\u00e7\u00e3o JBN\" \/>\n\t<meta name=\"twitter:label2\" content=\"Est. tempo de leitura\" \/>\n\t<meta name=\"twitter:data2\" content=\"3 minutos\" \/>\n<script type=\"application\/ld+json\" class=\"yoast-schema-graph\">{\"@context\":\"https:\\\/\\\/schema.org\",\"@graph\":[{\"@type\":\"Article\",\"@id\":\"https:\\\/\\\/www.p31noticias.com.br\\\/?p=4077#article\",\"isPartOf\":{\"@id\":\"https:\\\/\\\/www.p31noticias.com.br\\\/?p=4077\"},\"author\":{\"name\":\"Reda\u00e7\u00e3o JBN\",\"@id\":\"https:\\\/\\\/www.p31noticias.com.br\\\/#\\\/schema\\\/person\\\/77d6b186c710ac38937c6ec204fdd387\"},\"headline\":\"M\u00eddia veneno brasileira vs \u00f3tima m\u00eddia americana\",\"datePublished\":\"2020-04-08T16:30:25+00:00\",\"mainEntityOfPage\":{\"@id\":\"https:\\\/\\\/www.p31noticias.com.br\\\/?p=4077\"},\"wordCount\":532,\"commentCount\":0,\"image\":{\"@id\":\"https:\\\/\\\/www.p31noticias.com.br\\\/?p=4077#primaryimage\"},\"thumbnailUrl\":\"https:\\\/\\\/www.p31noticias.com.br\\\/wp-content\\\/uploads\\\/2020\\\/04\\\/c96314a4-fcc5-4d7d-b951-c25bbe4db715.jpg\",\"keywords\":[\"Band News\",\"Coronav\u00edrus\",\"Covid-19\",\"fake news\",\"Jornal Nacional\",\"jornalismo\",\"jornalista\",\"M\u00eddia brasileira\",\"opini\u00e3o do jornalista\",\"pav\u00e3o misterioso\",\"rede globo\",\"Vera Magalh\u00e3es\"],\"articleSection\":[\"Pol\u00edtica\"],\"inLanguage\":\"pt-BR\",\"potentialAction\":[{\"@type\":\"CommentAction\",\"name\":\"Comment\",\"target\":[\"https:\\\/\\\/www.p31noticias.com.br\\\/?p=4077#respond\"]}],\"copyrightYear\":\"2020\",\"copyrightHolder\":{\"@id\":\"https:\\\/\\\/www.p31noticias.com.br\\\/#organization\"}},{\"@type\":\"WebPage\",\"@id\":\"https:\\\/\\\/www.p31noticias.com.br\\\/?p=4077\",\"url\":\"https:\\\/\\\/www.p31noticias.com.br\\\/?p=4077\",\"name\":\"M\u00eddia veneno brasileira vs \u00f3tima m\u00eddia americana - P31\",\"isPartOf\":{\"@id\":\"https:\\\/\\\/www.p31noticias.com.br\\\/#website\"},\"primaryImageOfPage\":{\"@id\":\"https:\\\/\\\/www.p31noticias.com.br\\\/?p=4077#primaryimage\"},\"image\":{\"@id\":\"https:\\\/\\\/www.p31noticias.com.br\\\/?p=4077#primaryimage\"},\"thumbnailUrl\":\"https:\\\/\\\/www.p31noticias.com.br\\\/wp-content\\\/uploads\\\/2020\\\/04\\\/c96314a4-fcc5-4d7d-b951-c25bbe4db715.jpg\",\"datePublished\":\"2020-04-08T16:30:25+00:00\",\"author\":{\"@id\":\"https:\\\/\\\/www.p31noticias.com.br\\\/#\\\/schema\\\/person\\\/77d6b186c710ac38937c6ec204fdd387\"},\"description\":\"M\u00eddia brasileira tupiniquim - Tenho dois televisores aqui em casa, um na sala, grande, e outro na copa, menor. Nunca ficaram tanto tempo desligados !\",\"breadcrumb\":{\"@id\":\"https:\\\/\\\/www.p31noticias.com.br\\\/?p=4077#breadcrumb\"},\"inLanguage\":\"pt-BR\",\"potentialAction\":[{\"@type\":\"ReadAction\",\"target\":[\"https:\\\/\\\/www.p31noticias.com.br\\\/?p=4077\"]}]},{\"@type\":\"ImageObject\",\"inLanguage\":\"pt-BR\",\"@id\":\"https:\\\/\\\/www.p31noticias.com.br\\\/?p=4077#primaryimage\",\"url\":\"https:\\\/\\\/www.p31noticias.com.br\\\/wp-content\\\/uploads\\\/2020\\\/04\\\/c96314a4-fcc5-4d7d-b951-c25bbe4db715.jpg\",\"contentUrl\":\"https:\\\/\\\/www.p31noticias.com.br\\\/wp-content\\\/uploads\\\/2020\\\/04\\\/c96314a4-fcc5-4d7d-b951-c25bbe4db715.jpg\",\"width\":1280,\"height\":640,\"caption\":\"M\u00eddia brasileira\"},{\"@type\":\"BreadcrumbList\",\"@id\":\"https:\\\/\\\/www.p31noticias.com.br\\\/?p=4077#breadcrumb\",\"itemListElement\":[{\"@type\":\"ListItem\",\"position\":1,\"name\":\"In\u00edcio\",\"item\":\"https:\\\/\\\/www.p31noticias.com.br\\\/\"},{\"@type\":\"ListItem\",\"position\":2,\"name\":\"M\u00eddia veneno brasileira vs \u00f3tima m\u00eddia americana\"}]},{\"@type\":\"WebSite\",\"@id\":\"https:\\\/\\\/www.p31noticias.com.br\\\/#website\",\"url\":\"https:\\\/\\\/www.p31noticias.com.br\\\/\",\"name\":\"P31\",\"description\":\"NOT\u00cdCIAS\",\"potentialAction\":[{\"@type\":\"SearchAction\",\"target\":{\"@type\":\"EntryPoint\",\"urlTemplate\":\"https:\\\/\\\/www.p31noticias.com.br\\\/?s={search_term_string}\"},\"query-input\":{\"@type\":\"PropertyValueSpecification\",\"valueRequired\":true,\"valueName\":\"search_term_string\"}}],\"inLanguage\":\"pt-BR\"},{\"@type\":\"Person\",\"@id\":\"https:\\\/\\\/www.p31noticias.com.br\\\/#\\\/schema\\\/person\\\/77d6b186c710ac38937c6ec204fdd387\",\"name\":\"Reda\u00e7\u00e3o JBN\",\"image\":{\"@type\":\"ImageObject\",\"inLanguage\":\"pt-BR\",\"@id\":\"https:\\\/\\\/secure.gravatar.com\\\/avatar\\\/10fcdb93211f98cce3d64c0795b0915a9a4a21dc0f279238995a3dbfafcad090?s=96&d=mm&r=g\",\"url\":\"https:\\\/\\\/secure.gravatar.com\\\/avatar\\\/10fcdb93211f98cce3d64c0795b0915a9a4a21dc0f279238995a3dbfafcad090?s=96&d=mm&r=g\",\"contentUrl\":\"https:\\\/\\\/secure.gravatar.com\\\/avatar\\\/10fcdb93211f98cce3d64c0795b0915a9a4a21dc0f279238995a3dbfafcad090?s=96&d=mm&r=g\",\"caption\":\"Reda\u00e7\u00e3o JBN\"},\"sameAs\":[\"https:\\\/\\\/p31noticias.com.br\"],\"url\":\"https:\\\/\\\/www.p31noticias.com.br\\\/?author=18\"}]}<\/script>\n<!-- \/ Yoast SEO Premium plugin. -->","yoast_head_json":{"title":"M\u00eddia veneno brasileira vs \u00f3tima m\u00eddia americana - P31","description":"M\u00eddia brasileira tupiniquim - Tenho dois televisores aqui em casa, um na sala, grande, e outro na copa, menor. Nunca ficaram tanto tempo desligados !","robots":{"index":"index","follow":"follow","max-snippet":"max-snippet:-1","max-image-preview":"max-image-preview:large","max-video-preview":"max-video-preview:-1"},"canonical":"https:\/\/www.p31noticias.com.br\/?p=4077","og_locale":"pt_BR","og_type":"article","og_title":"M\u00eddia veneno brasileira vs \u00f3tima m\u00eddia americana","og_description":"M\u00eddia brasileira tupiniquim - Tenho dois televisores aqui em casa, um na sala, grande, e outro na copa, menor. Nunca ficaram tanto tempo desligados !","og_url":"https:\/\/www.p31noticias.com.br\/?p=4077","og_site_name":"P31","article_published_time":"2020-04-08T16:30:25+00:00","og_image":[{"width":1280,"height":640,"url":"https:\/\/www.p31noticias.com.br\/wp-content\/uploads\/2020\/04\/c96314a4-fcc5-4d7d-b951-c25bbe4db715.jpg","type":"image\/jpeg"}],"author":"Reda\u00e7\u00e3o JBN","twitter_card":"summary_large_image","twitter_misc":{"Escrito por":"Reda\u00e7\u00e3o JBN","Est. tempo de leitura":"3 minutos"},"schema":{"@context":"https:\/\/schema.org","@graph":[{"@type":"Article","@id":"https:\/\/www.p31noticias.com.br\/?p=4077#article","isPartOf":{"@id":"https:\/\/www.p31noticias.com.br\/?p=4077"},"author":{"name":"Reda\u00e7\u00e3o JBN","@id":"https:\/\/www.p31noticias.com.br\/#\/schema\/person\/77d6b186c710ac38937c6ec204fdd387"},"headline":"M\u00eddia veneno brasileira vs \u00f3tima m\u00eddia americana","datePublished":"2020-04-08T16:30:25+00:00","mainEntityOfPage":{"@id":"https:\/\/www.p31noticias.com.br\/?p=4077"},"wordCount":532,"commentCount":0,"image":{"@id":"https:\/\/www.p31noticias.com.br\/?p=4077#primaryimage"},"thumbnailUrl":"https:\/\/www.p31noticias.com.br\/wp-content\/uploads\/2020\/04\/c96314a4-fcc5-4d7d-b951-c25bbe4db715.jpg","keywords":["Band News","Coronav\u00edrus","Covid-19","fake news","Jornal Nacional","jornalismo","jornalista","M\u00eddia brasileira","opini\u00e3o do jornalista","pav\u00e3o misterioso","rede globo","Vera Magalh\u00e3es"],"articleSection":["Pol\u00edtica"],"inLanguage":"pt-BR","potentialAction":[{"@type":"CommentAction","name":"Comment","target":["https:\/\/www.p31noticias.com.br\/?p=4077#respond"]}],"copyrightYear":"2020","copyrightHolder":{"@id":"https:\/\/www.p31noticias.com.br\/#organization"}},{"@type":"WebPage","@id":"https:\/\/www.p31noticias.com.br\/?p=4077","url":"https:\/\/www.p31noticias.com.br\/?p=4077","name":"M\u00eddia veneno brasileira vs \u00f3tima m\u00eddia americana - P31","isPartOf":{"@id":"https:\/\/www.p31noticias.com.br\/#website"},"primaryImageOfPage":{"@id":"https:\/\/www.p31noticias.com.br\/?p=4077#primaryimage"},"image":{"@id":"https:\/\/www.p31noticias.com.br\/?p=4077#primaryimage"},"thumbnailUrl":"https:\/\/www.p31noticias.com.br\/wp-content\/uploads\/2020\/04\/c96314a4-fcc5-4d7d-b951-c25bbe4db715.jpg","datePublished":"2020-04-08T16:30:25+00:00","author":{"@id":"https:\/\/www.p31noticias.com.br\/#\/schema\/person\/77d6b186c710ac38937c6ec204fdd387"},"description":"M\u00eddia brasileira tupiniquim - Tenho dois televisores aqui em casa, um na sala, grande, e outro na copa, menor. Nunca ficaram tanto tempo desligados !","breadcrumb":{"@id":"https:\/\/www.p31noticias.com.br\/?p=4077#breadcrumb"},"inLanguage":"pt-BR","potentialAction":[{"@type":"ReadAction","target":["https:\/\/www.p31noticias.com.br\/?p=4077"]}]},{"@type":"ImageObject","inLanguage":"pt-BR","@id":"https:\/\/www.p31noticias.com.br\/?p=4077#primaryimage","url":"https:\/\/www.p31noticias.com.br\/wp-content\/uploads\/2020\/04\/c96314a4-fcc5-4d7d-b951-c25bbe4db715.jpg","contentUrl":"https:\/\/www.p31noticias.com.br\/wp-content\/uploads\/2020\/04\/c96314a4-fcc5-4d7d-b951-c25bbe4db715.jpg","width":1280,"height":640,"caption":"M\u00eddia brasileira"},{"@type":"BreadcrumbList","@id":"https:\/\/www.p31noticias.com.br\/?p=4077#breadcrumb","itemListElement":[{"@type":"ListItem","position":1,"name":"In\u00edcio","item":"https:\/\/www.p31noticias.com.br\/"},{"@type":"ListItem","position":2,"name":"M\u00eddia veneno brasileira vs \u00f3tima m\u00eddia americana"}]},{"@type":"WebSite","@id":"https:\/\/www.p31noticias.com.br\/#website","url":"https:\/\/www.p31noticias.com.br\/","name":"P31","description":"NOT\u00cdCIAS","potentialAction":[{"@type":"SearchAction","target":{"@type":"EntryPoint","urlTemplate":"https:\/\/www.p31noticias.com.br\/?s={search_term_string}"},"query-input":{"@type":"PropertyValueSpecification","valueRequired":true,"valueName":"search_term_string"}}],"inLanguage":"pt-BR"},{"@type":"Person","@id":"https:\/\/www.p31noticias.com.br\/#\/schema\/person\/77d6b186c710ac38937c6ec204fdd387","name":"Reda\u00e7\u00e3o JBN","image":{"@type":"ImageObject","inLanguage":"pt-BR","@id":"https:\/\/secure.gravatar.com\/avatar\/10fcdb93211f98cce3d64c0795b0915a9a4a21dc0f279238995a3dbfafcad090?s=96&d=mm&r=g","url":"https:\/\/secure.gravatar.com\/avatar\/10fcdb93211f98cce3d64c0795b0915a9a4a21dc0f279238995a3dbfafcad090?s=96&d=mm&r=g","contentUrl":"https:\/\/secure.gravatar.com\/avatar\/10fcdb93211f98cce3d64c0795b0915a9a4a21dc0f279238995a3dbfafcad090?s=96&d=mm&r=g","caption":"Reda\u00e7\u00e3o JBN"},"sameAs":["https:\/\/p31noticias.com.br"],"url":"https:\/\/www.p31noticias.com.br\/?author=18"}]}},"amp_enabled":true,"_links":{"self":[{"href":"https:\/\/www.p31noticias.com.br\/index.php?rest_route=\/wp\/v2\/posts\/4077","targetHints":{"allow":["GET"]}}],"collection":[{"href":"https:\/\/www.p31noticias.com.br\/index.php?rest_route=\/wp\/v2\/posts"}],"about":[{"href":"https:\/\/www.p31noticias.com.br\/index.php?rest_route=\/wp\/v2\/types\/post"}],"author":[{"embeddable":true,"href":"https:\/\/www.p31noticias.com.br\/index.php?rest_route=\/wp\/v2\/users\/18"}],"replies":[{"embeddable":true,"href":"https:\/\/www.p31noticias.com.br\/index.php?rest_route=%2Fwp%2Fv2%2Fcomments&post=4077"}],"version-history":[{"count":0,"href":"https:\/\/www.p31noticias.com.br\/index.php?rest_route=\/wp\/v2\/posts\/4077\/revisions"}],"wp:featuredmedia":[{"embeddable":true,"href":"https:\/\/www.p31noticias.com.br\/index.php?rest_route=\/wp\/v2\/media\/4079"}],"wp:attachment":[{"href":"https:\/\/www.p31noticias.com.br\/index.php?rest_route=%2Fwp%2Fv2%2Fmedia&parent=4077"}],"wp:term":[{"taxonomy":"category","embeddable":true,"href":"https:\/\/www.p31noticias.com.br\/index.php?rest_route=%2Fwp%2Fv2%2Fcategories&post=4077"},{"taxonomy":"post_tag","embeddable":true,"href":"https:\/\/www.p31noticias.com.br\/index.php?rest_route=%2Fwp%2Fv2%2Ftags&post=4077"}],"curies":[{"name":"wp","href":"https:\/\/api.w.org\/{rel}","templated":true}]}}