{"id":4074,"date":"2020-04-08T11:38:48","date_gmt":"2020-04-08T14:38:48","guid":{"rendered":"https:\/\/juniortakamoto.com.br\/?p=4074"},"modified":"2020-04-08T11:38:48","modified_gmt":"2020-04-08T14:38:48","slug":"bolsonaro-ha-40-dias-venho-falando-do-uso-da-hidroxicloroquina","status":"publish","type":"post","link":"https:\/\/www.p31noticias.com.br\/?p=4074","title":{"rendered":"Bolsonaro: H\u00e1 40 dias venho falando do uso da hidroxicloroquina"},"content":{"rendered":"<p>Bolsonaro usou as redes sociais para falar sobre o uso da hidroxicloroquina no tratamento da Covid-19, algo que ele j\u00e1 defende h\u00e1 algum tempo.<\/p>\n<p>\u201cH\u00e1 40 dias venho falando do uso da Hidroxicloroquina no tratamento do COVID-19. Sempre busquei tratar da vida das pessoas em 1\u00b0 lugar, mas tamb\u00e9m se preocupando em preservar empregos. Fiz, ao longo desse tempo, contato com dezenas m\u00e9dicos e chefes de estados de outros pa\u00edses\u201d, declarou.<\/p>\n<p>De acordo com o presidente, cada vez mais o uso da cloroquina se apresenta como algo eficaz.\u201d Dois renomados m\u00e9dicos no Brasil se recusaram a divulgar o que os curou da COVID-19. Seriam quest\u00f5es pol\u00edticas, j\u00e1 que um pertence a equipe do Governador de SP?\u201d, questiona.<\/p>\n<p>\u201cAcredito que eles falem brevemente, pois esse segredo n\u00e3o combina com o Juramento de Hip\u00f3crates que fizeram. Que Deus ilumine esses dois profissionais, de modo que revelem para o mundo que existe um promissor rem\u00e9dio no Brasil\u201d, acrescentou.<\/p>\n<p><strong>Olavo de Carvalho cita Mandetta<\/strong><\/p>\n<p><strong>\u201cEsse Mandetta \u00e9 pueril, boboca, metido\u201d, atacou Carvalho. \u201cDeveria estar na cadeia. Est\u00e1 escondendo o rem\u00e9dio que vai salvar as pessoas. Eles [Mandetta e governadores] querem fabricar corpos para impressionar\u201d, acusou, ainda.<\/strong><\/p>\n<p>Segundo o\u00a0guru de ministros como Ernesto Ara\u00fajo, das Rela\u00e7\u00f5es Exteriores, o crime cometido por Mandetta \u00e9 a priva\u00e7\u00e3o dos pacientes de coronav\u00edrus da \u201ccura\u201d da doen\u00e7a por n\u00e3o concordar com o uso generalizado da cloroquina, ou hidroxicloroquina, no tratamento.<\/p>\n<p><strong>O presidente Jair Bolsonaro disse em mar\u00e7o (21) que o hospital Albert Einstein deu in\u00edcio a pesquisas sobre o uso de cloroquina e da hidroxicloroquina no combate \u00e0 covid-19.<\/strong><\/p>\n<p>Essas subst\u00e2ncias s\u00e3o usadas normalmente contra o v\u00edrus da mal\u00e1ria, no combate ao l\u00fapus e \u00e0 artrite reumatoide.<\/p>\n<p>O presidente afirmou ainda que, em parceria com o ministro da Defesa, Fernando Azevedo e Silva, usar\u00e1 o laborat\u00f3rio qu\u00edmico e farmac\u00eautico do Ex\u00e9rcito para ampliar a produ\u00e7\u00e3o das subst\u00e2ncias.<\/p>\n","protected":false},"excerpt":{"rendered":"<p>Bolsonaro usou as redes sociais para falar sobre o uso da hidroxicloroquina no tratamento da Covid-19, algo que ele j\u00e1 defende h\u00e1 algum tempo. \u201cH\u00e1 40 dias venho falando do uso da Hidroxicloroquina no tratamento do COVID-19. Sempre busquei tratar da vida das pessoas em 1\u00b0 lugar, mas tamb\u00e9m se preocupando em preservar empregos. Fiz, [&hellip;]<\/p>\n","protected":false},"author":18,"featured_media":4075,"comment_status":"open","ping_status":"open","sticky":false,"template":"","format":"standard","meta":{"footnotes":""},"categories":[57],"tags":[92,444,429,430,445,446,447,441,448,449,450],"class_list":{"0":"post-4074","1":"post","2":"type-post","3":"status-publish","4":"format-standard","5":"has-post-thumbnail","7":"category-politica","8":"tag-bolsonaro","9":"tag-cloroquina","10":"tag-coronavirus","11":"tag-covid-19","12":"tag-donald-trump","13":"tag-fda","14":"tag-hidroxicloroquina","15":"tag-luiz-henrique-mandetta","16":"tag-mandetta","17":"tag-olavo-de-carvalho","18":"tag-oms"},"yoast_head":"<!-- This site is optimized with the Yoast SEO Premium plugin v24.5 (Yoast SEO v27.5) - https:\/\/yoast.com\/product\/yoast-seo-premium-wordpress\/ -->\n<title>Bolsonaro: H\u00e1 40 dias venho falando do uso da hidroxicloroquina - P31<\/title>\n<meta name=\"description\" content=\"Bolsonaro usou as redes sociais para falar sobre o uso da hidroxicloroquina no tratamento da Covid-19, algo que ele j\u00e1 defende h\u00e1\" \/>\n<meta name=\"robots\" content=\"index, follow, max-snippet:-1, max-image-preview:large, max-video-preview:-1\" \/>\n<link rel=\"canonical\" href=\"https:\/\/www.p31noticias.com.br\/?p=4074\" \/>\n<meta property=\"og:locale\" content=\"pt_BR\" \/>\n<meta property=\"og:type\" content=\"article\" \/>\n<meta property=\"og:title\" content=\"Bolsonaro: H\u00e1 40 dias venho falando do uso da hidroxicloroquina\" \/>\n<meta property=\"og:description\" content=\"Bolsonaro usou as redes sociais para falar sobre o uso da hidroxicloroquina no tratamento da Covid-19, algo que ele j\u00e1 defende h\u00e1\" \/>\n<meta property=\"og:url\" content=\"https:\/\/www.p31noticias.com.br\/?p=4074\" \/>\n<meta property=\"og:site_name\" content=\"P31\" \/>\n<meta property=\"article:published_time\" content=\"2020-04-08T14:38:48+00:00\" \/>\n<meta property=\"og:image\" content=\"https:\/\/www.p31noticias.com.br\/wp-content\/uploads\/2020\/04\/a1.jpg\" \/>\n\t<meta property=\"og:image:width\" content=\"1122\" \/>\n\t<meta property=\"og:image:height\" content=\"600\" \/>\n\t<meta property=\"og:image:type\" content=\"image\/jpeg\" \/>\n<meta name=\"author\" content=\"Reda\u00e7\u00e3o JBN\" \/>\n<meta name=\"twitter:card\" content=\"summary_large_image\" \/>\n<meta name=\"twitter:label1\" content=\"Escrito por\" \/>\n\t<meta name=\"twitter:data1\" content=\"Reda\u00e7\u00e3o JBN\" \/>\n\t<meta name=\"twitter:label2\" content=\"Est. tempo de leitura\" \/>\n\t<meta name=\"twitter:data2\" content=\"2 minutos\" \/>\n<script type=\"application\/ld+json\" class=\"yoast-schema-graph\">{\"@context\":\"https:\\\/\\\/schema.org\",\"@graph\":[{\"@type\":\"Article\",\"@id\":\"https:\\\/\\\/www.p31noticias.com.br\\\/?p=4074#article\",\"isPartOf\":{\"@id\":\"https:\\\/\\\/www.p31noticias.com.br\\\/?p=4074\"},\"author\":{\"name\":\"Reda\u00e7\u00e3o JBN\",\"@id\":\"https:\\\/\\\/www.p31noticias.com.br\\\/#\\\/schema\\\/person\\\/77d6b186c710ac38937c6ec204fdd387\"},\"headline\":\"Bolsonaro: H\u00e1 40 dias venho falando do uso da hidroxicloroquina\",\"datePublished\":\"2020-04-08T14:38:48+00:00\",\"mainEntityOfPage\":{\"@id\":\"https:\\\/\\\/www.p31noticias.com.br\\\/?p=4074\"},\"wordCount\":340,\"commentCount\":3,\"image\":{\"@id\":\"https:\\\/\\\/www.p31noticias.com.br\\\/?p=4074#primaryimage\"},\"thumbnailUrl\":\"https:\\\/\\\/www.p31noticias.com.br\\\/wp-content\\\/uploads\\\/2020\\\/04\\\/a1.jpg\",\"keywords\":[\"bolsonaro\",\"cloroquina\",\"Coronav\u00edrus\",\"Covid-19\",\"Donald Trump\",\"FDA\",\"hidroxicloroquina\",\"Luiz Henrique Mandetta\",\"Mandetta\",\"olavo de carvalho\",\"oms\"],\"articleSection\":[\"Pol\u00edtica\"],\"inLanguage\":\"pt-BR\",\"potentialAction\":[{\"@type\":\"CommentAction\",\"name\":\"Comment\",\"target\":[\"https:\\\/\\\/www.p31noticias.com.br\\\/?p=4074#respond\"]}],\"copyrightYear\":\"2020\",\"copyrightHolder\":{\"@id\":\"https:\\\/\\\/www.p31noticias.com.br\\\/#organization\"}},{\"@type\":\"WebPage\",\"@id\":\"https:\\\/\\\/www.p31noticias.com.br\\\/?p=4074\",\"url\":\"https:\\\/\\\/www.p31noticias.com.br\\\/?p=4074\",\"name\":\"Bolsonaro: H\u00e1 40 dias venho falando do uso da hidroxicloroquina - P31\",\"isPartOf\":{\"@id\":\"https:\\\/\\\/www.p31noticias.com.br\\\/#website\"},\"primaryImageOfPage\":{\"@id\":\"https:\\\/\\\/www.p31noticias.com.br\\\/?p=4074#primaryimage\"},\"image\":{\"@id\":\"https:\\\/\\\/www.p31noticias.com.br\\\/?p=4074#primaryimage\"},\"thumbnailUrl\":\"https:\\\/\\\/www.p31noticias.com.br\\\/wp-content\\\/uploads\\\/2020\\\/04\\\/a1.jpg\",\"datePublished\":\"2020-04-08T14:38:48+00:00\",\"author\":{\"@id\":\"https:\\\/\\\/www.p31noticias.com.br\\\/#\\\/schema\\\/person\\\/77d6b186c710ac38937c6ec204fdd387\"},\"description\":\"Bolsonaro usou as redes sociais para falar sobre o uso da hidroxicloroquina no tratamento da Covid-19, algo que ele j\u00e1 defende h\u00e1\",\"breadcrumb\":{\"@id\":\"https:\\\/\\\/www.p31noticias.com.br\\\/?p=4074#breadcrumb\"},\"inLanguage\":\"pt-BR\",\"potentialAction\":[{\"@type\":\"ReadAction\",\"target\":[\"https:\\\/\\\/www.p31noticias.com.br\\\/?p=4074\"]}]},{\"@type\":\"ImageObject\",\"inLanguage\":\"pt-BR\",\"@id\":\"https:\\\/\\\/www.p31noticias.com.br\\\/?p=4074#primaryimage\",\"url\":\"https:\\\/\\\/www.p31noticias.com.br\\\/wp-content\\\/uploads\\\/2020\\\/04\\\/a1.jpg\",\"contentUrl\":\"https:\\\/\\\/www.p31noticias.com.br\\\/wp-content\\\/uploads\\\/2020\\\/04\\\/a1.jpg\",\"width\":1122,\"height\":600,\"caption\":\"hidroxicloroquina\"},{\"@type\":\"BreadcrumbList\",\"@id\":\"https:\\\/\\\/www.p31noticias.com.br\\\/?p=4074#breadcrumb\",\"itemListElement\":[{\"@type\":\"ListItem\",\"position\":1,\"name\":\"In\u00edcio\",\"item\":\"https:\\\/\\\/www.p31noticias.com.br\\\/\"},{\"@type\":\"ListItem\",\"position\":2,\"name\":\"Bolsonaro: H\u00e1 40 dias venho falando do uso da hidroxicloroquina\"}]},{\"@type\":\"WebSite\",\"@id\":\"https:\\\/\\\/www.p31noticias.com.br\\\/#website\",\"url\":\"https:\\\/\\\/www.p31noticias.com.br\\\/\",\"name\":\"P31\",\"description\":\"NOT\u00cdCIAS\",\"potentialAction\":[{\"@type\":\"SearchAction\",\"target\":{\"@type\":\"EntryPoint\",\"urlTemplate\":\"https:\\\/\\\/www.p31noticias.com.br\\\/?s={search_term_string}\"},\"query-input\":{\"@type\":\"PropertyValueSpecification\",\"valueRequired\":true,\"valueName\":\"search_term_string\"}}],\"inLanguage\":\"pt-BR\"},{\"@type\":\"Person\",\"@id\":\"https:\\\/\\\/www.p31noticias.com.br\\\/#\\\/schema\\\/person\\\/77d6b186c710ac38937c6ec204fdd387\",\"name\":\"Reda\u00e7\u00e3o JBN\",\"image\":{\"@type\":\"ImageObject\",\"inLanguage\":\"pt-BR\",\"@id\":\"https:\\\/\\\/secure.gravatar.com\\\/avatar\\\/10fcdb93211f98cce3d64c0795b0915a9a4a21dc0f279238995a3dbfafcad090?s=96&d=mm&r=g\",\"url\":\"https:\\\/\\\/secure.gravatar.com\\\/avatar\\\/10fcdb93211f98cce3d64c0795b0915a9a4a21dc0f279238995a3dbfafcad090?s=96&d=mm&r=g\",\"contentUrl\":\"https:\\\/\\\/secure.gravatar.com\\\/avatar\\\/10fcdb93211f98cce3d64c0795b0915a9a4a21dc0f279238995a3dbfafcad090?s=96&d=mm&r=g\",\"caption\":\"Reda\u00e7\u00e3o JBN\"},\"sameAs\":[\"https:\\\/\\\/p31noticias.com.br\"],\"url\":\"https:\\\/\\\/www.p31noticias.com.br\\\/?author=18\"}]}<\/script>\n<!-- \/ Yoast SEO Premium plugin. -->","yoast_head_json":{"title":"Bolsonaro: H\u00e1 40 dias venho falando do uso da hidroxicloroquina - P31","description":"Bolsonaro usou as redes sociais para falar sobre o uso da hidroxicloroquina no tratamento da Covid-19, algo que ele j\u00e1 defende h\u00e1","robots":{"index":"index","follow":"follow","max-snippet":"max-snippet:-1","max-image-preview":"max-image-preview:large","max-video-preview":"max-video-preview:-1"},"canonical":"https:\/\/www.p31noticias.com.br\/?p=4074","og_locale":"pt_BR","og_type":"article","og_title":"Bolsonaro: H\u00e1 40 dias venho falando do uso da hidroxicloroquina","og_description":"Bolsonaro usou as redes sociais para falar sobre o uso da hidroxicloroquina no tratamento da Covid-19, algo que ele j\u00e1 defende h\u00e1","og_url":"https:\/\/www.p31noticias.com.br\/?p=4074","og_site_name":"P31","article_published_time":"2020-04-08T14:38:48+00:00","og_image":[{"width":1122,"height":600,"url":"https:\/\/www.p31noticias.com.br\/wp-content\/uploads\/2020\/04\/a1.jpg","type":"image\/jpeg"}],"author":"Reda\u00e7\u00e3o JBN","twitter_card":"summary_large_image","twitter_misc":{"Escrito por":"Reda\u00e7\u00e3o JBN","Est. tempo de leitura":"2 minutos"},"schema":{"@context":"https:\/\/schema.org","@graph":[{"@type":"Article","@id":"https:\/\/www.p31noticias.com.br\/?p=4074#article","isPartOf":{"@id":"https:\/\/www.p31noticias.com.br\/?p=4074"},"author":{"name":"Reda\u00e7\u00e3o JBN","@id":"https:\/\/www.p31noticias.com.br\/#\/schema\/person\/77d6b186c710ac38937c6ec204fdd387"},"headline":"Bolsonaro: H\u00e1 40 dias venho falando do uso da hidroxicloroquina","datePublished":"2020-04-08T14:38:48+00:00","mainEntityOfPage":{"@id":"https:\/\/www.p31noticias.com.br\/?p=4074"},"wordCount":340,"commentCount":3,"image":{"@id":"https:\/\/www.p31noticias.com.br\/?p=4074#primaryimage"},"thumbnailUrl":"https:\/\/www.p31noticias.com.br\/wp-content\/uploads\/2020\/04\/a1.jpg","keywords":["bolsonaro","cloroquina","Coronav\u00edrus","Covid-19","Donald Trump","FDA","hidroxicloroquina","Luiz Henrique Mandetta","Mandetta","olavo de carvalho","oms"],"articleSection":["Pol\u00edtica"],"inLanguage":"pt-BR","potentialAction":[{"@type":"CommentAction","name":"Comment","target":["https:\/\/www.p31noticias.com.br\/?p=4074#respond"]}],"copyrightYear":"2020","copyrightHolder":{"@id":"https:\/\/www.p31noticias.com.br\/#organization"}},{"@type":"WebPage","@id":"https:\/\/www.p31noticias.com.br\/?p=4074","url":"https:\/\/www.p31noticias.com.br\/?p=4074","name":"Bolsonaro: H\u00e1 40 dias venho falando do uso da hidroxicloroquina - P31","isPartOf":{"@id":"https:\/\/www.p31noticias.com.br\/#website"},"primaryImageOfPage":{"@id":"https:\/\/www.p31noticias.com.br\/?p=4074#primaryimage"},"image":{"@id":"https:\/\/www.p31noticias.com.br\/?p=4074#primaryimage"},"thumbnailUrl":"https:\/\/www.p31noticias.com.br\/wp-content\/uploads\/2020\/04\/a1.jpg","datePublished":"2020-04-08T14:38:48+00:00","author":{"@id":"https:\/\/www.p31noticias.com.br\/#\/schema\/person\/77d6b186c710ac38937c6ec204fdd387"},"description":"Bolsonaro usou as redes sociais para falar sobre o uso da hidroxicloroquina no tratamento da Covid-19, algo que ele j\u00e1 defende h\u00e1","breadcrumb":{"@id":"https:\/\/www.p31noticias.com.br\/?p=4074#breadcrumb"},"inLanguage":"pt-BR","potentialAction":[{"@type":"ReadAction","target":["https:\/\/www.p31noticias.com.br\/?p=4074"]}]},{"@type":"ImageObject","inLanguage":"pt-BR","@id":"https:\/\/www.p31noticias.com.br\/?p=4074#primaryimage","url":"https:\/\/www.p31noticias.com.br\/wp-content\/uploads\/2020\/04\/a1.jpg","contentUrl":"https:\/\/www.p31noticias.com.br\/wp-content\/uploads\/2020\/04\/a1.jpg","width":1122,"height":600,"caption":"hidroxicloroquina"},{"@type":"BreadcrumbList","@id":"https:\/\/www.p31noticias.com.br\/?p=4074#breadcrumb","itemListElement":[{"@type":"ListItem","position":1,"name":"In\u00edcio","item":"https:\/\/www.p31noticias.com.br\/"},{"@type":"ListItem","position":2,"name":"Bolsonaro: H\u00e1 40 dias venho falando do uso da hidroxicloroquina"}]},{"@type":"WebSite","@id":"https:\/\/www.p31noticias.com.br\/#website","url":"https:\/\/www.p31noticias.com.br\/","name":"P31","description":"NOT\u00cdCIAS","potentialAction":[{"@type":"SearchAction","target":{"@type":"EntryPoint","urlTemplate":"https:\/\/www.p31noticias.com.br\/?s={search_term_string}"},"query-input":{"@type":"PropertyValueSpecification","valueRequired":true,"valueName":"search_term_string"}}],"inLanguage":"pt-BR"},{"@type":"Person","@id":"https:\/\/www.p31noticias.com.br\/#\/schema\/person\/77d6b186c710ac38937c6ec204fdd387","name":"Reda\u00e7\u00e3o JBN","image":{"@type":"ImageObject","inLanguage":"pt-BR","@id":"https:\/\/secure.gravatar.com\/avatar\/10fcdb93211f98cce3d64c0795b0915a9a4a21dc0f279238995a3dbfafcad090?s=96&d=mm&r=g","url":"https:\/\/secure.gravatar.com\/avatar\/10fcdb93211f98cce3d64c0795b0915a9a4a21dc0f279238995a3dbfafcad090?s=96&d=mm&r=g","contentUrl":"https:\/\/secure.gravatar.com\/avatar\/10fcdb93211f98cce3d64c0795b0915a9a4a21dc0f279238995a3dbfafcad090?s=96&d=mm&r=g","caption":"Reda\u00e7\u00e3o JBN"},"sameAs":["https:\/\/p31noticias.com.br"],"url":"https:\/\/www.p31noticias.com.br\/?author=18"}]}},"amp_enabled":true,"_links":{"self":[{"href":"https:\/\/www.p31noticias.com.br\/index.php?rest_route=\/wp\/v2\/posts\/4074","targetHints":{"allow":["GET"]}}],"collection":[{"href":"https:\/\/www.p31noticias.com.br\/index.php?rest_route=\/wp\/v2\/posts"}],"about":[{"href":"https:\/\/www.p31noticias.com.br\/index.php?rest_route=\/wp\/v2\/types\/post"}],"author":[{"embeddable":true,"href":"https:\/\/www.p31noticias.com.br\/index.php?rest_route=\/wp\/v2\/users\/18"}],"replies":[{"embeddable":true,"href":"https:\/\/www.p31noticias.com.br\/index.php?rest_route=%2Fwp%2Fv2%2Fcomments&post=4074"}],"version-history":[{"count":0,"href":"https:\/\/www.p31noticias.com.br\/index.php?rest_route=\/wp\/v2\/posts\/4074\/revisions"}],"wp:featuredmedia":[{"embeddable":true,"href":"https:\/\/www.p31noticias.com.br\/index.php?rest_route=\/wp\/v2\/media\/4075"}],"wp:attachment":[{"href":"https:\/\/www.p31noticias.com.br\/index.php?rest_route=%2Fwp%2Fv2%2Fmedia&parent=4074"}],"wp:term":[{"taxonomy":"category","embeddable":true,"href":"https:\/\/www.p31noticias.com.br\/index.php?rest_route=%2Fwp%2Fv2%2Fcategories&post=4074"},{"taxonomy":"post_tag","embeddable":true,"href":"https:\/\/www.p31noticias.com.br\/index.php?rest_route=%2Fwp%2Fv2%2Ftags&post=4074"}],"curies":[{"name":"wp","href":"https:\/\/api.w.org\/{rel}","templated":true}]}}